{"id":1068,"date":"2012-11-30T11:28:41","date_gmt":"2012-11-30T09:28:41","guid":{"rendered":"http:\/\/www.porta-mallorquina.es\/blog\/?p=1068"},"modified":"2012-12-04T11:32:22","modified_gmt":"2012-12-04T09:32:22","slug":"salve-a-los-ninos-callejeros-peruanos","status":"publish","type":"post","link":"https:\/\/www.porta-mallorquina.es\/blog\/salve-a-los-ninos-callejeros-peruanos\/","title":{"rendered":"Salve a los ni\u00f1os callejeros peruanos"},"content":{"rendered":"<p><strong><em>Desde hace m\u00e1s de 10 a\u00f1os, Mundo de Ni\u00f1os ha logrado reintegrar a ni\u00f1os de la calle en la sociedad en el Per\u00fa. <\/em><\/strong><strong><em>Ahora el proyecto est\u00e1 en peligro. Usted puede ayudar con una donaci\u00f3n.<\/em><\/strong><\/p>\n<p><strong>Elizabeth Kelly-Semrau<\/strong>, la esposa del fundador de Porta Mondial, Joachim Semrau, muestra una foto de un grupo de estudiantes riendo alegremente para la c\u00e1mara. Es dif\u00edcil creer que hace s\u00f3lo cinco a\u00f1os, uno de ellos &#8211; <strong>Elmer Machuca Chac\u00f3n<\/strong>&#8211; segu\u00eda limpiando parabrisas de los coches en la calle para aumentar los ingresos de su familia.<\/p>\n<div id=\"attachment_1074\" class=\"wp-caption aligncenter\" style=\"width: 475px\"><a href=\"https:\/\/www.porta-mallorquina.es\/blog\/salve-a-los-ninos-callejeros-peruanos\/elmer-peru\/\" rel=\"attachment wp-att-1074\"><img loading=\"lazy\" decoding=\"async\" class=\" wp-image-1074   \" title=\"Gracias a Mundo de Ni\u00f1os, el que fuera ni\u00f1o callejero Elmer (3. por la derecha) hoy estudia ciencias de la comunicaci\u00f3n en la universidad de Trujillo. \" src=\"https:\/\/www.porta-mallorquina.es\/blog\/mallorca\/elmer-peru.jpg\" alt=\"La vida de los ni\u00f1os Callejeros es una lucha diaria\" width=\"475\" height=\"356\" srcset=\"https:\/\/www.porta-mallorquina.es\/blog\/mallorca\/elmer-peru.jpg 475w, https:\/\/www.porta-mallorquina.es\/blog\/mallorca\/elmer-peru-300x224.jpg 300w\" sizes=\"auto, (max-width: 475px) 100vw, 475px\" \/><\/a><p class=\"wp-caption-text\">Gracias a Mundo de Ni\u00f1os, el que fuera ni\u00f1o callejero Elmer (3. por la derecha) hoy estudia ciencias de la comunicaci\u00f3n en la universidad de Trujillo.<\/p><\/div>\n<p>Nuestra historia tiene lugar en<strong> Trujillo<\/strong>, en el norte del Per\u00fa. Con m\u00e1s de 760.000 habitantes, es la segunda mayor aglomeraci\u00f3n urbana del pa\u00eds despu\u00e9s de Lima. Abandonada por su marido y padre de sus dos hijos, y con pocos estudios o formmaci\u00f3n profesional, la madre de Elmer y su hermana Magaly luchaba por ganarse la vida como lavandera, ofreciendo sus servicios de casa en casa. La familia viv\u00eda en las afueras de la ciudad, en una choza con techo de ca\u00f1as y lonas, sin electricidad ni agua. No hab\u00eda camas o muebles adecuados aquel \u00a0peque\u00f1o espacio. La familia dorm\u00eda en una pila de colchones viejos que hab\u00edan rescatados de la basura.<\/p>\n<div id=\"attachment_1075\" class=\"wp-caption alignright\" style=\"width: 285px\"><a href=\"https:\/\/www.porta-mallorquina.es\/blog\/salve-a-los-ninos-callejeros-peruanos\/elmer-en-la-calle\/\" rel=\"attachment wp-att-1075\"><img loading=\"lazy\" decoding=\"async\" class=\"wp-image-1075  \" title=\"Para ayudar economicamente a su madre, Elmer trabajaba limpiando parabrisas de coches en la calle.\" src=\"https:\/\/www.porta-mallorquina.es\/blog\/mallorca\/elmer-en-la-calle.jpg\" alt=\"Elmer trabajando en la calle\" width=\"285\" height=\"214\" srcset=\"https:\/\/www.porta-mallorquina.es\/blog\/mallorca\/elmer-en-la-calle.jpg 475w, https:\/\/www.porta-mallorquina.es\/blog\/mallorca\/elmer-en-la-calle-300x224.jpg 300w\" sizes=\"auto, (max-width: 285px) 100vw, 285px\" \/><\/a><p class=\"wp-caption-text\">Para ayudar economicamente a su madre, Elmer trabajaba limpiando parabrisas de coches en la calle.<\/p><\/div>\n<p>En vez de ir a la escuela Elmer pas\u00f3 la mayor parte de su tiempo en las calles, tratando de ganar algo m\u00e1s de dinero para la familia. Su destino parec\u00eda sellado: sin educaci\u00f3n, sin trabajo, sin futuro. Nadie sabe con exactitud cu\u00e1ntos ni\u00f1os callejeros hay en Per\u00fa ya que no se \u00a0registran centralmente, pero algunos dicen que pueden llegar a ser 500,000.<\/p>\n<p>Las estad\u00edsticas y las cifras, sin embargo, no son tan importantes, porque aunque hayan 5.000, 50.000 o 500.000, siguen siendo demasiados.<\/p>\n<h2>Ni\u00f1os de siete a\u00f1os durmiendo al borde de la calle<\/h2>\n<p>Al igual que Elmer, algunos ni\u00f1os callejeros ayudan a sus familias; la mayoria, sin embargo, prefieren abandonar el hogar voluntariamente y vivir solos en las calles, en lugar de enfrentarse al maltrato continuado que va desde la violencia dom\u00e9stica hasta el abuso sexual.<\/p>\n<p>La vida de los ni\u00f1os callejeros es una lucha diaria por la supervivencia. Estos ni\u00f1os no conocen las reglas sociales: el \u00fanico v\u00ednculo social que tienen es con sus socios en la miseria, y mantienen la cabeza fuera del agua con trabajos ocasionales o robos. Los m\u00e1s jovenes de ellos tienen a menudo tan s\u00f3lo siete a\u00f1os de edad. Viven con el temor constante de la polic\u00eda, los criminales y los ni\u00f1os mayores que les aprisionan, roban, maltratan o violan. Para olvidar, inhalan la droga por ellos elegidos, el &#8220;Terokal&#8221;, un pegamento utilizado por los zapateros.<\/p>\n<p>La trabajadora social Diana Trujillo Cleto est\u00e1 familiarizada con el destino de estos ni\u00f1os. Bajo el auspicio de la organizaci\u00f3n de ayuda de Mundo de Ni\u00f1os, ella va regularmente a los lugares donde se congregan los ni\u00f1os callejeros. Con la ayuda de una gran dosis de paciencia y sensibilidad, poco a poco se gana la \u00a0confianza de los ni\u00f1os. Los ni\u00f1os la conocen, pero son t\u00edmidos y han aprendido desde el principio que no se puede confiar en nadie.<\/p>\n<p>Neg\u00e1ndose a rendirse, sin embargo, Diana organiza partidos de f\u00fatbol y otras actividades. Poco a poco los ni\u00f1os \u00a0se abren, &#8211; juegan, se divierten y durante un rato finalmente tienen la oportunidad de &#8220;simplemente ser ni\u00f1os&#8221;.<\/p>\n<div id=\"attachment_1080\" class=\"wp-caption aligncenter\" style=\"width: 475px\"><a href=\"https:\/\/www.porta-mallorquina.es\/blog\/salve-a-los-ninos-callejeros-peruanos\/trabajadora-social%e2%80%90diana\/\" rel=\"attachment wp-att-1080\"><img loading=\"lazy\" decoding=\"async\" class=\"size-full wp-image-1080  \" title=\"La trabajadora social Diana Trujillo Cleto, juega con los ni\u00f1os.\" src=\"https:\/\/www.porta-mallorquina.es\/blog\/mallorca\/trabajadora-social\u2010diana.jpg\" alt=\"Trabajadora social Diana Trujillo Cleto jugando con los ni\u00f1os\" width=\"475\" height=\"356\" srcset=\"https:\/\/www.porta-mallorquina.es\/blog\/mallorca\/trabajadora-social\u2010diana.jpg 475w, https:\/\/www.porta-mallorquina.es\/blog\/mallorca\/trabajadora-social\u2010diana-300x224.jpg 300w\" sizes=\"auto, (max-width: 475px) 100vw, 475px\" \/><\/a><p class=\"wp-caption-text\">La trabajadora social Diana Trujillo Cleto, juega con los ni\u00f1os.<\/p><\/div>\n<h2>Un hogar para ni\u00f1os callejeros<\/h2>\n<p>Diana tambi\u00e9n les cuenta a los ni\u00f1os acerca de <a title=\"Mundo de Ni\u00f1os\" href=\"http:\/\/www.mundodeninos.org\/index.es.php\" target=\"_blank\">Mundo de Ni\u00f1os<\/a>, un lugar donde pueden recuperar su futuro. Esta organizaci\u00f3n sin fines de lucro &#8211; fundada en 2001 por Andreas Clamer, un alem\u00e1n que vive en Espa\u00f1a &#8211; dirige un hogar en Trujillo para ni\u00f1os callejeros de entre 7 y 15 a\u00f1os. En 2009, Mundo de Ni\u00f1os abri\u00f3 un segundo hogar para chicos de 16 a 20 a\u00f1os de edad en Huanchaco, una conocida playa a 13 km de Trujillo. En ambos sitios, los ni\u00f1os est\u00e1n dia y noche bajo el cuidado de personal cualificado.<\/p>\n<p>La reinserci\u00f3n social de estos ni\u00f1os a menudo traumatizados y adictos a las drogas, es un proceso laborioso y es supervisado profesionalmente \u200b\u200bpor profesores, psic\u00f3logos y trabajadores trabajadores sociales.<\/p>\n<p>Los ni\u00f1os son introducidos gradualmente a las normas b\u00e1sicas de convivencia socialmente aceptable, aprenden a respetar la propiedad de otros, abandonan el lenguaje callejero, y descubren que los conflictos tambi\u00e9n se pueden resolver sin violencia. Su regreso a la escuela es un elemento importante del programa educativo. Los ni\u00f1os son introducidos al trabajo creativo en los talleres propios de la organizaci\u00f3n, y aprenden c\u00f3mo utilizar las herramientas de preparaci\u00f3n para la formaci\u00f3n profesional posterior.<\/p>\n<div id=\"attachment_1081\" class=\"wp-caption alignright\" style=\"width: 285px\"><a href=\"https:\/\/www.porta-mallorquina.es\/blog\/salve-a-los-ninos-callejeros-peruanos\/hogar-para-ninos-callejeros\/\" rel=\"attachment wp-att-1081\"><img loading=\"lazy\" decoding=\"async\" class=\"wp-image-1081   \" title=\"Elmer (a la izquierda) como un orgulloso estudiante de Mundo de Ni\u00f1os 2007.\" src=\"https:\/\/www.porta-mallorquina.es\/blog\/mallorca\/hogar-para-ninos-callejeros.jpg\" alt=\"Elmer en el hogar para los ni\u00f1os\" width=\"285\" height=\"214\" srcset=\"https:\/\/www.porta-mallorquina.es\/blog\/mallorca\/hogar-para-ninos-callejeros.jpg 475w, https:\/\/www.porta-mallorquina.es\/blog\/mallorca\/hogar-para-ninos-callejeros-300x224.jpg 300w\" sizes=\"auto, (max-width: 285px) 100vw, 285px\" \/><\/a><p class=\"wp-caption-text\">Elmer (a la izquierda) como un orgulloso estudiante de Mundo de Ni\u00f1os 2007.<\/p><\/div>\n<p>Elmer tambien oy\u00f3 hablar de Mundo de Ni\u00f1os de esta forma. En 2007 finalmente lleg\u00f3 a su puerta, y as\u00ed aprovech\u00f3 la oportunidad de una vida mejor. Vivir en la casa, le ayud\u00f3 no s\u00f3lo a completar su educaci\u00f3n regular, pero luego pas\u00f3 a graduarse en bachillerato t\u00e9cnico. Ahora est\u00e1 estudiando ciencias de la comunicaci\u00f3n en la Universidad de Trujillo. Tambi\u00e9n sigue apoyando a su madre ya su hermana &#8211; que ya no viven en una choza sino en una casa de construcci\u00f3n s\u00f3lida &#8211; aunque para evitar faltar a la escuela, s\u00f3lo toma trabajos vacacionales.<\/p>\n<h2>Hogar para ni\u00f1os callejeros amenazados \u00a0por el cierre<\/h2>\n<p>Actualmente Mundo de Ni\u00f1os est\u00e1 al cuidado de 22 ni\u00f1os de edades comprendidas entre 7 a 19 a\u00f1os. El proyecto esta financiado por donaciones privadas de particulares y empresas como Porta Mondial AG. Hasta la fecha, su socio principal es la Fundaci\u00f3n MERIDIONAL de Espa\u00f1a, pero los efectos de la crisis econ\u00f3mica espa\u00f1ola se hacen sentir por primera vez este a\u00f1o. Por motivos econ\u00f3micos, Meridional no podr\u00e1 cubrir todos los gastos de operaci\u00f3n de Mundo de Ni\u00f1os en 2013, que es la raz\u00f3n por la cual Andreas Clamer y su equipo necesitan urgentemente m\u00e1s socios y donaciones, para que la organizaci\u00f3n pueda continuar su valiosa labor.<\/p>\n<p>Los Semrau han estado apoyando a la organizaci\u00f3n desde hace a\u00f1os y, como socio espa\u00f1ol, <a title=\"Porta Mallorquina\" href=\"http:\/\/www.portamallorquina.es\" target=\"_blank\">Porta Mallorquina<\/a> tambi\u00e9n ha hecho donaciones peri\u00f3dicas al proyecto. A partir de 2013, Porta Mondial AG har\u00e1 una asignaci\u00f3n para la organizaci\u00f3n de ayuda en su RSC (responsabilidad social corporativa) del presupuesto. Al explicar esta decisi\u00f3n Joachim Semrau dijo:<\/p>\n<blockquote><p>&#8220;Como agentes de bienes ra\u00edces, cada d\u00eda experimentamos el placer de encontrar nuevos hogares para familias. Por tanto, es l\u00f3gico que hagamos un compromiso de caridad para un proyecto que da a ni\u00f1os callejeros una casa&#8221;.<\/p><\/blockquote>\n<p>El lema de Mundo de Ni\u00f1os &#8216;es: Toda persona tiene derecho a un futuro. Usted puede hacer esto posible con una donaci\u00f3n.<br \/>\nNombre de la cuenta: Mundo de Ni\u00f1os e.V.,<\/p>\n<p>N\u00famero de cuenta: 7495507403, C\u00f3digo: 600 501 01<br \/>\nIBAN: DE29 6005 0101 7495 5074 03<br \/>\nBIC \/ SWIFT: SOLA DE ST<br \/>\nBaden W\u00fcrttembergische Bank Karlsruhe (BW-BANK)<\/p>\n<p>Nota: Dado que todos los gastos administrativos y de viaje corren a cargo de los miembros de la organizaci\u00f3n en s\u00ed, el hogar de ni\u00f1os se beneficia directamente de todas las donaciones.<br \/>\nM\u00e1s informaci\u00f3n sobre Mundo de Ni\u00f1os:<\/p>\n<p><a href=\"http:\/\/www.mundodeninos.org\">www.mundodeninos.org<\/a>, <a title=\"Facebook\" href=\"https:\/\/www.facebook.com\/mundodeninos\" target=\"_blank\">Facebook<\/a> o <a title=\"YouTube\" href=\"http:\/\/www.youtube.com\/user\/HogarMdN?feature=guidehttp:\/\/http:\/\/\" target=\"_blank\">YouTube<\/a><\/p>\n<div id=\"attachment_1082\" class=\"wp-caption aligncenter\" style=\"width: 475px\"><a href=\"https:\/\/www.porta-mallorquina.es\/blog\/salve-a-los-ninos-callejeros-peruanos\/mundo-de-ninos-peru\/\" rel=\"attachment wp-att-1082\"><img loading=\"lazy\" decoding=\"async\" class=\" wp-image-1082 \" title=\"Mundo de Ni\u00f1os devuevle a los ni\u00f1os peruanos su futuro. \" src=\"https:\/\/www.porta-mallorquina.es\/blog\/mallorca\/mundo-de-ninos-peru.jpg\" alt=\"Mundo de Ni\u00f1os\" width=\"475\" height=\"356\" srcset=\"https:\/\/www.porta-mallorquina.es\/blog\/mallorca\/mundo-de-ninos-peru.jpg 475w, https:\/\/www.porta-mallorquina.es\/blog\/mallorca\/mundo-de-ninos-peru-300x224.jpg 300w\" sizes=\"auto, (max-width: 475px) 100vw, 475px\" \/><\/a><p class=\"wp-caption-text\">Mundo de Ni\u00f1os devuevle a los ni\u00f1os peruanos su futuro.<\/p><\/div>\n","protected":false},"excerpt":{"rendered":"<p>Desde hace m\u00e1s de 10 a\u00f1os, Mundo de Ni\u00f1os ha logrado reintegrar a ni\u00f1os de la calle en la sociedad en el Per\u00fa. Ahora el proyecto est\u00e1 en peligro. Usted puede ayudar con una donaci\u00f3n.<\/p>\n","protected":false},"author":2,"featured_media":0,"comment_status":"open","ping_status":"open","sticky":false,"template":"","format":"standard","meta":{"footnotes":""},"categories":[6,9],"tags":[],"class_list":["post-1068","post","type-post","status-publish","format-standard","hentry","category-mallorca","category-porta-mallorquina"],"yoast_head":"<!-- This site is optimized with the Yoast SEO plugin v27.2 - https:\/\/yoast.com\/product\/yoast-seo-wordpress\/ -->\n<title>Salve a los ni\u00f1os callejeros peruanos - Porta Mallorquina Blog<\/title>\n<meta name=\"robots\" content=\"index, follow, max-snippet:-1, max-image-preview:large, max-video-preview:-1\" \/>\n<link rel=\"canonical\" href=\"https:\/\/www.porta-mallorquina.es\/blog\/salve-a-los-ninos-callejeros-peruanos\/\" \/>\n<meta property=\"og:locale\" content=\"en_US\" \/>\n<meta property=\"og:type\" content=\"article\" \/>\n<meta property=\"og:title\" content=\"Salve a los ni\u00f1os callejeros peruanos - Porta Mallorquina Blog\" \/>\n<meta property=\"og:description\" content=\"Desde hace m\u00e1s de 10 a\u00f1os, Mundo de Ni\u00f1os ha logrado reintegrar a ni\u00f1os de la calle en la sociedad en el Per\u00fa. Ahora el proyecto est\u00e1 en peligro. Usted puede ayudar con una donaci\u00f3n.\" \/>\n<meta property=\"og:url\" content=\"https:\/\/www.porta-mallorquina.es\/blog\/salve-a-los-ninos-callejeros-peruanos\/\" \/>\n<meta property=\"og:site_name\" content=\"Porta Mallorquina Blog\" \/>\n<meta property=\"article:published_time\" content=\"2012-11-30T09:28:41+00:00\" \/>\n<meta property=\"article:modified_time\" content=\"2012-12-04T09:32:22+00:00\" \/>\n<meta property=\"og:image\" content=\"https:\/\/www.porta-mallorquina.es\/blog\/mallorca\/elmer-peru.jpg\" \/>\n<meta name=\"author\" content=\"Porta Mallorquina\" \/>\n<meta name=\"twitter:card\" content=\"summary_large_image\" \/>\n<meta name=\"twitter:label1\" content=\"Written by\" \/>\n\t<meta name=\"twitter:data1\" content=\"Porta Mallorquina\" \/>\n\t<meta name=\"twitter:label2\" content=\"Est. reading time\" \/>\n\t<meta name=\"twitter:data2\" content=\"7 minutes\" \/>\n<script type=\"application\/ld+json\" class=\"yoast-schema-graph\">{\"@context\":\"https:\/\/schema.org\",\"@graph\":[{\"@type\":\"Article\",\"@id\":\"https:\/\/www.porta-mallorquina.es\/blog\/salve-a-los-ninos-callejeros-peruanos\/#article\",\"isPartOf\":{\"@id\":\"https:\/\/www.porta-mallorquina.es\/blog\/salve-a-los-ninos-callejeros-peruanos\/\"},\"author\":{\"name\":\"Porta Mallorquina\",\"@id\":\"https:\/\/www.porta-mallorquina.es\/blog\/#\/schema\/person\/00d40468a84878931da4d5e16749c9f0\"},\"headline\":\"Salve a los ni\u00f1os callejeros peruanos\",\"datePublished\":\"2012-11-30T09:28:41+00:00\",\"dateModified\":\"2012-12-04T09:32:22+00:00\",\"mainEntityOfPage\":{\"@id\":\"https:\/\/www.porta-mallorquina.es\/blog\/salve-a-los-ninos-callejeros-peruanos\/\"},\"wordCount\":1374,\"commentCount\":0,\"publisher\":{\"@id\":\"https:\/\/www.porta-mallorquina.es\/blog\/#organization\"},\"image\":{\"@id\":\"https:\/\/www.porta-mallorquina.es\/blog\/salve-a-los-ninos-callejeros-peruanos\/#primaryimage\"},\"thumbnailUrl\":\"https:\/\/www.porta-mallorquina.es\/blog\/mallorca\/elmer-peru.jpg\",\"articleSection\":[\"Mallorca\",\"Porta Mallorquina\"],\"inLanguage\":\"en-US\",\"potentialAction\":[{\"@type\":\"CommentAction\",\"name\":\"Comment\",\"target\":[\"https:\/\/www.porta-mallorquina.es\/blog\/salve-a-los-ninos-callejeros-peruanos\/#respond\"]}]},{\"@type\":\"WebPage\",\"@id\":\"https:\/\/www.porta-mallorquina.es\/blog\/salve-a-los-ninos-callejeros-peruanos\/\",\"url\":\"https:\/\/www.porta-mallorquina.es\/blog\/salve-a-los-ninos-callejeros-peruanos\/\",\"name\":\"Salve a los ni\u00f1os callejeros peruanos - Porta Mallorquina Blog\",\"isPartOf\":{\"@id\":\"https:\/\/www.porta-mallorquina.es\/blog\/#website\"},\"primaryImageOfPage\":{\"@id\":\"https:\/\/www.porta-mallorquina.es\/blog\/salve-a-los-ninos-callejeros-peruanos\/#primaryimage\"},\"image\":{\"@id\":\"https:\/\/www.porta-mallorquina.es\/blog\/salve-a-los-ninos-callejeros-peruanos\/#primaryimage\"},\"thumbnailUrl\":\"https:\/\/www.porta-mallorquina.es\/blog\/mallorca\/elmer-peru.jpg\",\"datePublished\":\"2012-11-30T09:28:41+00:00\",\"dateModified\":\"2012-12-04T09:32:22+00:00\",\"breadcrumb\":{\"@id\":\"https:\/\/www.porta-mallorquina.es\/blog\/salve-a-los-ninos-callejeros-peruanos\/#breadcrumb\"},\"inLanguage\":\"en-US\",\"potentialAction\":[{\"@type\":\"ReadAction\",\"target\":[\"https:\/\/www.porta-mallorquina.es\/blog\/salve-a-los-ninos-callejeros-peruanos\/\"]}]},{\"@type\":\"ImageObject\",\"inLanguage\":\"en-US\",\"@id\":\"https:\/\/www.porta-mallorquina.es\/blog\/salve-a-los-ninos-callejeros-peruanos\/#primaryimage\",\"url\":\"https:\/\/www.porta-mallorquina.es\/blog\/mallorca\/elmer-peru.jpg\",\"contentUrl\":\"https:\/\/www.porta-mallorquina.es\/blog\/mallorca\/elmer-peru.jpg\",\"width\":\"475\",\"height\":\"356\",\"caption\":\"Elmer con otros callejeros\"},{\"@type\":\"BreadcrumbList\",\"@id\":\"https:\/\/www.porta-mallorquina.es\/blog\/salve-a-los-ninos-callejeros-peruanos\/#breadcrumb\",\"itemListElement\":[{\"@type\":\"ListItem\",\"position\":1,\"name\":\"Portada\",\"item\":\"https:\/\/www.porta-mallorquina.es\/blog\/\"},{\"@type\":\"ListItem\",\"position\":2,\"name\":\"Salve a los ni\u00f1os callejeros peruanos\"}]},{\"@type\":\"WebSite\",\"@id\":\"https:\/\/www.porta-mallorquina.es\/blog\/#website\",\"url\":\"https:\/\/www.porta-mallorquina.es\/blog\/\",\"name\":\"Porta Mallorquina Blog\",\"description\":\"m\u00e1s que inmuebles de Mallorca\",\"publisher\":{\"@id\":\"https:\/\/www.porta-mallorquina.es\/blog\/#organization\"},\"potentialAction\":[{\"@type\":\"SearchAction\",\"target\":{\"@type\":\"EntryPoint\",\"urlTemplate\":\"https:\/\/www.porta-mallorquina.es\/blog\/?s={search_term_string}\"},\"query-input\":{\"@type\":\"PropertyValueSpecification\",\"valueRequired\":true,\"valueName\":\"search_term_string\"}}],\"inLanguage\":\"en-US\"},{\"@type\":\"Organization\",\"@id\":\"https:\/\/www.porta-mallorquina.es\/blog\/#organization\",\"name\":\"Porta Mallorquina Blog\",\"url\":\"https:\/\/www.porta-mallorquina.es\/blog\/\",\"logo\":{\"@type\":\"ImageObject\",\"inLanguage\":\"en-US\",\"@id\":\"https:\/\/www.porta-mallorquina.es\/blog\/#\/schema\/logo\/image\/\",\"url\":\"https:\/\/www.porta-mallorquina.es\/blog\/mallorca\/porta-mallorquina-real-estate-mallorca-logo.png\",\"contentUrl\":\"https:\/\/www.porta-mallorquina.es\/blog\/mallorca\/porta-mallorquina-real-estate-mallorca-logo.png\",\"width\":570,\"height\":400,\"caption\":\"Porta Mallorquina Blog\"},\"image\":{\"@id\":\"https:\/\/www.porta-mallorquina.es\/blog\/#\/schema\/logo\/image\/\"}},{\"@type\":\"Person\",\"@id\":\"https:\/\/www.porta-mallorquina.es\/blog\/#\/schema\/person\/00d40468a84878931da4d5e16749c9f0\",\"name\":\"Porta Mallorquina\",\"sameAs\":[\"https:\/\/www.porta-mallorquina.es\"],\"url\":\"https:\/\/www.porta-mallorquina.es\/blog\/author\/petraz\/\"}]}<\/script>\n<!-- \/ Yoast SEO plugin. -->","yoast_head_json":{"title":"Salve a los ni\u00f1os callejeros peruanos - Porta Mallorquina Blog","robots":{"index":"index","follow":"follow","max-snippet":"max-snippet:-1","max-image-preview":"max-image-preview:large","max-video-preview":"max-video-preview:-1"},"canonical":"https:\/\/www.porta-mallorquina.es\/blog\/salve-a-los-ninos-callejeros-peruanos\/","og_locale":"en_US","og_type":"article","og_title":"Salve a los ni\u00f1os callejeros peruanos - Porta Mallorquina Blog","og_description":"Desde hace m\u00e1s de 10 a\u00f1os, Mundo de Ni\u00f1os ha logrado reintegrar a ni\u00f1os de la calle en la sociedad en el Per\u00fa. Ahora el proyecto est\u00e1 en peligro. Usted puede ayudar con una donaci\u00f3n.","og_url":"https:\/\/www.porta-mallorquina.es\/blog\/salve-a-los-ninos-callejeros-peruanos\/","og_site_name":"Porta Mallorquina Blog","article_published_time":"2012-11-30T09:28:41+00:00","article_modified_time":"2012-12-04T09:32:22+00:00","og_image":[{"url":"https:\/\/www.porta-mallorquina.es\/blog\/mallorca\/elmer-peru.jpg","type":"","width":"","height":""}],"author":"Porta Mallorquina","twitter_card":"summary_large_image","twitter_misc":{"Written by":"Porta Mallorquina","Est. reading time":"7 minutes"},"schema":{"@context":"https:\/\/schema.org","@graph":[{"@type":"Article","@id":"https:\/\/www.porta-mallorquina.es\/blog\/salve-a-los-ninos-callejeros-peruanos\/#article","isPartOf":{"@id":"https:\/\/www.porta-mallorquina.es\/blog\/salve-a-los-ninos-callejeros-peruanos\/"},"author":{"name":"Porta Mallorquina","@id":"https:\/\/www.porta-mallorquina.es\/blog\/#\/schema\/person\/00d40468a84878931da4d5e16749c9f0"},"headline":"Salve a los ni\u00f1os callejeros peruanos","datePublished":"2012-11-30T09:28:41+00:00","dateModified":"2012-12-04T09:32:22+00:00","mainEntityOfPage":{"@id":"https:\/\/www.porta-mallorquina.es\/blog\/salve-a-los-ninos-callejeros-peruanos\/"},"wordCount":1374,"commentCount":0,"publisher":{"@id":"https:\/\/www.porta-mallorquina.es\/blog\/#organization"},"image":{"@id":"https:\/\/www.porta-mallorquina.es\/blog\/salve-a-los-ninos-callejeros-peruanos\/#primaryimage"},"thumbnailUrl":"https:\/\/www.porta-mallorquina.es\/blog\/mallorca\/elmer-peru.jpg","articleSection":["Mallorca","Porta Mallorquina"],"inLanguage":"en-US","potentialAction":[{"@type":"CommentAction","name":"Comment","target":["https:\/\/www.porta-mallorquina.es\/blog\/salve-a-los-ninos-callejeros-peruanos\/#respond"]}]},{"@type":"WebPage","@id":"https:\/\/www.porta-mallorquina.es\/blog\/salve-a-los-ninos-callejeros-peruanos\/","url":"https:\/\/www.porta-mallorquina.es\/blog\/salve-a-los-ninos-callejeros-peruanos\/","name":"Salve a los ni\u00f1os callejeros peruanos - Porta Mallorquina Blog","isPartOf":{"@id":"https:\/\/www.porta-mallorquina.es\/blog\/#website"},"primaryImageOfPage":{"@id":"https:\/\/www.porta-mallorquina.es\/blog\/salve-a-los-ninos-callejeros-peruanos\/#primaryimage"},"image":{"@id":"https:\/\/www.porta-mallorquina.es\/blog\/salve-a-los-ninos-callejeros-peruanos\/#primaryimage"},"thumbnailUrl":"https:\/\/www.porta-mallorquina.es\/blog\/mallorca\/elmer-peru.jpg","datePublished":"2012-11-30T09:28:41+00:00","dateModified":"2012-12-04T09:32:22+00:00","breadcrumb":{"@id":"https:\/\/www.porta-mallorquina.es\/blog\/salve-a-los-ninos-callejeros-peruanos\/#breadcrumb"},"inLanguage":"en-US","potentialAction":[{"@type":"ReadAction","target":["https:\/\/www.porta-mallorquina.es\/blog\/salve-a-los-ninos-callejeros-peruanos\/"]}]},{"@type":"ImageObject","inLanguage":"en-US","@id":"https:\/\/www.porta-mallorquina.es\/blog\/salve-a-los-ninos-callejeros-peruanos\/#primaryimage","url":"https:\/\/www.porta-mallorquina.es\/blog\/mallorca\/elmer-peru.jpg","contentUrl":"https:\/\/www.porta-mallorquina.es\/blog\/mallorca\/elmer-peru.jpg","width":"475","height":"356","caption":"Elmer con otros callejeros"},{"@type":"BreadcrumbList","@id":"https:\/\/www.porta-mallorquina.es\/blog\/salve-a-los-ninos-callejeros-peruanos\/#breadcrumb","itemListElement":[{"@type":"ListItem","position":1,"name":"Portada","item":"https:\/\/www.porta-mallorquina.es\/blog\/"},{"@type":"ListItem","position":2,"name":"Salve a los ni\u00f1os callejeros peruanos"}]},{"@type":"WebSite","@id":"https:\/\/www.porta-mallorquina.es\/blog\/#website","url":"https:\/\/www.porta-mallorquina.es\/blog\/","name":"Porta Mallorquina Blog","description":"m\u00e1s que inmuebles de Mallorca","publisher":{"@id":"https:\/\/www.porta-mallorquina.es\/blog\/#organization"},"potentialAction":[{"@type":"SearchAction","target":{"@type":"EntryPoint","urlTemplate":"https:\/\/www.porta-mallorquina.es\/blog\/?s={search_term_string}"},"query-input":{"@type":"PropertyValueSpecification","valueRequired":true,"valueName":"search_term_string"}}],"inLanguage":"en-US"},{"@type":"Organization","@id":"https:\/\/www.porta-mallorquina.es\/blog\/#organization","name":"Porta Mallorquina Blog","url":"https:\/\/www.porta-mallorquina.es\/blog\/","logo":{"@type":"ImageObject","inLanguage":"en-US","@id":"https:\/\/www.porta-mallorquina.es\/blog\/#\/schema\/logo\/image\/","url":"https:\/\/www.porta-mallorquina.es\/blog\/mallorca\/porta-mallorquina-real-estate-mallorca-logo.png","contentUrl":"https:\/\/www.porta-mallorquina.es\/blog\/mallorca\/porta-mallorquina-real-estate-mallorca-logo.png","width":570,"height":400,"caption":"Porta Mallorquina Blog"},"image":{"@id":"https:\/\/www.porta-mallorquina.es\/blog\/#\/schema\/logo\/image\/"}},{"@type":"Person","@id":"https:\/\/www.porta-mallorquina.es\/blog\/#\/schema\/person\/00d40468a84878931da4d5e16749c9f0","name":"Porta Mallorquina","sameAs":["https:\/\/www.porta-mallorquina.es"],"url":"https:\/\/www.porta-mallorquina.es\/blog\/author\/petraz\/"}]}},"_links":{"self":[{"href":"https:\/\/www.porta-mallorquina.es\/blog\/wp-json\/wp\/v2\/posts\/1068","targetHints":{"allow":["GET"]}}],"collection":[{"href":"https:\/\/www.porta-mallorquina.es\/blog\/wp-json\/wp\/v2\/posts"}],"about":[{"href":"https:\/\/www.porta-mallorquina.es\/blog\/wp-json\/wp\/v2\/types\/post"}],"author":[{"embeddable":true,"href":"https:\/\/www.porta-mallorquina.es\/blog\/wp-json\/wp\/v2\/users\/2"}],"replies":[{"embeddable":true,"href":"https:\/\/www.porta-mallorquina.es\/blog\/wp-json\/wp\/v2\/comments?post=1068"}],"version-history":[{"count":50,"href":"https:\/\/www.porta-mallorquina.es\/blog\/wp-json\/wp\/v2\/posts\/1068\/revisions"}],"predecessor-version":[{"id":1119,"href":"https:\/\/www.porta-mallorquina.es\/blog\/wp-json\/wp\/v2\/posts\/1068\/revisions\/1119"}],"wp:attachment":[{"href":"https:\/\/www.porta-mallorquina.es\/blog\/wp-json\/wp\/v2\/media?parent=1068"}],"wp:term":[{"taxonomy":"category","embeddable":true,"href":"https:\/\/www.porta-mallorquina.es\/blog\/wp-json\/wp\/v2\/categories?post=1068"},{"taxonomy":"post_tag","embeddable":true,"href":"https:\/\/www.porta-mallorquina.es\/blog\/wp-json\/wp\/v2\/tags?post=1068"}],"curies":[{"name":"wp","href":"https:\/\/api.w.org\/{rel}","templated":true}]}}