{"id":1140,"date":"2013-01-09T10:51:00","date_gmt":"2013-01-09T08:51:00","guid":{"rendered":"http:\/\/www.porta-mallorquina.es\/blog\/?p=1140"},"modified":"2013-01-09T10:51:00","modified_gmt":"2013-01-09T08:51:00","slug":"porta-mondial-concede-derechos-de-marca-para-el-alquiler-vacacional","status":"publish","type":"post","link":"https:\/\/www.porta-mallorquina.es\/blog\/porta-mondial-concede-derechos-de-marca-para-el-alquiler-vacacional\/","title":{"rendered":"Porta Mondial concede derechos de marca para el alquiler vacacional"},"content":{"rendered":"<p><strong><em>Lanzamiento de \u00abPorta Holiday\u00bb a principios de 2013 en Mallorca<\/em><\/strong><\/p>\n<p>El sistema de franquicias inmobiliarias Porta Mondial ampl\u00eda su actividad comercial y ahora concede derechos de marca para el alquiler vacacional con <a title=\"Porta Holiday\" href=\"http:\/\/www.porta-holiday.es\" target=\"_blank\">\u00abPorta Holiday\u00bb<\/a>. \u00abPorta Holiday\u00bb se lanza primero en Mallorca, un lugar con gran tradici\u00f3n para Porta Mondial: la primera marca inmobiliaria, \u00abPorta Mallorquina\u00bb, se fund\u00f3 aqu\u00ed en 2005. Nuestra socia licenciataria, <strong>Daniela Gro\u00dfe<\/strong>, es una experta gestora tur\u00edstica.<\/p>\n<div id=\"attachment_1141\" class=\"wp-caption aligncenter\" style=\"width: 589px\"><a href=\"https:\/\/www.porta-mallorquina.es\/blog\/porta-mondial-concede-derechos-de-marca-para-el-alquiler-vacacional\/porta-holiday-mallorca\/\" rel=\"attachment wp-att-1141\"><img loading=\"lazy\" decoding=\"async\" class=\" wp-image-1141   \" title=\"Las primeras viviendas y residencias vacacionales en Mallorca se podr\u00e1n reservar a trav\u00e9s de Internet a partir de marzo de 2013 en portaholiday.de\" src=\"https:\/\/www.porta-mallorquina.es\/blog\/mallorca\/porta-holiday-mallorca.jpg\" alt=\"Porta Holiday en Mallorca\" width=\"589\" height=\"287\" srcset=\"https:\/\/www.porta-mallorquina.es\/blog\/mallorca\/porta-holiday-mallorca.jpg 780w, https:\/\/www.porta-mallorquina.es\/blog\/mallorca\/porta-holiday-mallorca-300x146.jpg 300w\" sizes=\"auto, (max-width: 589px) 100vw, 589px\" \/><\/a><p class=\"wp-caption-text\">Las primeras viviendas y residencias vacacionales en Mallorca se podr\u00e1n reservar a trav\u00e9s de Internet a partir de marzo de 2013 en portaholiday.de<\/p><\/div>\n<p>Para Joachim Semrau, fundador de Porta Mondial, este es un paso l\u00f3gico:<\/p>\n<blockquote><p>\u00abCon alrededor de 20 marcas inmobiliarias como, por ejemplo, \u201cPorta Mallorquina\u201d, \u201cPorta Ibiza\u201d o \u201cPorta Mondial Florida\u201d, el grupo Porta Mondial es uno de los principales ofertantes de inmuebles vacacionales internacionales. Cuando introdujimos el alquiler a largo plazo en Mallorca, tambi\u00e9n empezamos a recibir numerosas solicitudes de alquileres vacacionales, a las que no hemos podido responder hasta ahora\u00bb.<\/p><\/blockquote>\n<p>Para los propietarios locales, la opci\u00f3n del alquiler vacacional tambi\u00e9n representa un importante aliciente comercial:<\/p>\n<blockquote><p>\u00abEn Mallorca somos el primer ofertante de inmuebles de toda la isla que ofrece este servicio de forma centralizada. Para los propietarios que quieren vender su inmueble, en particular, esta es una oportunidad de generar ingresos durante la fase de comercializaci\u00f3n\u00bb,<\/p><\/blockquote>\n<p>apunta con satisfacci\u00f3n Joachim Semrau.<\/p>\n<p>Con cerca de <a title=\"Porta Mallorquina\" href=\"http:\/\/www.portamallorquina.es\" target=\"_blank\">2000 inmuebles vacacionales en Mallorca<\/a>, Daniela Gro\u00dfe tiene acceso a una amplia cartera de propiedades. Las primeras viviendas y residencias vacacionales en Mallorca se podr\u00e1n reservar a trav\u00e9s de Internet a partir de marzo de 2013 en portaholiday.de \u2014justo a tiempo para el inicio de la temporada de verano. Las llaves se entregar\u00e1n directamente en el mostrador propio de Porta Holiday del aeropuerto para que los turistas puedan iniciar sus vacaciones cuanto antes.<\/p>\n<p>Los socios alemanes de Porta Mondial tambi\u00e9n est\u00e1n satisfechos con esta ampliaci\u00f3n de la oferta, ya que est\u00e1 previsto que los productos de Porta Holiday tambi\u00e9n se puedan ofrecer en los pa\u00edses de origen de los turistas. Joachim Semrau, al describir los efectos sin\u00e9rgicos, afirma:<\/p>\n<blockquote><p>\u00abDe este modo, nuestras tiendas inmobiliarias regionales podr\u00e1n ofrecer un valor a\u00f1adido adicional, lo que aumentar\u00e1 las visitas de los clientes y garantizar\u00e1 comisiones adicionales atractivas para nuestros socios en caso de que la mediaci\u00f3n d\u00e9 frutos\u00bb.<\/p><\/blockquote>\n","protected":false},"excerpt":{"rendered":"<p>El sistema de franquicias inmobiliarias Porta Mondial ampl\u00eda su actividad comercial y ahora concede derechos de marca para el alquiler vacacional con \u00abPorta Holiday\u00bb. \u00abPorta Holiday\u00bb se lanza primero en Mallorca, un lugar con gran tradici\u00f3n para Porta Mondial: la primera marca inmobiliaria, \u00abPorta Mallorquina\u00bb, se fund\u00f3 aqu\u00ed en 2005. <\/p>\n","protected":false},"author":2,"featured_media":0,"comment_status":"open","ping_status":"open","sticky":false,"template":"","format":"standard","meta":{"footnotes":""},"categories":[8,6],"tags":[],"class_list":["post-1140","post","type-post","status-publish","format-standard","hentry","category-franquicia","category-mallorca"],"yoast_head":"<!-- This site is optimized with the Yoast SEO plugin v27.2 - https:\/\/yoast.com\/product\/yoast-seo-wordpress\/ -->\n<title>Porta Mondial concede derechos de marca para el alquiler vacacional - Porta Mallorquina Blog<\/title>\n<meta name=\"robots\" content=\"index, follow, max-snippet:-1, max-image-preview:large, max-video-preview:-1\" \/>\n<link rel=\"canonical\" href=\"https:\/\/www.porta-mallorquina.es\/blog\/porta-mondial-concede-derechos-de-marca-para-el-alquiler-vacacional\/\" \/>\n<meta property=\"og:locale\" content=\"en_US\" \/>\n<meta property=\"og:type\" content=\"article\" \/>\n<meta property=\"og:title\" content=\"Porta Mondial concede derechos de marca para el alquiler vacacional - Porta Mallorquina Blog\" \/>\n<meta property=\"og:description\" content=\"El sistema de franquicias inmobiliarias Porta Mondial ampl\u00eda su actividad comercial y ahora concede derechos de marca para el alquiler vacacional con \u00abPorta Holiday\u00bb. \u00abPorta Holiday\u00bb se lanza primero en Mallorca, un lugar con gran tradici\u00f3n para Porta Mondial: la primera marca inmobiliaria, \u00abPorta Mallorquina\u00bb, se fund\u00f3 aqu\u00ed en 2005.\" \/>\n<meta property=\"og:url\" content=\"https:\/\/www.porta-mallorquina.es\/blog\/porta-mondial-concede-derechos-de-marca-para-el-alquiler-vacacional\/\" \/>\n<meta property=\"og:site_name\" content=\"Porta Mallorquina Blog\" \/>\n<meta property=\"article:published_time\" content=\"2013-01-09T08:51:00+00:00\" \/>\n<meta property=\"og:image\" content=\"https:\/\/www.porta-mallorquina.es\/blog\/mallorca\/porta-holiday-mallorca.jpg\" \/>\n<meta name=\"author\" content=\"Porta Mallorquina\" \/>\n<meta name=\"twitter:card\" content=\"summary_large_image\" \/>\n<meta name=\"twitter:label1\" content=\"Written by\" \/>\n\t<meta name=\"twitter:data1\" content=\"Porta Mallorquina\" \/>\n\t<meta name=\"twitter:label2\" content=\"Est. reading time\" \/>\n\t<meta name=\"twitter:data2\" content=\"2 minutes\" \/>\n<script type=\"application\/ld+json\" class=\"yoast-schema-graph\">{\"@context\":\"https:\/\/schema.org\",\"@graph\":[{\"@type\":\"Article\",\"@id\":\"https:\/\/www.porta-mallorquina.es\/blog\/porta-mondial-concede-derechos-de-marca-para-el-alquiler-vacacional\/#article\",\"isPartOf\":{\"@id\":\"https:\/\/www.porta-mallorquina.es\/blog\/porta-mondial-concede-derechos-de-marca-para-el-alquiler-vacacional\/\"},\"author\":{\"name\":\"Porta Mallorquina\",\"@id\":\"https:\/\/www.porta-mallorquina.es\/blog\/#\/schema\/person\/00d40468a84878931da4d5e16749c9f0\"},\"headline\":\"Porta Mondial concede derechos de marca para el alquiler vacacional\",\"datePublished\":\"2013-01-09T08:51:00+00:00\",\"mainEntityOfPage\":{\"@id\":\"https:\/\/www.porta-mallorquina.es\/blog\/porta-mondial-concede-derechos-de-marca-para-el-alquiler-vacacional\/\"},\"wordCount\":421,\"commentCount\":0,\"publisher\":{\"@id\":\"https:\/\/www.porta-mallorquina.es\/blog\/#organization\"},\"image\":{\"@id\":\"https:\/\/www.porta-mallorquina.es\/blog\/porta-mondial-concede-derechos-de-marca-para-el-alquiler-vacacional\/#primaryimage\"},\"thumbnailUrl\":\"https:\/\/www.porta-mallorquina.es\/blog\/mallorca\/porta-holiday-mallorca.jpg\",\"articleSection\":[\"Franquicia\",\"Mallorca\"],\"inLanguage\":\"en-US\",\"potentialAction\":[{\"@type\":\"CommentAction\",\"name\":\"Comment\",\"target\":[\"https:\/\/www.porta-mallorquina.es\/blog\/porta-mondial-concede-derechos-de-marca-para-el-alquiler-vacacional\/#respond\"]}]},{\"@type\":\"WebPage\",\"@id\":\"https:\/\/www.porta-mallorquina.es\/blog\/porta-mondial-concede-derechos-de-marca-para-el-alquiler-vacacional\/\",\"url\":\"https:\/\/www.porta-mallorquina.es\/blog\/porta-mondial-concede-derechos-de-marca-para-el-alquiler-vacacional\/\",\"name\":\"Porta Mondial concede derechos de marca para el alquiler vacacional - Porta Mallorquina Blog\",\"isPartOf\":{\"@id\":\"https:\/\/www.porta-mallorquina.es\/blog\/#website\"},\"primaryImageOfPage\":{\"@id\":\"https:\/\/www.porta-mallorquina.es\/blog\/porta-mondial-concede-derechos-de-marca-para-el-alquiler-vacacional\/#primaryimage\"},\"image\":{\"@id\":\"https:\/\/www.porta-mallorquina.es\/blog\/porta-mondial-concede-derechos-de-marca-para-el-alquiler-vacacional\/#primaryimage\"},\"thumbnailUrl\":\"https:\/\/www.porta-mallorquina.es\/blog\/mallorca\/porta-holiday-mallorca.jpg\",\"datePublished\":\"2013-01-09T08:51:00+00:00\",\"breadcrumb\":{\"@id\":\"https:\/\/www.porta-mallorquina.es\/blog\/porta-mondial-concede-derechos-de-marca-para-el-alquiler-vacacional\/#breadcrumb\"},\"inLanguage\":\"en-US\",\"potentialAction\":[{\"@type\":\"ReadAction\",\"target\":[\"https:\/\/www.porta-mallorquina.es\/blog\/porta-mondial-concede-derechos-de-marca-para-el-alquiler-vacacional\/\"]}]},{\"@type\":\"ImageObject\",\"inLanguage\":\"en-US\",\"@id\":\"https:\/\/www.porta-mallorquina.es\/blog\/porta-mondial-concede-derechos-de-marca-para-el-alquiler-vacacional\/#primaryimage\",\"url\":\"https:\/\/www.porta-mallorquina.es\/blog\/mallorca\/porta-holiday-mallorca.jpg\",\"contentUrl\":\"https:\/\/www.porta-mallorquina.es\/blog\/mallorca\/porta-holiday-mallorca.jpg\",\"width\":\"780\",\"height\":\"380\",\"caption\":\"Las primeras viviendas y residencias vacacionales en Mallorca se podr\u00e1n reservar a trav\u00e9s de Internet a partir de marzo de 2013 en portaholiday.de\"},{\"@type\":\"BreadcrumbList\",\"@id\":\"https:\/\/www.porta-mallorquina.es\/blog\/porta-mondial-concede-derechos-de-marca-para-el-alquiler-vacacional\/#breadcrumb\",\"itemListElement\":[{\"@type\":\"ListItem\",\"position\":1,\"name\":\"Portada\",\"item\":\"https:\/\/www.porta-mallorquina.es\/blog\/\"},{\"@type\":\"ListItem\",\"position\":2,\"name\":\"Porta Mondial concede derechos de marca para el alquiler vacacional\"}]},{\"@type\":\"WebSite\",\"@id\":\"https:\/\/www.porta-mallorquina.es\/blog\/#website\",\"url\":\"https:\/\/www.porta-mallorquina.es\/blog\/\",\"name\":\"Porta Mallorquina Blog\",\"description\":\"m\u00e1s que inmuebles de Mallorca\",\"publisher\":{\"@id\":\"https:\/\/www.porta-mallorquina.es\/blog\/#organization\"},\"potentialAction\":[{\"@type\":\"SearchAction\",\"target\":{\"@type\":\"EntryPoint\",\"urlTemplate\":\"https:\/\/www.porta-mallorquina.es\/blog\/?s={search_term_string}\"},\"query-input\":{\"@type\":\"PropertyValueSpecification\",\"valueRequired\":true,\"valueName\":\"search_term_string\"}}],\"inLanguage\":\"en-US\"},{\"@type\":\"Organization\",\"@id\":\"https:\/\/www.porta-mallorquina.es\/blog\/#organization\",\"name\":\"Porta Mallorquina Blog\",\"url\":\"https:\/\/www.porta-mallorquina.es\/blog\/\",\"logo\":{\"@type\":\"ImageObject\",\"inLanguage\":\"en-US\",\"@id\":\"https:\/\/www.porta-mallorquina.es\/blog\/#\/schema\/logo\/image\/\",\"url\":\"https:\/\/www.porta-mallorquina.es\/blog\/mallorca\/porta-mallorquina-real-estate-mallorca-logo.png\",\"contentUrl\":\"https:\/\/www.porta-mallorquina.es\/blog\/mallorca\/porta-mallorquina-real-estate-mallorca-logo.png\",\"width\":570,\"height\":400,\"caption\":\"Porta Mallorquina Blog\"},\"image\":{\"@id\":\"https:\/\/www.porta-mallorquina.es\/blog\/#\/schema\/logo\/image\/\"}},{\"@type\":\"Person\",\"@id\":\"https:\/\/www.porta-mallorquina.es\/blog\/#\/schema\/person\/00d40468a84878931da4d5e16749c9f0\",\"name\":\"Porta Mallorquina\",\"sameAs\":[\"https:\/\/www.porta-mallorquina.es\"],\"url\":\"https:\/\/www.porta-mallorquina.es\/blog\/author\/petraz\/\"}]}<\/script>\n<!-- \/ Yoast SEO plugin. -->","yoast_head_json":{"title":"Porta Mondial concede derechos de marca para el alquiler vacacional - Porta Mallorquina Blog","robots":{"index":"index","follow":"follow","max-snippet":"max-snippet:-1","max-image-preview":"max-image-preview:large","max-video-preview":"max-video-preview:-1"},"canonical":"https:\/\/www.porta-mallorquina.es\/blog\/porta-mondial-concede-derechos-de-marca-para-el-alquiler-vacacional\/","og_locale":"en_US","og_type":"article","og_title":"Porta Mondial concede derechos de marca para el alquiler vacacional - Porta Mallorquina Blog","og_description":"El sistema de franquicias inmobiliarias Porta Mondial ampl\u00eda su actividad comercial y ahora concede derechos de marca para el alquiler vacacional con \u00abPorta Holiday\u00bb. \u00abPorta Holiday\u00bb se lanza primero en Mallorca, un lugar con gran tradici\u00f3n para Porta Mondial: la primera marca inmobiliaria, \u00abPorta Mallorquina\u00bb, se fund\u00f3 aqu\u00ed en 2005.","og_url":"https:\/\/www.porta-mallorquina.es\/blog\/porta-mondial-concede-derechos-de-marca-para-el-alquiler-vacacional\/","og_site_name":"Porta Mallorquina Blog","article_published_time":"2013-01-09T08:51:00+00:00","og_image":[{"url":"https:\/\/www.porta-mallorquina.es\/blog\/mallorca\/porta-holiday-mallorca.jpg","type":"","width":"","height":""}],"author":"Porta Mallorquina","twitter_card":"summary_large_image","twitter_misc":{"Written by":"Porta Mallorquina","Est. reading time":"2 minutes"},"schema":{"@context":"https:\/\/schema.org","@graph":[{"@type":"Article","@id":"https:\/\/www.porta-mallorquina.es\/blog\/porta-mondial-concede-derechos-de-marca-para-el-alquiler-vacacional\/#article","isPartOf":{"@id":"https:\/\/www.porta-mallorquina.es\/blog\/porta-mondial-concede-derechos-de-marca-para-el-alquiler-vacacional\/"},"author":{"name":"Porta Mallorquina","@id":"https:\/\/www.porta-mallorquina.es\/blog\/#\/schema\/person\/00d40468a84878931da4d5e16749c9f0"},"headline":"Porta Mondial concede derechos de marca para el alquiler vacacional","datePublished":"2013-01-09T08:51:00+00:00","mainEntityOfPage":{"@id":"https:\/\/www.porta-mallorquina.es\/blog\/porta-mondial-concede-derechos-de-marca-para-el-alquiler-vacacional\/"},"wordCount":421,"commentCount":0,"publisher":{"@id":"https:\/\/www.porta-mallorquina.es\/blog\/#organization"},"image":{"@id":"https:\/\/www.porta-mallorquina.es\/blog\/porta-mondial-concede-derechos-de-marca-para-el-alquiler-vacacional\/#primaryimage"},"thumbnailUrl":"https:\/\/www.porta-mallorquina.es\/blog\/mallorca\/porta-holiday-mallorca.jpg","articleSection":["Franquicia","Mallorca"],"inLanguage":"en-US","potentialAction":[{"@type":"CommentAction","name":"Comment","target":["https:\/\/www.porta-mallorquina.es\/blog\/porta-mondial-concede-derechos-de-marca-para-el-alquiler-vacacional\/#respond"]}]},{"@type":"WebPage","@id":"https:\/\/www.porta-mallorquina.es\/blog\/porta-mondial-concede-derechos-de-marca-para-el-alquiler-vacacional\/","url":"https:\/\/www.porta-mallorquina.es\/blog\/porta-mondial-concede-derechos-de-marca-para-el-alquiler-vacacional\/","name":"Porta Mondial concede derechos de marca para el alquiler vacacional - Porta Mallorquina Blog","isPartOf":{"@id":"https:\/\/www.porta-mallorquina.es\/blog\/#website"},"primaryImageOfPage":{"@id":"https:\/\/www.porta-mallorquina.es\/blog\/porta-mondial-concede-derechos-de-marca-para-el-alquiler-vacacional\/#primaryimage"},"image":{"@id":"https:\/\/www.porta-mallorquina.es\/blog\/porta-mondial-concede-derechos-de-marca-para-el-alquiler-vacacional\/#primaryimage"},"thumbnailUrl":"https:\/\/www.porta-mallorquina.es\/blog\/mallorca\/porta-holiday-mallorca.jpg","datePublished":"2013-01-09T08:51:00+00:00","breadcrumb":{"@id":"https:\/\/www.porta-mallorquina.es\/blog\/porta-mondial-concede-derechos-de-marca-para-el-alquiler-vacacional\/#breadcrumb"},"inLanguage":"en-US","potentialAction":[{"@type":"ReadAction","target":["https:\/\/www.porta-mallorquina.es\/blog\/porta-mondial-concede-derechos-de-marca-para-el-alquiler-vacacional\/"]}]},{"@type":"ImageObject","inLanguage":"en-US","@id":"https:\/\/www.porta-mallorquina.es\/blog\/porta-mondial-concede-derechos-de-marca-para-el-alquiler-vacacional\/#primaryimage","url":"https:\/\/www.porta-mallorquina.es\/blog\/mallorca\/porta-holiday-mallorca.jpg","contentUrl":"https:\/\/www.porta-mallorquina.es\/blog\/mallorca\/porta-holiday-mallorca.jpg","width":"780","height":"380","caption":"Las primeras viviendas y residencias vacacionales en Mallorca se podr\u00e1n reservar a trav\u00e9s de Internet a partir de marzo de 2013 en portaholiday.de"},{"@type":"BreadcrumbList","@id":"https:\/\/www.porta-mallorquina.es\/blog\/porta-mondial-concede-derechos-de-marca-para-el-alquiler-vacacional\/#breadcrumb","itemListElement":[{"@type":"ListItem","position":1,"name":"Portada","item":"https:\/\/www.porta-mallorquina.es\/blog\/"},{"@type":"ListItem","position":2,"name":"Porta Mondial concede derechos de marca para el alquiler vacacional"}]},{"@type":"WebSite","@id":"https:\/\/www.porta-mallorquina.es\/blog\/#website","url":"https:\/\/www.porta-mallorquina.es\/blog\/","name":"Porta Mallorquina Blog","description":"m\u00e1s que inmuebles de Mallorca","publisher":{"@id":"https:\/\/www.porta-mallorquina.es\/blog\/#organization"},"potentialAction":[{"@type":"SearchAction","target":{"@type":"EntryPoint","urlTemplate":"https:\/\/www.porta-mallorquina.es\/blog\/?s={search_term_string}"},"query-input":{"@type":"PropertyValueSpecification","valueRequired":true,"valueName":"search_term_string"}}],"inLanguage":"en-US"},{"@type":"Organization","@id":"https:\/\/www.porta-mallorquina.es\/blog\/#organization","name":"Porta Mallorquina Blog","url":"https:\/\/www.porta-mallorquina.es\/blog\/","logo":{"@type":"ImageObject","inLanguage":"en-US","@id":"https:\/\/www.porta-mallorquina.es\/blog\/#\/schema\/logo\/image\/","url":"https:\/\/www.porta-mallorquina.es\/blog\/mallorca\/porta-mallorquina-real-estate-mallorca-logo.png","contentUrl":"https:\/\/www.porta-mallorquina.es\/blog\/mallorca\/porta-mallorquina-real-estate-mallorca-logo.png","width":570,"height":400,"caption":"Porta Mallorquina Blog"},"image":{"@id":"https:\/\/www.porta-mallorquina.es\/blog\/#\/schema\/logo\/image\/"}},{"@type":"Person","@id":"https:\/\/www.porta-mallorquina.es\/blog\/#\/schema\/person\/00d40468a84878931da4d5e16749c9f0","name":"Porta Mallorquina","sameAs":["https:\/\/www.porta-mallorquina.es"],"url":"https:\/\/www.porta-mallorquina.es\/blog\/author\/petraz\/"}]}},"_links":{"self":[{"href":"https:\/\/www.porta-mallorquina.es\/blog\/wp-json\/wp\/v2\/posts\/1140","targetHints":{"allow":["GET"]}}],"collection":[{"href":"https:\/\/www.porta-mallorquina.es\/blog\/wp-json\/wp\/v2\/posts"}],"about":[{"href":"https:\/\/www.porta-mallorquina.es\/blog\/wp-json\/wp\/v2\/types\/post"}],"author":[{"embeddable":true,"href":"https:\/\/www.porta-mallorquina.es\/blog\/wp-json\/wp\/v2\/users\/2"}],"replies":[{"embeddable":true,"href":"https:\/\/www.porta-mallorquina.es\/blog\/wp-json\/wp\/v2\/comments?post=1140"}],"version-history":[{"count":22,"href":"https:\/\/www.porta-mallorquina.es\/blog\/wp-json\/wp\/v2\/posts\/1140\/revisions"}],"predecessor-version":[{"id":1163,"href":"https:\/\/www.porta-mallorquina.es\/blog\/wp-json\/wp\/v2\/posts\/1140\/revisions\/1163"}],"wp:attachment":[{"href":"https:\/\/www.porta-mallorquina.es\/blog\/wp-json\/wp\/v2\/media?parent=1140"}],"wp:term":[{"taxonomy":"category","embeddable":true,"href":"https:\/\/www.porta-mallorquina.es\/blog\/wp-json\/wp\/v2\/categories?post=1140"},{"taxonomy":"post_tag","embeddable":true,"href":"https:\/\/www.porta-mallorquina.es\/blog\/wp-json\/wp\/v2\/tags?post=1140"}],"curies":[{"name":"wp","href":"https:\/\/api.w.org\/{rel}","templated":true}]}}