{"id":1279,"date":"2015-03-26T10:50:36","date_gmt":"2015-03-26T08:50:36","guid":{"rendered":"http:\/\/www.porta-mallorquina.es\/blog\/?p=1279"},"modified":"2023-08-08T13:56:37","modified_gmt":"2023-08-08T11:56:37","slug":"colegios-internacionales-mallorca","status":"publish","type":"post","link":"https:\/\/www.porta-mallorquina.es\/blog\/colegios-internacionales-mallorca\/","title":{"rendered":"Colegios internacionales en Mallorca"},"content":{"rendered":"<p><em>\u00bfQuiere vivir en Mallorca pero tiene hijos en edad escolar? No hay problema, pues las escuelas internacionales en Mallorca garantizan a sus hijos una educaci\u00f3n excelente.<\/em><\/p>\n<p>La gran ventaja de las <strong>escuelas privadas internacionales<\/strong> que se centran en Palma y el suroeste de la isla es que se ense\u00f1a en las lenguas universales ingl\u00e9s y espa\u00f1ol, mientras que en las escuelas p\u00fablicas domina el idioma catal\u00e1n. Los ni\u00f1os podr\u00e1n disfrutar de una educaci\u00f3n pluriling\u00fce del m\u00e1s alto nivel y el bachillerato ser\u00e1 reconocido en Alemania.<\/p>\n<p><img loading=\"lazy\" decoding=\"async\" class=\"size-full wp-image-2682 \" title=\"Escuelas internacionales\" src=\"https:\/\/www.porta-mallorquina.es\/blog\/mallorca\/mallorca-balears-international-college.jpg\" alt=\"Escuelas internacionale\" width=\"600\" height=\"450\" \/><\/p>\n<div id=\"toc_container\" class=\"toc_white no_bullets\">\n<p class=\"toc_title\">Contents<\/p>\n<ul class=\"toc_list\">\n<li><a href=\"#mucha_demanda_de_plazas_escolares\">Mucha demanda de plazas escolares<\/a><\/li>\n<li><a href=\"#ingleses_bien_organizados\">Ingleses bien organizados<\/a><\/li>\n<li><a href=\"#cinco_escuelas_britnicas_para_elegir\">Cinco escuelas brit\u00e1nicas para elegir<\/a><\/li>\n<li><a href=\"#la_escuela_alemana\">La escuela alemana<\/a><\/li>\n<li><a href=\"#bachillerato_internacional\">Bachillerato internacional<\/a><\/li>\n<li><a href=\"#ms_escuelas_internacionales\">M\u00e1s escuelas internacionales<\/a><\/li>\n<\/ul>\n<\/div>\n<h2><span id=\"mucha_demanda_de_plazas_escolares\">Mucha demanda de plazas escolares<\/span><\/h2>\n<p>La mayor\u00eda de las escuelas internacionales han integrado un <strong>jard\u00edn de infancia<\/strong> para que los ni\u00f1os puedan permanecer en la misma escuela desde peque\u00f1os hasta la secundaria. Sin embargo, uno debe ocuparse a tiempo e informarse muy bien, ya que las <strong>listas de espera<\/strong> son a veces largas y algunas de las escuelas para los ni\u00f1os mayores exigen un examen de ingreso.<\/p>\n<p>Todos los centros privados de ense\u00f1anza tienen un costo, pero los precios pueden variar. Por mes se debe calcular al menos 600 euros para la guarder\u00eda y m\u00e1s de 1000 euros para los niveles superiores, que se suele pagar trimestralmente y a lo cual hay que a\u00f1adir la inscripci\u00f3n y de matr\u00edcula de varios cientos de euros. Por eso cuentan con el mejor equipamiento, amplias aulas, laboratorios, salas de inform\u00e1tica con ordenadores, salas de arte, bibliotecas, sala y campos deportivos, actividades musicales y deportivas complementarias.<\/p>\n<p>El personal docente se encarga no s\u00f3lo a la <strong style=\"line-height: 1.5em;\">integraci\u00f3n de los ni\u00f1os nuevos<\/strong>sino que tambi\u00e9n promueve el talento de cada uno, sobre todo porque las escuelas no son muy grandes. Las vacaciones corresponden generalmente a las vacaciones espa\u00f1olas, no obstante algunas empiezan despu\u00e9s de las vacaciones de verano una semana antes, mientras que otras ofrecen algunos d\u00edas de vacaciones de invierno.<\/p>\n<h2><span id=\"ingleses_bien_organizados\">Ingleses bien organizados<\/span><\/h2>\n<p>Las escuelas brit\u00e1nicas son <strong>muy populares<\/strong> entre los residentes internacionales, especialmente los alemanes, ya que est\u00e1n muy bien organizadas y dan mucha importancia a la buena conducta y al respeto mutuo. \u00c9stas siguen <strong>el plan nacional de estudios de Inglaterra<\/strong> desde el jard\u00edn de infancia hasta la escuela secundaria (A-Levels) a trav\u00e9s de los sistemas ingleses de educaci\u00f3n primaria y secundaria. La mayor\u00eda ofrece una educaci\u00f3n biling\u00fce, donde tambi\u00e9n est\u00e1 disponible el sistema escolar que conduce al bachillerato espa\u00f1ol y que va paralelo al sistema escolar ingl\u00e9s. Los ex\u00e1menes finales de IGCSE\/A-levels son realizados por <strong>la Universidad de Cambridge o la Universidad de Oxford<\/strong> y son reconocidos en Alemania como un diploma de escuela secundaria (Abitur). Sin embargo, se debe tener cuidado de una elecci\u00f3n de asignaturas que corresponda a los estudios deseados, pues los estados alemanes se rigen de manera diferente y para algunas asignaturas n\u00famerus clausus se deben tomar ex\u00e1menes adicionales.<\/p>\n<h2><span id=\"cinco_escuelas_britnicas_para_elegir\">Cinco escuelas brit\u00e1nicas para elegir<\/span><\/h2>\n<p><strong>El Bellver International College<\/strong> ( www.bellvercollege.com ) fue fundado en 1950 por un sacerdote cat\u00f3lico romano de Mallorca y no es s\u00f3lo<strong> la escuela privada brit\u00e1nica m\u00e1s antigua<\/strong> de Mallorca, sino tambi\u00e9n de toda Espa\u00f1a. Se encuentra frente a la residencia de verano del rey (Marivent) y est\u00e1 a s\u00f3lo tres kil\u00f3metros de Palma. El derecho de prestaci\u00f3n de esta escuela es alto y se concede gran importancia a los buenos modales.<\/p>\n<p>El <strong>King Richard College<\/strong> (www.kingrichardcollege.com) es bastante solicitado, especialmente entre los residentes mejor ubicados en el suroeste de la isla. Esta escuela peque\u00f1a y exclusiva con cerca de 200 estudiantes est\u00e1 ubicada en un hermoso chalet con torre y tiene una larga tradici\u00f3n en Mallorca.<\/p>\n<p>Casi el doble de los ni\u00f1os estudian en el <strong>Queens College<\/strong> (www.queenscollege.es) en La Bonanova. El bonito edificio de la escuela est\u00e1 situado en un lugar id\u00edlico con vistas al Castillo de Bellver de Palma. Aqu\u00ed uno puede estar orgulloso de un \u201cambiente familiar\u201d y las peque\u00f1as clases est\u00e1n divididas en dos niveles de dificultad para garantizar el aprendizaje de cada ni\u00f1o individualmente.<\/p>\n<p><img loading=\"lazy\" decoding=\"async\" class=\"wp-image-5768\" title=\"Balears International College\" src=\"https:\/\/www.porta-mallorquina.de\/blog\/mallorca\/balears-international-college-mallorca1.jpg\" alt=\"\" width=\"301\" height=\"255\" \/><\/p>\n<p>El <strong>Balears International College<\/strong> ( www.balearesint.net ) est\u00e1 establecido desde hace unos a\u00f1os en un amplio terreno con piscina privada cerca de Magalluf y en su antiguo edificio de Sant Agust\u00ed mantiene todav\u00eda un jard\u00edn de infantes muy recomendado.<br \/>\nA esta escuela van muchos ni\u00f1os residentes alemanes, ya que ofrece clases en alem\u00e1n nativo y tiene fama de ser la escuela m\u00e1s tolerante en comparaci\u00f3n con otras escuelas internacionales.<br \/>\nAqu\u00ed la graduaci\u00f3n da derecho a estudiar en Inglaterra y Estados Unidos, y tambi\u00e9n en Alemania con un a\u00f1o extra de estudios, pero no en Espa\u00f1a. Tambi\u00e9n aqu\u00ed se tiene en cuenta el conocimiento de los ni\u00f1os y en cada asignatura hay un grupo \u201cm\u00e1s d\u00e9bil\u201d y un grupo \u201cm\u00e1s fuerte\u201d.<\/p>\n<p>Adicionalmente tambi\u00e9n recomendamos <strong>La Academia<\/strong> ( www.theacademyschool.com), que se encuentra en una antigua granja restaurada cerca de Marratxi, a unos siete kil\u00f3metros de Palma. Alrededor de 200 estudiantes, en su mayor\u00eda espa\u00f1oles e ingleses, estudian aqu\u00ed en un entorno rural, incluso hay algunos animales. La oferta deportiva es amplia, tambi\u00e9n aqu\u00ed hay una piscina propia de la escuela. En La Academia se fomentan especialmente el arte y la creatividad.<\/p>\n<h2><span id=\"la_escuela_alemana\">La escuela alemana<\/span><\/h2>\n<p>La <strong>Eurocampus Deutsche Schule<\/strong> ( www.dsmallorca.de ) en Palma es el centro asociado de la Escuela Alemana de Barcelona. Como escuela alemana en el extranjero, est\u00e1 autorizada por la Conferencia Permanente de Ministros de Educaci\u00f3n (KMK) no s\u00f3lo para ofrecer estudios primarios y secundarios, sino tambi\u00e9n una transici\u00f3n a los grados superiores de secundaria al final del grado 10. Dado que la escuela fue fundada en 2002, los estudiantes en el a\u00f1o escolar 2014\/2015 pueden tomar las primeras pruebas externas de bachillerato en el Colegio Alem\u00e1n de Barcelona. Desde la primera clase se ense\u00f1a espa\u00f1ol como lengua materna, as\u00ed como ingl\u00e9s y catal\u00e1n como lenguas extranjeras y desde el s\u00e9ptimo grado tambi\u00e9n franc\u00e9s. Del quinto al octavo grado est\u00e1 tambi\u00e9n en espa\u00f1ol la asignatura Ciencias Sociales (Biolog\u00eda, geograf\u00eda, historia). La Eurocampus se encuentra en un trozo verde de la Porciuncula, en la Playa de Palma.<\/p>\n<h2><span id=\"bachillerato_internacional\">Bachillerato internacional<\/span><\/h2>\n<p><img loading=\"lazy\" decoding=\"async\" class=\"wp-image-5766 \" src=\"https:\/\/www.porta-mallorquina.de\/blog\/mallorca\/eurocampus-internationale-schule-mallorca.jpg\" alt=\"Los ni\u00f1os del primer grade en Eurocampus Deutsche Schule. (Imagen: Europcampus)\" width=\"555\" height=\"401\" \/><\/p>\n<p>Con s\u00f3lo unos pocos a\u00f1os, pero ya con una excelente reputaci\u00f3n, est\u00e1 la <strong>\u00c1gora Portals International School<\/strong> dirigida por espa\u00f1oles ( www.nace.edu.es ), la cual es la primera de las Islas Baleares en ofrecer el bachillerato internacional (Internationales Abitur IB). Adem\u00e1s de alem\u00e1n y franc\u00e9s, en esta escuela moderna y bien equipada tambi\u00e9n se ofrece ingl\u00e9s, espa\u00f1ol y chino (mandar\u00edn) como idiomas de ense\u00f1anza.<\/p>\n<h2><span id=\"ms_escuelas_internacionales\">M\u00e1s escuelas internacionales<\/span><\/h2>\n<p><strong>Lyc\u00e9e Fran\u00e7ais MLF de Palma<\/strong><br \/>\nLenguas: franc\u00e9s y espa\u00f1ol<br \/>\nDirecci\u00f3n: Calle Salud, 4, Palma de Mallorca<br \/>\nwww.cfpalma.net<\/p>\n<p><strong>Svenska Skolan Mallorca<\/strong><br \/>\nLenguas: sueca, espa\u00f1ol, ingles<br \/>\nDirecci\u00f3n: Calle Infanta, 15-17, Palma de Mallorca<br \/>\nwww.svenskaskolanmallorca.com\/<\/p>\n<p>&nbsp;<\/p>\n","protected":false},"excerpt":{"rendered":"<p>\u00bfQuiere vivir en Mallorca pero tiene hijos en edad escolar? No hay problema, pues las escuelas internacionales en Mallorca garantizan a sus hijos una educaci\u00f3n excelente. La gran ventaja de las escuelas privadas internacionales que se centran en Palma y el suroeste de la isla es que se ense\u00f1a en las lenguas universales ingl\u00e9s y [&hellip;]<\/p>\n","protected":false},"author":2,"featured_media":0,"comment_status":"open","ping_status":"open","sticky":false,"template":"","format":"standard","meta":{"footnotes":""},"categories":[6],"tags":[],"class_list":["post-1279","post","type-post","status-publish","format-standard","hentry","category-mallorca"],"yoast_head":"<!-- This site is optimized with the Yoast SEO plugin v27.2 - https:\/\/yoast.com\/product\/yoast-seo-wordpress\/ -->\n<title>Colegios internacionales en Mallorca - Porta Mallorquina Blog<\/title>\n<meta name=\"robots\" content=\"index, follow, max-snippet:-1, max-image-preview:large, max-video-preview:-1\" \/>\n<link rel=\"canonical\" href=\"https:\/\/www.porta-mallorquina.es\/blog\/colegios-internacionales-mallorca\/\" \/>\n<meta property=\"og:locale\" content=\"en_US\" \/>\n<meta property=\"og:type\" content=\"article\" \/>\n<meta property=\"og:title\" content=\"Colegios internacionales en Mallorca - Porta Mallorquina Blog\" \/>\n<meta property=\"og:description\" content=\"\u00bfQuiere vivir en Mallorca pero tiene hijos en edad escolar? No hay problema, pues las escuelas internacionales en Mallorca garantizan a sus hijos una educaci\u00f3n excelente. La gran ventaja de las escuelas privadas internacionales que se centran en Palma y el suroeste de la isla es que se ense\u00f1a en las lenguas universales ingl\u00e9s y [&hellip;]\" \/>\n<meta property=\"og:url\" content=\"https:\/\/www.porta-mallorquina.es\/blog\/colegios-internacionales-mallorca\/\" \/>\n<meta property=\"og:site_name\" content=\"Porta Mallorquina Blog\" \/>\n<meta property=\"article:published_time\" content=\"2015-03-26T08:50:36+00:00\" \/>\n<meta property=\"article:modified_time\" content=\"2023-08-08T11:56:37+00:00\" \/>\n<meta property=\"og:image\" content=\"https:\/\/www.porta-mallorquina.es\/blog\/mallorca\/mallorca-balears-international-college.jpg\" \/>\n<meta name=\"author\" content=\"Porta Mallorquina\" \/>\n<meta name=\"twitter:card\" content=\"summary_large_image\" \/>\n<meta name=\"twitter:label1\" content=\"Written by\" \/>\n\t<meta name=\"twitter:data1\" content=\"Porta Mallorquina\" \/>\n\t<meta name=\"twitter:label2\" content=\"Est. reading time\" \/>\n\t<meta name=\"twitter:data2\" content=\"6 minutes\" \/>\n<script type=\"application\/ld+json\" class=\"yoast-schema-graph\">{\"@context\":\"https:\/\/schema.org\",\"@graph\":[{\"@type\":\"Article\",\"@id\":\"https:\/\/www.porta-mallorquina.es\/blog\/colegios-internacionales-mallorca\/#article\",\"isPartOf\":{\"@id\":\"https:\/\/www.porta-mallorquina.es\/blog\/colegios-internacionales-mallorca\/\"},\"author\":{\"name\":\"Porta Mallorquina\",\"@id\":\"https:\/\/www.porta-mallorquina.es\/blog\/#\/schema\/person\/00d40468a84878931da4d5e16749c9f0\"},\"headline\":\"Colegios internacionales en Mallorca\",\"datePublished\":\"2015-03-26T08:50:36+00:00\",\"dateModified\":\"2023-08-08T11:56:37+00:00\",\"mainEntityOfPage\":{\"@id\":\"https:\/\/www.porta-mallorquina.es\/blog\/colegios-internacionales-mallorca\/\"},\"wordCount\":1229,\"commentCount\":0,\"publisher\":{\"@id\":\"https:\/\/www.porta-mallorquina.es\/blog\/#organization\"},\"image\":{\"@id\":\"https:\/\/www.porta-mallorquina.es\/blog\/colegios-internacionales-mallorca\/#primaryimage\"},\"thumbnailUrl\":\"https:\/\/www.porta-mallorquina.es\/blog\/mallorca\/mallorca-balears-international-college.jpg\",\"articleSection\":[\"Mallorca\"],\"inLanguage\":\"en-US\",\"potentialAction\":[{\"@type\":\"CommentAction\",\"name\":\"Comment\",\"target\":[\"https:\/\/www.porta-mallorquina.es\/blog\/colegios-internacionales-mallorca\/#respond\"]}]},{\"@type\":\"WebPage\",\"@id\":\"https:\/\/www.porta-mallorquina.es\/blog\/colegios-internacionales-mallorca\/\",\"url\":\"https:\/\/www.porta-mallorquina.es\/blog\/colegios-internacionales-mallorca\/\",\"name\":\"Colegios internacionales en Mallorca - Porta Mallorquina Blog\",\"isPartOf\":{\"@id\":\"https:\/\/www.porta-mallorquina.es\/blog\/#website\"},\"primaryImageOfPage\":{\"@id\":\"https:\/\/www.porta-mallorquina.es\/blog\/colegios-internacionales-mallorca\/#primaryimage\"},\"image\":{\"@id\":\"https:\/\/www.porta-mallorquina.es\/blog\/colegios-internacionales-mallorca\/#primaryimage\"},\"thumbnailUrl\":\"https:\/\/www.porta-mallorquina.es\/blog\/mallorca\/mallorca-balears-international-college.jpg\",\"datePublished\":\"2015-03-26T08:50:36+00:00\",\"dateModified\":\"2023-08-08T11:56:37+00:00\",\"breadcrumb\":{\"@id\":\"https:\/\/www.porta-mallorquina.es\/blog\/colegios-internacionales-mallorca\/#breadcrumb\"},\"inLanguage\":\"en-US\",\"potentialAction\":[{\"@type\":\"ReadAction\",\"target\":[\"https:\/\/www.porta-mallorquina.es\/blog\/colegios-internacionales-mallorca\/\"]}]},{\"@type\":\"ImageObject\",\"inLanguage\":\"en-US\",\"@id\":\"https:\/\/www.porta-mallorquina.es\/blog\/colegios-internacionales-mallorca\/#primaryimage\",\"url\":\"https:\/\/www.porta-mallorquina.es\/blog\/mallorca\/mallorca-balears-international-college.jpg\",\"contentUrl\":\"https:\/\/www.porta-mallorquina.es\/blog\/mallorca\/mallorca-balears-international-college.jpg\"},{\"@type\":\"BreadcrumbList\",\"@id\":\"https:\/\/www.porta-mallorquina.es\/blog\/colegios-internacionales-mallorca\/#breadcrumb\",\"itemListElement\":[{\"@type\":\"ListItem\",\"position\":1,\"name\":\"Portada\",\"item\":\"https:\/\/www.porta-mallorquina.es\/blog\/\"},{\"@type\":\"ListItem\",\"position\":2,\"name\":\"Colegios internacionales en Mallorca\"}]},{\"@type\":\"WebSite\",\"@id\":\"https:\/\/www.porta-mallorquina.es\/blog\/#website\",\"url\":\"https:\/\/www.porta-mallorquina.es\/blog\/\",\"name\":\"Porta Mallorquina Blog\",\"description\":\"m\u00e1s que inmuebles de Mallorca\",\"publisher\":{\"@id\":\"https:\/\/www.porta-mallorquina.es\/blog\/#organization\"},\"potentialAction\":[{\"@type\":\"SearchAction\",\"target\":{\"@type\":\"EntryPoint\",\"urlTemplate\":\"https:\/\/www.porta-mallorquina.es\/blog\/?s={search_term_string}\"},\"query-input\":{\"@type\":\"PropertyValueSpecification\",\"valueRequired\":true,\"valueName\":\"search_term_string\"}}],\"inLanguage\":\"en-US\"},{\"@type\":\"Organization\",\"@id\":\"https:\/\/www.porta-mallorquina.es\/blog\/#organization\",\"name\":\"Porta Mallorquina Blog\",\"url\":\"https:\/\/www.porta-mallorquina.es\/blog\/\",\"logo\":{\"@type\":\"ImageObject\",\"inLanguage\":\"en-US\",\"@id\":\"https:\/\/www.porta-mallorquina.es\/blog\/#\/schema\/logo\/image\/\",\"url\":\"https:\/\/www.porta-mallorquina.es\/blog\/mallorca\/porta-mallorquina-real-estate-mallorca-logo.png\",\"contentUrl\":\"https:\/\/www.porta-mallorquina.es\/blog\/mallorca\/porta-mallorquina-real-estate-mallorca-logo.png\",\"width\":570,\"height\":400,\"caption\":\"Porta Mallorquina Blog\"},\"image\":{\"@id\":\"https:\/\/www.porta-mallorquina.es\/blog\/#\/schema\/logo\/image\/\"}},{\"@type\":\"Person\",\"@id\":\"https:\/\/www.porta-mallorquina.es\/blog\/#\/schema\/person\/00d40468a84878931da4d5e16749c9f0\",\"name\":\"Porta Mallorquina\",\"sameAs\":[\"https:\/\/www.porta-mallorquina.es\"],\"url\":\"https:\/\/www.porta-mallorquina.es\/blog\/author\/petraz\/\"}]}<\/script>\n<!-- \/ Yoast SEO plugin. -->","yoast_head_json":{"title":"Colegios internacionales en Mallorca - Porta Mallorquina Blog","robots":{"index":"index","follow":"follow","max-snippet":"max-snippet:-1","max-image-preview":"max-image-preview:large","max-video-preview":"max-video-preview:-1"},"canonical":"https:\/\/www.porta-mallorquina.es\/blog\/colegios-internacionales-mallorca\/","og_locale":"en_US","og_type":"article","og_title":"Colegios internacionales en Mallorca - Porta Mallorquina Blog","og_description":"\u00bfQuiere vivir en Mallorca pero tiene hijos en edad escolar? No hay problema, pues las escuelas internacionales en Mallorca garantizan a sus hijos una educaci\u00f3n excelente. La gran ventaja de las escuelas privadas internacionales que se centran en Palma y el suroeste de la isla es que se ense\u00f1a en las lenguas universales ingl\u00e9s y [&hellip;]","og_url":"https:\/\/www.porta-mallorquina.es\/blog\/colegios-internacionales-mallorca\/","og_site_name":"Porta Mallorquina Blog","article_published_time":"2015-03-26T08:50:36+00:00","article_modified_time":"2023-08-08T11:56:37+00:00","og_image":[{"url":"https:\/\/www.porta-mallorquina.es\/blog\/mallorca\/mallorca-balears-international-college.jpg","type":"","width":"","height":""}],"author":"Porta Mallorquina","twitter_card":"summary_large_image","twitter_misc":{"Written by":"Porta Mallorquina","Est. reading time":"6 minutes"},"schema":{"@context":"https:\/\/schema.org","@graph":[{"@type":"Article","@id":"https:\/\/www.porta-mallorquina.es\/blog\/colegios-internacionales-mallorca\/#article","isPartOf":{"@id":"https:\/\/www.porta-mallorquina.es\/blog\/colegios-internacionales-mallorca\/"},"author":{"name":"Porta Mallorquina","@id":"https:\/\/www.porta-mallorquina.es\/blog\/#\/schema\/person\/00d40468a84878931da4d5e16749c9f0"},"headline":"Colegios internacionales en Mallorca","datePublished":"2015-03-26T08:50:36+00:00","dateModified":"2023-08-08T11:56:37+00:00","mainEntityOfPage":{"@id":"https:\/\/www.porta-mallorquina.es\/blog\/colegios-internacionales-mallorca\/"},"wordCount":1229,"commentCount":0,"publisher":{"@id":"https:\/\/www.porta-mallorquina.es\/blog\/#organization"},"image":{"@id":"https:\/\/www.porta-mallorquina.es\/blog\/colegios-internacionales-mallorca\/#primaryimage"},"thumbnailUrl":"https:\/\/www.porta-mallorquina.es\/blog\/mallorca\/mallorca-balears-international-college.jpg","articleSection":["Mallorca"],"inLanguage":"en-US","potentialAction":[{"@type":"CommentAction","name":"Comment","target":["https:\/\/www.porta-mallorquina.es\/blog\/colegios-internacionales-mallorca\/#respond"]}]},{"@type":"WebPage","@id":"https:\/\/www.porta-mallorquina.es\/blog\/colegios-internacionales-mallorca\/","url":"https:\/\/www.porta-mallorquina.es\/blog\/colegios-internacionales-mallorca\/","name":"Colegios internacionales en Mallorca - Porta Mallorquina Blog","isPartOf":{"@id":"https:\/\/www.porta-mallorquina.es\/blog\/#website"},"primaryImageOfPage":{"@id":"https:\/\/www.porta-mallorquina.es\/blog\/colegios-internacionales-mallorca\/#primaryimage"},"image":{"@id":"https:\/\/www.porta-mallorquina.es\/blog\/colegios-internacionales-mallorca\/#primaryimage"},"thumbnailUrl":"https:\/\/www.porta-mallorquina.es\/blog\/mallorca\/mallorca-balears-international-college.jpg","datePublished":"2015-03-26T08:50:36+00:00","dateModified":"2023-08-08T11:56:37+00:00","breadcrumb":{"@id":"https:\/\/www.porta-mallorquina.es\/blog\/colegios-internacionales-mallorca\/#breadcrumb"},"inLanguage":"en-US","potentialAction":[{"@type":"ReadAction","target":["https:\/\/www.porta-mallorquina.es\/blog\/colegios-internacionales-mallorca\/"]}]},{"@type":"ImageObject","inLanguage":"en-US","@id":"https:\/\/www.porta-mallorquina.es\/blog\/colegios-internacionales-mallorca\/#primaryimage","url":"https:\/\/www.porta-mallorquina.es\/blog\/mallorca\/mallorca-balears-international-college.jpg","contentUrl":"https:\/\/www.porta-mallorquina.es\/blog\/mallorca\/mallorca-balears-international-college.jpg"},{"@type":"BreadcrumbList","@id":"https:\/\/www.porta-mallorquina.es\/blog\/colegios-internacionales-mallorca\/#breadcrumb","itemListElement":[{"@type":"ListItem","position":1,"name":"Portada","item":"https:\/\/www.porta-mallorquina.es\/blog\/"},{"@type":"ListItem","position":2,"name":"Colegios internacionales en Mallorca"}]},{"@type":"WebSite","@id":"https:\/\/www.porta-mallorquina.es\/blog\/#website","url":"https:\/\/www.porta-mallorquina.es\/blog\/","name":"Porta Mallorquina Blog","description":"m\u00e1s que inmuebles de Mallorca","publisher":{"@id":"https:\/\/www.porta-mallorquina.es\/blog\/#organization"},"potentialAction":[{"@type":"SearchAction","target":{"@type":"EntryPoint","urlTemplate":"https:\/\/www.porta-mallorquina.es\/blog\/?s={search_term_string}"},"query-input":{"@type":"PropertyValueSpecification","valueRequired":true,"valueName":"search_term_string"}}],"inLanguage":"en-US"},{"@type":"Organization","@id":"https:\/\/www.porta-mallorquina.es\/blog\/#organization","name":"Porta Mallorquina Blog","url":"https:\/\/www.porta-mallorquina.es\/blog\/","logo":{"@type":"ImageObject","inLanguage":"en-US","@id":"https:\/\/www.porta-mallorquina.es\/blog\/#\/schema\/logo\/image\/","url":"https:\/\/www.porta-mallorquina.es\/blog\/mallorca\/porta-mallorquina-real-estate-mallorca-logo.png","contentUrl":"https:\/\/www.porta-mallorquina.es\/blog\/mallorca\/porta-mallorquina-real-estate-mallorca-logo.png","width":570,"height":400,"caption":"Porta Mallorquina Blog"},"image":{"@id":"https:\/\/www.porta-mallorquina.es\/blog\/#\/schema\/logo\/image\/"}},{"@type":"Person","@id":"https:\/\/www.porta-mallorquina.es\/blog\/#\/schema\/person\/00d40468a84878931da4d5e16749c9f0","name":"Porta Mallorquina","sameAs":["https:\/\/www.porta-mallorquina.es"],"url":"https:\/\/www.porta-mallorquina.es\/blog\/author\/petraz\/"}]}},"_links":{"self":[{"href":"https:\/\/www.porta-mallorquina.es\/blog\/wp-json\/wp\/v2\/posts\/1279","targetHints":{"allow":["GET"]}}],"collection":[{"href":"https:\/\/www.porta-mallorquina.es\/blog\/wp-json\/wp\/v2\/posts"}],"about":[{"href":"https:\/\/www.porta-mallorquina.es\/blog\/wp-json\/wp\/v2\/types\/post"}],"author":[{"embeddable":true,"href":"https:\/\/www.porta-mallorquina.es\/blog\/wp-json\/wp\/v2\/users\/2"}],"replies":[{"embeddable":true,"href":"https:\/\/www.porta-mallorquina.es\/blog\/wp-json\/wp\/v2\/comments?post=1279"}],"version-history":[{"count":5,"href":"https:\/\/www.porta-mallorquina.es\/blog\/wp-json\/wp\/v2\/posts\/1279\/revisions"}],"predecessor-version":[{"id":2603,"href":"https:\/\/www.porta-mallorquina.es\/blog\/wp-json\/wp\/v2\/posts\/1279\/revisions\/2603"}],"wp:attachment":[{"href":"https:\/\/www.porta-mallorquina.es\/blog\/wp-json\/wp\/v2\/media?parent=1279"}],"wp:term":[{"taxonomy":"category","embeddable":true,"href":"https:\/\/www.porta-mallorquina.es\/blog\/wp-json\/wp\/v2\/categories?post=1279"},{"taxonomy":"post_tag","embeddable":true,"href":"https:\/\/www.porta-mallorquina.es\/blog\/wp-json\/wp\/v2\/tags?post=1279"}],"curies":[{"name":"wp","href":"https:\/\/api.w.org\/{rel}","templated":true}]}}