{"id":1294,"date":"2015-07-02T12:28:36","date_gmt":"2015-07-02T10:28:36","guid":{"rendered":"http:\/\/www.porta-mallorquina.es\/blog\/?p=1294"},"modified":"2015-10-23T13:49:47","modified_gmt":"2015-10-23T11:49:47","slug":"la-vida-con-caballos-en-mallorca","status":"publish","type":"post","link":"https:\/\/www.porta-mallorquina.es\/blog\/la-vida-con-caballos-en-mallorca\/","title":{"rendered":"La vida con caballos en Mallorca"},"content":{"rendered":"<p>Se sabe que toda la felicidad est\u00e1 a lomos de un caballo. Si el caballo todav\u00eda vive en su propia finca en Mallorca, \u00a1la felicidad es perfecta! En <strong>Mallorca<\/strong> hay muchas fincas que est\u00e1n de acuerdo con la cr\u00eda de caballos, muchas de las <strong>casas de campo<\/strong> fueron usadas antiguamente para fines agr\u00edcolas y ya tienen<strong> las instalaciones y establos necesarios<\/strong>.<\/p>\n<p>&nbsp;<\/p>\n<h2>Las fincas m\u00e1s hermosas para los amantes de los caballos en Mallorca<\/h2>\n<div id=\"attachment_2878\" class=\"wp-caption alignleft\" style=\"width: 320px\"><img loading=\"lazy\" decoding=\"async\" class=\"wp-image-2878\" title=\"Finca con casa de hu\u00e9spedes rodeada de un jard\u00edn de palmeras\" src=\"https:\/\/www.porta-mallorquina.es\/blog\/mallorca\/101129-finca-umgeben-vom-oasenambiente1.jpg\" alt=\"Finca con casa de hu\u00e9spedes rodeada de un jard\u00edn de palmeras\" width=\"320\" height=\"213\" \/><\/p>\n<p class=\"wp-caption-text\">Finca con casa de hu\u00e9spedes rodeada de un jard\u00edn de palmeras<\/p>\n<\/div>\n<p><b>Finca con casa de hu\u00e9spedes rodeada de un jard\u00edn de palmeras<\/b><\/p>\n<p>A trav\u00e9s de un camino con mucha natura se llega a esta finca de aprox. 30,000 metros cuadrados rodeada de paredes de piedra natural. En la entrada se encuentran 3 leones que le invitan a una vida de relajaci\u00f3n y recuperaci\u00f3n.<br \/>\n<a title=\"Finca en Llucmajor\" href=\"https:\/\/www.porta-mallorquina.es\/inmobiliaria\/llucmajor-finca-101129.html\" target=\"_blank\"><br \/>\nM\u00e1s informaci\u00f3n sobre la villa en Llucmajor<\/a><\/p>\n<p>&nbsp;<\/p>\n<div id=\"attachment_2882\" class=\"wp-caption alignleft\" style=\"width: 320px\"><img loading=\"lazy\" decoding=\"async\" class=\"wp-image-2882\" src=\"https:\/\/www.porta-mallorquina.es\/blog\/mallorca\/106090-reiterhof-manacor-aussenansicht-garten.jpg\" alt=\"Granja con casa y establos con 16 cuadras y pasto para caballos\" width=\"320\" height=\"213\" \/><\/p>\n<p class=\"wp-caption-text\">Granja con casa y establos con 16 cuadras y pasto para caballos<\/p>\n<\/div>\n<p><b>Granja con casa y establos con 16 cuadras y pasto para caballos<\/b><\/p>\n<p>En Manacor se encuentra esta finca \u00fanica que hace palpitar el coraz\u00f3n de los amantes de los caballos. El terreno de 132.000 metros cuadrados ofrece suficiente espacio para la cr\u00eda de caballos. Aqu\u00ed hay prados, potreros y establos con cuadras para caballos. Los amplios establos tienen anchas pasarelas y est\u00e1n iluminados por mucha luz natural.<\/p>\n<p><a title=\"Finca en Manacor\" href=\"https:\/\/www.porta-mallorquina.es\/inmobiliaria\/manacor-finca-106090.html\" target=\"_blank\"><br \/>\nM\u00e1s informaci\u00f3n sobre la villa en Manacor<\/a><\/p>\n<p>&nbsp;<\/p>\n<div id=\"attachment_2881\" class=\"wp-caption alignleft\" style=\"width: 320px\"><img loading=\"lazy\" decoding=\"async\" class=\"wp-image-2881\" src=\"https:\/\/www.porta-mallorquina.es\/blog\/mallorca\/105620-swiiming-pool-country-house-campanet.jpg\" alt=\"Rom\u00e1ntica finca r\u00fastica con hermosas vistas y paddock cerca de Campanet\" width=\"320\" height=\"218\" \/><\/p>\n<p class=\"wp-caption-text\">Rom\u00e1ntica finca r\u00fastica con hermosas vistas y paddock cerca de Campanet<\/p>\n<\/div>\n<p><b>Rom\u00e1ntica finca r\u00fastica con hermosas vistas y paddock cerca de Campanet<\/b><\/p>\n<p>Esta casa de campo bellamente creada y acabada se encuentra en un lugar tranquilo y privado, rodeado por el maravilloso paisaje de Campanet y ofrece unas rom\u00e1nticas vistas de la zona rural.<\/p>\n<p><a title=\"Finca en Campanet\" href=\"https:\/\/www.porta-mallorquina.es\/inmobiliaria\/campanet-finca-105620.html\" target=\"_blank\"><br \/>\nM\u00e1s informaci\u00f3n sobre la villa en Campanet<\/a><\/p>\n<p>&nbsp;<\/p>\n<div id=\"attachment_2884\" class=\"wp-caption alignleft\" style=\"width: 320px\"><img loading=\"lazy\" decoding=\"async\" class=\"wp-image-2884\" src=\"https:\/\/www.porta-mallorquina.es\/blog\/mallorca\/106094-randa-finca-front-view-parking-space.jpg\" alt=\"Fant\u00e1stica finca mallorquina - Randa\" width=\"320\" height=\"213\" \/><\/p>\n<p class=\"wp-caption-text\">Fant\u00e1stica finca mallorquina &#8211; Randa<\/p>\n<\/div>\n<p><b>Fant\u00e1stica finca mallorquina &#8211; Randa<\/b><\/p>\n<p>Esta finca hist\u00f3rica mallorquina data originalmente del siglo XIII y ha sido constantemente cuidada y conservada en buen estado a trav\u00e9s de los siglos.<\/p>\n<p><a title=\"Finca en Randa\" href=\"https:\/\/www.porta-mallorquina.es\/inmobiliaria\/randa-finca-106094.html\" target=\"_blank\"><br \/>\nM\u00e1s informaci\u00f3n sobre la villa en Randa<\/a><\/p>\n<p>&nbsp;<\/p>\n<div id=\"attachment_2885\" class=\"wp-caption alignleft\" style=\"width: 320px\"><img loading=\"lazy\" decoding=\"async\" class=\"wp-image-2885\" src=\"https:\/\/www.porta-mallorquina.es\/blog\/mallorca\/107407-finca-felanitx-auffahrt-aussenansicht.jpg\" alt=\"Finca en solar generoso con vistas lejanas fant\u00e1sticas y casa de invitados cerca de Felanitx\" width=\"320\" height=\"213\" \/><\/p>\n<p class=\"wp-caption-text\">Finca en solar generoso con vistas lejanas fant\u00e1sticas y casa de invitados cerca de Felanitx<\/p>\n<\/div>\n<p><b>Finca en solar generoso con vistas lejanas fant\u00e1sticas y casa de invitados cerca de Felanitx<\/b><\/p>\n<p>Esta propiedad exclusiva y generosa con todas la posibilidades para pasar sus vacaciones en relax, se encuentra en un entorno tranquilo cerca de Felanitx al sureste de Mallorca.<\/p>\n<p>Desde el acceso bordeado con adelfas se ve una glorieta con fontana y la casa principal de 420 metros cuadrados.<\/p>\n<p><a title=\"Finca en Felanitx\" href=\"https:\/\/www.porta-mallorquina.es\/inmobiliaria\/felanitx-finca-107407.html\" target=\"_blank\"><br \/>\nM\u00e1s informaci\u00f3n sobre la villa en Felanitx<\/a><\/p>\n<div id=\"attachment_2879\" class=\"wp-caption alignleft\" style=\"width: 320px\"><img loading=\"lazy\" decoding=\"async\" class=\"wp-image-2879\" src=\"https:\/\/www.porta-mallorquina.es\/blog\/mallorca\/102032-001-img-64202.jpg\" alt=\"Finca de obra nueva con cuadras y pistas de caballos - cerca de Inca\" width=\"320\" height=\"213\" \/><\/p>\n<p class=\"wp-caption-text\">Finca de obra nueva con cuadras y pistas de caballos &#8211; cerca de Inca<\/p>\n<\/div>\n<p><b>Finca de obra nueva con cuadras y pistas de caballos &#8211; cerca de Inca<\/b><\/p>\n<p>Este chalet construido en 2007 est\u00e1 situado cerca de la ciudad de Inca. La espaciosa casa est\u00e1 situada en unos 3.500 metros cuadrados de terreno y ofrece una superficie habitable de 250 metros cuadrados.<\/p>\n<p><a title=\"Finca en Inca\" href=\"https:\/\/www.porta-mallorquina.es\/inmobiliaria\/inca-finca-102032.html\" target=\"_blank\"><br \/>\nM\u00e1s informaci\u00f3n sobre la villa en Inca<\/a><\/p>\n<p>&nbsp;<\/p>\n<div id=\"attachment_2880\" class=\"wp-caption alignleft\" style=\"width: 320px\"><img loading=\"lazy\" decoding=\"async\" class=\"wp-image-2880\" src=\"https:\/\/www.porta-mallorquina.es\/blog\/mallorca\/105238-costitx-landhaus-ansicht-ebenerdig.jpg\" alt=\"Bonita finca con establos en la zona de Costitx\" width=\"320\" height=\"213\" \/><\/p>\n<p class=\"wp-caption-text\">Bonita finca con establos en la zona de Costitx<\/p>\n<\/div>\n<p><b>Bonita finca con establos en la zona de Costitx<\/b><\/p>\n<p>Bonita finca en situaci\u00f3n tranquila en el \u00e1rea de Costitx. A minutos de Sencelles y Costix con f\u00e1cil comunicaci\u00f3n con Inca. Se encuentra en un entorno rural con vecinos y disfruta de todas las conexiones regulares de agua y luz.<\/p>\n<p><a title=\"Finca en Costitx\" href=\"https:\/\/www.porta-mallorquina.es\/inmobiliaria\/costitx-finca-105238.html\" target=\"_blank\"><br \/>\nM\u00e1s informaci\u00f3n sobre la villa en Costitx<\/a><\/p>\n","protected":false},"excerpt":{"rendered":"<p>Se sabe que toda la felicidad est\u00e1 a lomos de un caballo. Si el caballo todav\u00eda vive en su propia finca en Mallorca, \u00a1la felicidad es perfecta! En Mallorca hay muchas fincas que est\u00e1n de acuerdo con la cr\u00eda de caballos, muchas de las casas de campo fueron usadas antiguamente para fines agr\u00edcolas y ya [&hellip;]<\/p>\n","protected":false},"author":2,"featured_media":0,"comment_status":"open","ping_status":"open","sticky":false,"template":"","format":"standard","meta":{"footnotes":""},"categories":[6],"tags":[],"class_list":["post-1294","post","type-post","status-publish","format-standard","hentry","category-mallorca"],"yoast_head":"<!-- This site is optimized with the Yoast SEO plugin v27.2 - https:\/\/yoast.com\/product\/yoast-seo-wordpress\/ -->\n<title>La vida con caballos en Mallorca - Porta Mallorquina Blog<\/title>\n<meta name=\"robots\" content=\"index, follow, max-snippet:-1, max-image-preview:large, max-video-preview:-1\" \/>\n<link rel=\"canonical\" href=\"https:\/\/www.porta-mallorquina.es\/blog\/la-vida-con-caballos-en-mallorca\/\" \/>\n<meta property=\"og:locale\" content=\"en_US\" \/>\n<meta property=\"og:type\" content=\"article\" \/>\n<meta property=\"og:title\" content=\"La vida con caballos en Mallorca - Porta Mallorquina Blog\" \/>\n<meta property=\"og:description\" content=\"Se sabe que toda la felicidad est\u00e1 a lomos de un caballo. Si el caballo todav\u00eda vive en su propia finca en Mallorca, \u00a1la felicidad es perfecta! En Mallorca hay muchas fincas que est\u00e1n de acuerdo con la cr\u00eda de caballos, muchas de las casas de campo fueron usadas antiguamente para fines agr\u00edcolas y ya [&hellip;]\" \/>\n<meta property=\"og:url\" content=\"https:\/\/www.porta-mallorquina.es\/blog\/la-vida-con-caballos-en-mallorca\/\" \/>\n<meta property=\"og:site_name\" content=\"Porta Mallorquina Blog\" \/>\n<meta property=\"article:published_time\" content=\"2015-07-02T10:28:36+00:00\" \/>\n<meta property=\"article:modified_time\" content=\"2015-10-23T11:49:47+00:00\" \/>\n<meta property=\"og:image\" content=\"https:\/\/www.porta-mallorquina.es\/blog\/mallorca\/101129-finca-umgeben-vom-oasenambiente1.jpg\" \/>\n<meta name=\"author\" content=\"Porta Mallorquina\" \/>\n<meta name=\"twitter:card\" content=\"summary_large_image\" \/>\n<meta name=\"twitter:label1\" content=\"Written by\" \/>\n\t<meta name=\"twitter:data1\" content=\"Porta Mallorquina\" \/>\n\t<meta name=\"twitter:label2\" content=\"Est. reading time\" \/>\n\t<meta name=\"twitter:data2\" content=\"3 minutes\" \/>\n<script type=\"application\/ld+json\" class=\"yoast-schema-graph\">{\"@context\":\"https:\/\/schema.org\",\"@graph\":[{\"@type\":\"Article\",\"@id\":\"https:\/\/www.porta-mallorquina.es\/blog\/la-vida-con-caballos-en-mallorca\/#article\",\"isPartOf\":{\"@id\":\"https:\/\/www.porta-mallorquina.es\/blog\/la-vida-con-caballos-en-mallorca\/\"},\"author\":{\"name\":\"Porta Mallorquina\",\"@id\":\"https:\/\/www.porta-mallorquina.es\/blog\/#\/schema\/person\/00d40468a84878931da4d5e16749c9f0\"},\"headline\":\"La vida con caballos en Mallorca\",\"datePublished\":\"2015-07-02T10:28:36+00:00\",\"dateModified\":\"2015-10-23T11:49:47+00:00\",\"mainEntityOfPage\":{\"@id\":\"https:\/\/www.porta-mallorquina.es\/blog\/la-vida-con-caballos-en-mallorca\/\"},\"wordCount\":592,\"commentCount\":0,\"publisher\":{\"@id\":\"https:\/\/www.porta-mallorquina.es\/blog\/#organization\"},\"image\":{\"@id\":\"https:\/\/www.porta-mallorquina.es\/blog\/la-vida-con-caballos-en-mallorca\/#primaryimage\"},\"thumbnailUrl\":\"https:\/\/www.porta-mallorquina.es\/blog\/mallorca\/101129-finca-umgeben-vom-oasenambiente1.jpg\",\"articleSection\":[\"Mallorca\"],\"inLanguage\":\"en-US\",\"potentialAction\":[{\"@type\":\"CommentAction\",\"name\":\"Comment\",\"target\":[\"https:\/\/www.porta-mallorquina.es\/blog\/la-vida-con-caballos-en-mallorca\/#respond\"]}]},{\"@type\":\"WebPage\",\"@id\":\"https:\/\/www.porta-mallorquina.es\/blog\/la-vida-con-caballos-en-mallorca\/\",\"url\":\"https:\/\/www.porta-mallorquina.es\/blog\/la-vida-con-caballos-en-mallorca\/\",\"name\":\"La vida con caballos en Mallorca - Porta Mallorquina Blog\",\"isPartOf\":{\"@id\":\"https:\/\/www.porta-mallorquina.es\/blog\/#website\"},\"primaryImageOfPage\":{\"@id\":\"https:\/\/www.porta-mallorquina.es\/blog\/la-vida-con-caballos-en-mallorca\/#primaryimage\"},\"image\":{\"@id\":\"https:\/\/www.porta-mallorquina.es\/blog\/la-vida-con-caballos-en-mallorca\/#primaryimage\"},\"thumbnailUrl\":\"https:\/\/www.porta-mallorquina.es\/blog\/mallorca\/101129-finca-umgeben-vom-oasenambiente1.jpg\",\"datePublished\":\"2015-07-02T10:28:36+00:00\",\"dateModified\":\"2015-10-23T11:49:47+00:00\",\"breadcrumb\":{\"@id\":\"https:\/\/www.porta-mallorquina.es\/blog\/la-vida-con-caballos-en-mallorca\/#breadcrumb\"},\"inLanguage\":\"en-US\",\"potentialAction\":[{\"@type\":\"ReadAction\",\"target\":[\"https:\/\/www.porta-mallorquina.es\/blog\/la-vida-con-caballos-en-mallorca\/\"]}]},{\"@type\":\"ImageObject\",\"inLanguage\":\"en-US\",\"@id\":\"https:\/\/www.porta-mallorquina.es\/blog\/la-vida-con-caballos-en-mallorca\/#primaryimage\",\"url\":\"\",\"contentUrl\":\"\"},{\"@type\":\"BreadcrumbList\",\"@id\":\"https:\/\/www.porta-mallorquina.es\/blog\/la-vida-con-caballos-en-mallorca\/#breadcrumb\",\"itemListElement\":[{\"@type\":\"ListItem\",\"position\":1,\"name\":\"Portada\",\"item\":\"https:\/\/www.porta-mallorquina.es\/blog\/\"},{\"@type\":\"ListItem\",\"position\":2,\"name\":\"La vida con caballos en Mallorca\"}]},{\"@type\":\"WebSite\",\"@id\":\"https:\/\/www.porta-mallorquina.es\/blog\/#website\",\"url\":\"https:\/\/www.porta-mallorquina.es\/blog\/\",\"name\":\"Porta Mallorquina Blog\",\"description\":\"m\u00e1s que inmuebles de Mallorca\",\"publisher\":{\"@id\":\"https:\/\/www.porta-mallorquina.es\/blog\/#organization\"},\"potentialAction\":[{\"@type\":\"SearchAction\",\"target\":{\"@type\":\"EntryPoint\",\"urlTemplate\":\"https:\/\/www.porta-mallorquina.es\/blog\/?s={search_term_string}\"},\"query-input\":{\"@type\":\"PropertyValueSpecification\",\"valueRequired\":true,\"valueName\":\"search_term_string\"}}],\"inLanguage\":\"en-US\"},{\"@type\":\"Organization\",\"@id\":\"https:\/\/www.porta-mallorquina.es\/blog\/#organization\",\"name\":\"Porta Mallorquina Blog\",\"url\":\"https:\/\/www.porta-mallorquina.es\/blog\/\",\"logo\":{\"@type\":\"ImageObject\",\"inLanguage\":\"en-US\",\"@id\":\"https:\/\/www.porta-mallorquina.es\/blog\/#\/schema\/logo\/image\/\",\"url\":\"https:\/\/www.porta-mallorquina.es\/blog\/mallorca\/porta-mallorquina-real-estate-mallorca-logo.png\",\"contentUrl\":\"https:\/\/www.porta-mallorquina.es\/blog\/mallorca\/porta-mallorquina-real-estate-mallorca-logo.png\",\"width\":570,\"height\":400,\"caption\":\"Porta Mallorquina Blog\"},\"image\":{\"@id\":\"https:\/\/www.porta-mallorquina.es\/blog\/#\/schema\/logo\/image\/\"}},{\"@type\":\"Person\",\"@id\":\"https:\/\/www.porta-mallorquina.es\/blog\/#\/schema\/person\/00d40468a84878931da4d5e16749c9f0\",\"name\":\"Porta Mallorquina\",\"sameAs\":[\"https:\/\/www.porta-mallorquina.es\"],\"url\":\"https:\/\/www.porta-mallorquina.es\/blog\/author\/petraz\/\"}]}<\/script>\n<!-- \/ Yoast SEO plugin. -->","yoast_head_json":{"title":"La vida con caballos en Mallorca - Porta Mallorquina Blog","robots":{"index":"index","follow":"follow","max-snippet":"max-snippet:-1","max-image-preview":"max-image-preview:large","max-video-preview":"max-video-preview:-1"},"canonical":"https:\/\/www.porta-mallorquina.es\/blog\/la-vida-con-caballos-en-mallorca\/","og_locale":"en_US","og_type":"article","og_title":"La vida con caballos en Mallorca - Porta Mallorquina Blog","og_description":"Se sabe que toda la felicidad est\u00e1 a lomos de un caballo. Si el caballo todav\u00eda vive en su propia finca en Mallorca, \u00a1la felicidad es perfecta! En Mallorca hay muchas fincas que est\u00e1n de acuerdo con la cr\u00eda de caballos, muchas de las casas de campo fueron usadas antiguamente para fines agr\u00edcolas y ya [&hellip;]","og_url":"https:\/\/www.porta-mallorquina.es\/blog\/la-vida-con-caballos-en-mallorca\/","og_site_name":"Porta Mallorquina Blog","article_published_time":"2015-07-02T10:28:36+00:00","article_modified_time":"2015-10-23T11:49:47+00:00","og_image":[{"url":"https:\/\/www.porta-mallorquina.es\/blog\/mallorca\/101129-finca-umgeben-vom-oasenambiente1.jpg","type":"","width":"","height":""}],"author":"Porta Mallorquina","twitter_card":"summary_large_image","twitter_misc":{"Written by":"Porta Mallorquina","Est. reading time":"3 minutes"},"schema":{"@context":"https:\/\/schema.org","@graph":[{"@type":"Article","@id":"https:\/\/www.porta-mallorquina.es\/blog\/la-vida-con-caballos-en-mallorca\/#article","isPartOf":{"@id":"https:\/\/www.porta-mallorquina.es\/blog\/la-vida-con-caballos-en-mallorca\/"},"author":{"name":"Porta Mallorquina","@id":"https:\/\/www.porta-mallorquina.es\/blog\/#\/schema\/person\/00d40468a84878931da4d5e16749c9f0"},"headline":"La vida con caballos en Mallorca","datePublished":"2015-07-02T10:28:36+00:00","dateModified":"2015-10-23T11:49:47+00:00","mainEntityOfPage":{"@id":"https:\/\/www.porta-mallorquina.es\/blog\/la-vida-con-caballos-en-mallorca\/"},"wordCount":592,"commentCount":0,"publisher":{"@id":"https:\/\/www.porta-mallorquina.es\/blog\/#organization"},"image":{"@id":"https:\/\/www.porta-mallorquina.es\/blog\/la-vida-con-caballos-en-mallorca\/#primaryimage"},"thumbnailUrl":"https:\/\/www.porta-mallorquina.es\/blog\/mallorca\/101129-finca-umgeben-vom-oasenambiente1.jpg","articleSection":["Mallorca"],"inLanguage":"en-US","potentialAction":[{"@type":"CommentAction","name":"Comment","target":["https:\/\/www.porta-mallorquina.es\/blog\/la-vida-con-caballos-en-mallorca\/#respond"]}]},{"@type":"WebPage","@id":"https:\/\/www.porta-mallorquina.es\/blog\/la-vida-con-caballos-en-mallorca\/","url":"https:\/\/www.porta-mallorquina.es\/blog\/la-vida-con-caballos-en-mallorca\/","name":"La vida con caballos en Mallorca - Porta Mallorquina Blog","isPartOf":{"@id":"https:\/\/www.porta-mallorquina.es\/blog\/#website"},"primaryImageOfPage":{"@id":"https:\/\/www.porta-mallorquina.es\/blog\/la-vida-con-caballos-en-mallorca\/#primaryimage"},"image":{"@id":"https:\/\/www.porta-mallorquina.es\/blog\/la-vida-con-caballos-en-mallorca\/#primaryimage"},"thumbnailUrl":"https:\/\/www.porta-mallorquina.es\/blog\/mallorca\/101129-finca-umgeben-vom-oasenambiente1.jpg","datePublished":"2015-07-02T10:28:36+00:00","dateModified":"2015-10-23T11:49:47+00:00","breadcrumb":{"@id":"https:\/\/www.porta-mallorquina.es\/blog\/la-vida-con-caballos-en-mallorca\/#breadcrumb"},"inLanguage":"en-US","potentialAction":[{"@type":"ReadAction","target":["https:\/\/www.porta-mallorquina.es\/blog\/la-vida-con-caballos-en-mallorca\/"]}]},{"@type":"ImageObject","inLanguage":"en-US","@id":"https:\/\/www.porta-mallorquina.es\/blog\/la-vida-con-caballos-en-mallorca\/#primaryimage","url":"","contentUrl":""},{"@type":"BreadcrumbList","@id":"https:\/\/www.porta-mallorquina.es\/blog\/la-vida-con-caballos-en-mallorca\/#breadcrumb","itemListElement":[{"@type":"ListItem","position":1,"name":"Portada","item":"https:\/\/www.porta-mallorquina.es\/blog\/"},{"@type":"ListItem","position":2,"name":"La vida con caballos en Mallorca"}]},{"@type":"WebSite","@id":"https:\/\/www.porta-mallorquina.es\/blog\/#website","url":"https:\/\/www.porta-mallorquina.es\/blog\/","name":"Porta Mallorquina Blog","description":"m\u00e1s que inmuebles de Mallorca","publisher":{"@id":"https:\/\/www.porta-mallorquina.es\/blog\/#organization"},"potentialAction":[{"@type":"SearchAction","target":{"@type":"EntryPoint","urlTemplate":"https:\/\/www.porta-mallorquina.es\/blog\/?s={search_term_string}"},"query-input":{"@type":"PropertyValueSpecification","valueRequired":true,"valueName":"search_term_string"}}],"inLanguage":"en-US"},{"@type":"Organization","@id":"https:\/\/www.porta-mallorquina.es\/blog\/#organization","name":"Porta Mallorquina Blog","url":"https:\/\/www.porta-mallorquina.es\/blog\/","logo":{"@type":"ImageObject","inLanguage":"en-US","@id":"https:\/\/www.porta-mallorquina.es\/blog\/#\/schema\/logo\/image\/","url":"https:\/\/www.porta-mallorquina.es\/blog\/mallorca\/porta-mallorquina-real-estate-mallorca-logo.png","contentUrl":"https:\/\/www.porta-mallorquina.es\/blog\/mallorca\/porta-mallorquina-real-estate-mallorca-logo.png","width":570,"height":400,"caption":"Porta Mallorquina Blog"},"image":{"@id":"https:\/\/www.porta-mallorquina.es\/blog\/#\/schema\/logo\/image\/"}},{"@type":"Person","@id":"https:\/\/www.porta-mallorquina.es\/blog\/#\/schema\/person\/00d40468a84878931da4d5e16749c9f0","name":"Porta Mallorquina","sameAs":["https:\/\/www.porta-mallorquina.es"],"url":"https:\/\/www.porta-mallorquina.es\/blog\/author\/petraz\/"}]}},"_links":{"self":[{"href":"https:\/\/www.porta-mallorquina.es\/blog\/wp-json\/wp\/v2\/posts\/1294","targetHints":{"allow":["GET"]}}],"collection":[{"href":"https:\/\/www.porta-mallorquina.es\/blog\/wp-json\/wp\/v2\/posts"}],"about":[{"href":"https:\/\/www.porta-mallorquina.es\/blog\/wp-json\/wp\/v2\/types\/post"}],"author":[{"embeddable":true,"href":"https:\/\/www.porta-mallorquina.es\/blog\/wp-json\/wp\/v2\/users\/2"}],"replies":[{"embeddable":true,"href":"https:\/\/www.porta-mallorquina.es\/blog\/wp-json\/wp\/v2\/comments?post=1294"}],"version-history":[{"count":3,"href":"https:\/\/www.porta-mallorquina.es\/blog\/wp-json\/wp\/v2\/posts\/1294\/revisions"}],"predecessor-version":[{"id":1320,"href":"https:\/\/www.porta-mallorquina.es\/blog\/wp-json\/wp\/v2\/posts\/1294\/revisions\/1320"}],"wp:attachment":[{"href":"https:\/\/www.porta-mallorquina.es\/blog\/wp-json\/wp\/v2\/media?parent=1294"}],"wp:term":[{"taxonomy":"category","embeddable":true,"href":"https:\/\/www.porta-mallorquina.es\/blog\/wp-json\/wp\/v2\/categories?post=1294"},{"taxonomy":"post_tag","embeddable":true,"href":"https:\/\/www.porta-mallorquina.es\/blog\/wp-json\/wp\/v2\/tags?post=1294"}],"curies":[{"name":"wp","href":"https:\/\/api.w.org\/{rel}","templated":true}]}}