{"id":1328,"date":"2013-06-05T15:47:21","date_gmt":"2013-06-05T13:47:21","guid":{"rendered":"http:\/\/www.porta-mallorquina.es\/blog\/?p=1328"},"modified":"2015-10-23T16:00:20","modified_gmt":"2015-10-23T14:00:20","slug":"retrato-manfred-biedermann-gerente-de-porta-mallorquina","status":"publish","type":"post","link":"https:\/\/www.porta-mallorquina.es\/blog\/retrato-manfred-biedermann-gerente-de-porta-mallorquina\/","title":{"rendered":"Retrato: Manfred Biedermann, gerente de Porta Mallorquina"},"content":{"rendered":"<div id=\"attachment_1421\" class=\"wp-caption alignleft\" style=\"width: 288px\"><a href=\"https:\/\/www.porta-mallorquina.es\/blog\/retrato-manfred-biedermann-gerente-de-porta-mallorquina\/manfred-biedermann\/\" rel=\"attachment wp-att-1421\"><img loading=\"lazy\" decoding=\"async\" class=\" wp-image-1421  \" title=\"Manfred Biedermann, director general de Porta Mallorquina, junto con su esposa Simone en una excursi\u00f3n en las monta\u00f1as de Tramuntana\" src=\"https:\/\/www.porta-mallorquina.es\/blog\/mallorca\/manfred-biedermann.jpg\" alt=\"Manfred Biedermann\" width=\"288\" height=\"234\" \/><\/a><\/p>\n<p class=\"wp-caption-text\">Manfred Biedermann, director general de Porta Mallorquina, junto con su esposa Simone en una excursi\u00f3n en las monta\u00f1as de Tramuntana<\/p>\n<\/div>\n<p>Manfred Biedermann, nacido en 1961 en Rheydt, Renania del Norte-Westfalia, se cri\u00f3 en Baviera y se licenci\u00f3 en Administraci\u00f3n y Direcci\u00f3n de Empresas en la Universidad Ludwig-Maximilian de W\u00fcrzburg. Antes de mudarse a Mallorca, trabaj\u00f3 como Director de Ventas y de Marketing en empresas de renombre nacional e internacional y fue Vicepresidente del Departamento de Ventas de Amoena Group. En 2009 se tom\u00f3 un a\u00f1o sab\u00e1tico y viaj\u00f3, en primer lugar, al Sudeste Asi\u00e1tico y, despu\u00e9s, a Mallorca. Maravillado por su belleza, decidi\u00f3 instalarse en la isla mediterr\u00e1nea. En mayo de 2013, el Sr. Biedermann se uni\u00f3 al equipo de direcci\u00f3n de Porta Mallorquina Real Estate S.L. Este submarinista apasionado (instructor de buceo PADI) vive con su mujer, Simone, en su finca de Llucmajor.<\/p>\n<p>Sr. Biedermann, \u00bfqu\u00e9 tiene Mallorca de especial?<\/p>\n<blockquote>\n<p>El modo de vivir despreocupado que uno acaba apreciando con el paso de los a\u00f1os.<\/p>\n<\/blockquote>\n<p>Si Mallorca fuera una pieza musical, ser\u00eda\u2026<\/p>\n<blockquote>\n<p>Mamma Mia\u2026 animada, melanc\u00f3lica, alegre y, al mismo tiempo, seria.<\/p>\n<\/blockquote>\n<p>\u00bfQu\u00e9 sitio ense\u00f1a en primer lugar a las visitas?<\/p>\n<blockquote>\n<p>Una experiencia muy especial es conducir por la monta\u00f1a sagrada de Randa ya entrada la noche, caminar por el monasterio y disfrutar del silencio y de la magn\u00edfica vista de Palma.<\/p>\n<\/blockquote>\n<p>\u00bfCu\u00e1l es su restaurante favorito de Mallorca?<\/p>\n<blockquote>\n<p>Hay muchos, pero el ZARANDA (antes ubicado en el Hilton y ahora en el hotel Castell Son Claret) de Fernando Arellano y LAS SIRENAS, en el puerto n\u00e1utico de El Arenal, son algunos de mis favoritos.<\/p>\n<\/blockquote>\n<p>Como alem\u00e1n, vivir en Mallorca es\u2026<\/p>\n<blockquote>\n<p>\u2026un regalo que siempre hay que valorar.<\/p>\n","protected":false},"excerpt":{"rendered":"<p>Manfred Biedermann, director general de Porta Mallorquina, junto con su esposa Simone en una excursi\u00f3n en las monta\u00f1as de Tramuntana Manfred Biedermann, nacido en 1961 en Rheydt, Renania del Norte-Westfalia, se cri\u00f3 en Baviera y se licenci\u00f3 en Administraci\u00f3n y Direcci\u00f3n de Empresas en la Universidad Ludwig-Maximilian de W\u00fcrzburg. Antes de mudarse a Mallorca, trabaj\u00f3 [&hellip;]<\/p>\n","protected":false},"author":2,"featured_media":0,"comment_status":"open","ping_status":"open","sticky":false,"template":"","format":"standard","meta":{"footnotes":""},"categories":[3,9],"tags":[],"class_list":["post-1328","post","type-post","status-publish","format-standard","hentry","category-eventos","category-porta-mallorquina"],"yoast_head":"<!-- This site is optimized with the Yoast SEO plugin v27.2 - https:\/\/yoast.com\/product\/yoast-seo-wordpress\/ -->\n<title>Retrato: Manfred Biedermann, gerente de Porta Mallorquina - Porta Mallorquina Blog<\/title>\n<meta name=\"robots\" content=\"index, follow, max-snippet:-1, max-image-preview:large, max-video-preview:-1\" \/>\n<link rel=\"canonical\" href=\"https:\/\/www.porta-mallorquina.es\/blog\/retrato-manfred-biedermann-gerente-de-porta-mallorquina\/\" \/>\n<meta property=\"og:locale\" content=\"en_US\" \/>\n<meta property=\"og:type\" content=\"article\" \/>\n<meta property=\"og:title\" content=\"Retrato: Manfred Biedermann, gerente de Porta Mallorquina - Porta Mallorquina Blog\" \/>\n<meta property=\"og:description\" content=\"Manfred Biedermann, director general de Porta Mallorquina, junto con su esposa Simone en una excursi\u00f3n en las monta\u00f1as de Tramuntana Manfred Biedermann, nacido en 1961 en Rheydt, Renania del Norte-Westfalia, se cri\u00f3 en Baviera y se licenci\u00f3 en Administraci\u00f3n y Direcci\u00f3n de Empresas en la Universidad Ludwig-Maximilian de W\u00fcrzburg. Antes de mudarse a Mallorca, trabaj\u00f3 [&hellip;]\" \/>\n<meta property=\"og:url\" content=\"https:\/\/www.porta-mallorquina.es\/blog\/retrato-manfred-biedermann-gerente-de-porta-mallorquina\/\" \/>\n<meta property=\"og:site_name\" content=\"Porta Mallorquina Blog\" \/>\n<meta property=\"article:published_time\" content=\"2013-06-05T13:47:21+00:00\" \/>\n<meta property=\"article:modified_time\" content=\"2015-10-23T14:00:20+00:00\" \/>\n<meta property=\"og:image\" content=\"https:\/\/www.porta-mallorquina.es\/blog\/mallorca\/manfred-biedermann.jpg\" \/>\n<meta name=\"author\" content=\"Porta Mallorquina\" \/>\n<meta name=\"twitter:card\" content=\"summary_large_image\" \/>\n<meta name=\"twitter:label1\" content=\"Written by\" \/>\n\t<meta name=\"twitter:data1\" content=\"Porta Mallorquina\" \/>\n\t<meta name=\"twitter:label2\" content=\"Est. reading time\" \/>\n\t<meta name=\"twitter:data2\" content=\"1 minute\" \/>\n<script type=\"application\/ld+json\" class=\"yoast-schema-graph\">{\"@context\":\"https:\/\/schema.org\",\"@graph\":[{\"@type\":\"Article\",\"@id\":\"https:\/\/www.porta-mallorquina.es\/blog\/retrato-manfred-biedermann-gerente-de-porta-mallorquina\/#article\",\"isPartOf\":{\"@id\":\"https:\/\/www.porta-mallorquina.es\/blog\/retrato-manfred-biedermann-gerente-de-porta-mallorquina\/\"},\"author\":{\"name\":\"Porta Mallorquina\",\"@id\":\"https:\/\/www.porta-mallorquina.es\/blog\/#\/schema\/person\/00d40468a84878931da4d5e16749c9f0\"},\"headline\":\"Retrato: Manfred Biedermann, gerente de Porta Mallorquina\",\"datePublished\":\"2013-06-05T13:47:21+00:00\",\"dateModified\":\"2015-10-23T14:00:20+00:00\",\"mainEntityOfPage\":{\"@id\":\"https:\/\/www.porta-mallorquina.es\/blog\/retrato-manfred-biedermann-gerente-de-porta-mallorquina\/\"},\"wordCount\":304,\"commentCount\":0,\"publisher\":{\"@id\":\"https:\/\/www.porta-mallorquina.es\/blog\/#organization\"},\"image\":{\"@id\":\"https:\/\/www.porta-mallorquina.es\/blog\/retrato-manfred-biedermann-gerente-de-porta-mallorquina\/#primaryimage\"},\"thumbnailUrl\":\"https:\/\/www.porta-mallorquina.es\/blog\/mallorca\/manfred-biedermann.jpg\",\"articleSection\":[\"Eventos\",\"Porta Mallorquina\"],\"inLanguage\":\"en-US\",\"potentialAction\":[{\"@type\":\"CommentAction\",\"name\":\"Comment\",\"target\":[\"https:\/\/www.porta-mallorquina.es\/blog\/retrato-manfred-biedermann-gerente-de-porta-mallorquina\/#respond\"]}]},{\"@type\":\"WebPage\",\"@id\":\"https:\/\/www.porta-mallorquina.es\/blog\/retrato-manfred-biedermann-gerente-de-porta-mallorquina\/\",\"url\":\"https:\/\/www.porta-mallorquina.es\/blog\/retrato-manfred-biedermann-gerente-de-porta-mallorquina\/\",\"name\":\"Retrato: Manfred Biedermann, gerente de Porta Mallorquina - Porta Mallorquina Blog\",\"isPartOf\":{\"@id\":\"https:\/\/www.porta-mallorquina.es\/blog\/#website\"},\"primaryImageOfPage\":{\"@id\":\"https:\/\/www.porta-mallorquina.es\/blog\/retrato-manfred-biedermann-gerente-de-porta-mallorquina\/#primaryimage\"},\"image\":{\"@id\":\"https:\/\/www.porta-mallorquina.es\/blog\/retrato-manfred-biedermann-gerente-de-porta-mallorquina\/#primaryimage\"},\"thumbnailUrl\":\"https:\/\/www.porta-mallorquina.es\/blog\/mallorca\/manfred-biedermann.jpg\",\"datePublished\":\"2013-06-05T13:47:21+00:00\",\"dateModified\":\"2015-10-23T14:00:20+00:00\",\"breadcrumb\":{\"@id\":\"https:\/\/www.porta-mallorquina.es\/blog\/retrato-manfred-biedermann-gerente-de-porta-mallorquina\/#breadcrumb\"},\"inLanguage\":\"en-US\",\"potentialAction\":[{\"@type\":\"ReadAction\",\"target\":[\"https:\/\/www.porta-mallorquina.es\/blog\/retrato-manfred-biedermann-gerente-de-porta-mallorquina\/\"]}]},{\"@type\":\"ImageObject\",\"inLanguage\":\"en-US\",\"@id\":\"https:\/\/www.porta-mallorquina.es\/blog\/retrato-manfred-biedermann-gerente-de-porta-mallorquina\/#primaryimage\",\"url\":\"\",\"contentUrl\":\"\"},{\"@type\":\"BreadcrumbList\",\"@id\":\"https:\/\/www.porta-mallorquina.es\/blog\/retrato-manfred-biedermann-gerente-de-porta-mallorquina\/#breadcrumb\",\"itemListElement\":[{\"@type\":\"ListItem\",\"position\":1,\"name\":\"Portada\",\"item\":\"https:\/\/www.porta-mallorquina.es\/blog\/\"},{\"@type\":\"ListItem\",\"position\":2,\"name\":\"Retrato: Manfred Biedermann, gerente de Porta Mallorquina\"}]},{\"@type\":\"WebSite\",\"@id\":\"https:\/\/www.porta-mallorquina.es\/blog\/#website\",\"url\":\"https:\/\/www.porta-mallorquina.es\/blog\/\",\"name\":\"Porta Mallorquina Blog\",\"description\":\"m\u00e1s que inmuebles de Mallorca\",\"publisher\":{\"@id\":\"https:\/\/www.porta-mallorquina.es\/blog\/#organization\"},\"potentialAction\":[{\"@type\":\"SearchAction\",\"target\":{\"@type\":\"EntryPoint\",\"urlTemplate\":\"https:\/\/www.porta-mallorquina.es\/blog\/?s={search_term_string}\"},\"query-input\":{\"@type\":\"PropertyValueSpecification\",\"valueRequired\":true,\"valueName\":\"search_term_string\"}}],\"inLanguage\":\"en-US\"},{\"@type\":\"Organization\",\"@id\":\"https:\/\/www.porta-mallorquina.es\/blog\/#organization\",\"name\":\"Porta Mallorquina Blog\",\"url\":\"https:\/\/www.porta-mallorquina.es\/blog\/\",\"logo\":{\"@type\":\"ImageObject\",\"inLanguage\":\"en-US\",\"@id\":\"https:\/\/www.porta-mallorquina.es\/blog\/#\/schema\/logo\/image\/\",\"url\":\"https:\/\/www.porta-mallorquina.es\/blog\/mallorca\/porta-mallorquina-real-estate-mallorca-logo.png\",\"contentUrl\":\"https:\/\/www.porta-mallorquina.es\/blog\/mallorca\/porta-mallorquina-real-estate-mallorca-logo.png\",\"width\":570,\"height\":400,\"caption\":\"Porta Mallorquina Blog\"},\"image\":{\"@id\":\"https:\/\/www.porta-mallorquina.es\/blog\/#\/schema\/logo\/image\/\"}},{\"@type\":\"Person\",\"@id\":\"https:\/\/www.porta-mallorquina.es\/blog\/#\/schema\/person\/00d40468a84878931da4d5e16749c9f0\",\"name\":\"Porta Mallorquina\",\"sameAs\":[\"https:\/\/www.porta-mallorquina.es\"],\"url\":\"https:\/\/www.porta-mallorquina.es\/blog\/author\/petraz\/\"}]}<\/script>\n<!-- \/ Yoast SEO plugin. -->","yoast_head_json":{"title":"Retrato: Manfred Biedermann, gerente de Porta Mallorquina - Porta Mallorquina Blog","robots":{"index":"index","follow":"follow","max-snippet":"max-snippet:-1","max-image-preview":"max-image-preview:large","max-video-preview":"max-video-preview:-1"},"canonical":"https:\/\/www.porta-mallorquina.es\/blog\/retrato-manfred-biedermann-gerente-de-porta-mallorquina\/","og_locale":"en_US","og_type":"article","og_title":"Retrato: Manfred Biedermann, gerente de Porta Mallorquina - Porta Mallorquina Blog","og_description":"Manfred Biedermann, director general de Porta Mallorquina, junto con su esposa Simone en una excursi\u00f3n en las monta\u00f1as de Tramuntana Manfred Biedermann, nacido en 1961 en Rheydt, Renania del Norte-Westfalia, se cri\u00f3 en Baviera y se licenci\u00f3 en Administraci\u00f3n y Direcci\u00f3n de Empresas en la Universidad Ludwig-Maximilian de W\u00fcrzburg. Antes de mudarse a Mallorca, trabaj\u00f3 [&hellip;]","og_url":"https:\/\/www.porta-mallorquina.es\/blog\/retrato-manfred-biedermann-gerente-de-porta-mallorquina\/","og_site_name":"Porta Mallorquina Blog","article_published_time":"2013-06-05T13:47:21+00:00","article_modified_time":"2015-10-23T14:00:20+00:00","og_image":[{"url":"https:\/\/www.porta-mallorquina.es\/blog\/mallorca\/manfred-biedermann.jpg","type":"","width":"","height":""}],"author":"Porta Mallorquina","twitter_card":"summary_large_image","twitter_misc":{"Written by":"Porta Mallorquina","Est. reading time":"1 minute"},"schema":{"@context":"https:\/\/schema.org","@graph":[{"@type":"Article","@id":"https:\/\/www.porta-mallorquina.es\/blog\/retrato-manfred-biedermann-gerente-de-porta-mallorquina\/#article","isPartOf":{"@id":"https:\/\/www.porta-mallorquina.es\/blog\/retrato-manfred-biedermann-gerente-de-porta-mallorquina\/"},"author":{"name":"Porta Mallorquina","@id":"https:\/\/www.porta-mallorquina.es\/blog\/#\/schema\/person\/00d40468a84878931da4d5e16749c9f0"},"headline":"Retrato: Manfred Biedermann, gerente de Porta Mallorquina","datePublished":"2013-06-05T13:47:21+00:00","dateModified":"2015-10-23T14:00:20+00:00","mainEntityOfPage":{"@id":"https:\/\/www.porta-mallorquina.es\/blog\/retrato-manfred-biedermann-gerente-de-porta-mallorquina\/"},"wordCount":304,"commentCount":0,"publisher":{"@id":"https:\/\/www.porta-mallorquina.es\/blog\/#organization"},"image":{"@id":"https:\/\/www.porta-mallorquina.es\/blog\/retrato-manfred-biedermann-gerente-de-porta-mallorquina\/#primaryimage"},"thumbnailUrl":"https:\/\/www.porta-mallorquina.es\/blog\/mallorca\/manfred-biedermann.jpg","articleSection":["Eventos","Porta Mallorquina"],"inLanguage":"en-US","potentialAction":[{"@type":"CommentAction","name":"Comment","target":["https:\/\/www.porta-mallorquina.es\/blog\/retrato-manfred-biedermann-gerente-de-porta-mallorquina\/#respond"]}]},{"@type":"WebPage","@id":"https:\/\/www.porta-mallorquina.es\/blog\/retrato-manfred-biedermann-gerente-de-porta-mallorquina\/","url":"https:\/\/www.porta-mallorquina.es\/blog\/retrato-manfred-biedermann-gerente-de-porta-mallorquina\/","name":"Retrato: Manfred Biedermann, gerente de Porta Mallorquina - Porta Mallorquina Blog","isPartOf":{"@id":"https:\/\/www.porta-mallorquina.es\/blog\/#website"},"primaryImageOfPage":{"@id":"https:\/\/www.porta-mallorquina.es\/blog\/retrato-manfred-biedermann-gerente-de-porta-mallorquina\/#primaryimage"},"image":{"@id":"https:\/\/www.porta-mallorquina.es\/blog\/retrato-manfred-biedermann-gerente-de-porta-mallorquina\/#primaryimage"},"thumbnailUrl":"https:\/\/www.porta-mallorquina.es\/blog\/mallorca\/manfred-biedermann.jpg","datePublished":"2013-06-05T13:47:21+00:00","dateModified":"2015-10-23T14:00:20+00:00","breadcrumb":{"@id":"https:\/\/www.porta-mallorquina.es\/blog\/retrato-manfred-biedermann-gerente-de-porta-mallorquina\/#breadcrumb"},"inLanguage":"en-US","potentialAction":[{"@type":"ReadAction","target":["https:\/\/www.porta-mallorquina.es\/blog\/retrato-manfred-biedermann-gerente-de-porta-mallorquina\/"]}]},{"@type":"ImageObject","inLanguage":"en-US","@id":"https:\/\/www.porta-mallorquina.es\/blog\/retrato-manfred-biedermann-gerente-de-porta-mallorquina\/#primaryimage","url":"","contentUrl":""},{"@type":"BreadcrumbList","@id":"https:\/\/www.porta-mallorquina.es\/blog\/retrato-manfred-biedermann-gerente-de-porta-mallorquina\/#breadcrumb","itemListElement":[{"@type":"ListItem","position":1,"name":"Portada","item":"https:\/\/www.porta-mallorquina.es\/blog\/"},{"@type":"ListItem","position":2,"name":"Retrato: Manfred Biedermann, gerente de Porta Mallorquina"}]},{"@type":"WebSite","@id":"https:\/\/www.porta-mallorquina.es\/blog\/#website","url":"https:\/\/www.porta-mallorquina.es\/blog\/","name":"Porta Mallorquina Blog","description":"m\u00e1s que inmuebles de Mallorca","publisher":{"@id":"https:\/\/www.porta-mallorquina.es\/blog\/#organization"},"potentialAction":[{"@type":"SearchAction","target":{"@type":"EntryPoint","urlTemplate":"https:\/\/www.porta-mallorquina.es\/blog\/?s={search_term_string}"},"query-input":{"@type":"PropertyValueSpecification","valueRequired":true,"valueName":"search_term_string"}}],"inLanguage":"en-US"},{"@type":"Organization","@id":"https:\/\/www.porta-mallorquina.es\/blog\/#organization","name":"Porta Mallorquina Blog","url":"https:\/\/www.porta-mallorquina.es\/blog\/","logo":{"@type":"ImageObject","inLanguage":"en-US","@id":"https:\/\/www.porta-mallorquina.es\/blog\/#\/schema\/logo\/image\/","url":"https:\/\/www.porta-mallorquina.es\/blog\/mallorca\/porta-mallorquina-real-estate-mallorca-logo.png","contentUrl":"https:\/\/www.porta-mallorquina.es\/blog\/mallorca\/porta-mallorquina-real-estate-mallorca-logo.png","width":570,"height":400,"caption":"Porta Mallorquina Blog"},"image":{"@id":"https:\/\/www.porta-mallorquina.es\/blog\/#\/schema\/logo\/image\/"}},{"@type":"Person","@id":"https:\/\/www.porta-mallorquina.es\/blog\/#\/schema\/person\/00d40468a84878931da4d5e16749c9f0","name":"Porta Mallorquina","sameAs":["https:\/\/www.porta-mallorquina.es"],"url":"https:\/\/www.porta-mallorquina.es\/blog\/author\/petraz\/"}]}},"_links":{"self":[{"href":"https:\/\/www.porta-mallorquina.es\/blog\/wp-json\/wp\/v2\/posts\/1328","targetHints":{"allow":["GET"]}}],"collection":[{"href":"https:\/\/www.porta-mallorquina.es\/blog\/wp-json\/wp\/v2\/posts"}],"about":[{"href":"https:\/\/www.porta-mallorquina.es\/blog\/wp-json\/wp\/v2\/types\/post"}],"author":[{"embeddable":true,"href":"https:\/\/www.porta-mallorquina.es\/blog\/wp-json\/wp\/v2\/users\/2"}],"replies":[{"embeddable":true,"href":"https:\/\/www.porta-mallorquina.es\/blog\/wp-json\/wp\/v2\/comments?post=1328"}],"version-history":[{"count":14,"href":"https:\/\/www.porta-mallorquina.es\/blog\/wp-json\/wp\/v2\/posts\/1328\/revisions"}],"predecessor-version":[{"id":1342,"href":"https:\/\/www.porta-mallorquina.es\/blog\/wp-json\/wp\/v2\/posts\/1328\/revisions\/1342"}],"wp:attachment":[{"href":"https:\/\/www.porta-mallorquina.es\/blog\/wp-json\/wp\/v2\/media?parent=1328"}],"wp:term":[{"taxonomy":"category","embeddable":true,"href":"https:\/\/www.porta-mallorquina.es\/blog\/wp-json\/wp\/v2\/categories?post=1328"},{"taxonomy":"post_tag","embeddable":true,"href":"https:\/\/www.porta-mallorquina.es\/blog\/wp-json\/wp\/v2\/tags?post=1328"}],"curies":[{"name":"wp","href":"https:\/\/api.w.org\/{rel}","templated":true}]}}