{"id":1343,"date":"2014-02-04T16:06:21","date_gmt":"2014-02-04T14:06:21","guid":{"rendered":"http:\/\/www.porta-mallorquina.es\/blog\/?p=1343"},"modified":"2015-10-23T16:09:28","modified_gmt":"2015-10-23T14:09:28","slug":"10-fincas-de-mallorca-con-jardines-extraordinariamente-bonitos","status":"publish","type":"post","link":"https:\/\/www.porta-mallorquina.es\/blog\/10-fincas-de-mallorca-con-jardines-extraordinariamente-bonitos\/","title":{"rendered":"10 fincas de Mallorca con jardines extraordinariamente bonitos"},"content":{"rendered":"<p>Son muchas las personas que al comprar una finca en Mallorca han encontrado el lugar para vivir con el que siempre hab\u00edan so\u00f1ado. Un terreno grande garantiza la privacidad y ofrece el espacio y la posibilidad para configurar el jard\u00edn de forma creativa. Es frecuente que tras sus puertas se escondan jardines verdaderamente paradis\u00edacos, que con el esplendor de sus flores y su delicado atractivo dejan boquiabierto a quien los contempla.<\/p>\n<p>Las impresionantes palmeras, los almendros, los naranjos, los limoneros, las higueras, los magn\u00edficos cenadores de buganvillas \u2013y estos son solo algunos  ejemplos\u2013 hacen de Mallorca un para\u00edso para los aficionados a la jardiner\u00eda y los amantes de la naturaleza.<\/p>\n<h2>Los diez parques y jardines de fincas m\u00e1s bonitos<\/h2>\n<div id=\"attachment_2831\" class=\"wp-caption alignleft\" style=\"width: 303px\"><img loading=\"lazy\" decoding=\"async\" class=\"  wp-image-2831\" title=\"https:\/\/www.porta-mallorquina.es\/blog\/mallorca\/101262-lujosa-finca-moderna-arta.jpg\" src=\"https:\/\/www.porta-mallorquina.es\/blog\/mallorca\/101262-finca-arta-garten-pool.jpg\" alt=\"Lujosa finca moderna con elementos mallorquines rodeada de un jard\u00edn maravilloso\" width=\"303\" height=\"201\" \/><\/p>\n<p class=\"wp-caption-text\">Lujosa finca moderna con elementos mallorquines rodeada de un jard\u00edn maravilloso<\/p>\n<\/div>\n<p><strong>Lujosa finca moderna con elementos mallorquines rodeada de un jard\u00edn maravilloso<\/strong><\/p>\n<p>La lujosa casa de campo con vistas de Art\u00e1 y de Capdepera se sit\u00faa en medio de un solar similar a un parque, con superficies de c\u00e9sped bien mantenidas, canteros florecientes y viejos \u00e1rboles.<\/p>\n<p><a href=\"https:\/\/www.porta-mallorquina.es\/inmobiliaria\/arta-finca-101262.html\">M\u00e1s informaci\u00f3n sobre la finca en Art\u00e1<\/a><br \/>\n&nbsp;<br \/>\n&nbsp;<br \/>\n&nbsp;<br \/>\n&nbsp;<br \/>\n&nbsp;<\/p>\n<div id=\"attachment_2833\" class=\"wp-caption alignleft\" style=\"width: 303px\"><img loading=\"lazy\" decoding=\"async\" class=\"wp-image-2833\" title=\"Bonita finca mallorquina frente a las puertas de Santanyi con impresionantes vistas\" src=\"https:\/\/www.porta-mallorquina.es\/blog\/mallorca\/106316-haus-santanyi-ausenansicht.jpg\" alt=\"Bonita finca mallorquina frente a las puertas de Santanyi con impresionantes vistas\" width=\"303\" height=\"202\" \/><\/p>\n<p class=\"wp-caption-text\">Bonita finca mallorquina frente a las puertas de Santanyi con impresionantes vistas<\/p>\n<\/div>\n<p><strong>Bonita finca mallorquina frente a las puertas de Santanyi con impresionantes vistas<\/strong><\/p>\n<p>Esta finca decorada con muy buen gusto y atenci\u00f3n a los detalles est\u00e1 situada en las colinas frente a las puertas de Santanyi y destaca no s\u00f3lo por las impresionantes vistas al paisaje espectacular paisaje que llega hasta la isla Cabrera y la Sierra de la Tramuntana.<\/p>\n<p><a href=\"https:\/\/www.porta-mallorquina.es\/inmobiliaria\/santanyi-finca-106316.html\">M\u00e1s informaci\u00f3n sobre la finca en Santanyi<\/a><br \/>\n&nbsp;<br \/>\n&nbsp;<br \/>\n&nbsp;<br \/>\n&nbsp;<\/p>\n<div id=\"attachment_2068\" class=\"wp-caption alignleft\" style=\"width: 300px\"><a href=\"https:\/\/www.porta-mallorquina.es\/blog\/mallorca\/101129-finca-en-llucmajor.jpg\"><img loading=\"lazy\" decoding=\"async\" class=\"size-medium wp-image-2068 \" src=\"https:\/\/www.porta-mallorquina.es\/blog\/mallorca\/101129-finca-en-llucmajor-300x200.jpg\" alt=\"101129-finca-en-llucmajor\" width=\"300\" height=\"200\" \/><\/a><\/p>\n<p class=\"wp-caption-text\">Finca con casa de hu\u00e9spedes rodeada de un jard\u00edn de palmeras<\/p>\n<\/div>\n<p><strong>Finca rodeada de jarin de palmeras<\/strong><\/p>\n<p>A trav\u00e9s de un camino con mucha natura se llega a esta finca de aprox. 30,000 metros cuadrados rodeada de paredes de piedra natural. En la entrada se encuentran 3 leones que le invitan a una vida de relajaci\u00f3n y recuperaci\u00f3n.<\/p>\n<p><a href=\"https:\/\/www.porta-mallorquina.es\/inmobiliaria\/llucmajor-finca-101129.html\">M\u00e1s informaci\u00f3n sobre la finca en Llucmajor<\/a><br \/>\n&nbsp;<br \/>\n&nbsp;<br \/>\n&nbsp;<br \/>\n&nbsp;<br \/>\n&nbsp;<\/p>\n<div id=\"attachment_2834\" class=\"wp-caption alignleft\" style=\"width: 300px\"><img loading=\"lazy\" decoding=\"async\" class=\"wp-image-2834 size-medium\" title=\"Finca rural de ensue\u00f1o con maravillosos jardines, cerca del campo de golf de Pollensa\" src=\"https:\/\/www.porta-mallorquina.es\/blog\/mallorca\/105993-country-house-pollensa-golf-300x200.jpg\" alt=\"Finca rural de ensue\u00f1o con maravillosos jardines, cerca del campo de golf de Pollensa\" width=\"300\" height=\"200\" \/><\/p>\n<p class=\"wp-caption-text\">Finca rural de ensue\u00f1o con maravillosos jardines, cerca del campo de golf de Pollensa<\/p>\n<\/div>\n<p><strong>Finca rural de ensue\u00f1o con maravillosos jardines, cerca del campo de golf de Pollensa<\/strong><\/p>\n<p>Esta realmente atractiva casa de campo est\u00e1 situada en el codiciado entorno r\u00fastico del campo de golf de Pollensa, en el norte de Mallorca y por lo tanto en una de las ubicaciones m\u00e1s exclusivas que la isla tiene para ofrecer.<\/p>\n<p><a href=\"https:\/\/www.porta-mallorquina.es\/inmobiliaria\/pollensa-finca-105993.html\">M\u00e1s informaci\u00f3n sobre la finca en Pollensa<\/a><br \/>\n&nbsp;<br \/>\n&nbsp;<br \/>\n&nbsp;<br \/>\n&nbsp;<\/p>\n<div id=\"attachment_2837\" class=\"wp-caption alignleft\" style=\"width: 300px\"><img loading=\"lazy\" decoding=\"async\" class=\"  wp-image-2837 size-medium\" title=\"Bonita finca rustica en Establisment, con vistas, piscina y todo para disfrutar del clima\" src=\"https:\/\/www.porta-mallorquina.es\/blog\/mallorca\/106413-establiments-haus-garten-swimmingpool-300x200.jpg\" alt=\"Bonita finca rustica en Establisment, con vistas, piscina y todo para disfrutar del clima\" width=\"300\" height=\"200\" \/><\/p>\n<p class=\"wp-caption-text\">Bonita finca rustica en Establisment, con vistas, piscina y todo para disfrutar del clima<\/p>\n<\/div>\n<p><strong>Bonita finca rustica en Establisment, con vistas, piscina y todo para disfrutar del clima<\/strong><\/p>\n<p>Esta preciosa finca rustica se sit\u00faa en el tranquilo entorno de Establisment, con bonitas vistas a la monta\u00f1a de Es Verger y rodeada por un acogedor jard\u00edn.<\/p>\n<p><a href=\"https:\/\/www.porta-mallorquina.es\/inmobiliaria\/palma-alrededores-finca-106413.html\">M\u00e1s informaci\u00f3n sobre la finca en Palma Alrededores<\/a><br \/>\n&nbsp;<br \/>\n&nbsp;<br \/>\n&nbsp;<br \/>\n&nbsp;<\/p>\n<div id=\"attachment_2839\" class=\"wp-caption alignleft\" style=\"width: 303px\"><img loading=\"lazy\" decoding=\"async\" class=\"   wp-image-2839\" title=\"Encantadora finca con mucho car\u00e1cter en un entorno rural en Campos con mucha privacidad\" src=\"https:\/\/www.porta-mallorquina.es\/blog\/mallorca\/106333-finca-campos-pool-terrassen.jpg\" alt=\"Encantadora finca con mucho car\u00e1cter en un entorno rural en Campos con mucha privacidad\" width=\"303\" height=\"202\" \/><\/p>\n<p class=\"wp-caption-text\">Encantadora finca con mucho car\u00e1cter en un entorno rural en Campos con mucha privacidad<\/p>\n<\/div>\n<p><strong>Encantadora finca con mucho car\u00e1cter en un entorno rural en Campos con mucha privacidad<\/strong><\/p>\n<p>Esta preciosa finca rural ofrece mucha tranquilidad y privacidad y se encuentra a unos 5 kil\u00f3metros del municipio de campos; el club n\u00e1utico de Sa Rapita as\u00ed como la playa natural de Es Trenc est\u00e1n a unos 8 minutos en coche.<\/p>\n<p><a href=\"https:\/\/www.porta-mallorquina.es\/inmobiliaria\/campos-finca-106333.html\">M\u00e1s informaci\u00f3n sobre la finca en Campos<\/a><br \/>\n&nbsp;<br \/>\n&nbsp;<br \/>\n&nbsp;<br \/>\n&nbsp;<\/p>\n<div id=\"attachment_2073\" class=\"wp-caption alignleft\" style=\"width: 300px\"><a href=\"https:\/\/www.porta-mallorquina.es\/blog\/mallorca\/105507-finca-son-font.jpg\"><img loading=\"lazy\" decoding=\"async\" class=\"size-medium wp-image-2073 \" src=\"https:\/\/www.porta-mallorquina.es\/blog\/mallorca\/105507-finca-son-font-300x200.jpg\" alt=\"105507-finca-son-font\" width=\"300\" height=\"200\" \/><\/a><\/p>\n<p class=\"wp-caption-text\">Maravillosa finca en medio de la naturaleza con vistas al valle y al mar<\/p>\n<\/div>\n<p><strong> Maravillosa finca en medio de la naturaleza<\/strong><\/p>\n<p>Esta finca situada en medio de la naturaleza se encuentra en un terreno de 10.519 metros cuadrados en Son Font con unas vistas fant\u00e1sticas a Santa Ponsa.<\/p>\n<p><a href=\"https:\/\/www.porta-mallorquina.es\/inmobiliaria\/son-font-finca-105507.html\">M\u00e1s informaci\u00f3n sobre la finca Sont Font<\/a><br \/>\n&nbsp;<br \/>\n&nbsp;<br \/>\n&nbsp;<br \/>\n&nbsp;<br \/>\n&nbsp;<br \/>\n&nbsp;<\/p>\n<div id=\"attachment_2074\" class=\"wp-caption alignleft\" style=\"width: 300px\"><a href=\"https:\/\/www.porta-mallorquina.es\/blog\/mallorca\/Finca-para\u00edso-Llucmajor.jpg\"><img loading=\"lazy\" decoding=\"async\" class=\"size-medium wp-image-2074 \" src=\"https:\/\/www.porta-mallorquina.es\/blog\/mallorca\/Finca-para\u00edso-Llucmajor-300x200.jpg\" alt=\"Finca para\u00edso Llucmajor\" width=\"300\" height=\"200\" \/><\/a><\/p>\n<p class=\"wp-caption-text\">Finca de para\u00edso cerca de Palma<\/p>\n<\/div>\n<p><strong>Finca de para\u00edso cerca de Palma<\/strong><\/p>\n<p>La finca esta en un sitio muy tranquilo rodeado de bosques declarados zona verde. Tiene un jard\u00edn maduro incre\u00edble con muchos \u00e1rboles de todos tipos, frutales o no, un peque\u00f1o lago con pescados y muchas flores debido a la afici\u00f3n por las rosas del due\u00f1o actual.<\/p>\n<p><a href=\"https:\/\/www.porta-mallorquina.es\/inmobiliaria\/palma-alrededores-finca-103647.html\">M\u00e1s informaci\u00f3n sobre la finca cerca de Palma<\/a><br \/>\n&nbsp;<br \/>\n&nbsp;<br \/>\n&nbsp;<br \/>\n&nbsp;<\/p>\n<div id=\"attachment_2841\" class=\"wp-caption alignleft\" style=\"width: 300px\"><img loading=\"lazy\" decoding=\"async\" class=\"wp-image-2841 size-medium\" title=\"Posesi\u00f3n mallorquina completamente renovada en Puigpunyent\" src=\"https:\/\/www.porta-mallorquina.es\/blog\/mallorca\/106212-puigpunyent-finca-garten-aussenansicht-300x203.jpg\" alt=\"Posesi\u00f3n mallorquina completamente renovada en Puigpunyent\" width=\"300\" height=\"203\" \/><\/p>\n<p class=\"wp-caption-text\">Posesi\u00f3n mallorquina completamente renovada en Puigpunyent<\/p>\n<\/div>\n<p><strong>Posesi\u00f3n mallorquina completamente renovada en Puigpunyent<\/strong><\/p>\n<p>Esta residencia rural preciosa del siglo XVIII se encuentra entre las colinas de Puigpunyent, delante de la Sierra de Tramuntana. Sobre el solar de 117.000 metros cuadrados se hallan naranjos, olivos, lavanda y adelfas rodeados por terrazas t\u00edpicas.<\/p>\n<p><a href=\"https:\/\/www.porta-mallorquina.es\/inmobiliaria\/puigpunyent-finca-106212.html\">M\u00e1s informaci\u00f3n sobre la finca en Puigpunyent<\/a><br \/>\n&nbsp;<br \/>\n&nbsp;<br \/>\n&nbsp;<\/p>\n<div id=\"attachment_2076\" class=\"wp-caption alignleft\" style=\"width: 300px\"><a href=\"https:\/\/www.porta-mallorquina.es\/blog\/mallorca\/104056-campanet-finca.jpg\"><img loading=\"lazy\" decoding=\"async\" class=\"wp-image-2076 \" src=\"https:\/\/www.porta-mallorquina.es\/blog\/mallorca\/104056-campanet-finca-300x200.jpg\" alt=\"104056-campanet-finca\" width=\"300\" height=\"200\" \/><\/a><\/p>\n<p class=\"wp-caption-text\">Hermosa y muy espaciosa casa de campo en rom\u00e1ntico entorno<\/p>\n<\/div>\n<p><strong>Hermosa y muy espaciosa casa de campo<\/strong><\/p>\n<p>Esta casa de campo de mucho car\u00e1cter se encuentra en el rom\u00e1ntico valle entre Campanet y Moscari, y por lo tanto ofrece hermosas vistas a la naturaleza y absoluta tranquilidad y privacidad.<\/p>\n<p><a href=\"https:\/\/www.porta-mallorquina.es\/inmobiliaria\/campanet-finca-104056.html\">M\u00e1s informaci\u00f3n sobre la casa de campo en Campanet<\/a><\/p>\n","protected":false},"excerpt":{"rendered":"<p>Son muchas las personas que al comprar una finca en Mallorca han encontrado el lugar para vivir con el que siempre hab\u00edan so\u00f1ado. Un terreno grande garantiza la privacidad y ofrece el espacio y la posibilidad para configurar el jard\u00edn de forma creativa. Es frecuente que tras sus puertas se escondan jardines verdaderamente paradis\u00edacos, que [&hellip;]<\/p>\n","protected":false},"author":2,"featured_media":0,"comment_status":"open","ping_status":"open","sticky":false,"template":"","format":"standard","meta":{"footnotes":""},"categories":[6,9],"tags":[],"class_list":["post-1343","post","type-post","status-publish","format-standard","hentry","category-mallorca","category-porta-mallorquina"],"yoast_head":"<!-- This site is optimized with the Yoast SEO plugin v27.2 - https:\/\/yoast.com\/product\/yoast-seo-wordpress\/ -->\n<title>10 fincas de Mallorca con jardines extraordinariamente bonitos - Porta Mallorquina Blog<\/title>\n<meta name=\"robots\" content=\"index, follow, max-snippet:-1, max-image-preview:large, max-video-preview:-1\" \/>\n<link rel=\"canonical\" href=\"https:\/\/www.porta-mallorquina.es\/blog\/10-fincas-de-mallorca-con-jardines-extraordinariamente-bonitos\/\" \/>\n<meta property=\"og:locale\" content=\"en_US\" \/>\n<meta property=\"og:type\" content=\"article\" \/>\n<meta property=\"og:title\" content=\"10 fincas de Mallorca con jardines extraordinariamente bonitos - Porta Mallorquina Blog\" \/>\n<meta property=\"og:description\" content=\"Son muchas las personas que al comprar una finca en Mallorca han encontrado el lugar para vivir con el que siempre hab\u00edan so\u00f1ado. Un terreno grande garantiza la privacidad y ofrece el espacio y la posibilidad para configurar el jard\u00edn de forma creativa. Es frecuente que tras sus puertas se escondan jardines verdaderamente paradis\u00edacos, que [&hellip;]\" \/>\n<meta property=\"og:url\" content=\"https:\/\/www.porta-mallorquina.es\/blog\/10-fincas-de-mallorca-con-jardines-extraordinariamente-bonitos\/\" \/>\n<meta property=\"og:site_name\" content=\"Porta Mallorquina Blog\" \/>\n<meta property=\"article:published_time\" content=\"2014-02-04T14:06:21+00:00\" \/>\n<meta property=\"article:modified_time\" content=\"2015-10-23T14:09:28+00:00\" \/>\n<meta property=\"og:image\" content=\"https:\/\/www.porta-mallorquina.es\/blog\/mallorca\/101262-finca-arta-garten-pool.jpg\" \/>\n<meta name=\"author\" content=\"Porta Mallorquina\" \/>\n<meta name=\"twitter:card\" content=\"summary_large_image\" \/>\n<meta name=\"twitter:label1\" content=\"Written by\" \/>\n\t<meta name=\"twitter:data1\" content=\"Porta Mallorquina\" \/>\n\t<meta name=\"twitter:label2\" content=\"Est. reading time\" \/>\n\t<meta name=\"twitter:data2\" content=\"4 minutes\" \/>\n<script type=\"application\/ld+json\" class=\"yoast-schema-graph\">{\"@context\":\"https:\/\/schema.org\",\"@graph\":[{\"@type\":\"Article\",\"@id\":\"https:\/\/www.porta-mallorquina.es\/blog\/10-fincas-de-mallorca-con-jardines-extraordinariamente-bonitos\/#article\",\"isPartOf\":{\"@id\":\"https:\/\/www.porta-mallorquina.es\/blog\/10-fincas-de-mallorca-con-jardines-extraordinariamente-bonitos\/\"},\"author\":{\"name\":\"Porta Mallorquina\",\"@id\":\"https:\/\/www.porta-mallorquina.es\/blog\/#\/schema\/person\/00d40468a84878931da4d5e16749c9f0\"},\"headline\":\"10 fincas de Mallorca con jardines extraordinariamente bonitos\",\"datePublished\":\"2014-02-04T14:06:21+00:00\",\"dateModified\":\"2015-10-23T14:09:28+00:00\",\"mainEntityOfPage\":{\"@id\":\"https:\/\/www.porta-mallorquina.es\/blog\/10-fincas-de-mallorca-con-jardines-extraordinariamente-bonitos\/\"},\"wordCount\":881,\"commentCount\":0,\"publisher\":{\"@id\":\"https:\/\/www.porta-mallorquina.es\/blog\/#organization\"},\"image\":{\"@id\":\"https:\/\/www.porta-mallorquina.es\/blog\/10-fincas-de-mallorca-con-jardines-extraordinariamente-bonitos\/#primaryimage\"},\"thumbnailUrl\":\"https:\/\/www.porta-mallorquina.es\/blog\/mallorca\/101262-finca-arta-garten-pool.jpg\",\"articleSection\":[\"Mallorca\",\"Porta Mallorquina\"],\"inLanguage\":\"en-US\",\"potentialAction\":[{\"@type\":\"CommentAction\",\"name\":\"Comment\",\"target\":[\"https:\/\/www.porta-mallorquina.es\/blog\/10-fincas-de-mallorca-con-jardines-extraordinariamente-bonitos\/#respond\"]}]},{\"@type\":\"WebPage\",\"@id\":\"https:\/\/www.porta-mallorquina.es\/blog\/10-fincas-de-mallorca-con-jardines-extraordinariamente-bonitos\/\",\"url\":\"https:\/\/www.porta-mallorquina.es\/blog\/10-fincas-de-mallorca-con-jardines-extraordinariamente-bonitos\/\",\"name\":\"10 fincas de Mallorca con jardines extraordinariamente bonitos - Porta Mallorquina Blog\",\"isPartOf\":{\"@id\":\"https:\/\/www.porta-mallorquina.es\/blog\/#website\"},\"primaryImageOfPage\":{\"@id\":\"https:\/\/www.porta-mallorquina.es\/blog\/10-fincas-de-mallorca-con-jardines-extraordinariamente-bonitos\/#primaryimage\"},\"image\":{\"@id\":\"https:\/\/www.porta-mallorquina.es\/blog\/10-fincas-de-mallorca-con-jardines-extraordinariamente-bonitos\/#primaryimage\"},\"thumbnailUrl\":\"https:\/\/www.porta-mallorquina.es\/blog\/mallorca\/101262-finca-arta-garten-pool.jpg\",\"datePublished\":\"2014-02-04T14:06:21+00:00\",\"dateModified\":\"2015-10-23T14:09:28+00:00\",\"breadcrumb\":{\"@id\":\"https:\/\/www.porta-mallorquina.es\/blog\/10-fincas-de-mallorca-con-jardines-extraordinariamente-bonitos\/#breadcrumb\"},\"inLanguage\":\"en-US\",\"potentialAction\":[{\"@type\":\"ReadAction\",\"target\":[\"https:\/\/www.porta-mallorquina.es\/blog\/10-fincas-de-mallorca-con-jardines-extraordinariamente-bonitos\/\"]}]},{\"@type\":\"ImageObject\",\"inLanguage\":\"en-US\",\"@id\":\"https:\/\/www.porta-mallorquina.es\/blog\/10-fincas-de-mallorca-con-jardines-extraordinariamente-bonitos\/#primaryimage\",\"url\":\"\",\"contentUrl\":\"\"},{\"@type\":\"BreadcrumbList\",\"@id\":\"https:\/\/www.porta-mallorquina.es\/blog\/10-fincas-de-mallorca-con-jardines-extraordinariamente-bonitos\/#breadcrumb\",\"itemListElement\":[{\"@type\":\"ListItem\",\"position\":1,\"name\":\"Portada\",\"item\":\"https:\/\/www.porta-mallorquina.es\/blog\/\"},{\"@type\":\"ListItem\",\"position\":2,\"name\":\"10 fincas de Mallorca con jardines extraordinariamente bonitos\"}]},{\"@type\":\"WebSite\",\"@id\":\"https:\/\/www.porta-mallorquina.es\/blog\/#website\",\"url\":\"https:\/\/www.porta-mallorquina.es\/blog\/\",\"name\":\"Porta Mallorquina Blog\",\"description\":\"m\u00e1s que inmuebles de Mallorca\",\"publisher\":{\"@id\":\"https:\/\/www.porta-mallorquina.es\/blog\/#organization\"},\"potentialAction\":[{\"@type\":\"SearchAction\",\"target\":{\"@type\":\"EntryPoint\",\"urlTemplate\":\"https:\/\/www.porta-mallorquina.es\/blog\/?s={search_term_string}\"},\"query-input\":{\"@type\":\"PropertyValueSpecification\",\"valueRequired\":true,\"valueName\":\"search_term_string\"}}],\"inLanguage\":\"en-US\"},{\"@type\":\"Organization\",\"@id\":\"https:\/\/www.porta-mallorquina.es\/blog\/#organization\",\"name\":\"Porta Mallorquina Blog\",\"url\":\"https:\/\/www.porta-mallorquina.es\/blog\/\",\"logo\":{\"@type\":\"ImageObject\",\"inLanguage\":\"en-US\",\"@id\":\"https:\/\/www.porta-mallorquina.es\/blog\/#\/schema\/logo\/image\/\",\"url\":\"https:\/\/www.porta-mallorquina.es\/blog\/mallorca\/porta-mallorquina-real-estate-mallorca-logo.png\",\"contentUrl\":\"https:\/\/www.porta-mallorquina.es\/blog\/mallorca\/porta-mallorquina-real-estate-mallorca-logo.png\",\"width\":570,\"height\":400,\"caption\":\"Porta Mallorquina Blog\"},\"image\":{\"@id\":\"https:\/\/www.porta-mallorquina.es\/blog\/#\/schema\/logo\/image\/\"}},{\"@type\":\"Person\",\"@id\":\"https:\/\/www.porta-mallorquina.es\/blog\/#\/schema\/person\/00d40468a84878931da4d5e16749c9f0\",\"name\":\"Porta Mallorquina\",\"sameAs\":[\"https:\/\/www.porta-mallorquina.es\"],\"url\":\"https:\/\/www.porta-mallorquina.es\/blog\/author\/petraz\/\"}]}<\/script>\n<!-- \/ Yoast SEO plugin. -->","yoast_head_json":{"title":"10 fincas de Mallorca con jardines extraordinariamente bonitos - Porta Mallorquina Blog","robots":{"index":"index","follow":"follow","max-snippet":"max-snippet:-1","max-image-preview":"max-image-preview:large","max-video-preview":"max-video-preview:-1"},"canonical":"https:\/\/www.porta-mallorquina.es\/blog\/10-fincas-de-mallorca-con-jardines-extraordinariamente-bonitos\/","og_locale":"en_US","og_type":"article","og_title":"10 fincas de Mallorca con jardines extraordinariamente bonitos - Porta Mallorquina Blog","og_description":"Son muchas las personas que al comprar una finca en Mallorca han encontrado el lugar para vivir con el que siempre hab\u00edan so\u00f1ado. Un terreno grande garantiza la privacidad y ofrece el espacio y la posibilidad para configurar el jard\u00edn de forma creativa. Es frecuente que tras sus puertas se escondan jardines verdaderamente paradis\u00edacos, que [&hellip;]","og_url":"https:\/\/www.porta-mallorquina.es\/blog\/10-fincas-de-mallorca-con-jardines-extraordinariamente-bonitos\/","og_site_name":"Porta Mallorquina Blog","article_published_time":"2014-02-04T14:06:21+00:00","article_modified_time":"2015-10-23T14:09:28+00:00","og_image":[{"url":"https:\/\/www.porta-mallorquina.es\/blog\/mallorca\/101262-finca-arta-garten-pool.jpg","type":"","width":"","height":""}],"author":"Porta Mallorquina","twitter_card":"summary_large_image","twitter_misc":{"Written by":"Porta Mallorquina","Est. reading time":"4 minutes"},"schema":{"@context":"https:\/\/schema.org","@graph":[{"@type":"Article","@id":"https:\/\/www.porta-mallorquina.es\/blog\/10-fincas-de-mallorca-con-jardines-extraordinariamente-bonitos\/#article","isPartOf":{"@id":"https:\/\/www.porta-mallorquina.es\/blog\/10-fincas-de-mallorca-con-jardines-extraordinariamente-bonitos\/"},"author":{"name":"Porta Mallorquina","@id":"https:\/\/www.porta-mallorquina.es\/blog\/#\/schema\/person\/00d40468a84878931da4d5e16749c9f0"},"headline":"10 fincas de Mallorca con jardines extraordinariamente bonitos","datePublished":"2014-02-04T14:06:21+00:00","dateModified":"2015-10-23T14:09:28+00:00","mainEntityOfPage":{"@id":"https:\/\/www.porta-mallorquina.es\/blog\/10-fincas-de-mallorca-con-jardines-extraordinariamente-bonitos\/"},"wordCount":881,"commentCount":0,"publisher":{"@id":"https:\/\/www.porta-mallorquina.es\/blog\/#organization"},"image":{"@id":"https:\/\/www.porta-mallorquina.es\/blog\/10-fincas-de-mallorca-con-jardines-extraordinariamente-bonitos\/#primaryimage"},"thumbnailUrl":"https:\/\/www.porta-mallorquina.es\/blog\/mallorca\/101262-finca-arta-garten-pool.jpg","articleSection":["Mallorca","Porta Mallorquina"],"inLanguage":"en-US","potentialAction":[{"@type":"CommentAction","name":"Comment","target":["https:\/\/www.porta-mallorquina.es\/blog\/10-fincas-de-mallorca-con-jardines-extraordinariamente-bonitos\/#respond"]}]},{"@type":"WebPage","@id":"https:\/\/www.porta-mallorquina.es\/blog\/10-fincas-de-mallorca-con-jardines-extraordinariamente-bonitos\/","url":"https:\/\/www.porta-mallorquina.es\/blog\/10-fincas-de-mallorca-con-jardines-extraordinariamente-bonitos\/","name":"10 fincas de Mallorca con jardines extraordinariamente bonitos - Porta Mallorquina Blog","isPartOf":{"@id":"https:\/\/www.porta-mallorquina.es\/blog\/#website"},"primaryImageOfPage":{"@id":"https:\/\/www.porta-mallorquina.es\/blog\/10-fincas-de-mallorca-con-jardines-extraordinariamente-bonitos\/#primaryimage"},"image":{"@id":"https:\/\/www.porta-mallorquina.es\/blog\/10-fincas-de-mallorca-con-jardines-extraordinariamente-bonitos\/#primaryimage"},"thumbnailUrl":"https:\/\/www.porta-mallorquina.es\/blog\/mallorca\/101262-finca-arta-garten-pool.jpg","datePublished":"2014-02-04T14:06:21+00:00","dateModified":"2015-10-23T14:09:28+00:00","breadcrumb":{"@id":"https:\/\/www.porta-mallorquina.es\/blog\/10-fincas-de-mallorca-con-jardines-extraordinariamente-bonitos\/#breadcrumb"},"inLanguage":"en-US","potentialAction":[{"@type":"ReadAction","target":["https:\/\/www.porta-mallorquina.es\/blog\/10-fincas-de-mallorca-con-jardines-extraordinariamente-bonitos\/"]}]},{"@type":"ImageObject","inLanguage":"en-US","@id":"https:\/\/www.porta-mallorquina.es\/blog\/10-fincas-de-mallorca-con-jardines-extraordinariamente-bonitos\/#primaryimage","url":"","contentUrl":""},{"@type":"BreadcrumbList","@id":"https:\/\/www.porta-mallorquina.es\/blog\/10-fincas-de-mallorca-con-jardines-extraordinariamente-bonitos\/#breadcrumb","itemListElement":[{"@type":"ListItem","position":1,"name":"Portada","item":"https:\/\/www.porta-mallorquina.es\/blog\/"},{"@type":"ListItem","position":2,"name":"10 fincas de Mallorca con jardines extraordinariamente bonitos"}]},{"@type":"WebSite","@id":"https:\/\/www.porta-mallorquina.es\/blog\/#website","url":"https:\/\/www.porta-mallorquina.es\/blog\/","name":"Porta Mallorquina Blog","description":"m\u00e1s que inmuebles de Mallorca","publisher":{"@id":"https:\/\/www.porta-mallorquina.es\/blog\/#organization"},"potentialAction":[{"@type":"SearchAction","target":{"@type":"EntryPoint","urlTemplate":"https:\/\/www.porta-mallorquina.es\/blog\/?s={search_term_string}"},"query-input":{"@type":"PropertyValueSpecification","valueRequired":true,"valueName":"search_term_string"}}],"inLanguage":"en-US"},{"@type":"Organization","@id":"https:\/\/www.porta-mallorquina.es\/blog\/#organization","name":"Porta Mallorquina Blog","url":"https:\/\/www.porta-mallorquina.es\/blog\/","logo":{"@type":"ImageObject","inLanguage":"en-US","@id":"https:\/\/www.porta-mallorquina.es\/blog\/#\/schema\/logo\/image\/","url":"https:\/\/www.porta-mallorquina.es\/blog\/mallorca\/porta-mallorquina-real-estate-mallorca-logo.png","contentUrl":"https:\/\/www.porta-mallorquina.es\/blog\/mallorca\/porta-mallorquina-real-estate-mallorca-logo.png","width":570,"height":400,"caption":"Porta Mallorquina Blog"},"image":{"@id":"https:\/\/www.porta-mallorquina.es\/blog\/#\/schema\/logo\/image\/"}},{"@type":"Person","@id":"https:\/\/www.porta-mallorquina.es\/blog\/#\/schema\/person\/00d40468a84878931da4d5e16749c9f0","name":"Porta Mallorquina","sameAs":["https:\/\/www.porta-mallorquina.es"],"url":"https:\/\/www.porta-mallorquina.es\/blog\/author\/petraz\/"}]}},"_links":{"self":[{"href":"https:\/\/www.porta-mallorquina.es\/blog\/wp-json\/wp\/v2\/posts\/1343","targetHints":{"allow":["GET"]}}],"collection":[{"href":"https:\/\/www.porta-mallorquina.es\/blog\/wp-json\/wp\/v2\/posts"}],"about":[{"href":"https:\/\/www.porta-mallorquina.es\/blog\/wp-json\/wp\/v2\/types\/post"}],"author":[{"embeddable":true,"href":"https:\/\/www.porta-mallorquina.es\/blog\/wp-json\/wp\/v2\/users\/2"}],"replies":[{"embeddable":true,"href":"https:\/\/www.porta-mallorquina.es\/blog\/wp-json\/wp\/v2\/comments?post=1343"}],"version-history":[{"count":1,"href":"https:\/\/www.porta-mallorquina.es\/blog\/wp-json\/wp\/v2\/posts\/1343\/revisions"}],"predecessor-version":[{"id":1344,"href":"https:\/\/www.porta-mallorquina.es\/blog\/wp-json\/wp\/v2\/posts\/1343\/revisions\/1344"}],"wp:attachment":[{"href":"https:\/\/www.porta-mallorquina.es\/blog\/wp-json\/wp\/v2\/media?parent=1343"}],"wp:term":[{"taxonomy":"category","embeddable":true,"href":"https:\/\/www.porta-mallorquina.es\/blog\/wp-json\/wp\/v2\/categories?post=1343"},{"taxonomy":"post_tag","embeddable":true,"href":"https:\/\/www.porta-mallorquina.es\/blog\/wp-json\/wp\/v2\/tags?post=1343"}],"curies":[{"name":"wp","href":"https:\/\/api.w.org\/{rel}","templated":true}]}}