{"id":1350,"date":"2013-08-22T16:18:32","date_gmt":"2013-08-22T14:18:32","guid":{"rendered":"http:\/\/www.porta-mallorquina.es\/blog\/?p=1350"},"modified":"2015-10-23T16:20:52","modified_gmt":"2015-10-23T14:20:52","slug":"porta-mallorquina-ya-tiene-8-oficinas-en-mallorca","status":"publish","type":"post","link":"https:\/\/www.porta-mallorquina.es\/blog\/porta-mallorquina-ya-tiene-8-oficinas-en-mallorca\/","title":{"rendered":"Porta Mallorquina ya tiene 8 oficinas en Mallorca"},"content":{"rendered":"<p><strong>La agencia inmobiliaria abri\u00f3 una nueva tienda inmobiliaria en Pollensa el 16 de agosto.<\/strong><\/p>\n<div id=\"attachment_1580\" class=\"wp-caption aligncenter\" style=\"width: 600px\"><a href=\"https:\/\/www.porta-mallorquina.es\/blog\/porta-mallorquina-ya-tiene-8-oficinas-en-mallorca\/nueva-oficina-en-pollensa\/\" rel=\"attachment wp-att-1580\"><img loading=\"lazy\" decoding=\"async\" class=\" wp-image-1580 \" title=\"Porta Mallorquina abri\u00f3 su octava oficina el 16 de agosto en Pollensa.\" src=\"https:\/\/www.porta-mallorquina.es\/blog\/mallorca\/nueva-oficina-en-pollensa.jpg\" alt=\"Porta Mallorquina\" width=\"600\" height=\"402\" \/><\/a><\/p>\n<p class=\"wp-caption-text\">Porta Mallorquina abri\u00f3 su octava oficina el 16 de agosto en Pollensa.<\/p>\n<\/div>\n<p style=\"text-align: left;\">Cerca de 100 invitados acudieron el pasado viernes a la inauguraci\u00f3n de la nueva tienda de la agencia inmobiliaria en la Via Pollentia 41 de Pollensa. Mientras disfrutaban de la m\u00fasica en directo y de las especialidades regionales, muchos propietarios residentes, sobre todo, aprovecharon la ocasi\u00f3n para intercambiar impresiones e informarse acerca de la situaci\u00f3n actual del mercado inmobiliario.<\/p>\n<div id=\"attachment_1581\" class=\"wp-caption alignleft\" style=\"width: 288px\"><a href=\"https:\/\/www.porta-mallorquina.es\/blog\/porta-mallorquina-ya-tiene-8-oficinas-en-mallorca\/beatus-zimmermann-sebastian-boelger-pollensa\/\" rel=\"attachment wp-att-1581\"><img loading=\"lazy\" decoding=\"async\" class=\" wp-image-1581   \" title=\"Sebastian Boelger (dcha.) saluda a su colega de Porta Mallorquina, Beatus Zimmermann, socio de franquicia responsable de los alquileres a largo plazo en Mallorca.\" src=\"https:\/\/www.porta-mallorquina.es\/blog\/mallorca\/beatus-zimmermann-sebastian-boelger-pollensa.jpg\" alt=\"Porta Mallorquina\" width=\"288\" height=\"193\" \/><\/a><\/p>\n<p class=\"wp-caption-text\">Sebastian Boelger (dcha.) saluda a su colega de Porta Mallorquina, Beatus Zimmermann, socio de franquicia responsable de los alquileres a largo plazo en Mallorca.<\/p>\n<\/div>\n<p style=\"text-align: left;\">Los gerentes de Porta Mallorquina, Joachim Semrau y Manfred Biedermann, felicitaron al director regional, Sebastian Boelger, y a su equipo por su magn\u00edfica tienda inmobiliaria. Actualmente, Porta Mallorquina todav\u00eda gestiona la zona de venta Norte. La empresa inmobiliaria ha concedido ya siete de los diez territorios de licencia de los que dispone. Adem\u00e1s de la zona Norte, todav\u00eda est\u00e1n libres las zonas Sudoeste III (Portals Nous) y Centro de la isla. Se prev\u00e9 conceder tambi\u00e9n estas tres zonas de venta a socios de franquicia a medio plazo.<\/p>\n<p style=\"text-align: left;\">Sebastian Boelger se alegra de poder ofrecer a sus clientes un servicio de atenci\u00f3n central en la zona a partir de ahora:<\/p>\n<blockquote>\n<p style=\"text-align: left;\">\u00abLos inmuebles situados en buena zona en el norte de Mallorca han resultado ser inversiones de capital estables y muy rentables durante los \u00faltimos a\u00f1os. En consecuencia, en los \u00faltimos meses tambi\u00e9n ha crecido la demanda de, sobre todo, inmuebles de alta calidad situados en los alrededores de Pollensa, pero tambi\u00e9n en Puerto Pollensa y en la zona de Alc\u00fadia\u00bb.<\/p>\n<\/blockquote>\n<p>M\u00e1s fotos: <a title=\"Facebook\" href=\"https:\/\/www.facebook.com\/PortaMallorquina\" target=\"_blank\">Facebook<\/a> o <a title=\"Flickr\" href=\"http:\/\/www.flickr.com\/photos\/portamondial\" target=\"_blank\">Flickr<\/a>.<\/p>\n<p style=\"text-align: center;\"><a href=\"https:\/\/www.porta-mallorquina.es\/blog\/porta-mallorquina-ya-tiene-8-oficinas-en-mallorca\/nueva-oficina-en-pollensa-mallorca\/\" rel=\"attachment wp-att-1592\"><img loading=\"lazy\" decoding=\"async\" class=\" wp-image-1592 aligncenter\" title=\"nueva-oficina-en-pollensa-mallorca\" src=\"https:\/\/www.porta-mallorquina.es\/blog\/mallorca\/nueva-oficina-en-pollensa-mallorca.jpg\" alt=\"\" width=\"540\" height=\"362\" \/><\/a><\/p>\n<p style=\"text-align: center;\"><a href=\"https:\/\/www.porta-mallorquina.es\/blog\/porta-mallorquina-ya-tiene-8-oficinas-en-mallorca\/porta-mallorquina-ya-tiene-8-oficinas\/\" rel=\"attachment wp-att-1593\"><img loading=\"lazy\" decoding=\"async\" class=\" wp-image-1593 aligncenter\" title=\"porta-mallorquina- ya tiene-8-oficinas\" src=\"https:\/\/www.porta-mallorquina.es\/blog\/mallorca\/porta-mallorquina-ya-tiene-8-oficinas.jpg\" alt=\"\" width=\"540\" height=\"362\" \/><\/a><\/p>\n","protected":false},"excerpt":{"rendered":"<p>La agencia inmobiliaria abri\u00f3 una nueva tienda inmobiliaria en Pollensa el 16 de agosto. Porta Mallorquina abri\u00f3 su octava oficina el 16 de agosto en Pollensa. Cerca de 100 invitados acudieron el pasado viernes a la inauguraci\u00f3n de la nueva tienda de la agencia inmobiliaria en la Via Pollentia 41 de Pollensa. Mientras disfrutaban de [&hellip;]<\/p>\n","protected":false},"author":2,"featured_media":0,"comment_status":"open","ping_status":"open","sticky":false,"template":"","format":"standard","meta":{"footnotes":""},"categories":[8,6,9],"tags":[],"class_list":["post-1350","post","type-post","status-publish","format-standard","hentry","category-franquicia","category-mallorca","category-porta-mallorquina"],"yoast_head":"<!-- This site is optimized with the Yoast SEO plugin v27.2 - https:\/\/yoast.com\/product\/yoast-seo-wordpress\/ -->\n<title>Porta Mallorquina ya tiene 8 oficinas en Mallorca - Porta Mallorquina Blog<\/title>\n<meta name=\"robots\" content=\"index, follow, max-snippet:-1, max-image-preview:large, max-video-preview:-1\" \/>\n<link rel=\"canonical\" href=\"https:\/\/www.porta-mallorquina.es\/blog\/porta-mallorquina-ya-tiene-8-oficinas-en-mallorca\/\" \/>\n<meta property=\"og:locale\" content=\"en_US\" \/>\n<meta property=\"og:type\" content=\"article\" \/>\n<meta property=\"og:title\" content=\"Porta Mallorquina ya tiene 8 oficinas en Mallorca - Porta Mallorquina Blog\" \/>\n<meta property=\"og:description\" content=\"La agencia inmobiliaria abri\u00f3 una nueva tienda inmobiliaria en Pollensa el 16 de agosto. Porta Mallorquina abri\u00f3 su octava oficina el 16 de agosto en Pollensa. Cerca de 100 invitados acudieron el pasado viernes a la inauguraci\u00f3n de la nueva tienda de la agencia inmobiliaria en la Via Pollentia 41 de Pollensa. Mientras disfrutaban de [&hellip;]\" \/>\n<meta property=\"og:url\" content=\"https:\/\/www.porta-mallorquina.es\/blog\/porta-mallorquina-ya-tiene-8-oficinas-en-mallorca\/\" \/>\n<meta property=\"og:site_name\" content=\"Porta Mallorquina Blog\" \/>\n<meta property=\"article:published_time\" content=\"2013-08-22T14:18:32+00:00\" \/>\n<meta property=\"article:modified_time\" content=\"2015-10-23T14:20:52+00:00\" \/>\n<meta property=\"og:image\" content=\"https:\/\/www.porta-mallorquina.es\/blog\/mallorca\/nueva-oficina-en-pollensa.jpg\" \/>\n<meta name=\"author\" content=\"Porta Mallorquina\" \/>\n<meta name=\"twitter:card\" content=\"summary_large_image\" \/>\n<meta name=\"twitter:label1\" content=\"Written by\" \/>\n\t<meta name=\"twitter:data1\" content=\"Porta Mallorquina\" \/>\n\t<meta name=\"twitter:label2\" content=\"Est. reading time\" \/>\n\t<meta name=\"twitter:data2\" content=\"1 minute\" \/>\n<script type=\"application\/ld+json\" class=\"yoast-schema-graph\">{\"@context\":\"https:\/\/schema.org\",\"@graph\":[{\"@type\":\"Article\",\"@id\":\"https:\/\/www.porta-mallorquina.es\/blog\/porta-mallorquina-ya-tiene-8-oficinas-en-mallorca\/#article\",\"isPartOf\":{\"@id\":\"https:\/\/www.porta-mallorquina.es\/blog\/porta-mallorquina-ya-tiene-8-oficinas-en-mallorca\/\"},\"author\":{\"name\":\"Porta Mallorquina\",\"@id\":\"https:\/\/www.porta-mallorquina.es\/blog\/#\/schema\/person\/00d40468a84878931da4d5e16749c9f0\"},\"headline\":\"Porta Mallorquina ya tiene 8 oficinas en Mallorca\",\"datePublished\":\"2013-08-22T14:18:32+00:00\",\"dateModified\":\"2015-10-23T14:20:52+00:00\",\"mainEntityOfPage\":{\"@id\":\"https:\/\/www.porta-mallorquina.es\/blog\/porta-mallorquina-ya-tiene-8-oficinas-en-mallorca\/\"},\"wordCount\":302,\"commentCount\":0,\"publisher\":{\"@id\":\"https:\/\/www.porta-mallorquina.es\/blog\/#organization\"},\"image\":{\"@id\":\"https:\/\/www.porta-mallorquina.es\/blog\/porta-mallorquina-ya-tiene-8-oficinas-en-mallorca\/#primaryimage\"},\"thumbnailUrl\":\"https:\/\/www.porta-mallorquina.es\/blog\/mallorca\/nueva-oficina-en-pollensa.jpg\",\"articleSection\":[\"Franquicia\",\"Mallorca\",\"Porta Mallorquina\"],\"inLanguage\":\"en-US\",\"potentialAction\":[{\"@type\":\"CommentAction\",\"name\":\"Comment\",\"target\":[\"https:\/\/www.porta-mallorquina.es\/blog\/porta-mallorquina-ya-tiene-8-oficinas-en-mallorca\/#respond\"]}]},{\"@type\":\"WebPage\",\"@id\":\"https:\/\/www.porta-mallorquina.es\/blog\/porta-mallorquina-ya-tiene-8-oficinas-en-mallorca\/\",\"url\":\"https:\/\/www.porta-mallorquina.es\/blog\/porta-mallorquina-ya-tiene-8-oficinas-en-mallorca\/\",\"name\":\"Porta Mallorquina ya tiene 8 oficinas en Mallorca - Porta Mallorquina Blog\",\"isPartOf\":{\"@id\":\"https:\/\/www.porta-mallorquina.es\/blog\/#website\"},\"primaryImageOfPage\":{\"@id\":\"https:\/\/www.porta-mallorquina.es\/blog\/porta-mallorquina-ya-tiene-8-oficinas-en-mallorca\/#primaryimage\"},\"image\":{\"@id\":\"https:\/\/www.porta-mallorquina.es\/blog\/porta-mallorquina-ya-tiene-8-oficinas-en-mallorca\/#primaryimage\"},\"thumbnailUrl\":\"https:\/\/www.porta-mallorquina.es\/blog\/mallorca\/nueva-oficina-en-pollensa.jpg\",\"datePublished\":\"2013-08-22T14:18:32+00:00\",\"dateModified\":\"2015-10-23T14:20:52+00:00\",\"breadcrumb\":{\"@id\":\"https:\/\/www.porta-mallorquina.es\/blog\/porta-mallorquina-ya-tiene-8-oficinas-en-mallorca\/#breadcrumb\"},\"inLanguage\":\"en-US\",\"potentialAction\":[{\"@type\":\"ReadAction\",\"target\":[\"https:\/\/www.porta-mallorquina.es\/blog\/porta-mallorquina-ya-tiene-8-oficinas-en-mallorca\/\"]}]},{\"@type\":\"ImageObject\",\"inLanguage\":\"en-US\",\"@id\":\"https:\/\/www.porta-mallorquina.es\/blog\/porta-mallorquina-ya-tiene-8-oficinas-en-mallorca\/#primaryimage\",\"url\":\"\",\"contentUrl\":\"\"},{\"@type\":\"BreadcrumbList\",\"@id\":\"https:\/\/www.porta-mallorquina.es\/blog\/porta-mallorquina-ya-tiene-8-oficinas-en-mallorca\/#breadcrumb\",\"itemListElement\":[{\"@type\":\"ListItem\",\"position\":1,\"name\":\"Portada\",\"item\":\"https:\/\/www.porta-mallorquina.es\/blog\/\"},{\"@type\":\"ListItem\",\"position\":2,\"name\":\"Porta Mallorquina ya tiene 8 oficinas en Mallorca\"}]},{\"@type\":\"WebSite\",\"@id\":\"https:\/\/www.porta-mallorquina.es\/blog\/#website\",\"url\":\"https:\/\/www.porta-mallorquina.es\/blog\/\",\"name\":\"Porta Mallorquina Blog\",\"description\":\"m\u00e1s que inmuebles de Mallorca\",\"publisher\":{\"@id\":\"https:\/\/www.porta-mallorquina.es\/blog\/#organization\"},\"potentialAction\":[{\"@type\":\"SearchAction\",\"target\":{\"@type\":\"EntryPoint\",\"urlTemplate\":\"https:\/\/www.porta-mallorquina.es\/blog\/?s={search_term_string}\"},\"query-input\":{\"@type\":\"PropertyValueSpecification\",\"valueRequired\":true,\"valueName\":\"search_term_string\"}}],\"inLanguage\":\"en-US\"},{\"@type\":\"Organization\",\"@id\":\"https:\/\/www.porta-mallorquina.es\/blog\/#organization\",\"name\":\"Porta Mallorquina Blog\",\"url\":\"https:\/\/www.porta-mallorquina.es\/blog\/\",\"logo\":{\"@type\":\"ImageObject\",\"inLanguage\":\"en-US\",\"@id\":\"https:\/\/www.porta-mallorquina.es\/blog\/#\/schema\/logo\/image\/\",\"url\":\"https:\/\/www.porta-mallorquina.es\/blog\/mallorca\/porta-mallorquina-real-estate-mallorca-logo.png\",\"contentUrl\":\"https:\/\/www.porta-mallorquina.es\/blog\/mallorca\/porta-mallorquina-real-estate-mallorca-logo.png\",\"width\":570,\"height\":400,\"caption\":\"Porta Mallorquina Blog\"},\"image\":{\"@id\":\"https:\/\/www.porta-mallorquina.es\/blog\/#\/schema\/logo\/image\/\"}},{\"@type\":\"Person\",\"@id\":\"https:\/\/www.porta-mallorquina.es\/blog\/#\/schema\/person\/00d40468a84878931da4d5e16749c9f0\",\"name\":\"Porta Mallorquina\",\"sameAs\":[\"https:\/\/www.porta-mallorquina.es\"],\"url\":\"https:\/\/www.porta-mallorquina.es\/blog\/author\/petraz\/\"}]}<\/script>\n<!-- \/ Yoast SEO plugin. -->","yoast_head_json":{"title":"Porta Mallorquina ya tiene 8 oficinas en Mallorca - Porta Mallorquina Blog","robots":{"index":"index","follow":"follow","max-snippet":"max-snippet:-1","max-image-preview":"max-image-preview:large","max-video-preview":"max-video-preview:-1"},"canonical":"https:\/\/www.porta-mallorquina.es\/blog\/porta-mallorquina-ya-tiene-8-oficinas-en-mallorca\/","og_locale":"en_US","og_type":"article","og_title":"Porta Mallorquina ya tiene 8 oficinas en Mallorca - Porta Mallorquina Blog","og_description":"La agencia inmobiliaria abri\u00f3 una nueva tienda inmobiliaria en Pollensa el 16 de agosto. Porta Mallorquina abri\u00f3 su octava oficina el 16 de agosto en Pollensa. Cerca de 100 invitados acudieron el pasado viernes a la inauguraci\u00f3n de la nueva tienda de la agencia inmobiliaria en la Via Pollentia 41 de Pollensa. Mientras disfrutaban de [&hellip;]","og_url":"https:\/\/www.porta-mallorquina.es\/blog\/porta-mallorquina-ya-tiene-8-oficinas-en-mallorca\/","og_site_name":"Porta Mallorquina Blog","article_published_time":"2013-08-22T14:18:32+00:00","article_modified_time":"2015-10-23T14:20:52+00:00","og_image":[{"url":"https:\/\/www.porta-mallorquina.es\/blog\/mallorca\/nueva-oficina-en-pollensa.jpg","type":"","width":"","height":""}],"author":"Porta Mallorquina","twitter_card":"summary_large_image","twitter_misc":{"Written by":"Porta Mallorquina","Est. reading time":"1 minute"},"schema":{"@context":"https:\/\/schema.org","@graph":[{"@type":"Article","@id":"https:\/\/www.porta-mallorquina.es\/blog\/porta-mallorquina-ya-tiene-8-oficinas-en-mallorca\/#article","isPartOf":{"@id":"https:\/\/www.porta-mallorquina.es\/blog\/porta-mallorquina-ya-tiene-8-oficinas-en-mallorca\/"},"author":{"name":"Porta Mallorquina","@id":"https:\/\/www.porta-mallorquina.es\/blog\/#\/schema\/person\/00d40468a84878931da4d5e16749c9f0"},"headline":"Porta Mallorquina ya tiene 8 oficinas en Mallorca","datePublished":"2013-08-22T14:18:32+00:00","dateModified":"2015-10-23T14:20:52+00:00","mainEntityOfPage":{"@id":"https:\/\/www.porta-mallorquina.es\/blog\/porta-mallorquina-ya-tiene-8-oficinas-en-mallorca\/"},"wordCount":302,"commentCount":0,"publisher":{"@id":"https:\/\/www.porta-mallorquina.es\/blog\/#organization"},"image":{"@id":"https:\/\/www.porta-mallorquina.es\/blog\/porta-mallorquina-ya-tiene-8-oficinas-en-mallorca\/#primaryimage"},"thumbnailUrl":"https:\/\/www.porta-mallorquina.es\/blog\/mallorca\/nueva-oficina-en-pollensa.jpg","articleSection":["Franquicia","Mallorca","Porta Mallorquina"],"inLanguage":"en-US","potentialAction":[{"@type":"CommentAction","name":"Comment","target":["https:\/\/www.porta-mallorquina.es\/blog\/porta-mallorquina-ya-tiene-8-oficinas-en-mallorca\/#respond"]}]},{"@type":"WebPage","@id":"https:\/\/www.porta-mallorquina.es\/blog\/porta-mallorquina-ya-tiene-8-oficinas-en-mallorca\/","url":"https:\/\/www.porta-mallorquina.es\/blog\/porta-mallorquina-ya-tiene-8-oficinas-en-mallorca\/","name":"Porta Mallorquina ya tiene 8 oficinas en Mallorca - Porta Mallorquina Blog","isPartOf":{"@id":"https:\/\/www.porta-mallorquina.es\/blog\/#website"},"primaryImageOfPage":{"@id":"https:\/\/www.porta-mallorquina.es\/blog\/porta-mallorquina-ya-tiene-8-oficinas-en-mallorca\/#primaryimage"},"image":{"@id":"https:\/\/www.porta-mallorquina.es\/blog\/porta-mallorquina-ya-tiene-8-oficinas-en-mallorca\/#primaryimage"},"thumbnailUrl":"https:\/\/www.porta-mallorquina.es\/blog\/mallorca\/nueva-oficina-en-pollensa.jpg","datePublished":"2013-08-22T14:18:32+00:00","dateModified":"2015-10-23T14:20:52+00:00","breadcrumb":{"@id":"https:\/\/www.porta-mallorquina.es\/blog\/porta-mallorquina-ya-tiene-8-oficinas-en-mallorca\/#breadcrumb"},"inLanguage":"en-US","potentialAction":[{"@type":"ReadAction","target":["https:\/\/www.porta-mallorquina.es\/blog\/porta-mallorquina-ya-tiene-8-oficinas-en-mallorca\/"]}]},{"@type":"ImageObject","inLanguage":"en-US","@id":"https:\/\/www.porta-mallorquina.es\/blog\/porta-mallorquina-ya-tiene-8-oficinas-en-mallorca\/#primaryimage","url":"","contentUrl":""},{"@type":"BreadcrumbList","@id":"https:\/\/www.porta-mallorquina.es\/blog\/porta-mallorquina-ya-tiene-8-oficinas-en-mallorca\/#breadcrumb","itemListElement":[{"@type":"ListItem","position":1,"name":"Portada","item":"https:\/\/www.porta-mallorquina.es\/blog\/"},{"@type":"ListItem","position":2,"name":"Porta Mallorquina ya tiene 8 oficinas en Mallorca"}]},{"@type":"WebSite","@id":"https:\/\/www.porta-mallorquina.es\/blog\/#website","url":"https:\/\/www.porta-mallorquina.es\/blog\/","name":"Porta Mallorquina Blog","description":"m\u00e1s que inmuebles de Mallorca","publisher":{"@id":"https:\/\/www.porta-mallorquina.es\/blog\/#organization"},"potentialAction":[{"@type":"SearchAction","target":{"@type":"EntryPoint","urlTemplate":"https:\/\/www.porta-mallorquina.es\/blog\/?s={search_term_string}"},"query-input":{"@type":"PropertyValueSpecification","valueRequired":true,"valueName":"search_term_string"}}],"inLanguage":"en-US"},{"@type":"Organization","@id":"https:\/\/www.porta-mallorquina.es\/blog\/#organization","name":"Porta Mallorquina Blog","url":"https:\/\/www.porta-mallorquina.es\/blog\/","logo":{"@type":"ImageObject","inLanguage":"en-US","@id":"https:\/\/www.porta-mallorquina.es\/blog\/#\/schema\/logo\/image\/","url":"https:\/\/www.porta-mallorquina.es\/blog\/mallorca\/porta-mallorquina-real-estate-mallorca-logo.png","contentUrl":"https:\/\/www.porta-mallorquina.es\/blog\/mallorca\/porta-mallorquina-real-estate-mallorca-logo.png","width":570,"height":400,"caption":"Porta Mallorquina Blog"},"image":{"@id":"https:\/\/www.porta-mallorquina.es\/blog\/#\/schema\/logo\/image\/"}},{"@type":"Person","@id":"https:\/\/www.porta-mallorquina.es\/blog\/#\/schema\/person\/00d40468a84878931da4d5e16749c9f0","name":"Porta Mallorquina","sameAs":["https:\/\/www.porta-mallorquina.es"],"url":"https:\/\/www.porta-mallorquina.es\/blog\/author\/petraz\/"}]}},"_links":{"self":[{"href":"https:\/\/www.porta-mallorquina.es\/blog\/wp-json\/wp\/v2\/posts\/1350","targetHints":{"allow":["GET"]}}],"collection":[{"href":"https:\/\/www.porta-mallorquina.es\/blog\/wp-json\/wp\/v2\/posts"}],"about":[{"href":"https:\/\/www.porta-mallorquina.es\/blog\/wp-json\/wp\/v2\/types\/post"}],"author":[{"embeddable":true,"href":"https:\/\/www.porta-mallorquina.es\/blog\/wp-json\/wp\/v2\/users\/2"}],"replies":[{"embeddable":true,"href":"https:\/\/www.porta-mallorquina.es\/blog\/wp-json\/wp\/v2\/comments?post=1350"}],"version-history":[{"count":2,"href":"https:\/\/www.porta-mallorquina.es\/blog\/wp-json\/wp\/v2\/posts\/1350\/revisions"}],"predecessor-version":[{"id":1352,"href":"https:\/\/www.porta-mallorquina.es\/blog\/wp-json\/wp\/v2\/posts\/1350\/revisions\/1352"}],"wp:attachment":[{"href":"https:\/\/www.porta-mallorquina.es\/blog\/wp-json\/wp\/v2\/media?parent=1350"}],"wp:term":[{"taxonomy":"category","embeddable":true,"href":"https:\/\/www.porta-mallorquina.es\/blog\/wp-json\/wp\/v2\/categories?post=1350"},{"taxonomy":"post_tag","embeddable":true,"href":"https:\/\/www.porta-mallorquina.es\/blog\/wp-json\/wp\/v2\/tags?post=1350"}],"curies":[{"name":"wp","href":"https:\/\/api.w.org\/{rel}","templated":true}]}}