{"id":1355,"date":"2013-04-29T16:41:22","date_gmt":"2013-04-29T14:41:22","guid":{"rendered":"http:\/\/www.porta-mallorquina.es\/blog\/?p=1355"},"modified":"2015-10-23T16:45:30","modified_gmt":"2015-10-23T14:45:30","slug":"porta-mallorquina-abre-su-septima-oficina-en-mallorca","status":"publish","type":"post","link":"https:\/\/www.porta-mallorquina.es\/blog\/porta-mallorquina-abre-su-septima-oficina-en-mallorca\/","title":{"rendered":"Porta Mallorquina abre su s\u00e9ptima oficina en Mallorca"},"content":{"rendered":"<p>Con la nueva tienda inmobiliaria de Palma de Mallorca, Porta Mallorquina, socia de franquicia m\u00e1ster de Porta Mondial AG, abrir\u00e1 su s\u00e9ptima oficina en Mallorca el pr\u00f3ximo 3 de mayo. Esta nueva tienda se encuentra en una zona muy c\u00e9ntrica, en la calle Conquistador 8, justo enfrente del Parlamento de las Islas Baleares.<\/p>\n<p>Como en Puerto Andratx, Santa Ponsa y Santany\u00ed, esta tienda tambi\u00e9n llama la atenci\u00f3n con su extraordinario dise\u00f1o, caracter\u00edstico de todas las oficinas de venta del grupo<a title=\"Porta Mondial\" href=\"http:\/\/www.portamondial.es\/\" target=\"_blank\"> internacional de franquicias<\/a> y  distinguido en Alemania por la revista AIZ como ejemplo de <a title=\"Porta Mallorquina recibe en 2013 por tercer a\u00f1o consecutivo el premio al \u201cMejor Agente Inmobiliario\u201d\" href=\"https:\/\/www.porta-mallorquina.es\/blog\/porta-mallorquina-recibe-en-2013-por-tercer-ano-consecutivo-el-premio-al-mejor-agente-inmobiliario\" target=\"_blank\">\u00abBuenas pr\u00e1cticas\u00bb para agentes inmobiliarios<\/a>.<\/p>\n<p>En la inauguraci\u00f3n actuar\u00e1 el conocido d\u00fao de jazz <strong>\u00abPerikas Jazz Reuni\u00f3n  D\u00fao<\/strong>\u00bb. La socia de franquicia, Ria Blum, y su equipo se alegran de poder atenderle tambi\u00e9n a partir de ahora en su propia oficina de venta ubicada en el centro de Palma.<\/p>\n<div id=\"attachment_1333\" class=\"wp-caption aligncenter\" style=\"width: 540px\"><a href=\"https:\/\/www.porta-mallorquina.es\/blog\/porta-mallorquina-abre-su-septima-oficina-en-mallorca\/porta-mallorquina-palma\/\" rel=\"attachment wp-att-1333\"><img loading=\"lazy\" decoding=\"async\" class=\" wp-image-1333 \" title=\"Porta Mallorquina Palma, calle Conquistador 8, Palma de Mallorca\" src=\"https:\/\/www.porta-mallorquina.es\/blog\/mallorca\/porta-mallorquina-palma.jpg\" alt=\"Porta Mallorquina Palma, calle Conquistador 8, Palma de Mallorca\" width=\"540\" height=\"359\" \/><\/a><\/p>\n<p class=\"wp-caption-text\">Porta Mallorquina Palma, calle Conquistador 8, Palma de Mallorca<\/p>\n<\/div>\n<p>&nbsp;<\/p>\n","protected":false},"excerpt":{"rendered":"<p>Con la nueva tienda inmobiliaria de Palma de Mallorca, Porta Mallorquina, socia de franquicia m\u00e1ster de Porta Mondial AG, abrir\u00e1 su s\u00e9ptima oficina en Mallorca el pr\u00f3ximo 3 de mayo. Esta nueva tienda se encuentra en una zona muy c\u00e9ntrica, en la calle Conquistador 8, justo enfrente del Parlamento de las Islas Baleares. Como en [&hellip;]<\/p>\n","protected":false},"author":2,"featured_media":0,"comment_status":"open","ping_status":"open","sticky":false,"template":"","format":"standard","meta":{"footnotes":""},"categories":[3,11,6,9],"tags":[],"class_list":["post-1355","post","type-post","status-publish","format-standard","hentry","category-eventos","category-inmuebles","category-mallorca","category-porta-mallorquina"],"yoast_head":"<!-- This site is optimized with the Yoast SEO plugin v27.2 - https:\/\/yoast.com\/product\/yoast-seo-wordpress\/ -->\n<title>Porta Mallorquina abre su s\u00e9ptima oficina en Mallorca - Porta Mallorquina Blog<\/title>\n<meta name=\"robots\" content=\"index, follow, max-snippet:-1, max-image-preview:large, max-video-preview:-1\" \/>\n<link rel=\"canonical\" href=\"https:\/\/www.porta-mallorquina.es\/blog\/porta-mallorquina-abre-su-septima-oficina-en-mallorca\/\" \/>\n<meta property=\"og:locale\" content=\"en_US\" \/>\n<meta property=\"og:type\" content=\"article\" \/>\n<meta property=\"og:title\" content=\"Porta Mallorquina abre su s\u00e9ptima oficina en Mallorca - Porta Mallorquina Blog\" \/>\n<meta property=\"og:description\" content=\"Con la nueva tienda inmobiliaria de Palma de Mallorca, Porta Mallorquina, socia de franquicia m\u00e1ster de Porta Mondial AG, abrir\u00e1 su s\u00e9ptima oficina en Mallorca el pr\u00f3ximo 3 de mayo. Esta nueva tienda se encuentra en una zona muy c\u00e9ntrica, en la calle Conquistador 8, justo enfrente del Parlamento de las Islas Baleares. Como en [&hellip;]\" \/>\n<meta property=\"og:url\" content=\"https:\/\/www.porta-mallorquina.es\/blog\/porta-mallorquina-abre-su-septima-oficina-en-mallorca\/\" \/>\n<meta property=\"og:site_name\" content=\"Porta Mallorquina Blog\" \/>\n<meta property=\"article:published_time\" content=\"2013-04-29T14:41:22+00:00\" \/>\n<meta property=\"article:modified_time\" content=\"2015-10-23T14:45:30+00:00\" \/>\n<meta property=\"og:image\" content=\"https:\/\/www.porta-mallorquina.es\/blog\/mallorca\/porta-mallorquina-palma.jpg\" \/>\n<meta name=\"author\" content=\"Porta Mallorquina\" \/>\n<meta name=\"twitter:card\" content=\"summary_large_image\" \/>\n<meta name=\"twitter:label1\" content=\"Written by\" \/>\n\t<meta name=\"twitter:data1\" content=\"Porta Mallorquina\" \/>\n\t<meta name=\"twitter:label2\" content=\"Est. reading time\" \/>\n\t<meta name=\"twitter:data2\" content=\"1 minute\" \/>\n<script type=\"application\/ld+json\" class=\"yoast-schema-graph\">{\"@context\":\"https:\/\/schema.org\",\"@graph\":[{\"@type\":\"Article\",\"@id\":\"https:\/\/www.porta-mallorquina.es\/blog\/porta-mallorquina-abre-su-septima-oficina-en-mallorca\/#article\",\"isPartOf\":{\"@id\":\"https:\/\/www.porta-mallorquina.es\/blog\/porta-mallorquina-abre-su-septima-oficina-en-mallorca\/\"},\"author\":{\"name\":\"Porta Mallorquina\",\"@id\":\"https:\/\/www.porta-mallorquina.es\/blog\/#\/schema\/person\/00d40468a84878931da4d5e16749c9f0\"},\"headline\":\"Porta Mallorquina abre su s\u00e9ptima oficina en Mallorca\",\"datePublished\":\"2013-04-29T14:41:22+00:00\",\"dateModified\":\"2015-10-23T14:45:30+00:00\",\"mainEntityOfPage\":{\"@id\":\"https:\/\/www.porta-mallorquina.es\/blog\/porta-mallorquina-abre-su-septima-oficina-en-mallorca\/\"},\"wordCount\":173,\"commentCount\":0,\"publisher\":{\"@id\":\"https:\/\/www.porta-mallorquina.es\/blog\/#organization\"},\"image\":{\"@id\":\"https:\/\/www.porta-mallorquina.es\/blog\/porta-mallorquina-abre-su-septima-oficina-en-mallorca\/#primaryimage\"},\"thumbnailUrl\":\"https:\/\/www.porta-mallorquina.es\/blog\/mallorca\/porta-mallorquina-palma.jpg\",\"articleSection\":[\"Eventos\",\"Inmuebles\",\"Mallorca\",\"Porta Mallorquina\"],\"inLanguage\":\"en-US\",\"potentialAction\":[{\"@type\":\"CommentAction\",\"name\":\"Comment\",\"target\":[\"https:\/\/www.porta-mallorquina.es\/blog\/porta-mallorquina-abre-su-septima-oficina-en-mallorca\/#respond\"]}]},{\"@type\":\"WebPage\",\"@id\":\"https:\/\/www.porta-mallorquina.es\/blog\/porta-mallorquina-abre-su-septima-oficina-en-mallorca\/\",\"url\":\"https:\/\/www.porta-mallorquina.es\/blog\/porta-mallorquina-abre-su-septima-oficina-en-mallorca\/\",\"name\":\"Porta Mallorquina abre su s\u00e9ptima oficina en Mallorca - Porta Mallorquina Blog\",\"isPartOf\":{\"@id\":\"https:\/\/www.porta-mallorquina.es\/blog\/#website\"},\"primaryImageOfPage\":{\"@id\":\"https:\/\/www.porta-mallorquina.es\/blog\/porta-mallorquina-abre-su-septima-oficina-en-mallorca\/#primaryimage\"},\"image\":{\"@id\":\"https:\/\/www.porta-mallorquina.es\/blog\/porta-mallorquina-abre-su-septima-oficina-en-mallorca\/#primaryimage\"},\"thumbnailUrl\":\"https:\/\/www.porta-mallorquina.es\/blog\/mallorca\/porta-mallorquina-palma.jpg\",\"datePublished\":\"2013-04-29T14:41:22+00:00\",\"dateModified\":\"2015-10-23T14:45:30+00:00\",\"breadcrumb\":{\"@id\":\"https:\/\/www.porta-mallorquina.es\/blog\/porta-mallorquina-abre-su-septima-oficina-en-mallorca\/#breadcrumb\"},\"inLanguage\":\"en-US\",\"potentialAction\":[{\"@type\":\"ReadAction\",\"target\":[\"https:\/\/www.porta-mallorquina.es\/blog\/porta-mallorquina-abre-su-septima-oficina-en-mallorca\/\"]}]},{\"@type\":\"ImageObject\",\"inLanguage\":\"en-US\",\"@id\":\"https:\/\/www.porta-mallorquina.es\/blog\/porta-mallorquina-abre-su-septima-oficina-en-mallorca\/#primaryimage\",\"url\":\"\",\"contentUrl\":\"\"},{\"@type\":\"BreadcrumbList\",\"@id\":\"https:\/\/www.porta-mallorquina.es\/blog\/porta-mallorquina-abre-su-septima-oficina-en-mallorca\/#breadcrumb\",\"itemListElement\":[{\"@type\":\"ListItem\",\"position\":1,\"name\":\"Portada\",\"item\":\"https:\/\/www.porta-mallorquina.es\/blog\/\"},{\"@type\":\"ListItem\",\"position\":2,\"name\":\"Porta Mallorquina abre su s\u00e9ptima oficina en Mallorca\"}]},{\"@type\":\"WebSite\",\"@id\":\"https:\/\/www.porta-mallorquina.es\/blog\/#website\",\"url\":\"https:\/\/www.porta-mallorquina.es\/blog\/\",\"name\":\"Porta Mallorquina Blog\",\"description\":\"m\u00e1s que inmuebles de Mallorca\",\"publisher\":{\"@id\":\"https:\/\/www.porta-mallorquina.es\/blog\/#organization\"},\"potentialAction\":[{\"@type\":\"SearchAction\",\"target\":{\"@type\":\"EntryPoint\",\"urlTemplate\":\"https:\/\/www.porta-mallorquina.es\/blog\/?s={search_term_string}\"},\"query-input\":{\"@type\":\"PropertyValueSpecification\",\"valueRequired\":true,\"valueName\":\"search_term_string\"}}],\"inLanguage\":\"en-US\"},{\"@type\":\"Organization\",\"@id\":\"https:\/\/www.porta-mallorquina.es\/blog\/#organization\",\"name\":\"Porta Mallorquina Blog\",\"url\":\"https:\/\/www.porta-mallorquina.es\/blog\/\",\"logo\":{\"@type\":\"ImageObject\",\"inLanguage\":\"en-US\",\"@id\":\"https:\/\/www.porta-mallorquina.es\/blog\/#\/schema\/logo\/image\/\",\"url\":\"https:\/\/www.porta-mallorquina.es\/blog\/mallorca\/porta-mallorquina-real-estate-mallorca-logo.png\",\"contentUrl\":\"https:\/\/www.porta-mallorquina.es\/blog\/mallorca\/porta-mallorquina-real-estate-mallorca-logo.png\",\"width\":570,\"height\":400,\"caption\":\"Porta Mallorquina Blog\"},\"image\":{\"@id\":\"https:\/\/www.porta-mallorquina.es\/blog\/#\/schema\/logo\/image\/\"}},{\"@type\":\"Person\",\"@id\":\"https:\/\/www.porta-mallorquina.es\/blog\/#\/schema\/person\/00d40468a84878931da4d5e16749c9f0\",\"name\":\"Porta Mallorquina\",\"sameAs\":[\"https:\/\/www.porta-mallorquina.es\"],\"url\":\"https:\/\/www.porta-mallorquina.es\/blog\/author\/petraz\/\"}]}<\/script>\n<!-- \/ Yoast SEO plugin. -->","yoast_head_json":{"title":"Porta Mallorquina abre su s\u00e9ptima oficina en Mallorca - Porta Mallorquina Blog","robots":{"index":"index","follow":"follow","max-snippet":"max-snippet:-1","max-image-preview":"max-image-preview:large","max-video-preview":"max-video-preview:-1"},"canonical":"https:\/\/www.porta-mallorquina.es\/blog\/porta-mallorquina-abre-su-septima-oficina-en-mallorca\/","og_locale":"en_US","og_type":"article","og_title":"Porta Mallorquina abre su s\u00e9ptima oficina en Mallorca - Porta Mallorquina Blog","og_description":"Con la nueva tienda inmobiliaria de Palma de Mallorca, Porta Mallorquina, socia de franquicia m\u00e1ster de Porta Mondial AG, abrir\u00e1 su s\u00e9ptima oficina en Mallorca el pr\u00f3ximo 3 de mayo. Esta nueva tienda se encuentra en una zona muy c\u00e9ntrica, en la calle Conquistador 8, justo enfrente del Parlamento de las Islas Baleares. Como en [&hellip;]","og_url":"https:\/\/www.porta-mallorquina.es\/blog\/porta-mallorquina-abre-su-septima-oficina-en-mallorca\/","og_site_name":"Porta Mallorquina Blog","article_published_time":"2013-04-29T14:41:22+00:00","article_modified_time":"2015-10-23T14:45:30+00:00","og_image":[{"url":"https:\/\/www.porta-mallorquina.es\/blog\/mallorca\/porta-mallorquina-palma.jpg","type":"","width":"","height":""}],"author":"Porta Mallorquina","twitter_card":"summary_large_image","twitter_misc":{"Written by":"Porta Mallorquina","Est. reading time":"1 minute"},"schema":{"@context":"https:\/\/schema.org","@graph":[{"@type":"Article","@id":"https:\/\/www.porta-mallorquina.es\/blog\/porta-mallorquina-abre-su-septima-oficina-en-mallorca\/#article","isPartOf":{"@id":"https:\/\/www.porta-mallorquina.es\/blog\/porta-mallorquina-abre-su-septima-oficina-en-mallorca\/"},"author":{"name":"Porta Mallorquina","@id":"https:\/\/www.porta-mallorquina.es\/blog\/#\/schema\/person\/00d40468a84878931da4d5e16749c9f0"},"headline":"Porta Mallorquina abre su s\u00e9ptima oficina en Mallorca","datePublished":"2013-04-29T14:41:22+00:00","dateModified":"2015-10-23T14:45:30+00:00","mainEntityOfPage":{"@id":"https:\/\/www.porta-mallorquina.es\/blog\/porta-mallorquina-abre-su-septima-oficina-en-mallorca\/"},"wordCount":173,"commentCount":0,"publisher":{"@id":"https:\/\/www.porta-mallorquina.es\/blog\/#organization"},"image":{"@id":"https:\/\/www.porta-mallorquina.es\/blog\/porta-mallorquina-abre-su-septima-oficina-en-mallorca\/#primaryimage"},"thumbnailUrl":"https:\/\/www.porta-mallorquina.es\/blog\/mallorca\/porta-mallorquina-palma.jpg","articleSection":["Eventos","Inmuebles","Mallorca","Porta Mallorquina"],"inLanguage":"en-US","potentialAction":[{"@type":"CommentAction","name":"Comment","target":["https:\/\/www.porta-mallorquina.es\/blog\/porta-mallorquina-abre-su-septima-oficina-en-mallorca\/#respond"]}]},{"@type":"WebPage","@id":"https:\/\/www.porta-mallorquina.es\/blog\/porta-mallorquina-abre-su-septima-oficina-en-mallorca\/","url":"https:\/\/www.porta-mallorquina.es\/blog\/porta-mallorquina-abre-su-septima-oficina-en-mallorca\/","name":"Porta Mallorquina abre su s\u00e9ptima oficina en Mallorca - Porta Mallorquina Blog","isPartOf":{"@id":"https:\/\/www.porta-mallorquina.es\/blog\/#website"},"primaryImageOfPage":{"@id":"https:\/\/www.porta-mallorquina.es\/blog\/porta-mallorquina-abre-su-septima-oficina-en-mallorca\/#primaryimage"},"image":{"@id":"https:\/\/www.porta-mallorquina.es\/blog\/porta-mallorquina-abre-su-septima-oficina-en-mallorca\/#primaryimage"},"thumbnailUrl":"https:\/\/www.porta-mallorquina.es\/blog\/mallorca\/porta-mallorquina-palma.jpg","datePublished":"2013-04-29T14:41:22+00:00","dateModified":"2015-10-23T14:45:30+00:00","breadcrumb":{"@id":"https:\/\/www.porta-mallorquina.es\/blog\/porta-mallorquina-abre-su-septima-oficina-en-mallorca\/#breadcrumb"},"inLanguage":"en-US","potentialAction":[{"@type":"ReadAction","target":["https:\/\/www.porta-mallorquina.es\/blog\/porta-mallorquina-abre-su-septima-oficina-en-mallorca\/"]}]},{"@type":"ImageObject","inLanguage":"en-US","@id":"https:\/\/www.porta-mallorquina.es\/blog\/porta-mallorquina-abre-su-septima-oficina-en-mallorca\/#primaryimage","url":"","contentUrl":""},{"@type":"BreadcrumbList","@id":"https:\/\/www.porta-mallorquina.es\/blog\/porta-mallorquina-abre-su-septima-oficina-en-mallorca\/#breadcrumb","itemListElement":[{"@type":"ListItem","position":1,"name":"Portada","item":"https:\/\/www.porta-mallorquina.es\/blog\/"},{"@type":"ListItem","position":2,"name":"Porta Mallorquina abre su s\u00e9ptima oficina en Mallorca"}]},{"@type":"WebSite","@id":"https:\/\/www.porta-mallorquina.es\/blog\/#website","url":"https:\/\/www.porta-mallorquina.es\/blog\/","name":"Porta Mallorquina Blog","description":"m\u00e1s que inmuebles de Mallorca","publisher":{"@id":"https:\/\/www.porta-mallorquina.es\/blog\/#organization"},"potentialAction":[{"@type":"SearchAction","target":{"@type":"EntryPoint","urlTemplate":"https:\/\/www.porta-mallorquina.es\/blog\/?s={search_term_string}"},"query-input":{"@type":"PropertyValueSpecification","valueRequired":true,"valueName":"search_term_string"}}],"inLanguage":"en-US"},{"@type":"Organization","@id":"https:\/\/www.porta-mallorquina.es\/blog\/#organization","name":"Porta Mallorquina Blog","url":"https:\/\/www.porta-mallorquina.es\/blog\/","logo":{"@type":"ImageObject","inLanguage":"en-US","@id":"https:\/\/www.porta-mallorquina.es\/blog\/#\/schema\/logo\/image\/","url":"https:\/\/www.porta-mallorquina.es\/blog\/mallorca\/porta-mallorquina-real-estate-mallorca-logo.png","contentUrl":"https:\/\/www.porta-mallorquina.es\/blog\/mallorca\/porta-mallorquina-real-estate-mallorca-logo.png","width":570,"height":400,"caption":"Porta Mallorquina Blog"},"image":{"@id":"https:\/\/www.porta-mallorquina.es\/blog\/#\/schema\/logo\/image\/"}},{"@type":"Person","@id":"https:\/\/www.porta-mallorquina.es\/blog\/#\/schema\/person\/00d40468a84878931da4d5e16749c9f0","name":"Porta Mallorquina","sameAs":["https:\/\/www.porta-mallorquina.es"],"url":"https:\/\/www.porta-mallorquina.es\/blog\/author\/petraz\/"}]}},"_links":{"self":[{"href":"https:\/\/www.porta-mallorquina.es\/blog\/wp-json\/wp\/v2\/posts\/1355","targetHints":{"allow":["GET"]}}],"collection":[{"href":"https:\/\/www.porta-mallorquina.es\/blog\/wp-json\/wp\/v2\/posts"}],"about":[{"href":"https:\/\/www.porta-mallorquina.es\/blog\/wp-json\/wp\/v2\/types\/post"}],"author":[{"embeddable":true,"href":"https:\/\/www.porta-mallorquina.es\/blog\/wp-json\/wp\/v2\/users\/2"}],"replies":[{"embeddable":true,"href":"https:\/\/www.porta-mallorquina.es\/blog\/wp-json\/wp\/v2\/comments?post=1355"}],"version-history":[{"count":3,"href":"https:\/\/www.porta-mallorquina.es\/blog\/wp-json\/wp\/v2\/posts\/1355\/revisions"}],"predecessor-version":[{"id":1358,"href":"https:\/\/www.porta-mallorquina.es\/blog\/wp-json\/wp\/v2\/posts\/1355\/revisions\/1358"}],"wp:attachment":[{"href":"https:\/\/www.porta-mallorquina.es\/blog\/wp-json\/wp\/v2\/media?parent=1355"}],"wp:term":[{"taxonomy":"category","embeddable":true,"href":"https:\/\/www.porta-mallorquina.es\/blog\/wp-json\/wp\/v2\/categories?post=1355"},{"taxonomy":"post_tag","embeddable":true,"href":"https:\/\/www.porta-mallorquina.es\/blog\/wp-json\/wp\/v2\/tags?post=1355"}],"curies":[{"name":"wp","href":"https:\/\/api.w.org\/{rel}","templated":true}]}}