{"id":1359,"date":"2015-09-25T16:46:33","date_gmt":"2015-09-25T14:46:33","guid":{"rendered":"http:\/\/www.porta-mallorquina.es\/blog\/?p=1359"},"modified":"2015-10-23T16:50:09","modified_gmt":"2015-10-23T14:50:09","slug":"el-catalogo-de-propiedades-de-porta-mallorquina-2015-2016","status":"publish","type":"post","link":"https:\/\/www.porta-mallorquina.es\/blog\/el-catalogo-de-propiedades-de-porta-mallorquina-2015-2016\/","title":{"rendered":"El cat\u00e1logo de propiedades de Porta Mallorquina 2015\/2016"},"content":{"rendered":"<div id=\"attachment_2944\" class=\"wp-caption alignleft\" style=\"width: 231px\"><img loading=\"lazy\" decoding=\"async\" class=\"wp-image-2944 size-full\" title=\"El nuevo cat\u00e1logo de propiedades de Porta Mallorquina\" src=\"https:\/\/www.porta-mallorquina.es\/blog\/mallorca\/catalogo-de-propiedades.jpg\" alt=\"El nuevo cat\u00e1logo de propiedades de Porta Mallorquina\" width=\"231\" height=\"301\" \/><\/p>\n<p class=\"wp-caption-text\">El nuevo cat\u00e1logo de propiedades de Porta Mallorquina<\/p>\n<\/div>\n<p>A principios de septiembre, Porta Mallorquina present\u00f3 su nuevo <strong>cat\u00e1logo de propiedades. <\/strong>En 120 p\u00e1ginas, los clientes pueden informarse del <strong>mercado inmobiliario de Mallorca <\/strong>y cada una de las regiones<strong>, <\/strong>adem\u00e1s de una selecci\u00f3n<strong> de los inmuebles m\u00e1s hermosos <\/strong>de Mallorca.<\/p>\n<p>En la secci\u00f3n editorial se explican las <strong>novedades<\/strong> <strong>fiscales <\/strong>para compradores y vendedores, se proporcionan <strong>consejos para financiar<\/strong> una propiedad y todo lo que debe tener en cuenta al comprar o vender una propiedad en Espa\u00f1a.<\/p>\n<p>Los gerentes de ventas y socios franquiciados en las diferentes regiones revelan sus lugares favoritos, y tambi\u00e9n se presentan <strong>las m\u00e1s bonitas playas<\/strong> de la isla<strong>, <\/strong>todos los <strong>campos de golf<\/strong> <strong>y<\/strong> <strong>tours populares en bicicleta<\/strong>. El cat\u00e1logo es biling\u00fce, alem\u00e1n \/ ingl\u00e9s.<\/p>\n<blockquote>\n<p><em>&#8220;A pesar de que actualmente el 90% de la b\u00fasqueda de inmuebles se lleva a cabo a trav\u00e9s de Internet, se sigue disfrutando el hecho de poder hojear una revista en el sof\u00e1 para informarse e inspirarse&#8221;,<\/em><\/p>\n<\/blockquote>\n<p>comenta Joachim Semrau, el CEO de Porta Mallorquina acerca de la presentaci\u00f3n del cat\u00e1logo. Este cat\u00e1logo se puede adquirir sin costo en cualquiera de las 8 <a title=\"Oficinas de inmuebles\" href=\"https:\/\/www.porta-mallorquina.es\/suroeste\/\" target=\"_blank\">oficinas de venta<\/a> en la isla.<\/p>\n<h2>Impressiones del cat\u00e1logo de propiedades<\/h2>\n<p><img loading=\"lazy\" decoding=\"async\" class=\"alignnone wp-image-2981 size-full\" src=\"https:\/\/www.porta-mallorquina.es\/blog\/mallorca\/katalog-inhalt.jpg\" alt=\"katalog-inhalt\" width=\"600\" height=\"780\" \/><\/p>\n<p><img loading=\"lazy\" decoding=\"async\" class=\"alignnone size-full wp-image-2976\" src=\"https:\/\/www.porta-mallorquina.es\/blog\/mallorca\/10-jahre1.jpg\" alt=\"10-jahre1\" width=\"600\" height=\"760\" \/><\/p>\n<p><img loading=\"lazy\" decoding=\"async\" class=\"alignnone size-full wp-image-2980\" src=\"https:\/\/www.porta-mallorquina.es\/blog\/mallorca\/katalog-10jahre-en.jpg\" alt=\"katalog-10jahre-en\" width=\"600\" height=\"780\" \/><\/p>\n<p><img loading=\"lazy\" decoding=\"async\" class=\"alignnone size-full wp-image-2978\" src=\"https:\/\/www.porta-mallorquina.es\/blog\/mallorca\/Katalog_portaholiday.jpg\" alt=\"Katalog_portaholiday\" width=\"600\" height=\"780\" \/><\/p>\n<p><img loading=\"lazy\" decoding=\"async\" class=\"alignnone size-full wp-image-2979\" src=\"https:\/\/www.porta-mallorquina.es\/blog\/mallorca\/Katalog_s\u00fcdwest.jpg\" alt=\"Katalog_s\u00fcdwest\" width=\"590\" height=\"780\" \/><\/p>\n<p><img loading=\"lazy\" decoding=\"async\" class=\"alignnone size-full wp-image-2977\" src=\"https:\/\/www.porta-mallorquina.es\/blog\/mallorca\/Katalog_golf-en.jpg\" alt=\"Katalog_golf-en\" width=\"591\" height=\"780\" \/><\/p>\n<div class='yarpp-related'>\n<h6>Articolos paracidos:<\/h6>\n<ol>\n<li><a href=\"https:\/\/www.porta-mallorquina.es\/blog\/presentacion-del-catalogo-de-inmuebles-de-porta-mallorquina-en-santanyi\/\" rel=\"bookmark\" title=\"Presentaci\u00f3n del cat\u00e1logo de inmuebles de Porta Mallorquina en Santany\u00ec\">Presentaci\u00f3n del cat\u00e1logo de inmuebles de Porta Mallorquina en Santany\u00ec <\/a><\/li>\n<li><a href=\"https:\/\/www.porta-mallorquina.es\/blog\/porta-mallorquina-ya-tiene-8-oficinas-en-mallorca\/\" rel=\"bookmark\" title=\"Porta Mallorquina ya tiene 8 oficinas en Mallorca\">Porta Mallorquina ya tiene 8 oficinas en Mallorca <\/a><\/li>\n<li><a href=\"https:\/\/www.porta-mallorquina.es\/blog\/porta-mallorquina-se-extiende-en-mallorca-con-dos-nuevas-franquicias\/\" rel=\"bookmark\" title=\"Porta Mallorquina se extiende en Mallorca con dos nuevas franquicias.\">Porta Mallorquina se extiende en Mallorca con dos nuevas franquicias. <\/a><\/li>\n<li><a href=\"https:\/\/www.porta-mallorquina.es\/blog\/10-anos-de-porta-mallorquina-una-retrospectiva\/\" rel=\"bookmark\" title=\"10 a\u00f1os de Porta Mallorquina \u2013 Una retrospectiva\">10 a\u00f1os de Porta Mallorquina \u2013 Una retrospectiva <\/a><\/li>\n<li><a href=\"https:\/\/www.porta-mallorquina.es\/blog\/porta-mallorquina-amplia-su-equipo-de-gestion\/\" rel=\"bookmark\" title=\"Porta Mallorquina ampl\u00eda su equipo de gesti\u00f3n\">Porta Mallorquina ampl\u00eda su equipo de gesti\u00f3n <\/a><\/li>\n<\/ol>\n<\/div>\n","protected":false},"excerpt":{"rendered":"<p>El nuevo cat\u00e1logo de propiedades de Porta Mallorquina A principios de septiembre, Porta Mallorquina present\u00f3 su nuevo cat\u00e1logo de propiedades. En 120 p\u00e1ginas, los clientes pueden informarse del mercado inmobiliario de Mallorca y cada una de las regiones, adem\u00e1s de una selecci\u00f3n de los inmuebles m\u00e1s hermosos de Mallorca. En la secci\u00f3n editorial se explican [&hellip;]<\/p>\n","protected":false},"author":2,"featured_media":0,"comment_status":"open","ping_status":"open","sticky":false,"template":"","format":"standard","meta":{"footnotes":""},"categories":[9],"tags":[],"class_list":["post-1359","post","type-post","status-publish","format-standard","hentry","category-porta-mallorquina"],"yoast_head":"<!-- This site is optimized with the Yoast SEO plugin v27.2 - https:\/\/yoast.com\/product\/yoast-seo-wordpress\/ -->\n<title>El cat\u00e1logo de propiedades de Porta Mallorquina 2015\/2016 - Porta Mallorquina Blog<\/title>\n<meta name=\"robots\" content=\"index, follow, max-snippet:-1, max-image-preview:large, max-video-preview:-1\" \/>\n<link rel=\"canonical\" href=\"https:\/\/www.porta-mallorquina.es\/blog\/el-catalogo-de-propiedades-de-porta-mallorquina-2015-2016\/\" \/>\n<meta property=\"og:locale\" content=\"en_US\" \/>\n<meta property=\"og:type\" content=\"article\" \/>\n<meta property=\"og:title\" content=\"El cat\u00e1logo de propiedades de Porta Mallorquina 2015\/2016 - Porta Mallorquina Blog\" \/>\n<meta property=\"og:description\" content=\"El nuevo cat\u00e1logo de propiedades de Porta Mallorquina A principios de septiembre, Porta Mallorquina present\u00f3 su nuevo cat\u00e1logo de propiedades. En 120 p\u00e1ginas, los clientes pueden informarse del mercado inmobiliario de Mallorca y cada una de las regiones, adem\u00e1s de una selecci\u00f3n de los inmuebles m\u00e1s hermosos de Mallorca. En la secci\u00f3n editorial se explican [&hellip;]\" \/>\n<meta property=\"og:url\" content=\"https:\/\/www.porta-mallorquina.es\/blog\/el-catalogo-de-propiedades-de-porta-mallorquina-2015-2016\/\" \/>\n<meta property=\"og:site_name\" content=\"Porta Mallorquina Blog\" \/>\n<meta property=\"article:published_time\" content=\"2015-09-25T14:46:33+00:00\" \/>\n<meta property=\"article:modified_time\" content=\"2015-10-23T14:50:09+00:00\" \/>\n<meta property=\"og:image\" content=\"https:\/\/www.porta-mallorquina.es\/blog\/mallorca\/catalogo-de-propiedades.jpg\" \/>\n<meta name=\"author\" content=\"Porta Mallorquina\" \/>\n<meta name=\"twitter:card\" content=\"summary_large_image\" \/>\n<meta name=\"twitter:label1\" content=\"Written by\" \/>\n\t<meta name=\"twitter:data1\" content=\"Porta Mallorquina\" \/>\n\t<meta name=\"twitter:label2\" content=\"Est. reading time\" \/>\n\t<meta name=\"twitter:data2\" content=\"1 minute\" \/>\n<script type=\"application\/ld+json\" class=\"yoast-schema-graph\">{\"@context\":\"https:\/\/schema.org\",\"@graph\":[{\"@type\":\"Article\",\"@id\":\"https:\/\/www.porta-mallorquina.es\/blog\/el-catalogo-de-propiedades-de-porta-mallorquina-2015-2016\/#article\",\"isPartOf\":{\"@id\":\"https:\/\/www.porta-mallorquina.es\/blog\/el-catalogo-de-propiedades-de-porta-mallorquina-2015-2016\/\"},\"author\":{\"name\":\"Porta Mallorquina\",\"@id\":\"https:\/\/www.porta-mallorquina.es\/blog\/#\/schema\/person\/00d40468a84878931da4d5e16749c9f0\"},\"headline\":\"El cat\u00e1logo de propiedades de Porta Mallorquina 2015\/2016\",\"datePublished\":\"2015-09-25T14:46:33+00:00\",\"dateModified\":\"2015-10-23T14:50:09+00:00\",\"mainEntityOfPage\":{\"@id\":\"https:\/\/www.porta-mallorquina.es\/blog\/el-catalogo-de-propiedades-de-porta-mallorquina-2015-2016\/\"},\"wordCount\":273,\"commentCount\":0,\"publisher\":{\"@id\":\"https:\/\/www.porta-mallorquina.es\/blog\/#organization\"},\"image\":{\"@id\":\"https:\/\/www.porta-mallorquina.es\/blog\/el-catalogo-de-propiedades-de-porta-mallorquina-2015-2016\/#primaryimage\"},\"thumbnailUrl\":\"https:\/\/www.porta-mallorquina.es\/blog\/mallorca\/catalogo-de-propiedades.jpg\",\"articleSection\":[\"Porta Mallorquina\"],\"inLanguage\":\"en-US\",\"potentialAction\":[{\"@type\":\"CommentAction\",\"name\":\"Comment\",\"target\":[\"https:\/\/www.porta-mallorquina.es\/blog\/el-catalogo-de-propiedades-de-porta-mallorquina-2015-2016\/#respond\"]}]},{\"@type\":\"WebPage\",\"@id\":\"https:\/\/www.porta-mallorquina.es\/blog\/el-catalogo-de-propiedades-de-porta-mallorquina-2015-2016\/\",\"url\":\"https:\/\/www.porta-mallorquina.es\/blog\/el-catalogo-de-propiedades-de-porta-mallorquina-2015-2016\/\",\"name\":\"El cat\u00e1logo de propiedades de Porta Mallorquina 2015\/2016 - Porta Mallorquina Blog\",\"isPartOf\":{\"@id\":\"https:\/\/www.porta-mallorquina.es\/blog\/#website\"},\"primaryImageOfPage\":{\"@id\":\"https:\/\/www.porta-mallorquina.es\/blog\/el-catalogo-de-propiedades-de-porta-mallorquina-2015-2016\/#primaryimage\"},\"image\":{\"@id\":\"https:\/\/www.porta-mallorquina.es\/blog\/el-catalogo-de-propiedades-de-porta-mallorquina-2015-2016\/#primaryimage\"},\"thumbnailUrl\":\"https:\/\/www.porta-mallorquina.es\/blog\/mallorca\/catalogo-de-propiedades.jpg\",\"datePublished\":\"2015-09-25T14:46:33+00:00\",\"dateModified\":\"2015-10-23T14:50:09+00:00\",\"breadcrumb\":{\"@id\":\"https:\/\/www.porta-mallorquina.es\/blog\/el-catalogo-de-propiedades-de-porta-mallorquina-2015-2016\/#breadcrumb\"},\"inLanguage\":\"en-US\",\"potentialAction\":[{\"@type\":\"ReadAction\",\"target\":[\"https:\/\/www.porta-mallorquina.es\/blog\/el-catalogo-de-propiedades-de-porta-mallorquina-2015-2016\/\"]}]},{\"@type\":\"ImageObject\",\"inLanguage\":\"en-US\",\"@id\":\"https:\/\/www.porta-mallorquina.es\/blog\/el-catalogo-de-propiedades-de-porta-mallorquina-2015-2016\/#primaryimage\",\"url\":\"\",\"contentUrl\":\"\"},{\"@type\":\"BreadcrumbList\",\"@id\":\"https:\/\/www.porta-mallorquina.es\/blog\/el-catalogo-de-propiedades-de-porta-mallorquina-2015-2016\/#breadcrumb\",\"itemListElement\":[{\"@type\":\"ListItem\",\"position\":1,\"name\":\"Portada\",\"item\":\"https:\/\/www.porta-mallorquina.es\/blog\/\"},{\"@type\":\"ListItem\",\"position\":2,\"name\":\"El cat\u00e1logo de propiedades de Porta Mallorquina 2015\/2016\"}]},{\"@type\":\"WebSite\",\"@id\":\"https:\/\/www.porta-mallorquina.es\/blog\/#website\",\"url\":\"https:\/\/www.porta-mallorquina.es\/blog\/\",\"name\":\"Porta Mallorquina Blog\",\"description\":\"m\u00e1s que inmuebles de Mallorca\",\"publisher\":{\"@id\":\"https:\/\/www.porta-mallorquina.es\/blog\/#organization\"},\"potentialAction\":[{\"@type\":\"SearchAction\",\"target\":{\"@type\":\"EntryPoint\",\"urlTemplate\":\"https:\/\/www.porta-mallorquina.es\/blog\/?s={search_term_string}\"},\"query-input\":{\"@type\":\"PropertyValueSpecification\",\"valueRequired\":true,\"valueName\":\"search_term_string\"}}],\"inLanguage\":\"en-US\"},{\"@type\":\"Organization\",\"@id\":\"https:\/\/www.porta-mallorquina.es\/blog\/#organization\",\"name\":\"Porta Mallorquina Blog\",\"url\":\"https:\/\/www.porta-mallorquina.es\/blog\/\",\"logo\":{\"@type\":\"ImageObject\",\"inLanguage\":\"en-US\",\"@id\":\"https:\/\/www.porta-mallorquina.es\/blog\/#\/schema\/logo\/image\/\",\"url\":\"https:\/\/www.porta-mallorquina.es\/blog\/mallorca\/porta-mallorquina-real-estate-mallorca-logo.png\",\"contentUrl\":\"https:\/\/www.porta-mallorquina.es\/blog\/mallorca\/porta-mallorquina-real-estate-mallorca-logo.png\",\"width\":570,\"height\":400,\"caption\":\"Porta Mallorquina Blog\"},\"image\":{\"@id\":\"https:\/\/www.porta-mallorquina.es\/blog\/#\/schema\/logo\/image\/\"}},{\"@type\":\"Person\",\"@id\":\"https:\/\/www.porta-mallorquina.es\/blog\/#\/schema\/person\/00d40468a84878931da4d5e16749c9f0\",\"name\":\"Porta Mallorquina\",\"sameAs\":[\"https:\/\/www.porta-mallorquina.es\"],\"url\":\"https:\/\/www.porta-mallorquina.es\/blog\/author\/petraz\/\"}]}<\/script>\n<!-- \/ Yoast SEO plugin. -->","yoast_head_json":{"title":"El cat\u00e1logo de propiedades de Porta Mallorquina 2015\/2016 - Porta Mallorquina Blog","robots":{"index":"index","follow":"follow","max-snippet":"max-snippet:-1","max-image-preview":"max-image-preview:large","max-video-preview":"max-video-preview:-1"},"canonical":"https:\/\/www.porta-mallorquina.es\/blog\/el-catalogo-de-propiedades-de-porta-mallorquina-2015-2016\/","og_locale":"en_US","og_type":"article","og_title":"El cat\u00e1logo de propiedades de Porta Mallorquina 2015\/2016 - Porta Mallorquina Blog","og_description":"El nuevo cat\u00e1logo de propiedades de Porta Mallorquina A principios de septiembre, Porta Mallorquina present\u00f3 su nuevo cat\u00e1logo de propiedades. En 120 p\u00e1ginas, los clientes pueden informarse del mercado inmobiliario de Mallorca y cada una de las regiones, adem\u00e1s de una selecci\u00f3n de los inmuebles m\u00e1s hermosos de Mallorca. En la secci\u00f3n editorial se explican [&hellip;]","og_url":"https:\/\/www.porta-mallorquina.es\/blog\/el-catalogo-de-propiedades-de-porta-mallorquina-2015-2016\/","og_site_name":"Porta Mallorquina Blog","article_published_time":"2015-09-25T14:46:33+00:00","article_modified_time":"2015-10-23T14:50:09+00:00","og_image":[{"url":"https:\/\/www.porta-mallorquina.es\/blog\/mallorca\/catalogo-de-propiedades.jpg","type":"","width":"","height":""}],"author":"Porta Mallorquina","twitter_card":"summary_large_image","twitter_misc":{"Written by":"Porta Mallorquina","Est. reading time":"1 minute"},"schema":{"@context":"https:\/\/schema.org","@graph":[{"@type":"Article","@id":"https:\/\/www.porta-mallorquina.es\/blog\/el-catalogo-de-propiedades-de-porta-mallorquina-2015-2016\/#article","isPartOf":{"@id":"https:\/\/www.porta-mallorquina.es\/blog\/el-catalogo-de-propiedades-de-porta-mallorquina-2015-2016\/"},"author":{"name":"Porta Mallorquina","@id":"https:\/\/www.porta-mallorquina.es\/blog\/#\/schema\/person\/00d40468a84878931da4d5e16749c9f0"},"headline":"El cat\u00e1logo de propiedades de Porta Mallorquina 2015\/2016","datePublished":"2015-09-25T14:46:33+00:00","dateModified":"2015-10-23T14:50:09+00:00","mainEntityOfPage":{"@id":"https:\/\/www.porta-mallorquina.es\/blog\/el-catalogo-de-propiedades-de-porta-mallorquina-2015-2016\/"},"wordCount":273,"commentCount":0,"publisher":{"@id":"https:\/\/www.porta-mallorquina.es\/blog\/#organization"},"image":{"@id":"https:\/\/www.porta-mallorquina.es\/blog\/el-catalogo-de-propiedades-de-porta-mallorquina-2015-2016\/#primaryimage"},"thumbnailUrl":"https:\/\/www.porta-mallorquina.es\/blog\/mallorca\/catalogo-de-propiedades.jpg","articleSection":["Porta Mallorquina"],"inLanguage":"en-US","potentialAction":[{"@type":"CommentAction","name":"Comment","target":["https:\/\/www.porta-mallorquina.es\/blog\/el-catalogo-de-propiedades-de-porta-mallorquina-2015-2016\/#respond"]}]},{"@type":"WebPage","@id":"https:\/\/www.porta-mallorquina.es\/blog\/el-catalogo-de-propiedades-de-porta-mallorquina-2015-2016\/","url":"https:\/\/www.porta-mallorquina.es\/blog\/el-catalogo-de-propiedades-de-porta-mallorquina-2015-2016\/","name":"El cat\u00e1logo de propiedades de Porta Mallorquina 2015\/2016 - Porta Mallorquina Blog","isPartOf":{"@id":"https:\/\/www.porta-mallorquina.es\/blog\/#website"},"primaryImageOfPage":{"@id":"https:\/\/www.porta-mallorquina.es\/blog\/el-catalogo-de-propiedades-de-porta-mallorquina-2015-2016\/#primaryimage"},"image":{"@id":"https:\/\/www.porta-mallorquina.es\/blog\/el-catalogo-de-propiedades-de-porta-mallorquina-2015-2016\/#primaryimage"},"thumbnailUrl":"https:\/\/www.porta-mallorquina.es\/blog\/mallorca\/catalogo-de-propiedades.jpg","datePublished":"2015-09-25T14:46:33+00:00","dateModified":"2015-10-23T14:50:09+00:00","breadcrumb":{"@id":"https:\/\/www.porta-mallorquina.es\/blog\/el-catalogo-de-propiedades-de-porta-mallorquina-2015-2016\/#breadcrumb"},"inLanguage":"en-US","potentialAction":[{"@type":"ReadAction","target":["https:\/\/www.porta-mallorquina.es\/blog\/el-catalogo-de-propiedades-de-porta-mallorquina-2015-2016\/"]}]},{"@type":"ImageObject","inLanguage":"en-US","@id":"https:\/\/www.porta-mallorquina.es\/blog\/el-catalogo-de-propiedades-de-porta-mallorquina-2015-2016\/#primaryimage","url":"","contentUrl":""},{"@type":"BreadcrumbList","@id":"https:\/\/www.porta-mallorquina.es\/blog\/el-catalogo-de-propiedades-de-porta-mallorquina-2015-2016\/#breadcrumb","itemListElement":[{"@type":"ListItem","position":1,"name":"Portada","item":"https:\/\/www.porta-mallorquina.es\/blog\/"},{"@type":"ListItem","position":2,"name":"El cat\u00e1logo de propiedades de Porta Mallorquina 2015\/2016"}]},{"@type":"WebSite","@id":"https:\/\/www.porta-mallorquina.es\/blog\/#website","url":"https:\/\/www.porta-mallorquina.es\/blog\/","name":"Porta Mallorquina Blog","description":"m\u00e1s que inmuebles de Mallorca","publisher":{"@id":"https:\/\/www.porta-mallorquina.es\/blog\/#organization"},"potentialAction":[{"@type":"SearchAction","target":{"@type":"EntryPoint","urlTemplate":"https:\/\/www.porta-mallorquina.es\/blog\/?s={search_term_string}"},"query-input":{"@type":"PropertyValueSpecification","valueRequired":true,"valueName":"search_term_string"}}],"inLanguage":"en-US"},{"@type":"Organization","@id":"https:\/\/www.porta-mallorquina.es\/blog\/#organization","name":"Porta Mallorquina Blog","url":"https:\/\/www.porta-mallorquina.es\/blog\/","logo":{"@type":"ImageObject","inLanguage":"en-US","@id":"https:\/\/www.porta-mallorquina.es\/blog\/#\/schema\/logo\/image\/","url":"https:\/\/www.porta-mallorquina.es\/blog\/mallorca\/porta-mallorquina-real-estate-mallorca-logo.png","contentUrl":"https:\/\/www.porta-mallorquina.es\/blog\/mallorca\/porta-mallorquina-real-estate-mallorca-logo.png","width":570,"height":400,"caption":"Porta Mallorquina Blog"},"image":{"@id":"https:\/\/www.porta-mallorquina.es\/blog\/#\/schema\/logo\/image\/"}},{"@type":"Person","@id":"https:\/\/www.porta-mallorquina.es\/blog\/#\/schema\/person\/00d40468a84878931da4d5e16749c9f0","name":"Porta Mallorquina","sameAs":["https:\/\/www.porta-mallorquina.es"],"url":"https:\/\/www.porta-mallorquina.es\/blog\/author\/petraz\/"}]}},"_links":{"self":[{"href":"https:\/\/www.porta-mallorquina.es\/blog\/wp-json\/wp\/v2\/posts\/1359","targetHints":{"allow":["GET"]}}],"collection":[{"href":"https:\/\/www.porta-mallorquina.es\/blog\/wp-json\/wp\/v2\/posts"}],"about":[{"href":"https:\/\/www.porta-mallorquina.es\/blog\/wp-json\/wp\/v2\/types\/post"}],"author":[{"embeddable":true,"href":"https:\/\/www.porta-mallorquina.es\/blog\/wp-json\/wp\/v2\/users\/2"}],"replies":[{"embeddable":true,"href":"https:\/\/www.porta-mallorquina.es\/blog\/wp-json\/wp\/v2\/comments?post=1359"}],"version-history":[{"count":5,"href":"https:\/\/www.porta-mallorquina.es\/blog\/wp-json\/wp\/v2\/posts\/1359\/revisions"}],"predecessor-version":[{"id":1364,"href":"https:\/\/www.porta-mallorquina.es\/blog\/wp-json\/wp\/v2\/posts\/1359\/revisions\/1364"}],"wp:attachment":[{"href":"https:\/\/www.porta-mallorquina.es\/blog\/wp-json\/wp\/v2\/media?parent=1359"}],"wp:term":[{"taxonomy":"category","embeddable":true,"href":"https:\/\/www.porta-mallorquina.es\/blog\/wp-json\/wp\/v2\/categories?post=1359"},{"taxonomy":"post_tag","embeddable":true,"href":"https:\/\/www.porta-mallorquina.es\/blog\/wp-json\/wp\/v2\/tags?post=1359"}],"curies":[{"name":"wp","href":"https:\/\/api.w.org\/{rel}","templated":true}]}}