{"id":1365,"date":"2013-03-27T16:51:48","date_gmt":"2013-03-27T14:51:48","guid":{"rendered":"http:\/\/www.porta-mallorquina.es\/blog\/?p=1365"},"modified":"2015-10-23T16:54:40","modified_gmt":"2015-10-23T14:54:40","slug":"semana-santa-en-mallorca","status":"publish","type":"post","link":"https:\/\/www.porta-mallorquina.es\/blog\/semana-santa-en-mallorca\/","title":{"rendered":"Semana Santa en Mallorca"},"content":{"rendered":"<p>Se acercan las fiestas de <strong>Pascua<\/strong> y en toda <strong>Mallorca<\/strong> se vive con alegr\u00eda y sentimiento.<\/p>\n<p>La <strong>Semana Santa<\/strong> es la conmemoraci\u00f3n anual cristiana de la Pasi\u00f3n, Muerte y Resurrecci\u00f3n  de Jes\u00fas, o lo que es igual, conmemorar sus \u00faltimos d\u00edas. Por ello, es un periodo de intensa actividad dentro de las diversas confesiones cristianas.<\/p>\n<p><a href=\"https:\/\/www.porta-mallorquina.es\/blog\/semana-santa-en-mallorca\/procession-pollensa\/\" rel=\"attachment wp-att-1303\"><img loading=\"lazy\" decoding=\"async\" class=\"aligncenter size-full wp-image-1303\" title=\"procesion-pollensa\" src=\"https:\/\/www.porta-mallorquina.es\/blog\/mallorca\/procession-pollensa.jpg\" alt=\"\" width=\"600\" height=\"450\" \/><\/a><\/p>\n<p>Da comienzo el <strong>Domingo de Ramos<\/strong> y finaliza el <strong>Domingo de Resurrecci\u00f3n<\/strong>, aunque su celebraci\u00f3n suele iniciarse en varios lugares el viernes anterior (Viernes de Dolores) y se considera parte de la misma el Domingo de Resurrecci\u00f3n.<\/p>\n<p>En <strong>Mallorca<\/strong> podremos disfrutar de las tradicionales procesiones desde el pasado Domingo de Ramos y durante toda esta semana por las calles m\u00e1s representativas del centro de la ciudad de <strong>Palma<\/strong>.<\/p>\n<p>Adem\u00e1s de la importancia cultural de estos d\u00edas, no podemos olvidar la <strong>gastronom\u00eda<\/strong> t\u00edpica de estas fechas.<\/p>\n<p>En general, encontramos los tradicionales chocolates y monas de Pascua y como productos t\u00edpicos mallorquines por excelencia, estos d\u00edas encontraremos en cualquier lugar manjares tan exquisitos como las empanadas de carne, cocarrois, crespells, rubiols\u2026<\/p>\n<p style=\"text-align: center;\"><a href=\"https:\/\/www.porta-mallorquina.es\/blog\/semana-santa-en-mallorca\/crespells2\/\" rel=\"attachment wp-att-1307\"><img loading=\"lazy\" decoding=\"async\" class=\"aligncenter size-full wp-image-1307\" title=\"crespells2\" src=\"https:\/\/www.porta-mallorquina.es\/blog\/mallorca\/crespells2.jpg\" alt=\"\" width=\"583\" height=\"300\" \/><\/a>   <strong>Dulces t\u00edpicos de Semana Santa en Mallorca<\/strong><\/p>\n<p><a href=\"https:\/\/www.porta-mallorquina.es\/blog\/semana-santa-en-mallorca\/rubiols-1\/\" rel=\"attachment wp-att-1306\"><img loading=\"lazy\" decoding=\"async\" class=\"aligncenter size-medium wp-image-1306\" title=\"rubiols-1\" src=\"https:\/\/www.porta-mallorquina.es\/blog\/mallorca\/rubiols-1-300x225.jpg\" alt=\"\" width=\"300\" height=\"225\" \/><\/a><\/p>\n<p><strong>                                 Desde Porta Mallorquina os deseamos unas muy felices fiestas de Pascua!<\/strong><\/p>\n<p><a href=\"https:\/\/www.porta-mallorquina.es\/blog\/semana-santa-en-mallorca\/216615_507350975967921_164537273_n\/\" rel=\"attachment wp-att-1310\"><img loading=\"lazy\" decoding=\"async\" class=\"aligncenter size-full wp-image-1310\" title=\"PASCUA PORTA MALLORQUINA\" src=\"https:\/\/www.porta-mallorquina.es\/blog\/mallorca\/216615_507350975967921_164537273_n.png\" alt=\"\" width=\"567\" height=\"567\" \/><\/a><\/p>\n","protected":false},"excerpt":{"rendered":"<p>Se acercan las fiestas de Pascua y en toda Mallorca se vive con alegr\u00eda y sentimiento. La Semana Santa es la conmemoraci\u00f3n anual cristiana de la Pasi\u00f3n, Muerte y Resurrecci\u00f3n de Jes\u00fas, o lo que es igual, conmemorar sus \u00faltimos d\u00edas. Por ello, es un periodo de intensa actividad dentro de las diversas confesiones cristianas. [&hellip;]<\/p>\n","protected":false},"author":2,"featured_media":0,"comment_status":"open","ping_status":"open","sticky":false,"template":"","format":"standard","meta":{"footnotes":""},"categories":[4,5,3,6],"tags":[],"class_list":["post-1365","post","type-post","status-publish","format-standard","hentry","category-ciudad","category-culturales","category-eventos","category-mallorca"],"yoast_head":"<!-- This site is optimized with the Yoast SEO plugin v27.2 - https:\/\/yoast.com\/product\/yoast-seo-wordpress\/ -->\n<title>Semana Santa en Mallorca - Porta Mallorquina Blog<\/title>\n<meta name=\"robots\" content=\"index, follow, max-snippet:-1, max-image-preview:large, max-video-preview:-1\" \/>\n<link rel=\"canonical\" href=\"https:\/\/www.porta-mallorquina.es\/blog\/semana-santa-en-mallorca\/\" \/>\n<meta property=\"og:locale\" content=\"en_US\" \/>\n<meta property=\"og:type\" content=\"article\" \/>\n<meta property=\"og:title\" content=\"Semana Santa en Mallorca - Porta Mallorquina Blog\" \/>\n<meta property=\"og:description\" content=\"Se acercan las fiestas de Pascua y en toda Mallorca se vive con alegr\u00eda y sentimiento. La Semana Santa es la conmemoraci\u00f3n anual cristiana de la Pasi\u00f3n, Muerte y Resurrecci\u00f3n de Jes\u00fas, o lo que es igual, conmemorar sus \u00faltimos d\u00edas. Por ello, es un periodo de intensa actividad dentro de las diversas confesiones cristianas. [&hellip;]\" \/>\n<meta property=\"og:url\" content=\"https:\/\/www.porta-mallorquina.es\/blog\/semana-santa-en-mallorca\/\" \/>\n<meta property=\"og:site_name\" content=\"Porta Mallorquina Blog\" \/>\n<meta property=\"article:published_time\" content=\"2013-03-27T14:51:48+00:00\" \/>\n<meta property=\"article:modified_time\" content=\"2015-10-23T14:54:40+00:00\" \/>\n<meta property=\"og:image\" content=\"https:\/\/www.porta-mallorquina.es\/blog\/mallorca\/procession-pollensa.jpg\" \/>\n<meta name=\"author\" content=\"Porta Mallorquina\" \/>\n<meta name=\"twitter:card\" content=\"summary_large_image\" \/>\n<meta name=\"twitter:label1\" content=\"Written by\" \/>\n\t<meta name=\"twitter:data1\" content=\"Porta Mallorquina\" \/>\n\t<meta name=\"twitter:label2\" content=\"Est. reading time\" \/>\n\t<meta name=\"twitter:data2\" content=\"1 minute\" \/>\n<script type=\"application\/ld+json\" class=\"yoast-schema-graph\">{\"@context\":\"https:\/\/schema.org\",\"@graph\":[{\"@type\":\"Article\",\"@id\":\"https:\/\/www.porta-mallorquina.es\/blog\/semana-santa-en-mallorca\/#article\",\"isPartOf\":{\"@id\":\"https:\/\/www.porta-mallorquina.es\/blog\/semana-santa-en-mallorca\/\"},\"author\":{\"name\":\"Porta Mallorquina\",\"@id\":\"https:\/\/www.porta-mallorquina.es\/blog\/#\/schema\/person\/00d40468a84878931da4d5e16749c9f0\"},\"headline\":\"Semana Santa en Mallorca\",\"datePublished\":\"2013-03-27T14:51:48+00:00\",\"dateModified\":\"2015-10-23T14:54:40+00:00\",\"mainEntityOfPage\":{\"@id\":\"https:\/\/www.porta-mallorquina.es\/blog\/semana-santa-en-mallorca\/\"},\"wordCount\":213,\"commentCount\":0,\"publisher\":{\"@id\":\"https:\/\/www.porta-mallorquina.es\/blog\/#organization\"},\"image\":{\"@id\":\"https:\/\/www.porta-mallorquina.es\/blog\/semana-santa-en-mallorca\/#primaryimage\"},\"thumbnailUrl\":\"https:\/\/www.porta-mallorquina.es\/blog\/mallorca\/procession-pollensa.jpg\",\"articleSection\":[\"Ciudad\",\"Culturales\",\"Eventos\",\"Mallorca\"],\"inLanguage\":\"en-US\",\"potentialAction\":[{\"@type\":\"CommentAction\",\"name\":\"Comment\",\"target\":[\"https:\/\/www.porta-mallorquina.es\/blog\/semana-santa-en-mallorca\/#respond\"]}]},{\"@type\":\"WebPage\",\"@id\":\"https:\/\/www.porta-mallorquina.es\/blog\/semana-santa-en-mallorca\/\",\"url\":\"https:\/\/www.porta-mallorquina.es\/blog\/semana-santa-en-mallorca\/\",\"name\":\"Semana Santa en Mallorca - Porta Mallorquina Blog\",\"isPartOf\":{\"@id\":\"https:\/\/www.porta-mallorquina.es\/blog\/#website\"},\"primaryImageOfPage\":{\"@id\":\"https:\/\/www.porta-mallorquina.es\/blog\/semana-santa-en-mallorca\/#primaryimage\"},\"image\":{\"@id\":\"https:\/\/www.porta-mallorquina.es\/blog\/semana-santa-en-mallorca\/#primaryimage\"},\"thumbnailUrl\":\"https:\/\/www.porta-mallorquina.es\/blog\/mallorca\/procession-pollensa.jpg\",\"datePublished\":\"2013-03-27T14:51:48+00:00\",\"dateModified\":\"2015-10-23T14:54:40+00:00\",\"breadcrumb\":{\"@id\":\"https:\/\/www.porta-mallorquina.es\/blog\/semana-santa-en-mallorca\/#breadcrumb\"},\"inLanguage\":\"en-US\",\"potentialAction\":[{\"@type\":\"ReadAction\",\"target\":[\"https:\/\/www.porta-mallorquina.es\/blog\/semana-santa-en-mallorca\/\"]}]},{\"@type\":\"ImageObject\",\"inLanguage\":\"en-US\",\"@id\":\"https:\/\/www.porta-mallorquina.es\/blog\/semana-santa-en-mallorca\/#primaryimage\",\"url\":\"\",\"contentUrl\":\"\"},{\"@type\":\"BreadcrumbList\",\"@id\":\"https:\/\/www.porta-mallorquina.es\/blog\/semana-santa-en-mallorca\/#breadcrumb\",\"itemListElement\":[{\"@type\":\"ListItem\",\"position\":1,\"name\":\"Portada\",\"item\":\"https:\/\/www.porta-mallorquina.es\/blog\/\"},{\"@type\":\"ListItem\",\"position\":2,\"name\":\"Semana Santa en Mallorca\"}]},{\"@type\":\"WebSite\",\"@id\":\"https:\/\/www.porta-mallorquina.es\/blog\/#website\",\"url\":\"https:\/\/www.porta-mallorquina.es\/blog\/\",\"name\":\"Porta Mallorquina Blog\",\"description\":\"m\u00e1s que inmuebles de Mallorca\",\"publisher\":{\"@id\":\"https:\/\/www.porta-mallorquina.es\/blog\/#organization\"},\"potentialAction\":[{\"@type\":\"SearchAction\",\"target\":{\"@type\":\"EntryPoint\",\"urlTemplate\":\"https:\/\/www.porta-mallorquina.es\/blog\/?s={search_term_string}\"},\"query-input\":{\"@type\":\"PropertyValueSpecification\",\"valueRequired\":true,\"valueName\":\"search_term_string\"}}],\"inLanguage\":\"en-US\"},{\"@type\":\"Organization\",\"@id\":\"https:\/\/www.porta-mallorquina.es\/blog\/#organization\",\"name\":\"Porta Mallorquina Blog\",\"url\":\"https:\/\/www.porta-mallorquina.es\/blog\/\",\"logo\":{\"@type\":\"ImageObject\",\"inLanguage\":\"en-US\",\"@id\":\"https:\/\/www.porta-mallorquina.es\/blog\/#\/schema\/logo\/image\/\",\"url\":\"https:\/\/www.porta-mallorquina.es\/blog\/mallorca\/porta-mallorquina-real-estate-mallorca-logo.png\",\"contentUrl\":\"https:\/\/www.porta-mallorquina.es\/blog\/mallorca\/porta-mallorquina-real-estate-mallorca-logo.png\",\"width\":570,\"height\":400,\"caption\":\"Porta Mallorquina Blog\"},\"image\":{\"@id\":\"https:\/\/www.porta-mallorquina.es\/blog\/#\/schema\/logo\/image\/\"}},{\"@type\":\"Person\",\"@id\":\"https:\/\/www.porta-mallorquina.es\/blog\/#\/schema\/person\/00d40468a84878931da4d5e16749c9f0\",\"name\":\"Porta Mallorquina\",\"sameAs\":[\"https:\/\/www.porta-mallorquina.es\"],\"url\":\"https:\/\/www.porta-mallorquina.es\/blog\/author\/petraz\/\"}]}<\/script>\n<!-- \/ Yoast SEO plugin. -->","yoast_head_json":{"title":"Semana Santa en Mallorca - Porta Mallorquina Blog","robots":{"index":"index","follow":"follow","max-snippet":"max-snippet:-1","max-image-preview":"max-image-preview:large","max-video-preview":"max-video-preview:-1"},"canonical":"https:\/\/www.porta-mallorquina.es\/blog\/semana-santa-en-mallorca\/","og_locale":"en_US","og_type":"article","og_title":"Semana Santa en Mallorca - Porta Mallorquina Blog","og_description":"Se acercan las fiestas de Pascua y en toda Mallorca se vive con alegr\u00eda y sentimiento. La Semana Santa es la conmemoraci\u00f3n anual cristiana de la Pasi\u00f3n, Muerte y Resurrecci\u00f3n de Jes\u00fas, o lo que es igual, conmemorar sus \u00faltimos d\u00edas. Por ello, es un periodo de intensa actividad dentro de las diversas confesiones cristianas. [&hellip;]","og_url":"https:\/\/www.porta-mallorquina.es\/blog\/semana-santa-en-mallorca\/","og_site_name":"Porta Mallorquina Blog","article_published_time":"2013-03-27T14:51:48+00:00","article_modified_time":"2015-10-23T14:54:40+00:00","og_image":[{"url":"https:\/\/www.porta-mallorquina.es\/blog\/mallorca\/procession-pollensa.jpg","type":"","width":"","height":""}],"author":"Porta Mallorquina","twitter_card":"summary_large_image","twitter_misc":{"Written by":"Porta Mallorquina","Est. reading time":"1 minute"},"schema":{"@context":"https:\/\/schema.org","@graph":[{"@type":"Article","@id":"https:\/\/www.porta-mallorquina.es\/blog\/semana-santa-en-mallorca\/#article","isPartOf":{"@id":"https:\/\/www.porta-mallorquina.es\/blog\/semana-santa-en-mallorca\/"},"author":{"name":"Porta Mallorquina","@id":"https:\/\/www.porta-mallorquina.es\/blog\/#\/schema\/person\/00d40468a84878931da4d5e16749c9f0"},"headline":"Semana Santa en Mallorca","datePublished":"2013-03-27T14:51:48+00:00","dateModified":"2015-10-23T14:54:40+00:00","mainEntityOfPage":{"@id":"https:\/\/www.porta-mallorquina.es\/blog\/semana-santa-en-mallorca\/"},"wordCount":213,"commentCount":0,"publisher":{"@id":"https:\/\/www.porta-mallorquina.es\/blog\/#organization"},"image":{"@id":"https:\/\/www.porta-mallorquina.es\/blog\/semana-santa-en-mallorca\/#primaryimage"},"thumbnailUrl":"https:\/\/www.porta-mallorquina.es\/blog\/mallorca\/procession-pollensa.jpg","articleSection":["Ciudad","Culturales","Eventos","Mallorca"],"inLanguage":"en-US","potentialAction":[{"@type":"CommentAction","name":"Comment","target":["https:\/\/www.porta-mallorquina.es\/blog\/semana-santa-en-mallorca\/#respond"]}]},{"@type":"WebPage","@id":"https:\/\/www.porta-mallorquina.es\/blog\/semana-santa-en-mallorca\/","url":"https:\/\/www.porta-mallorquina.es\/blog\/semana-santa-en-mallorca\/","name":"Semana Santa en Mallorca - Porta Mallorquina Blog","isPartOf":{"@id":"https:\/\/www.porta-mallorquina.es\/blog\/#website"},"primaryImageOfPage":{"@id":"https:\/\/www.porta-mallorquina.es\/blog\/semana-santa-en-mallorca\/#primaryimage"},"image":{"@id":"https:\/\/www.porta-mallorquina.es\/blog\/semana-santa-en-mallorca\/#primaryimage"},"thumbnailUrl":"https:\/\/www.porta-mallorquina.es\/blog\/mallorca\/procession-pollensa.jpg","datePublished":"2013-03-27T14:51:48+00:00","dateModified":"2015-10-23T14:54:40+00:00","breadcrumb":{"@id":"https:\/\/www.porta-mallorquina.es\/blog\/semana-santa-en-mallorca\/#breadcrumb"},"inLanguage":"en-US","potentialAction":[{"@type":"ReadAction","target":["https:\/\/www.porta-mallorquina.es\/blog\/semana-santa-en-mallorca\/"]}]},{"@type":"ImageObject","inLanguage":"en-US","@id":"https:\/\/www.porta-mallorquina.es\/blog\/semana-santa-en-mallorca\/#primaryimage","url":"","contentUrl":""},{"@type":"BreadcrumbList","@id":"https:\/\/www.porta-mallorquina.es\/blog\/semana-santa-en-mallorca\/#breadcrumb","itemListElement":[{"@type":"ListItem","position":1,"name":"Portada","item":"https:\/\/www.porta-mallorquina.es\/blog\/"},{"@type":"ListItem","position":2,"name":"Semana Santa en Mallorca"}]},{"@type":"WebSite","@id":"https:\/\/www.porta-mallorquina.es\/blog\/#website","url":"https:\/\/www.porta-mallorquina.es\/blog\/","name":"Porta Mallorquina Blog","description":"m\u00e1s que inmuebles de Mallorca","publisher":{"@id":"https:\/\/www.porta-mallorquina.es\/blog\/#organization"},"potentialAction":[{"@type":"SearchAction","target":{"@type":"EntryPoint","urlTemplate":"https:\/\/www.porta-mallorquina.es\/blog\/?s={search_term_string}"},"query-input":{"@type":"PropertyValueSpecification","valueRequired":true,"valueName":"search_term_string"}}],"inLanguage":"en-US"},{"@type":"Organization","@id":"https:\/\/www.porta-mallorquina.es\/blog\/#organization","name":"Porta Mallorquina Blog","url":"https:\/\/www.porta-mallorquina.es\/blog\/","logo":{"@type":"ImageObject","inLanguage":"en-US","@id":"https:\/\/www.porta-mallorquina.es\/blog\/#\/schema\/logo\/image\/","url":"https:\/\/www.porta-mallorquina.es\/blog\/mallorca\/porta-mallorquina-real-estate-mallorca-logo.png","contentUrl":"https:\/\/www.porta-mallorquina.es\/blog\/mallorca\/porta-mallorquina-real-estate-mallorca-logo.png","width":570,"height":400,"caption":"Porta Mallorquina Blog"},"image":{"@id":"https:\/\/www.porta-mallorquina.es\/blog\/#\/schema\/logo\/image\/"}},{"@type":"Person","@id":"https:\/\/www.porta-mallorquina.es\/blog\/#\/schema\/person\/00d40468a84878931da4d5e16749c9f0","name":"Porta Mallorquina","sameAs":["https:\/\/www.porta-mallorquina.es"],"url":"https:\/\/www.porta-mallorquina.es\/blog\/author\/petraz\/"}]}},"_links":{"self":[{"href":"https:\/\/www.porta-mallorquina.es\/blog\/wp-json\/wp\/v2\/posts\/1365","targetHints":{"allow":["GET"]}}],"collection":[{"href":"https:\/\/www.porta-mallorquina.es\/blog\/wp-json\/wp\/v2\/posts"}],"about":[{"href":"https:\/\/www.porta-mallorquina.es\/blog\/wp-json\/wp\/v2\/types\/post"}],"author":[{"embeddable":true,"href":"https:\/\/www.porta-mallorquina.es\/blog\/wp-json\/wp\/v2\/users\/2"}],"replies":[{"embeddable":true,"href":"https:\/\/www.porta-mallorquina.es\/blog\/wp-json\/wp\/v2\/comments?post=1365"}],"version-history":[{"count":2,"href":"https:\/\/www.porta-mallorquina.es\/blog\/wp-json\/wp\/v2\/posts\/1365\/revisions"}],"predecessor-version":[{"id":1367,"href":"https:\/\/www.porta-mallorquina.es\/blog\/wp-json\/wp\/v2\/posts\/1365\/revisions\/1367"}],"wp:attachment":[{"href":"https:\/\/www.porta-mallorquina.es\/blog\/wp-json\/wp\/v2\/media?parent=1365"}],"wp:term":[{"taxonomy":"category","embeddable":true,"href":"https:\/\/www.porta-mallorquina.es\/blog\/wp-json\/wp\/v2\/categories?post=1365"},{"taxonomy":"post_tag","embeddable":true,"href":"https:\/\/www.porta-mallorquina.es\/blog\/wp-json\/wp\/v2\/tags?post=1365"}],"curies":[{"name":"wp","href":"https:\/\/api.w.org\/{rel}","templated":true}]}}