{"id":1376,"date":"2015-09-07T17:11:49","date_gmt":"2015-09-07T15:11:49","guid":{"rendered":"http:\/\/www.porta-mallorquina.es\/blog\/?p=1376"},"modified":"2015-10-23T17:19:26","modified_gmt":"2015-10-23T15:19:26","slug":"presentacion-del-catalogo-de-inmuebles-de-porta-mallorquina-en-santanyi","status":"publish","type":"post","link":"https:\/\/www.porta-mallorquina.es\/blog\/presentacion-del-catalogo-de-inmuebles-de-porta-mallorquina-en-santanyi\/","title":{"rendered":"Presentaci\u00f3n del cat\u00e1logo de inmuebles de Porta Mallorquina en Santany\u00ec"},"content":{"rendered":"<p>El 5 de septiembre el <a title=\"Zona de venta Sureste\" href=\"https:\/\/www.porta-mallorquina.es\/sureste\/\" target=\"_blank\">equipo sureste de Porta Mallorquina<\/a> invit\u00f3 a clientes, vecinos y amigos a celebrar el final del verano y present\u00f3 con esa ocasi\u00f3n el <strong>cat\u00e1logo de inmuebles de Porta Mallorquina<\/strong>, reci\u00e9n salido de la imprenta.<\/p>\n<div id=\"attachment_2921\" class=\"wp-caption aligncenter\" style=\"width: 600px\"><img loading=\"lazy\" decoding=\"async\" class=\"wp-image-2921 size-full\" title=\"Los anfitriones en Santany\u00ec (de izquierda a derecha): los socios de franquicia Martin y Andrea Wenskus con el asesor inmobiliario Pascal Heber\" src=\"https:\/\/www.porta-mallorquina.es\/blog\/mallorca\/equipo-porta-mallorquina-santanyi.jpg\" alt=\"Los anfitriones en Santany\u00ec (de izquierda a derecha): los socios de franquicia Martin y Andrea Wenskus con el asesor inmobiliario Pascal Heber\" width=\"600\" height=\"400\" \/><\/p>\n<p class=\"wp-caption-text\">Los anfitriones en Santany\u00ec (de izquierda a derecha): los socios de franquicia Martin y Andrea Wenskus con el asesor inmobiliario Pascal Heber<\/p>\n<\/div>\n<p>Alrededor de 30 invitados se reunieron por la tarde en la <strong>calle Sebasti\u00e1n Vila, 6<\/strong> a fin de intercambiar experiencias y hablar con los expertos inmobiliarios mientras degustaban una copa de cava y sabrosas tapas, para terminar llev\u00e1ndose a casa el cat\u00e1logo inmobiliario de Porta Mallorquina.<\/p>\n<div id=\"attachment_2922\" class=\"wp-caption aligncenter\" style=\"width: 600px\"><img loading=\"lazy\" decoding=\"async\" class=\"size-full wp-image-2922\" src=\"https:\/\/www.porta-mallorquina.es\/blog\/mallorca\/porta-mallorquina-santanyi.jpg\" alt=\"Numerosos clientes y propietarios utilizaron la oportunidad de intercambiar experiencias personalmente con los expertos inmobiliarios.\" width=\"600\" height=\"418\" \/><\/p>\n<p class=\"wp-caption-text\">Numerosos clientes y propietarios utilizaron la oportunidad de intercambiar experiencias personalmente con los expertos inmobiliarios.<\/p>\n<\/div>\n<p>Los anfitriones y socios de franquicia del sureste de la isla, <strong>Martin Wenskus<\/strong> y <strong>Andrea K\u00f6nig-Wenskus<\/strong>, quedaron satisfechos con la resonancia obtenida. Martin Wenskus tiene previsto organizar m\u00e1s actos de este tipo en el futuro:<\/p>\n<blockquote>\n<p>\u201cDeseamos que los clientes experimenten personalmente que con la nueva direcci\u00f3n soplan tambi\u00e9n &#8220;nuevos aires&#8221; en la zona de ventas del sureste. Buscamos el di\u00e1logo con nuestros clientes, y tambi\u00e9n queremos mantener un contacto activo con nuestros propietarios. Estos actos, peque\u00f1os pero muy agradables, son ideales para ello\u201d.<\/p>\n<\/blockquote>\n<p>Encontrar\u00e1 m\u00e1s fotos de este acto en <a title=\"Facebook\" href=\"https:\/\/www.facebook.com\/media\/set\/?set=a.10153208161156376.1073741854.162106671375&amp;type=1&amp;l=2f541a3137\" target=\"_blank\"><strong>Facebook<\/strong><\/a><\/p>\n","protected":false},"excerpt":{"rendered":"<p>El 5 de septiembre el equipo sureste de Porta Mallorquina invit\u00f3 a clientes, vecinos y amigos a celebrar el final del verano y present\u00f3 con esa ocasi\u00f3n el cat\u00e1logo de inmuebles de Porta Mallorquina, reci\u00e9n salido de la imprenta. Los anfitriones en Santany\u00ec (de izquierda a derecha): los socios de franquicia Martin y Andrea Wenskus [&hellip;]<\/p>\n","protected":false},"author":2,"featured_media":0,"comment_status":"open","ping_status":"open","sticky":false,"template":"","format":"standard","meta":{"footnotes":""},"categories":[3,9],"tags":[],"class_list":["post-1376","post","type-post","status-publish","format-standard","hentry","category-eventos","category-porta-mallorquina"],"yoast_head":"<!-- This site is optimized with the Yoast SEO plugin v27.2 - https:\/\/yoast.com\/product\/yoast-seo-wordpress\/ -->\n<title>Presentaci\u00f3n del cat\u00e1logo de inmuebles de Porta Mallorquina en Santany\u00ec - Porta Mallorquina Blog<\/title>\n<meta name=\"robots\" content=\"index, follow, max-snippet:-1, max-image-preview:large, max-video-preview:-1\" \/>\n<link rel=\"canonical\" href=\"https:\/\/www.porta-mallorquina.es\/blog\/presentacion-del-catalogo-de-inmuebles-de-porta-mallorquina-en-santanyi\/\" \/>\n<meta property=\"og:locale\" content=\"en_US\" \/>\n<meta property=\"og:type\" content=\"article\" \/>\n<meta property=\"og:title\" content=\"Presentaci\u00f3n del cat\u00e1logo de inmuebles de Porta Mallorquina en Santany\u00ec - Porta Mallorquina Blog\" \/>\n<meta property=\"og:description\" content=\"El 5 de septiembre el equipo sureste de Porta Mallorquina invit\u00f3 a clientes, vecinos y amigos a celebrar el final del verano y present\u00f3 con esa ocasi\u00f3n el cat\u00e1logo de inmuebles de Porta Mallorquina, reci\u00e9n salido de la imprenta. Los anfitriones en Santany\u00ec (de izquierda a derecha): los socios de franquicia Martin y Andrea Wenskus [&hellip;]\" \/>\n<meta property=\"og:url\" content=\"https:\/\/www.porta-mallorquina.es\/blog\/presentacion-del-catalogo-de-inmuebles-de-porta-mallorquina-en-santanyi\/\" \/>\n<meta property=\"og:site_name\" content=\"Porta Mallorquina Blog\" \/>\n<meta property=\"article:published_time\" content=\"2015-09-07T15:11:49+00:00\" \/>\n<meta property=\"article:modified_time\" content=\"2015-10-23T15:19:26+00:00\" \/>\n<meta property=\"og:image\" content=\"https:\/\/www.porta-mallorquina.es\/blog\/mallorca\/equipo-porta-mallorquina-santanyi.jpg\" \/>\n<meta name=\"author\" content=\"Porta Mallorquina\" \/>\n<meta name=\"twitter:card\" content=\"summary_large_image\" \/>\n<meta name=\"twitter:label1\" content=\"Written by\" \/>\n\t<meta name=\"twitter:data1\" content=\"Porta Mallorquina\" \/>\n\t<meta name=\"twitter:label2\" content=\"Est. reading time\" \/>\n\t<meta name=\"twitter:data2\" content=\"1 minute\" \/>\n<script type=\"application\/ld+json\" class=\"yoast-schema-graph\">{\"@context\":\"https:\/\/schema.org\",\"@graph\":[{\"@type\":\"Article\",\"@id\":\"https:\/\/www.porta-mallorquina.es\/blog\/presentacion-del-catalogo-de-inmuebles-de-porta-mallorquina-en-santanyi\/#article\",\"isPartOf\":{\"@id\":\"https:\/\/www.porta-mallorquina.es\/blog\/presentacion-del-catalogo-de-inmuebles-de-porta-mallorquina-en-santanyi\/\"},\"author\":{\"name\":\"Porta Mallorquina\",\"@id\":\"https:\/\/www.porta-mallorquina.es\/blog\/#\/schema\/person\/00d40468a84878931da4d5e16749c9f0\"},\"headline\":\"Presentaci\u00f3n del cat\u00e1logo de inmuebles de Porta Mallorquina en Santany\u00ec\",\"datePublished\":\"2015-09-07T15:11:49+00:00\",\"dateModified\":\"2015-10-23T15:19:26+00:00\",\"mainEntityOfPage\":{\"@id\":\"https:\/\/www.porta-mallorquina.es\/blog\/presentacion-del-catalogo-de-inmuebles-de-porta-mallorquina-en-santanyi\/\"},\"wordCount\":236,\"commentCount\":0,\"publisher\":{\"@id\":\"https:\/\/www.porta-mallorquina.es\/blog\/#organization\"},\"image\":{\"@id\":\"https:\/\/www.porta-mallorquina.es\/blog\/presentacion-del-catalogo-de-inmuebles-de-porta-mallorquina-en-santanyi\/#primaryimage\"},\"thumbnailUrl\":\"https:\/\/www.porta-mallorquina.es\/blog\/mallorca\/equipo-porta-mallorquina-santanyi.jpg\",\"articleSection\":[\"Eventos\",\"Porta Mallorquina\"],\"inLanguage\":\"en-US\",\"potentialAction\":[{\"@type\":\"CommentAction\",\"name\":\"Comment\",\"target\":[\"https:\/\/www.porta-mallorquina.es\/blog\/presentacion-del-catalogo-de-inmuebles-de-porta-mallorquina-en-santanyi\/#respond\"]}]},{\"@type\":\"WebPage\",\"@id\":\"https:\/\/www.porta-mallorquina.es\/blog\/presentacion-del-catalogo-de-inmuebles-de-porta-mallorquina-en-santanyi\/\",\"url\":\"https:\/\/www.porta-mallorquina.es\/blog\/presentacion-del-catalogo-de-inmuebles-de-porta-mallorquina-en-santanyi\/\",\"name\":\"Presentaci\u00f3n del cat\u00e1logo de inmuebles de Porta Mallorquina en Santany\u00ec - Porta Mallorquina Blog\",\"isPartOf\":{\"@id\":\"https:\/\/www.porta-mallorquina.es\/blog\/#website\"},\"primaryImageOfPage\":{\"@id\":\"https:\/\/www.porta-mallorquina.es\/blog\/presentacion-del-catalogo-de-inmuebles-de-porta-mallorquina-en-santanyi\/#primaryimage\"},\"image\":{\"@id\":\"https:\/\/www.porta-mallorquina.es\/blog\/presentacion-del-catalogo-de-inmuebles-de-porta-mallorquina-en-santanyi\/#primaryimage\"},\"thumbnailUrl\":\"https:\/\/www.porta-mallorquina.es\/blog\/mallorca\/equipo-porta-mallorquina-santanyi.jpg\",\"datePublished\":\"2015-09-07T15:11:49+00:00\",\"dateModified\":\"2015-10-23T15:19:26+00:00\",\"breadcrumb\":{\"@id\":\"https:\/\/www.porta-mallorquina.es\/blog\/presentacion-del-catalogo-de-inmuebles-de-porta-mallorquina-en-santanyi\/#breadcrumb\"},\"inLanguage\":\"en-US\",\"potentialAction\":[{\"@type\":\"ReadAction\",\"target\":[\"https:\/\/www.porta-mallorquina.es\/blog\/presentacion-del-catalogo-de-inmuebles-de-porta-mallorquina-en-santanyi\/\"]}]},{\"@type\":\"ImageObject\",\"inLanguage\":\"en-US\",\"@id\":\"https:\/\/www.porta-mallorquina.es\/blog\/presentacion-del-catalogo-de-inmuebles-de-porta-mallorquina-en-santanyi\/#primaryimage\",\"url\":\"\",\"contentUrl\":\"\"},{\"@type\":\"BreadcrumbList\",\"@id\":\"https:\/\/www.porta-mallorquina.es\/blog\/presentacion-del-catalogo-de-inmuebles-de-porta-mallorquina-en-santanyi\/#breadcrumb\",\"itemListElement\":[{\"@type\":\"ListItem\",\"position\":1,\"name\":\"Portada\",\"item\":\"https:\/\/www.porta-mallorquina.es\/blog\/\"},{\"@type\":\"ListItem\",\"position\":2,\"name\":\"Presentaci\u00f3n del cat\u00e1logo de inmuebles de Porta Mallorquina en Santany\u00ec\"}]},{\"@type\":\"WebSite\",\"@id\":\"https:\/\/www.porta-mallorquina.es\/blog\/#website\",\"url\":\"https:\/\/www.porta-mallorquina.es\/blog\/\",\"name\":\"Porta Mallorquina Blog\",\"description\":\"m\u00e1s que inmuebles de Mallorca\",\"publisher\":{\"@id\":\"https:\/\/www.porta-mallorquina.es\/blog\/#organization\"},\"potentialAction\":[{\"@type\":\"SearchAction\",\"target\":{\"@type\":\"EntryPoint\",\"urlTemplate\":\"https:\/\/www.porta-mallorquina.es\/blog\/?s={search_term_string}\"},\"query-input\":{\"@type\":\"PropertyValueSpecification\",\"valueRequired\":true,\"valueName\":\"search_term_string\"}}],\"inLanguage\":\"en-US\"},{\"@type\":\"Organization\",\"@id\":\"https:\/\/www.porta-mallorquina.es\/blog\/#organization\",\"name\":\"Porta Mallorquina Blog\",\"url\":\"https:\/\/www.porta-mallorquina.es\/blog\/\",\"logo\":{\"@type\":\"ImageObject\",\"inLanguage\":\"en-US\",\"@id\":\"https:\/\/www.porta-mallorquina.es\/blog\/#\/schema\/logo\/image\/\",\"url\":\"https:\/\/www.porta-mallorquina.es\/blog\/mallorca\/porta-mallorquina-real-estate-mallorca-logo.png\",\"contentUrl\":\"https:\/\/www.porta-mallorquina.es\/blog\/mallorca\/porta-mallorquina-real-estate-mallorca-logo.png\",\"width\":570,\"height\":400,\"caption\":\"Porta Mallorquina Blog\"},\"image\":{\"@id\":\"https:\/\/www.porta-mallorquina.es\/blog\/#\/schema\/logo\/image\/\"}},{\"@type\":\"Person\",\"@id\":\"https:\/\/www.porta-mallorquina.es\/blog\/#\/schema\/person\/00d40468a84878931da4d5e16749c9f0\",\"name\":\"Porta Mallorquina\",\"sameAs\":[\"https:\/\/www.porta-mallorquina.es\"],\"url\":\"https:\/\/www.porta-mallorquina.es\/blog\/author\/petraz\/\"}]}<\/script>\n<!-- \/ Yoast SEO plugin. -->","yoast_head_json":{"title":"Presentaci\u00f3n del cat\u00e1logo de inmuebles de Porta Mallorquina en Santany\u00ec - Porta Mallorquina Blog","robots":{"index":"index","follow":"follow","max-snippet":"max-snippet:-1","max-image-preview":"max-image-preview:large","max-video-preview":"max-video-preview:-1"},"canonical":"https:\/\/www.porta-mallorquina.es\/blog\/presentacion-del-catalogo-de-inmuebles-de-porta-mallorquina-en-santanyi\/","og_locale":"en_US","og_type":"article","og_title":"Presentaci\u00f3n del cat\u00e1logo de inmuebles de Porta Mallorquina en Santany\u00ec - Porta Mallorquina Blog","og_description":"El 5 de septiembre el equipo sureste de Porta Mallorquina invit\u00f3 a clientes, vecinos y amigos a celebrar el final del verano y present\u00f3 con esa ocasi\u00f3n el cat\u00e1logo de inmuebles de Porta Mallorquina, reci\u00e9n salido de la imprenta. Los anfitriones en Santany\u00ec (de izquierda a derecha): los socios de franquicia Martin y Andrea Wenskus [&hellip;]","og_url":"https:\/\/www.porta-mallorquina.es\/blog\/presentacion-del-catalogo-de-inmuebles-de-porta-mallorquina-en-santanyi\/","og_site_name":"Porta Mallorquina Blog","article_published_time":"2015-09-07T15:11:49+00:00","article_modified_time":"2015-10-23T15:19:26+00:00","og_image":[{"url":"https:\/\/www.porta-mallorquina.es\/blog\/mallorca\/equipo-porta-mallorquina-santanyi.jpg","type":"","width":"","height":""}],"author":"Porta Mallorquina","twitter_card":"summary_large_image","twitter_misc":{"Written by":"Porta Mallorquina","Est. reading time":"1 minute"},"schema":{"@context":"https:\/\/schema.org","@graph":[{"@type":"Article","@id":"https:\/\/www.porta-mallorquina.es\/blog\/presentacion-del-catalogo-de-inmuebles-de-porta-mallorquina-en-santanyi\/#article","isPartOf":{"@id":"https:\/\/www.porta-mallorquina.es\/blog\/presentacion-del-catalogo-de-inmuebles-de-porta-mallorquina-en-santanyi\/"},"author":{"name":"Porta Mallorquina","@id":"https:\/\/www.porta-mallorquina.es\/blog\/#\/schema\/person\/00d40468a84878931da4d5e16749c9f0"},"headline":"Presentaci\u00f3n del cat\u00e1logo de inmuebles de Porta Mallorquina en Santany\u00ec","datePublished":"2015-09-07T15:11:49+00:00","dateModified":"2015-10-23T15:19:26+00:00","mainEntityOfPage":{"@id":"https:\/\/www.porta-mallorquina.es\/blog\/presentacion-del-catalogo-de-inmuebles-de-porta-mallorquina-en-santanyi\/"},"wordCount":236,"commentCount":0,"publisher":{"@id":"https:\/\/www.porta-mallorquina.es\/blog\/#organization"},"image":{"@id":"https:\/\/www.porta-mallorquina.es\/blog\/presentacion-del-catalogo-de-inmuebles-de-porta-mallorquina-en-santanyi\/#primaryimage"},"thumbnailUrl":"https:\/\/www.porta-mallorquina.es\/blog\/mallorca\/equipo-porta-mallorquina-santanyi.jpg","articleSection":["Eventos","Porta Mallorquina"],"inLanguage":"en-US","potentialAction":[{"@type":"CommentAction","name":"Comment","target":["https:\/\/www.porta-mallorquina.es\/blog\/presentacion-del-catalogo-de-inmuebles-de-porta-mallorquina-en-santanyi\/#respond"]}]},{"@type":"WebPage","@id":"https:\/\/www.porta-mallorquina.es\/blog\/presentacion-del-catalogo-de-inmuebles-de-porta-mallorquina-en-santanyi\/","url":"https:\/\/www.porta-mallorquina.es\/blog\/presentacion-del-catalogo-de-inmuebles-de-porta-mallorquina-en-santanyi\/","name":"Presentaci\u00f3n del cat\u00e1logo de inmuebles de Porta Mallorquina en Santany\u00ec - Porta Mallorquina Blog","isPartOf":{"@id":"https:\/\/www.porta-mallorquina.es\/blog\/#website"},"primaryImageOfPage":{"@id":"https:\/\/www.porta-mallorquina.es\/blog\/presentacion-del-catalogo-de-inmuebles-de-porta-mallorquina-en-santanyi\/#primaryimage"},"image":{"@id":"https:\/\/www.porta-mallorquina.es\/blog\/presentacion-del-catalogo-de-inmuebles-de-porta-mallorquina-en-santanyi\/#primaryimage"},"thumbnailUrl":"https:\/\/www.porta-mallorquina.es\/blog\/mallorca\/equipo-porta-mallorquina-santanyi.jpg","datePublished":"2015-09-07T15:11:49+00:00","dateModified":"2015-10-23T15:19:26+00:00","breadcrumb":{"@id":"https:\/\/www.porta-mallorquina.es\/blog\/presentacion-del-catalogo-de-inmuebles-de-porta-mallorquina-en-santanyi\/#breadcrumb"},"inLanguage":"en-US","potentialAction":[{"@type":"ReadAction","target":["https:\/\/www.porta-mallorquina.es\/blog\/presentacion-del-catalogo-de-inmuebles-de-porta-mallorquina-en-santanyi\/"]}]},{"@type":"ImageObject","inLanguage":"en-US","@id":"https:\/\/www.porta-mallorquina.es\/blog\/presentacion-del-catalogo-de-inmuebles-de-porta-mallorquina-en-santanyi\/#primaryimage","url":"","contentUrl":""},{"@type":"BreadcrumbList","@id":"https:\/\/www.porta-mallorquina.es\/blog\/presentacion-del-catalogo-de-inmuebles-de-porta-mallorquina-en-santanyi\/#breadcrumb","itemListElement":[{"@type":"ListItem","position":1,"name":"Portada","item":"https:\/\/www.porta-mallorquina.es\/blog\/"},{"@type":"ListItem","position":2,"name":"Presentaci\u00f3n del cat\u00e1logo de inmuebles de Porta Mallorquina en Santany\u00ec"}]},{"@type":"WebSite","@id":"https:\/\/www.porta-mallorquina.es\/blog\/#website","url":"https:\/\/www.porta-mallorquina.es\/blog\/","name":"Porta Mallorquina Blog","description":"m\u00e1s que inmuebles de Mallorca","publisher":{"@id":"https:\/\/www.porta-mallorquina.es\/blog\/#organization"},"potentialAction":[{"@type":"SearchAction","target":{"@type":"EntryPoint","urlTemplate":"https:\/\/www.porta-mallorquina.es\/blog\/?s={search_term_string}"},"query-input":{"@type":"PropertyValueSpecification","valueRequired":true,"valueName":"search_term_string"}}],"inLanguage":"en-US"},{"@type":"Organization","@id":"https:\/\/www.porta-mallorquina.es\/blog\/#organization","name":"Porta Mallorquina Blog","url":"https:\/\/www.porta-mallorquina.es\/blog\/","logo":{"@type":"ImageObject","inLanguage":"en-US","@id":"https:\/\/www.porta-mallorquina.es\/blog\/#\/schema\/logo\/image\/","url":"https:\/\/www.porta-mallorquina.es\/blog\/mallorca\/porta-mallorquina-real-estate-mallorca-logo.png","contentUrl":"https:\/\/www.porta-mallorquina.es\/blog\/mallorca\/porta-mallorquina-real-estate-mallorca-logo.png","width":570,"height":400,"caption":"Porta Mallorquina Blog"},"image":{"@id":"https:\/\/www.porta-mallorquina.es\/blog\/#\/schema\/logo\/image\/"}},{"@type":"Person","@id":"https:\/\/www.porta-mallorquina.es\/blog\/#\/schema\/person\/00d40468a84878931da4d5e16749c9f0","name":"Porta Mallorquina","sameAs":["https:\/\/www.porta-mallorquina.es"],"url":"https:\/\/www.porta-mallorquina.es\/blog\/author\/petraz\/"}]}},"_links":{"self":[{"href":"https:\/\/www.porta-mallorquina.es\/blog\/wp-json\/wp\/v2\/posts\/1376","targetHints":{"allow":["GET"]}}],"collection":[{"href":"https:\/\/www.porta-mallorquina.es\/blog\/wp-json\/wp\/v2\/posts"}],"about":[{"href":"https:\/\/www.porta-mallorquina.es\/blog\/wp-json\/wp\/v2\/types\/post"}],"author":[{"embeddable":true,"href":"https:\/\/www.porta-mallorquina.es\/blog\/wp-json\/wp\/v2\/users\/2"}],"replies":[{"embeddable":true,"href":"https:\/\/www.porta-mallorquina.es\/blog\/wp-json\/wp\/v2\/comments?post=1376"}],"version-history":[{"count":1,"href":"https:\/\/www.porta-mallorquina.es\/blog\/wp-json\/wp\/v2\/posts\/1376\/revisions"}],"predecessor-version":[{"id":1377,"href":"https:\/\/www.porta-mallorquina.es\/blog\/wp-json\/wp\/v2\/posts\/1376\/revisions\/1377"}],"wp:attachment":[{"href":"https:\/\/www.porta-mallorquina.es\/blog\/wp-json\/wp\/v2\/media?parent=1376"}],"wp:term":[{"taxonomy":"category","embeddable":true,"href":"https:\/\/www.porta-mallorquina.es\/blog\/wp-json\/wp\/v2\/categories?post=1376"},{"taxonomy":"post_tag","embeddable":true,"href":"https:\/\/www.porta-mallorquina.es\/blog\/wp-json\/wp\/v2\/tags?post=1376"}],"curies":[{"name":"wp","href":"https:\/\/api.w.org\/{rel}","templated":true}]}}