{"id":1378,"date":"2014-10-05T17:19:30","date_gmt":"2014-10-05T15:19:30","guid":{"rendered":"http:\/\/www.porta-mallorquina.es\/blog\/?p=1378"},"modified":"2015-10-23T17:24:10","modified_gmt":"2015-10-23T15:24:10","slug":"retrato-barbara-de-matos-socia-de-franquicia-de-mallorca-sur","status":"publish","type":"post","link":"https:\/\/www.porta-mallorquina.es\/blog\/retrato-barbara-de-matos-socia-de-franquicia-de-mallorca-sur\/","title":{"rendered":"Retrato: Barbara de Matos, socia de franquicia de Mallorca Sur"},"content":{"rendered":"<p class=\"mceTemp\"><strong class=\"wp-caption-dd\">Barbara de Matos<\/strong>, portuguesa de nacimiento, se ha criado entre Portugal y Alemania, pa\u00eds en el que fue escolarizada. En 2004 empez\u00f3 a trabajar como agente inmobiliario por cuenta propia en Kaiserslautern, Alemania, pero su amor por el sur la llev\u00f3 de nuevo a instalarse cerca del mar. En abril de 2011 lleg\u00f3 a Mallorca y, en agosto de ese mismo a\u00f1o, adquiri\u00f3 la licencia de franquicia de Porta Mallorquina para <a href=\"https:\/\/www.porta-mallorquina.es\/sur\/\" target=\"_blank\">la zona de venta para el sur de Mallorca<\/a>.<\/p>\n<p>En la actualidad, esta portuguesa de 33 a\u00f1os vive con sus dos hijos, de 4 y 11 a\u00f1os de edad, en la id\u00edlica y peque\u00f1a ciudad de <a href=\"https:\/\/www.porta-mallorquina.es\/inmobiliaria\/comprar\/llucmajor\/\" target=\"_blank\">Llucmajor<\/a>, donde regenta la tienda inmobiliaria de Porta Mallorquina en la Ronda del Migjorn 115. Le encanta pasear por los mercados semanales, encontrarse con sus amigos en uno de los numerosos caf\u00e9s y descubrir las maravillas de la isla con sus hijos.<\/p>\n<div id=\"attachment_1919\" class=\"wp-caption alignleft\" style=\"width: 173px\"><a href=\"https:\/\/www.porta-mallorquina.es\/blog\/retrato-barbara-de-matos-socia-de-franquicia-de-mallorca-sur\/barbara-dematos\/\" rel=\"attachment wp-att-1919\"><img loading=\"lazy\" decoding=\"async\" class=\" wp-image-1919  \" title=\"Barbara-dematos\" src=\"https:\/\/www.porta-mallorquina.es\/blog\/mallorca\/Barbara-dematos.jpg\" alt=\"\" width=\"173\" height=\"221\" \/><\/a><\/p>\n<p class=\"wp-caption-text\">Barbara de Matos, socia de franquicia de Porta Mallorquina en Mallorca Sur<\/p>\n<\/div>\n<p>Barbara, \u00bfqu\u00e9 tiene Mallorca de especial para usted?<\/p>\n<p>Sin lugar a dudas, su diversidad. Se puede llegar f\u00e1cilmente a cualquier sitio: las <strong>monta\u00f1as<\/strong> y el <strong>mar<\/strong> est\u00e1n pr\u00e1cticamente en la puerta de casa. La oferta de ocio \u2015ya sea deportiva, cultural o nocturna\u2015 y la calidad de vida de Mallorca me parecen muy atractivas. Aqu\u00ed, bajo el sol mediterr\u00e1neo, se trabaja de forma mucho m\u00e1s relajada y se conoce a gente muy diferente e interesante.<\/p>\n<blockquote>\n<p>Si Mallorca fuera una pieza musical, ser\u00eda\u2026<\/p>\n<\/blockquote>\n<p><strong>\u00a1ONE de U2!<\/strong> O te gusta, o no te gusta.<\/p>\n<blockquote>\n<p>\u00bfQu\u00e9 sitio ense\u00f1a en primer lugar a las visitas?<\/p>\n<\/blockquote>\n<p>El <strong>Mhares Sea Club  en el Puig de Ros<\/strong>. Desde su plataforma natural con piscina y su restaurante chill-out-lounge se disfruta de unas vistas magn\u00edficas y cuenta con una oferta extraordinaria de actos y espect\u00e1culos (desfiles de moda, m\u00fasica en directo, etc.).<\/p>\n<blockquote>\n<p>\u00bfCu\u00e1l es su restaurante favorito de Mallorca?<\/p>\n<\/blockquote>\n<p><strong>Las Sirenas<\/strong> en el puerto n\u00e1utico de S\u00b4Arenal. Es un excelente restaurante de pescado situado al lado del mar.<\/p>\n<blockquote>\n<p>Como portuguesa, vivir en Mallorca es\u2026<\/p>\n<\/blockquote>\n<p>\u2026. \u00a1Un trocito de hogar!  El estilo de vida mediterr\u00e1neo y el amor por las cosas sencillas.<\/p>\n<div id=\"attachment_1911\" class=\"wp-caption aligncenter\" style=\"width: 640px\"><a href=\"https:\/\/www.porta-mallorquina.es\/blog\/retrato-barbara-de-matos-socia-de-franquicia-de-mallorca-sur\/barbara-de-matos-familie\/\" rel=\"attachment wp-att-1911\"><img loading=\"lazy\" decoding=\"async\" class=\"wp-image-1911  \" title=\"barbara de matos con su familia\" src=\"https:\/\/www.porta-mallorquina.es\/blog\/mallorca\/barbara-de-matos-familie.jpg\" alt=\"\" width=\"640\" height=\"478\" \/><\/a><\/p>\n<p class=\"wp-caption-text\">Barbara de Matos con sus dos hijos<\/p>\n<\/div>\n","protected":false},"excerpt":{"rendered":"<p>Barbara de Matos, portuguesa de nacimiento, se ha criado entre Portugal y Alemania, pa\u00eds en el que fue escolarizada. En 2004 empez\u00f3 a trabajar como agente inmobiliario por cuenta propia en Kaiserslautern, Alemania, pero su amor por el sur la llev\u00f3 de nuevo a instalarse cerca del mar. En abril de 2011 lleg\u00f3 a Mallorca [&hellip;]<\/p>\n","protected":false},"author":2,"featured_media":0,"comment_status":"open","ping_status":"open","sticky":false,"template":"","format":"standard","meta":{"footnotes":""},"categories":[8,9],"tags":[],"class_list":["post-1378","post","type-post","status-publish","format-standard","hentry","category-franquicia","category-porta-mallorquina"],"yoast_head":"<!-- This site is optimized with the Yoast SEO plugin v27.2 - https:\/\/yoast.com\/product\/yoast-seo-wordpress\/ -->\n<title>Retrato: Barbara de Matos, socia de franquicia de Mallorca Sur - Porta Mallorquina Blog<\/title>\n<meta name=\"robots\" content=\"index, follow, max-snippet:-1, max-image-preview:large, max-video-preview:-1\" \/>\n<link rel=\"canonical\" href=\"https:\/\/www.porta-mallorquina.es\/blog\/retrato-barbara-de-matos-socia-de-franquicia-de-mallorca-sur\/\" \/>\n<meta property=\"og:locale\" content=\"en_US\" \/>\n<meta property=\"og:type\" content=\"article\" \/>\n<meta property=\"og:title\" content=\"Retrato: Barbara de Matos, socia de franquicia de Mallorca Sur - Porta Mallorquina Blog\" \/>\n<meta property=\"og:description\" content=\"Barbara de Matos, portuguesa de nacimiento, se ha criado entre Portugal y Alemania, pa\u00eds en el que fue escolarizada. En 2004 empez\u00f3 a trabajar como agente inmobiliario por cuenta propia en Kaiserslautern, Alemania, pero su amor por el sur la llev\u00f3 de nuevo a instalarse cerca del mar. En abril de 2011 lleg\u00f3 a Mallorca [&hellip;]\" \/>\n<meta property=\"og:url\" content=\"https:\/\/www.porta-mallorquina.es\/blog\/retrato-barbara-de-matos-socia-de-franquicia-de-mallorca-sur\/\" \/>\n<meta property=\"og:site_name\" content=\"Porta Mallorquina Blog\" \/>\n<meta property=\"article:published_time\" content=\"2014-10-05T15:19:30+00:00\" \/>\n<meta property=\"article:modified_time\" content=\"2015-10-23T15:24:10+00:00\" \/>\n<meta property=\"og:image\" content=\"https:\/\/www.porta-mallorquina.es\/blog\/mallorca\/Barbara-dematos.jpg\" \/>\n<meta name=\"author\" content=\"Porta Mallorquina\" \/>\n<meta name=\"twitter:card\" content=\"summary_large_image\" \/>\n<meta name=\"twitter:label1\" content=\"Written by\" \/>\n\t<meta name=\"twitter:data1\" content=\"Porta Mallorquina\" \/>\n\t<meta name=\"twitter:label2\" content=\"Est. reading time\" \/>\n\t<meta name=\"twitter:data2\" content=\"2 minutes\" \/>\n<script type=\"application\/ld+json\" class=\"yoast-schema-graph\">{\"@context\":\"https:\/\/schema.org\",\"@graph\":[{\"@type\":\"Article\",\"@id\":\"https:\/\/www.porta-mallorquina.es\/blog\/retrato-barbara-de-matos-socia-de-franquicia-de-mallorca-sur\/#article\",\"isPartOf\":{\"@id\":\"https:\/\/www.porta-mallorquina.es\/blog\/retrato-barbara-de-matos-socia-de-franquicia-de-mallorca-sur\/\"},\"author\":{\"name\":\"Porta Mallorquina\",\"@id\":\"https:\/\/www.porta-mallorquina.es\/blog\/#\/schema\/person\/00d40468a84878931da4d5e16749c9f0\"},\"headline\":\"Retrato: Barbara de Matos, socia de franquicia de Mallorca Sur\",\"datePublished\":\"2014-10-05T15:19:30+00:00\",\"dateModified\":\"2015-10-23T15:24:10+00:00\",\"mainEntityOfPage\":{\"@id\":\"https:\/\/www.porta-mallorquina.es\/blog\/retrato-barbara-de-matos-socia-de-franquicia-de-mallorca-sur\/\"},\"wordCount\":385,\"commentCount\":0,\"publisher\":{\"@id\":\"https:\/\/www.porta-mallorquina.es\/blog\/#organization\"},\"image\":{\"@id\":\"https:\/\/www.porta-mallorquina.es\/blog\/retrato-barbara-de-matos-socia-de-franquicia-de-mallorca-sur\/#primaryimage\"},\"thumbnailUrl\":\"https:\/\/www.porta-mallorquina.es\/blog\/mallorca\/Barbara-dematos.jpg\",\"articleSection\":[\"Franquicia\",\"Porta Mallorquina\"],\"inLanguage\":\"en-US\",\"potentialAction\":[{\"@type\":\"CommentAction\",\"name\":\"Comment\",\"target\":[\"https:\/\/www.porta-mallorquina.es\/blog\/retrato-barbara-de-matos-socia-de-franquicia-de-mallorca-sur\/#respond\"]}]},{\"@type\":\"WebPage\",\"@id\":\"https:\/\/www.porta-mallorquina.es\/blog\/retrato-barbara-de-matos-socia-de-franquicia-de-mallorca-sur\/\",\"url\":\"https:\/\/www.porta-mallorquina.es\/blog\/retrato-barbara-de-matos-socia-de-franquicia-de-mallorca-sur\/\",\"name\":\"Retrato: Barbara de Matos, socia de franquicia de Mallorca Sur - Porta Mallorquina Blog\",\"isPartOf\":{\"@id\":\"https:\/\/www.porta-mallorquina.es\/blog\/#website\"},\"primaryImageOfPage\":{\"@id\":\"https:\/\/www.porta-mallorquina.es\/blog\/retrato-barbara-de-matos-socia-de-franquicia-de-mallorca-sur\/#primaryimage\"},\"image\":{\"@id\":\"https:\/\/www.porta-mallorquina.es\/blog\/retrato-barbara-de-matos-socia-de-franquicia-de-mallorca-sur\/#primaryimage\"},\"thumbnailUrl\":\"https:\/\/www.porta-mallorquina.es\/blog\/mallorca\/Barbara-dematos.jpg\",\"datePublished\":\"2014-10-05T15:19:30+00:00\",\"dateModified\":\"2015-10-23T15:24:10+00:00\",\"breadcrumb\":{\"@id\":\"https:\/\/www.porta-mallorquina.es\/blog\/retrato-barbara-de-matos-socia-de-franquicia-de-mallorca-sur\/#breadcrumb\"},\"inLanguage\":\"en-US\",\"potentialAction\":[{\"@type\":\"ReadAction\",\"target\":[\"https:\/\/www.porta-mallorquina.es\/blog\/retrato-barbara-de-matos-socia-de-franquicia-de-mallorca-sur\/\"]}]},{\"@type\":\"ImageObject\",\"inLanguage\":\"en-US\",\"@id\":\"https:\/\/www.porta-mallorquina.es\/blog\/retrato-barbara-de-matos-socia-de-franquicia-de-mallorca-sur\/#primaryimage\",\"url\":\"\",\"contentUrl\":\"\"},{\"@type\":\"BreadcrumbList\",\"@id\":\"https:\/\/www.porta-mallorquina.es\/blog\/retrato-barbara-de-matos-socia-de-franquicia-de-mallorca-sur\/#breadcrumb\",\"itemListElement\":[{\"@type\":\"ListItem\",\"position\":1,\"name\":\"Portada\",\"item\":\"https:\/\/www.porta-mallorquina.es\/blog\/\"},{\"@type\":\"ListItem\",\"position\":2,\"name\":\"Retrato: Barbara de Matos, socia de franquicia de Mallorca Sur\"}]},{\"@type\":\"WebSite\",\"@id\":\"https:\/\/www.porta-mallorquina.es\/blog\/#website\",\"url\":\"https:\/\/www.porta-mallorquina.es\/blog\/\",\"name\":\"Porta Mallorquina Blog\",\"description\":\"m\u00e1s que inmuebles de Mallorca\",\"publisher\":{\"@id\":\"https:\/\/www.porta-mallorquina.es\/blog\/#organization\"},\"potentialAction\":[{\"@type\":\"SearchAction\",\"target\":{\"@type\":\"EntryPoint\",\"urlTemplate\":\"https:\/\/www.porta-mallorquina.es\/blog\/?s={search_term_string}\"},\"query-input\":{\"@type\":\"PropertyValueSpecification\",\"valueRequired\":true,\"valueName\":\"search_term_string\"}}],\"inLanguage\":\"en-US\"},{\"@type\":\"Organization\",\"@id\":\"https:\/\/www.porta-mallorquina.es\/blog\/#organization\",\"name\":\"Porta Mallorquina Blog\",\"url\":\"https:\/\/www.porta-mallorquina.es\/blog\/\",\"logo\":{\"@type\":\"ImageObject\",\"inLanguage\":\"en-US\",\"@id\":\"https:\/\/www.porta-mallorquina.es\/blog\/#\/schema\/logo\/image\/\",\"url\":\"https:\/\/www.porta-mallorquina.es\/blog\/mallorca\/porta-mallorquina-real-estate-mallorca-logo.png\",\"contentUrl\":\"https:\/\/www.porta-mallorquina.es\/blog\/mallorca\/porta-mallorquina-real-estate-mallorca-logo.png\",\"width\":570,\"height\":400,\"caption\":\"Porta Mallorquina Blog\"},\"image\":{\"@id\":\"https:\/\/www.porta-mallorquina.es\/blog\/#\/schema\/logo\/image\/\"}},{\"@type\":\"Person\",\"@id\":\"https:\/\/www.porta-mallorquina.es\/blog\/#\/schema\/person\/00d40468a84878931da4d5e16749c9f0\",\"name\":\"Porta Mallorquina\",\"sameAs\":[\"https:\/\/www.porta-mallorquina.es\"],\"url\":\"https:\/\/www.porta-mallorquina.es\/blog\/author\/petraz\/\"}]}<\/script>\n<!-- \/ Yoast SEO plugin. -->","yoast_head_json":{"title":"Retrato: Barbara de Matos, socia de franquicia de Mallorca Sur - Porta Mallorquina Blog","robots":{"index":"index","follow":"follow","max-snippet":"max-snippet:-1","max-image-preview":"max-image-preview:large","max-video-preview":"max-video-preview:-1"},"canonical":"https:\/\/www.porta-mallorquina.es\/blog\/retrato-barbara-de-matos-socia-de-franquicia-de-mallorca-sur\/","og_locale":"en_US","og_type":"article","og_title":"Retrato: Barbara de Matos, socia de franquicia de Mallorca Sur - Porta Mallorquina Blog","og_description":"Barbara de Matos, portuguesa de nacimiento, se ha criado entre Portugal y Alemania, pa\u00eds en el que fue escolarizada. En 2004 empez\u00f3 a trabajar como agente inmobiliario por cuenta propia en Kaiserslautern, Alemania, pero su amor por el sur la llev\u00f3 de nuevo a instalarse cerca del mar. En abril de 2011 lleg\u00f3 a Mallorca [&hellip;]","og_url":"https:\/\/www.porta-mallorquina.es\/blog\/retrato-barbara-de-matos-socia-de-franquicia-de-mallorca-sur\/","og_site_name":"Porta Mallorquina Blog","article_published_time":"2014-10-05T15:19:30+00:00","article_modified_time":"2015-10-23T15:24:10+00:00","og_image":[{"url":"https:\/\/www.porta-mallorquina.es\/blog\/mallorca\/Barbara-dematos.jpg","type":"","width":"","height":""}],"author":"Porta Mallorquina","twitter_card":"summary_large_image","twitter_misc":{"Written by":"Porta Mallorquina","Est. reading time":"2 minutes"},"schema":{"@context":"https:\/\/schema.org","@graph":[{"@type":"Article","@id":"https:\/\/www.porta-mallorquina.es\/blog\/retrato-barbara-de-matos-socia-de-franquicia-de-mallorca-sur\/#article","isPartOf":{"@id":"https:\/\/www.porta-mallorquina.es\/blog\/retrato-barbara-de-matos-socia-de-franquicia-de-mallorca-sur\/"},"author":{"name":"Porta Mallorquina","@id":"https:\/\/www.porta-mallorquina.es\/blog\/#\/schema\/person\/00d40468a84878931da4d5e16749c9f0"},"headline":"Retrato: Barbara de Matos, socia de franquicia de Mallorca Sur","datePublished":"2014-10-05T15:19:30+00:00","dateModified":"2015-10-23T15:24:10+00:00","mainEntityOfPage":{"@id":"https:\/\/www.porta-mallorquina.es\/blog\/retrato-barbara-de-matos-socia-de-franquicia-de-mallorca-sur\/"},"wordCount":385,"commentCount":0,"publisher":{"@id":"https:\/\/www.porta-mallorquina.es\/blog\/#organization"},"image":{"@id":"https:\/\/www.porta-mallorquina.es\/blog\/retrato-barbara-de-matos-socia-de-franquicia-de-mallorca-sur\/#primaryimage"},"thumbnailUrl":"https:\/\/www.porta-mallorquina.es\/blog\/mallorca\/Barbara-dematos.jpg","articleSection":["Franquicia","Porta Mallorquina"],"inLanguage":"en-US","potentialAction":[{"@type":"CommentAction","name":"Comment","target":["https:\/\/www.porta-mallorquina.es\/blog\/retrato-barbara-de-matos-socia-de-franquicia-de-mallorca-sur\/#respond"]}]},{"@type":"WebPage","@id":"https:\/\/www.porta-mallorquina.es\/blog\/retrato-barbara-de-matos-socia-de-franquicia-de-mallorca-sur\/","url":"https:\/\/www.porta-mallorquina.es\/blog\/retrato-barbara-de-matos-socia-de-franquicia-de-mallorca-sur\/","name":"Retrato: Barbara de Matos, socia de franquicia de Mallorca Sur - Porta Mallorquina Blog","isPartOf":{"@id":"https:\/\/www.porta-mallorquina.es\/blog\/#website"},"primaryImageOfPage":{"@id":"https:\/\/www.porta-mallorquina.es\/blog\/retrato-barbara-de-matos-socia-de-franquicia-de-mallorca-sur\/#primaryimage"},"image":{"@id":"https:\/\/www.porta-mallorquina.es\/blog\/retrato-barbara-de-matos-socia-de-franquicia-de-mallorca-sur\/#primaryimage"},"thumbnailUrl":"https:\/\/www.porta-mallorquina.es\/blog\/mallorca\/Barbara-dematos.jpg","datePublished":"2014-10-05T15:19:30+00:00","dateModified":"2015-10-23T15:24:10+00:00","breadcrumb":{"@id":"https:\/\/www.porta-mallorquina.es\/blog\/retrato-barbara-de-matos-socia-de-franquicia-de-mallorca-sur\/#breadcrumb"},"inLanguage":"en-US","potentialAction":[{"@type":"ReadAction","target":["https:\/\/www.porta-mallorquina.es\/blog\/retrato-barbara-de-matos-socia-de-franquicia-de-mallorca-sur\/"]}]},{"@type":"ImageObject","inLanguage":"en-US","@id":"https:\/\/www.porta-mallorquina.es\/blog\/retrato-barbara-de-matos-socia-de-franquicia-de-mallorca-sur\/#primaryimage","url":"","contentUrl":""},{"@type":"BreadcrumbList","@id":"https:\/\/www.porta-mallorquina.es\/blog\/retrato-barbara-de-matos-socia-de-franquicia-de-mallorca-sur\/#breadcrumb","itemListElement":[{"@type":"ListItem","position":1,"name":"Portada","item":"https:\/\/www.porta-mallorquina.es\/blog\/"},{"@type":"ListItem","position":2,"name":"Retrato: Barbara de Matos, socia de franquicia de Mallorca Sur"}]},{"@type":"WebSite","@id":"https:\/\/www.porta-mallorquina.es\/blog\/#website","url":"https:\/\/www.porta-mallorquina.es\/blog\/","name":"Porta Mallorquina Blog","description":"m\u00e1s que inmuebles de Mallorca","publisher":{"@id":"https:\/\/www.porta-mallorquina.es\/blog\/#organization"},"potentialAction":[{"@type":"SearchAction","target":{"@type":"EntryPoint","urlTemplate":"https:\/\/www.porta-mallorquina.es\/blog\/?s={search_term_string}"},"query-input":{"@type":"PropertyValueSpecification","valueRequired":true,"valueName":"search_term_string"}}],"inLanguage":"en-US"},{"@type":"Organization","@id":"https:\/\/www.porta-mallorquina.es\/blog\/#organization","name":"Porta Mallorquina Blog","url":"https:\/\/www.porta-mallorquina.es\/blog\/","logo":{"@type":"ImageObject","inLanguage":"en-US","@id":"https:\/\/www.porta-mallorquina.es\/blog\/#\/schema\/logo\/image\/","url":"https:\/\/www.porta-mallorquina.es\/blog\/mallorca\/porta-mallorquina-real-estate-mallorca-logo.png","contentUrl":"https:\/\/www.porta-mallorquina.es\/blog\/mallorca\/porta-mallorquina-real-estate-mallorca-logo.png","width":570,"height":400,"caption":"Porta Mallorquina Blog"},"image":{"@id":"https:\/\/www.porta-mallorquina.es\/blog\/#\/schema\/logo\/image\/"}},{"@type":"Person","@id":"https:\/\/www.porta-mallorquina.es\/blog\/#\/schema\/person\/00d40468a84878931da4d5e16749c9f0","name":"Porta Mallorquina","sameAs":["https:\/\/www.porta-mallorquina.es"],"url":"https:\/\/www.porta-mallorquina.es\/blog\/author\/petraz\/"}]}},"_links":{"self":[{"href":"https:\/\/www.porta-mallorquina.es\/blog\/wp-json\/wp\/v2\/posts\/1378","targetHints":{"allow":["GET"]}}],"collection":[{"href":"https:\/\/www.porta-mallorquina.es\/blog\/wp-json\/wp\/v2\/posts"}],"about":[{"href":"https:\/\/www.porta-mallorquina.es\/blog\/wp-json\/wp\/v2\/types\/post"}],"author":[{"embeddable":true,"href":"https:\/\/www.porta-mallorquina.es\/blog\/wp-json\/wp\/v2\/users\/2"}],"replies":[{"embeddable":true,"href":"https:\/\/www.porta-mallorquina.es\/blog\/wp-json\/wp\/v2\/comments?post=1378"}],"version-history":[{"count":1,"href":"https:\/\/www.porta-mallorquina.es\/blog\/wp-json\/wp\/v2\/posts\/1378\/revisions"}],"predecessor-version":[{"id":1379,"href":"https:\/\/www.porta-mallorquina.es\/blog\/wp-json\/wp\/v2\/posts\/1378\/revisions\/1379"}],"wp:attachment":[{"href":"https:\/\/www.porta-mallorquina.es\/blog\/wp-json\/wp\/v2\/media?parent=1378"}],"wp:term":[{"taxonomy":"category","embeddable":true,"href":"https:\/\/www.porta-mallorquina.es\/blog\/wp-json\/wp\/v2\/categories?post=1378"},{"taxonomy":"post_tag","embeddable":true,"href":"https:\/\/www.porta-mallorquina.es\/blog\/wp-json\/wp\/v2\/tags?post=1378"}],"curies":[{"name":"wp","href":"https:\/\/api.w.org\/{rel}","templated":true}]}}