{"id":1380,"date":"2015-03-23T17:25:16","date_gmt":"2015-03-23T15:25:16","guid":{"rendered":"http:\/\/www.porta-mallorquina.es\/blog\/?p=1380"},"modified":"2015-10-23T17:27:51","modified_gmt":"2015-10-23T15:27:51","slug":"jan-diedrich-un-retrato-del-director-general-de-porta-mallorquina","status":"publish","type":"post","link":"https:\/\/www.porta-mallorquina.es\/blog\/jan-diedrich-un-retrato-del-director-general-de-porta-mallorquina\/","title":{"rendered":"Jan Diedrich: Un retrato del Director General de Porta Mallorquina"},"content":{"rendered":"<div id=\"attachment_2677\" class=\"wp-caption alignright\" style=\"width: 300px\"><a href=\"https:\/\/www.porta-mallorquina.es\/blog\/jan-diedrich-un-retrato-del-director-general-de-porta-mallorquina\/jan-diedrich-managing-director-porta-mallorquina\/\" rel=\"attachment wp-att-2677\"><img loading=\"lazy\" decoding=\"async\" class=\"size-medium wp-image-2677 \" title=\"Jan Diedrich, Director de General de Porta Mallorquina.\" alt=\"Jan Diedrich, Director de General de Porta Mallorquina.\" src=\"https:\/\/www.porta-mallorquina.es\/blog\/mallorca\/Jan-Diedrich-Managing-Director-Porta-Mallorquina-300x200.jpg\" width=\"300\" height=\"200\" \/><\/a><\/p>\n<p class=\"wp-caption-text\">Jan Diedrich, Director de General de Porta Mallorquina.<\/p>\n<\/div>\n<p><strong>Jan Diedrich<\/strong> creci\u00f3 en el rinc\u00f3n mediterr\u00e1neo de Alemania, cerca del hermoso lago de Constanza. Quiz\u00e1s a esto se debe su afici\u00f3n por los pa\u00edses del sur. En 2007, permaneci\u00f3 por primera vez en Mallorca durante un periodo largo. Como parte de sus <strong>estudios de negocios europeos<\/strong> en Dubl\u00edn, con estudios de seguimiento m\u00e1s tarde en <strong>International Management<\/strong> en Munich, Jan ha trabajado en la isla con <strong>Sunseeker<\/strong>, uno de los proveedores l\u00edderes de yates de lujo.<\/p>\n<p>Poco despu\u00e9s, Jan Diedrich se hizo independiente en el negocio de alquiler <strong>inmobiliario internacional<\/strong> para propiedades de lujo, especialmente en los Estados Unidos y proyectos de inversi\u00f3n en China. Siguiendo el deseo de volver a asentarse en alg\u00fan lugar, Jan Diedrich se cambi\u00f3 finalmente al departamento de ventas de <strong>Porsche<\/strong>, donde obtuvo ideas valiosas de la distribuci\u00f3n y comercializaci\u00f3n de este fabricante de coches deportivos durante los a\u00f1os siguientes en M\u00fanich.<br \/>\nSiguiendo su nostalgia por <strong>Mallorca<\/strong>, que continu\u00f3 creciendo desde 2007, Jan Diedrich decidi\u00f3 trasladar definitivamente su lugar de residencia a su amada isla soleada en 2014. En noviembre de este a\u00f1o asumi\u00f3 por primera vez en Porta Mallorquina la direcci\u00f3n de ventas y marketing, en marzo 2015 fue nombrado <strong>Director General<\/strong>.<\/p>\n<p>Jan Diedrich vive actualmente en Deia, en su tiempo libre es un m\u00fasico apasionado, disfruta hacer deportes y le encanta el whisky puro de malta.<\/p>\n<p>Sr. Diedrich, \u00bfQu\u00e9 le parece tan especial de Mallorca?<\/p>\n<blockquote>\n<p>Para m\u00ed, Mallorca es una joya en calidad de vida. Cuando miro el escenario natural de la isla, se apodera de m\u00ed la sensaci\u00f3n de vivir en el para\u00edso. Adem\u00e1s, estoy fascinado por la mentalidad y la autenticidad espa\u00f1ola, que se han conservado especialmente en los pueblos mallorquines hasta hoy . Por eso vivo en un pueblo como ese en la regi\u00f3n de Tramuntana.<\/p>\n<\/blockquote>\n<p>Si Mallorca fuera una pieza musical, ser\u00eda &#8230;<\/p>\n<blockquote>\n<p>&#8216;Wait&#8217; de M83. Esta canci\u00f3n transmite la gracia y la belleza de la isla, lo arraigado de sus habitantes y su entusiasmo por la vida, pero tambi\u00e9n representa mi gratitud a esta isla por dejarme llamarla mi (segunda) casa.<\/p>\n<\/blockquote>\n<p>\u00bfCu\u00e1l es el primer lugar de Mallorca que muestra a los visitantes?<\/p>\n<blockquote>\n<p>En la ruta de Valldemossa a Dei\u00e0 hay un mirador, el &#8220;Mirador de Na Foradada&#8221;. Las vistas de la costa y del mar son impresionantes. Por cierto, aqu\u00ed tambi\u00e9n vienen muchos mallorquines el fin de semana y disfrutan las vistas con una copa.<\/p>\n<\/blockquote>\n<p>\u00bfSu restaurante favorito en Mallorca?<\/p>\n<blockquote>\n<p>Mi favorito es el caf\u00e9 &#8220;Sa Fonda&#8221; en Deia. Aqu\u00ed se encuentra durante todo el a\u00f1o un p\u00fablico multicultural coloridamente entremezclado. Los nativos, pintores, m\u00fasicos y librepensadores se mezclan en este lugar con los propietarios de casas vacacionales y hu\u00e9spedes de hotel para disfrutar y celebrar al aire libre hasta el amanecer.<\/p>\n<\/blockquote>\n<p>Vivir en Mallorca como alem\u00e1n es&#8230;<\/p>\n<blockquote>\n<p>&#8230; Un reto que no debe subestimarse. Se requiere un verdadero deseo de integraci\u00f3n si se quiere participar realmente en la cultura aut\u00e9ntica y el estilo de vida. Sin embargo, todo esto ser\u00e1 recompensado con mucha calidad de vida.<\/p>\n<\/blockquote>\n<p>Sr. Diedrich, muchas gracias por la entrevista.<\/p>\n","protected":false},"excerpt":{"rendered":"<p>Jan Diedrich, Director de General de Porta Mallorquina. Jan Diedrich creci\u00f3 en el rinc\u00f3n mediterr\u00e1neo de Alemania, cerca del hermoso lago de Constanza. Quiz\u00e1s a esto se debe su afici\u00f3n por los pa\u00edses del sur. En 2007, permaneci\u00f3 por primera vez en Mallorca durante un periodo largo. Como parte de sus estudios de negocios europeos [&hellip;]<\/p>\n","protected":false},"author":2,"featured_media":0,"comment_status":"open","ping_status":"open","sticky":false,"template":"","format":"standard","meta":{"footnotes":""},"categories":[9],"tags":[],"class_list":["post-1380","post","type-post","status-publish","format-standard","hentry","category-porta-mallorquina"],"yoast_head":"<!-- This site is optimized with the Yoast SEO plugin v27.2 - https:\/\/yoast.com\/product\/yoast-seo-wordpress\/ -->\n<title>Jan Diedrich: Un retrato del Director General de Porta Mallorquina - Porta Mallorquina Blog<\/title>\n<meta name=\"robots\" content=\"index, follow, max-snippet:-1, max-image-preview:large, max-video-preview:-1\" \/>\n<link rel=\"canonical\" href=\"https:\/\/www.porta-mallorquina.es\/blog\/jan-diedrich-un-retrato-del-director-general-de-porta-mallorquina\/\" \/>\n<meta property=\"og:locale\" content=\"en_US\" \/>\n<meta property=\"og:type\" content=\"article\" \/>\n<meta property=\"og:title\" content=\"Jan Diedrich: Un retrato del Director General de Porta Mallorquina - Porta Mallorquina Blog\" \/>\n<meta property=\"og:description\" content=\"Jan Diedrich, Director de General de Porta Mallorquina. Jan Diedrich creci\u00f3 en el rinc\u00f3n mediterr\u00e1neo de Alemania, cerca del hermoso lago de Constanza. Quiz\u00e1s a esto se debe su afici\u00f3n por los pa\u00edses del sur. En 2007, permaneci\u00f3 por primera vez en Mallorca durante un periodo largo. Como parte de sus estudios de negocios europeos [&hellip;]\" \/>\n<meta property=\"og:url\" content=\"https:\/\/www.porta-mallorquina.es\/blog\/jan-diedrich-un-retrato-del-director-general-de-porta-mallorquina\/\" \/>\n<meta property=\"og:site_name\" content=\"Porta Mallorquina Blog\" \/>\n<meta property=\"article:published_time\" content=\"2015-03-23T15:25:16+00:00\" \/>\n<meta property=\"article:modified_time\" content=\"2015-10-23T15:27:51+00:00\" \/>\n<meta property=\"og:image\" content=\"https:\/\/www.porta-mallorquina.es\/blog\/mallorca\/Jan-Diedrich-Managing-Director-Porta-Mallorquina-300x200.jpg\" \/>\n<meta name=\"author\" content=\"Porta Mallorquina\" \/>\n<meta name=\"twitter:card\" content=\"summary_large_image\" \/>\n<meta name=\"twitter:label1\" content=\"Written by\" \/>\n\t<meta name=\"twitter:data1\" content=\"Porta Mallorquina\" \/>\n\t<meta name=\"twitter:label2\" content=\"Est. reading time\" \/>\n\t<meta name=\"twitter:data2\" content=\"3 minutes\" \/>\n<script type=\"application\/ld+json\" class=\"yoast-schema-graph\">{\"@context\":\"https:\/\/schema.org\",\"@graph\":[{\"@type\":\"Article\",\"@id\":\"https:\/\/www.porta-mallorquina.es\/blog\/jan-diedrich-un-retrato-del-director-general-de-porta-mallorquina\/#article\",\"isPartOf\":{\"@id\":\"https:\/\/www.porta-mallorquina.es\/blog\/jan-diedrich-un-retrato-del-director-general-de-porta-mallorquina\/\"},\"author\":{\"name\":\"Porta Mallorquina\",\"@id\":\"https:\/\/www.porta-mallorquina.es\/blog\/#\/schema\/person\/00d40468a84878931da4d5e16749c9f0\"},\"headline\":\"Jan Diedrich: Un retrato del Director General de Porta Mallorquina\",\"datePublished\":\"2015-03-23T15:25:16+00:00\",\"dateModified\":\"2015-10-23T15:27:51+00:00\",\"mainEntityOfPage\":{\"@id\":\"https:\/\/www.porta-mallorquina.es\/blog\/jan-diedrich-un-retrato-del-director-general-de-porta-mallorquina\/\"},\"wordCount\":554,\"commentCount\":0,\"publisher\":{\"@id\":\"https:\/\/www.porta-mallorquina.es\/blog\/#organization\"},\"image\":{\"@id\":\"https:\/\/www.porta-mallorquina.es\/blog\/jan-diedrich-un-retrato-del-director-general-de-porta-mallorquina\/#primaryimage\"},\"thumbnailUrl\":\"https:\/\/www.porta-mallorquina.es\/blog\/mallorca\/Jan-Diedrich-Managing-Director-Porta-Mallorquina-300x200.jpg\",\"articleSection\":[\"Porta Mallorquina\"],\"inLanguage\":\"en-US\",\"potentialAction\":[{\"@type\":\"CommentAction\",\"name\":\"Comment\",\"target\":[\"https:\/\/www.porta-mallorquina.es\/blog\/jan-diedrich-un-retrato-del-director-general-de-porta-mallorquina\/#respond\"]}]},{\"@type\":\"WebPage\",\"@id\":\"https:\/\/www.porta-mallorquina.es\/blog\/jan-diedrich-un-retrato-del-director-general-de-porta-mallorquina\/\",\"url\":\"https:\/\/www.porta-mallorquina.es\/blog\/jan-diedrich-un-retrato-del-director-general-de-porta-mallorquina\/\",\"name\":\"Jan Diedrich: Un retrato del Director General de Porta Mallorquina - Porta Mallorquina Blog\",\"isPartOf\":{\"@id\":\"https:\/\/www.porta-mallorquina.es\/blog\/#website\"},\"primaryImageOfPage\":{\"@id\":\"https:\/\/www.porta-mallorquina.es\/blog\/jan-diedrich-un-retrato-del-director-general-de-porta-mallorquina\/#primaryimage\"},\"image\":{\"@id\":\"https:\/\/www.porta-mallorquina.es\/blog\/jan-diedrich-un-retrato-del-director-general-de-porta-mallorquina\/#primaryimage\"},\"thumbnailUrl\":\"https:\/\/www.porta-mallorquina.es\/blog\/mallorca\/Jan-Diedrich-Managing-Director-Porta-Mallorquina-300x200.jpg\",\"datePublished\":\"2015-03-23T15:25:16+00:00\",\"dateModified\":\"2015-10-23T15:27:51+00:00\",\"breadcrumb\":{\"@id\":\"https:\/\/www.porta-mallorquina.es\/blog\/jan-diedrich-un-retrato-del-director-general-de-porta-mallorquina\/#breadcrumb\"},\"inLanguage\":\"en-US\",\"potentialAction\":[{\"@type\":\"ReadAction\",\"target\":[\"https:\/\/www.porta-mallorquina.es\/blog\/jan-diedrich-un-retrato-del-director-general-de-porta-mallorquina\/\"]}]},{\"@type\":\"ImageObject\",\"inLanguage\":\"en-US\",\"@id\":\"https:\/\/www.porta-mallorquina.es\/blog\/jan-diedrich-un-retrato-del-director-general-de-porta-mallorquina\/#primaryimage\",\"url\":\"\",\"contentUrl\":\"\"},{\"@type\":\"BreadcrumbList\",\"@id\":\"https:\/\/www.porta-mallorquina.es\/blog\/jan-diedrich-un-retrato-del-director-general-de-porta-mallorquina\/#breadcrumb\",\"itemListElement\":[{\"@type\":\"ListItem\",\"position\":1,\"name\":\"Portada\",\"item\":\"https:\/\/www.porta-mallorquina.es\/blog\/\"},{\"@type\":\"ListItem\",\"position\":2,\"name\":\"Jan Diedrich: Un retrato del Director General de Porta Mallorquina\"}]},{\"@type\":\"WebSite\",\"@id\":\"https:\/\/www.porta-mallorquina.es\/blog\/#website\",\"url\":\"https:\/\/www.porta-mallorquina.es\/blog\/\",\"name\":\"Porta Mallorquina Blog\",\"description\":\"m\u00e1s que inmuebles de Mallorca\",\"publisher\":{\"@id\":\"https:\/\/www.porta-mallorquina.es\/blog\/#organization\"},\"potentialAction\":[{\"@type\":\"SearchAction\",\"target\":{\"@type\":\"EntryPoint\",\"urlTemplate\":\"https:\/\/www.porta-mallorquina.es\/blog\/?s={search_term_string}\"},\"query-input\":{\"@type\":\"PropertyValueSpecification\",\"valueRequired\":true,\"valueName\":\"search_term_string\"}}],\"inLanguage\":\"en-US\"},{\"@type\":\"Organization\",\"@id\":\"https:\/\/www.porta-mallorquina.es\/blog\/#organization\",\"name\":\"Porta Mallorquina Blog\",\"url\":\"https:\/\/www.porta-mallorquina.es\/blog\/\",\"logo\":{\"@type\":\"ImageObject\",\"inLanguage\":\"en-US\",\"@id\":\"https:\/\/www.porta-mallorquina.es\/blog\/#\/schema\/logo\/image\/\",\"url\":\"https:\/\/www.porta-mallorquina.es\/blog\/mallorca\/porta-mallorquina-real-estate-mallorca-logo.png\",\"contentUrl\":\"https:\/\/www.porta-mallorquina.es\/blog\/mallorca\/porta-mallorquina-real-estate-mallorca-logo.png\",\"width\":570,\"height\":400,\"caption\":\"Porta Mallorquina Blog\"},\"image\":{\"@id\":\"https:\/\/www.porta-mallorquina.es\/blog\/#\/schema\/logo\/image\/\"}},{\"@type\":\"Person\",\"@id\":\"https:\/\/www.porta-mallorquina.es\/blog\/#\/schema\/person\/00d40468a84878931da4d5e16749c9f0\",\"name\":\"Porta Mallorquina\",\"sameAs\":[\"https:\/\/www.porta-mallorquina.es\"],\"url\":\"https:\/\/www.porta-mallorquina.es\/blog\/author\/petraz\/\"}]}<\/script>\n<!-- \/ Yoast SEO plugin. -->","yoast_head_json":{"title":"Jan Diedrich: Un retrato del Director General de Porta Mallorquina - Porta Mallorquina Blog","robots":{"index":"index","follow":"follow","max-snippet":"max-snippet:-1","max-image-preview":"max-image-preview:large","max-video-preview":"max-video-preview:-1"},"canonical":"https:\/\/www.porta-mallorquina.es\/blog\/jan-diedrich-un-retrato-del-director-general-de-porta-mallorquina\/","og_locale":"en_US","og_type":"article","og_title":"Jan Diedrich: Un retrato del Director General de Porta Mallorquina - Porta Mallorquina Blog","og_description":"Jan Diedrich, Director de General de Porta Mallorquina. Jan Diedrich creci\u00f3 en el rinc\u00f3n mediterr\u00e1neo de Alemania, cerca del hermoso lago de Constanza. Quiz\u00e1s a esto se debe su afici\u00f3n por los pa\u00edses del sur. En 2007, permaneci\u00f3 por primera vez en Mallorca durante un periodo largo. Como parte de sus estudios de negocios europeos [&hellip;]","og_url":"https:\/\/www.porta-mallorquina.es\/blog\/jan-diedrich-un-retrato-del-director-general-de-porta-mallorquina\/","og_site_name":"Porta Mallorquina Blog","article_published_time":"2015-03-23T15:25:16+00:00","article_modified_time":"2015-10-23T15:27:51+00:00","og_image":[{"url":"https:\/\/www.porta-mallorquina.es\/blog\/mallorca\/Jan-Diedrich-Managing-Director-Porta-Mallorquina-300x200.jpg","type":"","width":"","height":""}],"author":"Porta Mallorquina","twitter_card":"summary_large_image","twitter_misc":{"Written by":"Porta Mallorquina","Est. reading time":"3 minutes"},"schema":{"@context":"https:\/\/schema.org","@graph":[{"@type":"Article","@id":"https:\/\/www.porta-mallorquina.es\/blog\/jan-diedrich-un-retrato-del-director-general-de-porta-mallorquina\/#article","isPartOf":{"@id":"https:\/\/www.porta-mallorquina.es\/blog\/jan-diedrich-un-retrato-del-director-general-de-porta-mallorquina\/"},"author":{"name":"Porta Mallorquina","@id":"https:\/\/www.porta-mallorquina.es\/blog\/#\/schema\/person\/00d40468a84878931da4d5e16749c9f0"},"headline":"Jan Diedrich: Un retrato del Director General de Porta Mallorquina","datePublished":"2015-03-23T15:25:16+00:00","dateModified":"2015-10-23T15:27:51+00:00","mainEntityOfPage":{"@id":"https:\/\/www.porta-mallorquina.es\/blog\/jan-diedrich-un-retrato-del-director-general-de-porta-mallorquina\/"},"wordCount":554,"commentCount":0,"publisher":{"@id":"https:\/\/www.porta-mallorquina.es\/blog\/#organization"},"image":{"@id":"https:\/\/www.porta-mallorquina.es\/blog\/jan-diedrich-un-retrato-del-director-general-de-porta-mallorquina\/#primaryimage"},"thumbnailUrl":"https:\/\/www.porta-mallorquina.es\/blog\/mallorca\/Jan-Diedrich-Managing-Director-Porta-Mallorquina-300x200.jpg","articleSection":["Porta Mallorquina"],"inLanguage":"en-US","potentialAction":[{"@type":"CommentAction","name":"Comment","target":["https:\/\/www.porta-mallorquina.es\/blog\/jan-diedrich-un-retrato-del-director-general-de-porta-mallorquina\/#respond"]}]},{"@type":"WebPage","@id":"https:\/\/www.porta-mallorquina.es\/blog\/jan-diedrich-un-retrato-del-director-general-de-porta-mallorquina\/","url":"https:\/\/www.porta-mallorquina.es\/blog\/jan-diedrich-un-retrato-del-director-general-de-porta-mallorquina\/","name":"Jan Diedrich: Un retrato del Director General de Porta Mallorquina - Porta Mallorquina Blog","isPartOf":{"@id":"https:\/\/www.porta-mallorquina.es\/blog\/#website"},"primaryImageOfPage":{"@id":"https:\/\/www.porta-mallorquina.es\/blog\/jan-diedrich-un-retrato-del-director-general-de-porta-mallorquina\/#primaryimage"},"image":{"@id":"https:\/\/www.porta-mallorquina.es\/blog\/jan-diedrich-un-retrato-del-director-general-de-porta-mallorquina\/#primaryimage"},"thumbnailUrl":"https:\/\/www.porta-mallorquina.es\/blog\/mallorca\/Jan-Diedrich-Managing-Director-Porta-Mallorquina-300x200.jpg","datePublished":"2015-03-23T15:25:16+00:00","dateModified":"2015-10-23T15:27:51+00:00","breadcrumb":{"@id":"https:\/\/www.porta-mallorquina.es\/blog\/jan-diedrich-un-retrato-del-director-general-de-porta-mallorquina\/#breadcrumb"},"inLanguage":"en-US","potentialAction":[{"@type":"ReadAction","target":["https:\/\/www.porta-mallorquina.es\/blog\/jan-diedrich-un-retrato-del-director-general-de-porta-mallorquina\/"]}]},{"@type":"ImageObject","inLanguage":"en-US","@id":"https:\/\/www.porta-mallorquina.es\/blog\/jan-diedrich-un-retrato-del-director-general-de-porta-mallorquina\/#primaryimage","url":"","contentUrl":""},{"@type":"BreadcrumbList","@id":"https:\/\/www.porta-mallorquina.es\/blog\/jan-diedrich-un-retrato-del-director-general-de-porta-mallorquina\/#breadcrumb","itemListElement":[{"@type":"ListItem","position":1,"name":"Portada","item":"https:\/\/www.porta-mallorquina.es\/blog\/"},{"@type":"ListItem","position":2,"name":"Jan Diedrich: Un retrato del Director General de Porta Mallorquina"}]},{"@type":"WebSite","@id":"https:\/\/www.porta-mallorquina.es\/blog\/#website","url":"https:\/\/www.porta-mallorquina.es\/blog\/","name":"Porta Mallorquina Blog","description":"m\u00e1s que inmuebles de Mallorca","publisher":{"@id":"https:\/\/www.porta-mallorquina.es\/blog\/#organization"},"potentialAction":[{"@type":"SearchAction","target":{"@type":"EntryPoint","urlTemplate":"https:\/\/www.porta-mallorquina.es\/blog\/?s={search_term_string}"},"query-input":{"@type":"PropertyValueSpecification","valueRequired":true,"valueName":"search_term_string"}}],"inLanguage":"en-US"},{"@type":"Organization","@id":"https:\/\/www.porta-mallorquina.es\/blog\/#organization","name":"Porta Mallorquina Blog","url":"https:\/\/www.porta-mallorquina.es\/blog\/","logo":{"@type":"ImageObject","inLanguage":"en-US","@id":"https:\/\/www.porta-mallorquina.es\/blog\/#\/schema\/logo\/image\/","url":"https:\/\/www.porta-mallorquina.es\/blog\/mallorca\/porta-mallorquina-real-estate-mallorca-logo.png","contentUrl":"https:\/\/www.porta-mallorquina.es\/blog\/mallorca\/porta-mallorquina-real-estate-mallorca-logo.png","width":570,"height":400,"caption":"Porta Mallorquina Blog"},"image":{"@id":"https:\/\/www.porta-mallorquina.es\/blog\/#\/schema\/logo\/image\/"}},{"@type":"Person","@id":"https:\/\/www.porta-mallorquina.es\/blog\/#\/schema\/person\/00d40468a84878931da4d5e16749c9f0","name":"Porta Mallorquina","sameAs":["https:\/\/www.porta-mallorquina.es"],"url":"https:\/\/www.porta-mallorquina.es\/blog\/author\/petraz\/"}]}},"_links":{"self":[{"href":"https:\/\/www.porta-mallorquina.es\/blog\/wp-json\/wp\/v2\/posts\/1380","targetHints":{"allow":["GET"]}}],"collection":[{"href":"https:\/\/www.porta-mallorquina.es\/blog\/wp-json\/wp\/v2\/posts"}],"about":[{"href":"https:\/\/www.porta-mallorquina.es\/blog\/wp-json\/wp\/v2\/types\/post"}],"author":[{"embeddable":true,"href":"https:\/\/www.porta-mallorquina.es\/blog\/wp-json\/wp\/v2\/users\/2"}],"replies":[{"embeddable":true,"href":"https:\/\/www.porta-mallorquina.es\/blog\/wp-json\/wp\/v2\/comments?post=1380"}],"version-history":[{"count":2,"href":"https:\/\/www.porta-mallorquina.es\/blog\/wp-json\/wp\/v2\/posts\/1380\/revisions"}],"predecessor-version":[{"id":1382,"href":"https:\/\/www.porta-mallorquina.es\/blog\/wp-json\/wp\/v2\/posts\/1380\/revisions\/1382"}],"wp:attachment":[{"href":"https:\/\/www.porta-mallorquina.es\/blog\/wp-json\/wp\/v2\/media?parent=1380"}],"wp:term":[{"taxonomy":"category","embeddable":true,"href":"https:\/\/www.porta-mallorquina.es\/blog\/wp-json\/wp\/v2\/categories?post=1380"},{"taxonomy":"post_tag","embeddable":true,"href":"https:\/\/www.porta-mallorquina.es\/blog\/wp-json\/wp\/v2\/tags?post=1380"}],"curies":[{"name":"wp","href":"https:\/\/api.w.org\/{rel}","templated":true}]}}