{"id":1419,"date":"2014-06-04T09:29:20","date_gmt":"2014-06-04T07:29:20","guid":{"rendered":"http:\/\/www.porta-mallorquina.es\/blog\/?p=1419"},"modified":"2015-10-26T09:31:31","modified_gmt":"2015-10-26T07:31:31","slug":"nuevo-en-nuestras-regiones-de-ventas","status":"publish","type":"post","link":"https:\/\/www.porta-mallorquina.es\/blog\/nuevo-en-nuestras-regiones-de-ventas\/","title":{"rendered":"Nuevo en nuestras regiones de ventas"},"content":{"rendered":"<p>A partir del 1 de junio, <strong>Stephan Hoffmann<\/strong> pasar\u00e1 a hacerse cargo de la direcci\u00f3n ejecutiva de la <strong>regi\u00f3n de ventas Norte<\/strong>. Stephan Hoffmann es uno de los empleados<\/p>\n<div id=\"attachment_2334\" class=\"wp-caption alignright\" style=\"width: 270px\"><a href=\"https:\/\/www.porta-mallorquina.es\/blog\/mallorca\/StephanH.jpg\"><img loading=\"lazy\" decoding=\"async\" class=\"size-full wp-image-2334   \" title=\"Stephan Hoffmann\" alt=\"Stephan Hoffmann, nuevo director ejecutivo en la regi\u00f3n Norte.\" src=\"https:\/\/www.porta-mallorquina.es\/blog\/mallorca\/StephanH.jpg\" width=\"270\" height=\"180\" \/><\/a><\/p>\n<p class=\"wp-caption-text\">Stephan Hoffmann, nuevo director ejecutivo en la regi\u00f3n Norte.<\/p>\n<\/div>\n<p>m\u00e1s antiguos de Porta Mallorquina y dirige nuestra compa\u00f1\u00eda desde 2007.  Durante los \u00faltimos a\u00f1os ha estado al cargo de la funci\u00f3n de direcci\u00f3n de la gesti\u00f3n de inmuebles de toda la isla.<\/p>\n<p>Pero como residente en Alcudia, siempre ha sentido un cari\u00f1o especial por el norte de Mallorca, por lo que nos alegramos de que ahora pase a dirigir a nuestro equipo y nuestra oficina en <a title=\"Porta Mallorquina Norte\" href=\"https:\/\/www.porta-mallorquina.es\/norte\/\" target=\"_blank\">Pollensa <\/a> con sus conocimientos y su experiencia.<\/p>\n<p>&nbsp;<\/p>\n<p>&nbsp;<\/p>\n<p>&nbsp;<\/p>\n<p>&nbsp;<\/p>\n<h2>Licencia de franquicia en Puerto Portals concedida &#8211;<br \/>\nNueva direcci\u00f3n ejecutiva en Port d\u00b4Andratx<\/h2>\n<p>&nbsp;<\/p>\n<div id=\"attachment_2335\" class=\"wp-caption aligncenter\" style=\"width: 518px\"><a href=\"https:\/\/www.porta-mallorquina.es\/blog\/mallorca\/PORTAMALLORQUINA-PuertoAndratxOficina.jpg.jpg\"><img loading=\"lazy\" decoding=\"async\" class=\"size-full wp-image-2335      \" alt=\"Bajo una nueva direcci\u00f3n: la oficina de Porta Mallorquina en Port d\u2019 Andratx.\" src=\"https:\/\/www.porta-mallorquina.es\/blog\/mallorca\/PORTAMALLORQUINA-PuertoAndratxOficina.jpg.jpg\" width=\"518\" height=\"304\" \/><\/a><\/p>\n<p class=\"wp-caption-text\">Bajo una nueva direcci\u00f3n: la oficina de Porta Mallorquina en Port d\u2019 Andratx.<\/p>\n<\/div>\n<p>Con la exitosa construcci\u00f3n de <a href=\"https:\/\/www.porta-mallorquina.es\/suroeste\/\" target=\"_blank\">la oficina en Santa Ponsa<\/a>, el socio de franquicia local <a title=\"Retrato de: John van Eenennaam, socio de franquicia de Porta Mallorquina en Santa Ponsa\" href=\"https:\/\/www.porta-mallorquina.es\/blog\/retrato-de-john-van-eenennaam-socio-de-franquicia-de-porta-mallorquina-en-santa-ponsa\/\" target=\"_blank\">John van Eenennaam<\/a> contin\u00faa expandi\u00e9ndose. A partir del 1 de junio de 2014, adquirir\u00e1 tambi\u00e9n la licencia de franquicia para Puerto Portals, as\u00ed como la direcci\u00f3n ejecutiva de la oficina en Puerto de Andratx.<\/p>\n<p>\u00a1Le damos la enhorabuena a ambos!<\/p>\n","protected":false},"excerpt":{"rendered":"<p>A partir del 1 de junio, Stephan Hoffmann pasar\u00e1 a hacerse cargo de la direcci\u00f3n ejecutiva de la regi\u00f3n de ventas Norte. Stephan Hoffmann es uno de los empleados Stephan Hoffmann, nuevo director ejecutivo en la regi\u00f3n Norte. m\u00e1s antiguos de Porta Mallorquina y dirige nuestra compa\u00f1\u00eda desde 2007. Durante los \u00faltimos a\u00f1os ha estado [&hellip;]<\/p>\n","protected":false},"author":2,"featured_media":0,"comment_status":"open","ping_status":"open","sticky":false,"template":"","format":"standard","meta":{"footnotes":""},"categories":[9],"tags":[],"class_list":["post-1419","post","type-post","status-publish","format-standard","hentry","category-porta-mallorquina"],"yoast_head":"<!-- This site is optimized with the Yoast SEO plugin v27.2 - https:\/\/yoast.com\/product\/yoast-seo-wordpress\/ -->\n<title>Nuevo en nuestras regiones de ventas - Porta Mallorquina Blog<\/title>\n<meta name=\"robots\" content=\"index, follow, max-snippet:-1, max-image-preview:large, max-video-preview:-1\" \/>\n<link rel=\"canonical\" href=\"https:\/\/www.porta-mallorquina.es\/blog\/nuevo-en-nuestras-regiones-de-ventas\/\" \/>\n<meta property=\"og:locale\" content=\"en_US\" \/>\n<meta property=\"og:type\" content=\"article\" \/>\n<meta property=\"og:title\" content=\"Nuevo en nuestras regiones de ventas - Porta Mallorquina Blog\" \/>\n<meta property=\"og:description\" content=\"A partir del 1 de junio, Stephan Hoffmann pasar\u00e1 a hacerse cargo de la direcci\u00f3n ejecutiva de la regi\u00f3n de ventas Norte. Stephan Hoffmann es uno de los empleados Stephan Hoffmann, nuevo director ejecutivo en la regi\u00f3n Norte. m\u00e1s antiguos de Porta Mallorquina y dirige nuestra compa\u00f1\u00eda desde 2007. Durante los \u00faltimos a\u00f1os ha estado [&hellip;]\" \/>\n<meta property=\"og:url\" content=\"https:\/\/www.porta-mallorquina.es\/blog\/nuevo-en-nuestras-regiones-de-ventas\/\" \/>\n<meta property=\"og:site_name\" content=\"Porta Mallorquina Blog\" \/>\n<meta property=\"article:published_time\" content=\"2014-06-04T07:29:20+00:00\" \/>\n<meta property=\"article:modified_time\" content=\"2015-10-26T07:31:31+00:00\" \/>\n<meta property=\"og:image\" content=\"https:\/\/www.porta-mallorquina.es\/blog\/mallorca\/StephanH.jpg\" \/>\n<meta name=\"author\" content=\"Porta Mallorquina\" \/>\n<meta name=\"twitter:card\" content=\"summary_large_image\" \/>\n<meta name=\"twitter:label1\" content=\"Written by\" \/>\n\t<meta name=\"twitter:data1\" content=\"Porta Mallorquina\" \/>\n\t<meta name=\"twitter:label2\" content=\"Est. reading time\" \/>\n\t<meta name=\"twitter:data2\" content=\"1 minute\" \/>\n<script type=\"application\/ld+json\" class=\"yoast-schema-graph\">{\"@context\":\"https:\/\/schema.org\",\"@graph\":[{\"@type\":\"Article\",\"@id\":\"https:\/\/www.porta-mallorquina.es\/blog\/nuevo-en-nuestras-regiones-de-ventas\/#article\",\"isPartOf\":{\"@id\":\"https:\/\/www.porta-mallorquina.es\/blog\/nuevo-en-nuestras-regiones-de-ventas\/\"},\"author\":{\"name\":\"Porta Mallorquina\",\"@id\":\"https:\/\/www.porta-mallorquina.es\/blog\/#\/schema\/person\/00d40468a84878931da4d5e16749c9f0\"},\"headline\":\"Nuevo en nuestras regiones de ventas\",\"datePublished\":\"2014-06-04T07:29:20+00:00\",\"dateModified\":\"2015-10-26T07:31:31+00:00\",\"mainEntityOfPage\":{\"@id\":\"https:\/\/www.porta-mallorquina.es\/blog\/nuevo-en-nuestras-regiones-de-ventas\/\"},\"wordCount\":218,\"commentCount\":0,\"publisher\":{\"@id\":\"https:\/\/www.porta-mallorquina.es\/blog\/#organization\"},\"image\":{\"@id\":\"https:\/\/www.porta-mallorquina.es\/blog\/nuevo-en-nuestras-regiones-de-ventas\/#primaryimage\"},\"thumbnailUrl\":\"https:\/\/www.porta-mallorquina.es\/blog\/mallorca\/StephanH.jpg\",\"articleSection\":[\"Porta Mallorquina\"],\"inLanguage\":\"en-US\",\"potentialAction\":[{\"@type\":\"CommentAction\",\"name\":\"Comment\",\"target\":[\"https:\/\/www.porta-mallorquina.es\/blog\/nuevo-en-nuestras-regiones-de-ventas\/#respond\"]}]},{\"@type\":\"WebPage\",\"@id\":\"https:\/\/www.porta-mallorquina.es\/blog\/nuevo-en-nuestras-regiones-de-ventas\/\",\"url\":\"https:\/\/www.porta-mallorquina.es\/blog\/nuevo-en-nuestras-regiones-de-ventas\/\",\"name\":\"Nuevo en nuestras regiones de ventas - Porta Mallorquina Blog\",\"isPartOf\":{\"@id\":\"https:\/\/www.porta-mallorquina.es\/blog\/#website\"},\"primaryImageOfPage\":{\"@id\":\"https:\/\/www.porta-mallorquina.es\/blog\/nuevo-en-nuestras-regiones-de-ventas\/#primaryimage\"},\"image\":{\"@id\":\"https:\/\/www.porta-mallorquina.es\/blog\/nuevo-en-nuestras-regiones-de-ventas\/#primaryimage\"},\"thumbnailUrl\":\"https:\/\/www.porta-mallorquina.es\/blog\/mallorca\/StephanH.jpg\",\"datePublished\":\"2014-06-04T07:29:20+00:00\",\"dateModified\":\"2015-10-26T07:31:31+00:00\",\"breadcrumb\":{\"@id\":\"https:\/\/www.porta-mallorquina.es\/blog\/nuevo-en-nuestras-regiones-de-ventas\/#breadcrumb\"},\"inLanguage\":\"en-US\",\"potentialAction\":[{\"@type\":\"ReadAction\",\"target\":[\"https:\/\/www.porta-mallorquina.es\/blog\/nuevo-en-nuestras-regiones-de-ventas\/\"]}]},{\"@type\":\"ImageObject\",\"inLanguage\":\"en-US\",\"@id\":\"https:\/\/www.porta-mallorquina.es\/blog\/nuevo-en-nuestras-regiones-de-ventas\/#primaryimage\",\"url\":\"https:\/\/www.porta-mallorquina.es\/blog\/mallorca\/StephanH.jpg\",\"contentUrl\":\"https:\/\/www.porta-mallorquina.es\/blog\/mallorca\/StephanH.jpg\"},{\"@type\":\"BreadcrumbList\",\"@id\":\"https:\/\/www.porta-mallorquina.es\/blog\/nuevo-en-nuestras-regiones-de-ventas\/#breadcrumb\",\"itemListElement\":[{\"@type\":\"ListItem\",\"position\":1,\"name\":\"Portada\",\"item\":\"https:\/\/www.porta-mallorquina.es\/blog\/\"},{\"@type\":\"ListItem\",\"position\":2,\"name\":\"Nuevo en nuestras regiones de ventas\"}]},{\"@type\":\"WebSite\",\"@id\":\"https:\/\/www.porta-mallorquina.es\/blog\/#website\",\"url\":\"https:\/\/www.porta-mallorquina.es\/blog\/\",\"name\":\"Porta Mallorquina Blog\",\"description\":\"m\u00e1s que inmuebles de Mallorca\",\"publisher\":{\"@id\":\"https:\/\/www.porta-mallorquina.es\/blog\/#organization\"},\"potentialAction\":[{\"@type\":\"SearchAction\",\"target\":{\"@type\":\"EntryPoint\",\"urlTemplate\":\"https:\/\/www.porta-mallorquina.es\/blog\/?s={search_term_string}\"},\"query-input\":{\"@type\":\"PropertyValueSpecification\",\"valueRequired\":true,\"valueName\":\"search_term_string\"}}],\"inLanguage\":\"en-US\"},{\"@type\":\"Organization\",\"@id\":\"https:\/\/www.porta-mallorquina.es\/blog\/#organization\",\"name\":\"Porta Mallorquina Blog\",\"url\":\"https:\/\/www.porta-mallorquina.es\/blog\/\",\"logo\":{\"@type\":\"ImageObject\",\"inLanguage\":\"en-US\",\"@id\":\"https:\/\/www.porta-mallorquina.es\/blog\/#\/schema\/logo\/image\/\",\"url\":\"https:\/\/www.porta-mallorquina.es\/blog\/mallorca\/porta-mallorquina-real-estate-mallorca-logo.png\",\"contentUrl\":\"https:\/\/www.porta-mallorquina.es\/blog\/mallorca\/porta-mallorquina-real-estate-mallorca-logo.png\",\"width\":570,\"height\":400,\"caption\":\"Porta Mallorquina Blog\"},\"image\":{\"@id\":\"https:\/\/www.porta-mallorquina.es\/blog\/#\/schema\/logo\/image\/\"}},{\"@type\":\"Person\",\"@id\":\"https:\/\/www.porta-mallorquina.es\/blog\/#\/schema\/person\/00d40468a84878931da4d5e16749c9f0\",\"name\":\"Porta Mallorquina\",\"sameAs\":[\"https:\/\/www.porta-mallorquina.es\"],\"url\":\"https:\/\/www.porta-mallorquina.es\/blog\/author\/petraz\/\"}]}<\/script>\n<!-- \/ Yoast SEO plugin. -->","yoast_head_json":{"title":"Nuevo en nuestras regiones de ventas - Porta Mallorquina Blog","robots":{"index":"index","follow":"follow","max-snippet":"max-snippet:-1","max-image-preview":"max-image-preview:large","max-video-preview":"max-video-preview:-1"},"canonical":"https:\/\/www.porta-mallorquina.es\/blog\/nuevo-en-nuestras-regiones-de-ventas\/","og_locale":"en_US","og_type":"article","og_title":"Nuevo en nuestras regiones de ventas - Porta Mallorquina Blog","og_description":"A partir del 1 de junio, Stephan Hoffmann pasar\u00e1 a hacerse cargo de la direcci\u00f3n ejecutiva de la regi\u00f3n de ventas Norte. Stephan Hoffmann es uno de los empleados Stephan Hoffmann, nuevo director ejecutivo en la regi\u00f3n Norte. m\u00e1s antiguos de Porta Mallorquina y dirige nuestra compa\u00f1\u00eda desde 2007. Durante los \u00faltimos a\u00f1os ha estado [&hellip;]","og_url":"https:\/\/www.porta-mallorquina.es\/blog\/nuevo-en-nuestras-regiones-de-ventas\/","og_site_name":"Porta Mallorquina Blog","article_published_time":"2014-06-04T07:29:20+00:00","article_modified_time":"2015-10-26T07:31:31+00:00","og_image":[{"url":"https:\/\/www.porta-mallorquina.es\/blog\/mallorca\/StephanH.jpg","type":"","width":"","height":""}],"author":"Porta Mallorquina","twitter_card":"summary_large_image","twitter_misc":{"Written by":"Porta Mallorquina","Est. reading time":"1 minute"},"schema":{"@context":"https:\/\/schema.org","@graph":[{"@type":"Article","@id":"https:\/\/www.porta-mallorquina.es\/blog\/nuevo-en-nuestras-regiones-de-ventas\/#article","isPartOf":{"@id":"https:\/\/www.porta-mallorquina.es\/blog\/nuevo-en-nuestras-regiones-de-ventas\/"},"author":{"name":"Porta Mallorquina","@id":"https:\/\/www.porta-mallorquina.es\/blog\/#\/schema\/person\/00d40468a84878931da4d5e16749c9f0"},"headline":"Nuevo en nuestras regiones de ventas","datePublished":"2014-06-04T07:29:20+00:00","dateModified":"2015-10-26T07:31:31+00:00","mainEntityOfPage":{"@id":"https:\/\/www.porta-mallorquina.es\/blog\/nuevo-en-nuestras-regiones-de-ventas\/"},"wordCount":218,"commentCount":0,"publisher":{"@id":"https:\/\/www.porta-mallorquina.es\/blog\/#organization"},"image":{"@id":"https:\/\/www.porta-mallorquina.es\/blog\/nuevo-en-nuestras-regiones-de-ventas\/#primaryimage"},"thumbnailUrl":"https:\/\/www.porta-mallorquina.es\/blog\/mallorca\/StephanH.jpg","articleSection":["Porta Mallorquina"],"inLanguage":"en-US","potentialAction":[{"@type":"CommentAction","name":"Comment","target":["https:\/\/www.porta-mallorquina.es\/blog\/nuevo-en-nuestras-regiones-de-ventas\/#respond"]}]},{"@type":"WebPage","@id":"https:\/\/www.porta-mallorquina.es\/blog\/nuevo-en-nuestras-regiones-de-ventas\/","url":"https:\/\/www.porta-mallorquina.es\/blog\/nuevo-en-nuestras-regiones-de-ventas\/","name":"Nuevo en nuestras regiones de ventas - Porta Mallorquina Blog","isPartOf":{"@id":"https:\/\/www.porta-mallorquina.es\/blog\/#website"},"primaryImageOfPage":{"@id":"https:\/\/www.porta-mallorquina.es\/blog\/nuevo-en-nuestras-regiones-de-ventas\/#primaryimage"},"image":{"@id":"https:\/\/www.porta-mallorquina.es\/blog\/nuevo-en-nuestras-regiones-de-ventas\/#primaryimage"},"thumbnailUrl":"https:\/\/www.porta-mallorquina.es\/blog\/mallorca\/StephanH.jpg","datePublished":"2014-06-04T07:29:20+00:00","dateModified":"2015-10-26T07:31:31+00:00","breadcrumb":{"@id":"https:\/\/www.porta-mallorquina.es\/blog\/nuevo-en-nuestras-regiones-de-ventas\/#breadcrumb"},"inLanguage":"en-US","potentialAction":[{"@type":"ReadAction","target":["https:\/\/www.porta-mallorquina.es\/blog\/nuevo-en-nuestras-regiones-de-ventas\/"]}]},{"@type":"ImageObject","inLanguage":"en-US","@id":"https:\/\/www.porta-mallorquina.es\/blog\/nuevo-en-nuestras-regiones-de-ventas\/#primaryimage","url":"https:\/\/www.porta-mallorquina.es\/blog\/mallorca\/StephanH.jpg","contentUrl":"https:\/\/www.porta-mallorquina.es\/blog\/mallorca\/StephanH.jpg"},{"@type":"BreadcrumbList","@id":"https:\/\/www.porta-mallorquina.es\/blog\/nuevo-en-nuestras-regiones-de-ventas\/#breadcrumb","itemListElement":[{"@type":"ListItem","position":1,"name":"Portada","item":"https:\/\/www.porta-mallorquina.es\/blog\/"},{"@type":"ListItem","position":2,"name":"Nuevo en nuestras regiones de ventas"}]},{"@type":"WebSite","@id":"https:\/\/www.porta-mallorquina.es\/blog\/#website","url":"https:\/\/www.porta-mallorquina.es\/blog\/","name":"Porta Mallorquina Blog","description":"m\u00e1s que inmuebles de Mallorca","publisher":{"@id":"https:\/\/www.porta-mallorquina.es\/blog\/#organization"},"potentialAction":[{"@type":"SearchAction","target":{"@type":"EntryPoint","urlTemplate":"https:\/\/www.porta-mallorquina.es\/blog\/?s={search_term_string}"},"query-input":{"@type":"PropertyValueSpecification","valueRequired":true,"valueName":"search_term_string"}}],"inLanguage":"en-US"},{"@type":"Organization","@id":"https:\/\/www.porta-mallorquina.es\/blog\/#organization","name":"Porta Mallorquina Blog","url":"https:\/\/www.porta-mallorquina.es\/blog\/","logo":{"@type":"ImageObject","inLanguage":"en-US","@id":"https:\/\/www.porta-mallorquina.es\/blog\/#\/schema\/logo\/image\/","url":"https:\/\/www.porta-mallorquina.es\/blog\/mallorca\/porta-mallorquina-real-estate-mallorca-logo.png","contentUrl":"https:\/\/www.porta-mallorquina.es\/blog\/mallorca\/porta-mallorquina-real-estate-mallorca-logo.png","width":570,"height":400,"caption":"Porta Mallorquina Blog"},"image":{"@id":"https:\/\/www.porta-mallorquina.es\/blog\/#\/schema\/logo\/image\/"}},{"@type":"Person","@id":"https:\/\/www.porta-mallorquina.es\/blog\/#\/schema\/person\/00d40468a84878931da4d5e16749c9f0","name":"Porta Mallorquina","sameAs":["https:\/\/www.porta-mallorquina.es"],"url":"https:\/\/www.porta-mallorquina.es\/blog\/author\/petraz\/"}]}},"_links":{"self":[{"href":"https:\/\/www.porta-mallorquina.es\/blog\/wp-json\/wp\/v2\/posts\/1419","targetHints":{"allow":["GET"]}}],"collection":[{"href":"https:\/\/www.porta-mallorquina.es\/blog\/wp-json\/wp\/v2\/posts"}],"about":[{"href":"https:\/\/www.porta-mallorquina.es\/blog\/wp-json\/wp\/v2\/types\/post"}],"author":[{"embeddable":true,"href":"https:\/\/www.porta-mallorquina.es\/blog\/wp-json\/wp\/v2\/users\/2"}],"replies":[{"embeddable":true,"href":"https:\/\/www.porta-mallorquina.es\/blog\/wp-json\/wp\/v2\/comments?post=1419"}],"version-history":[{"count":1,"href":"https:\/\/www.porta-mallorquina.es\/blog\/wp-json\/wp\/v2\/posts\/1419\/revisions"}],"predecessor-version":[{"id":1420,"href":"https:\/\/www.porta-mallorquina.es\/blog\/wp-json\/wp\/v2\/posts\/1419\/revisions\/1420"}],"wp:attachment":[{"href":"https:\/\/www.porta-mallorquina.es\/blog\/wp-json\/wp\/v2\/media?parent=1419"}],"wp:term":[{"taxonomy":"category","embeddable":true,"href":"https:\/\/www.porta-mallorquina.es\/blog\/wp-json\/wp\/v2\/categories?post=1419"},{"taxonomy":"post_tag","embeddable":true,"href":"https:\/\/www.porta-mallorquina.es\/blog\/wp-json\/wp\/v2\/tags?post=1419"}],"curies":[{"name":"wp","href":"https:\/\/api.w.org\/{rel}","templated":true}]}}