{"id":1443,"date":"2014-11-26T10:30:14","date_gmt":"2014-11-26T08:30:14","guid":{"rendered":"http:\/\/www.porta-mallorquina.es\/blog\/?p=1443"},"modified":"2015-10-26T10:33:21","modified_gmt":"2015-10-26T08:33:21","slug":"las-ventas-aumentan-en-las-islas-baleares-2014","status":"publish","type":"post","link":"https:\/\/www.porta-mallorquina.es\/blog\/las-ventas-aumentan-en-las-islas-baleares-2014\/","title":{"rendered":"Las ventas aumentan un 15,4% en septiembre en las islas Baleares"},"content":{"rendered":"<p>El <strong>mercado inmobiliario<\/strong> en Mallorca, Ibiza y Menorca se encuentra todav\u00eda en ascenso. Como lo informa el Instituto Nacional de Estad\u00edstica (INE), se vendieron <strong>en septiembre<\/strong> de este a\u00f1o 706 inmuebles en las islas Baleares, lo que representa <strong>un aumento de 15,4%<\/strong> en comparaci\u00f3n con 2013.<\/p>\n<div id=\"attachment_2484\" class=\"wp-caption aligncenter\" style=\"width: 510px\"><a href=\"https:\/\/www.porta-mallorquina.es\/blog\/nueva-ley-tributaria-para-espanya-2015\/propediades-vacacional-en-mallorca\/\" rel=\"attachment wp-att-2484\"><img loading=\"lazy\" decoding=\"async\" class=\"size-full wp-image-2484  \" title=\"Propiedad vacacionales en Mallorca\" alt=\"Muy fuerte sigue siendo la demanda extranjera de inmuebles vacacionales \" src=\"https:\/\/www.porta-mallorquina.es\/blog\/mallorca\/Propediades-vacacional-en-Mallorca.jpg\" width=\"510\" height=\"340\" \/><\/a><\/p>\n<p class=\"wp-caption-text\">Muy fuerte sigue siendo la demanda extranjera de inmuebles vacacionales<\/p>\n<\/div>\n<p>Si se observa la acumulaci\u00f3n de los primeros nueve meses, las cifras de <strong>ventas de inmuebles aumentan 17,3% en 2014<\/strong> en comparaci\u00f3n con el a\u00f1o anterior.<\/p>\n<div id=\"attachment_2475\" class=\"wp-caption aligncenter\" style=\"width: 441px\"><a href=\"https:\/\/www.porta-mallorquina.es\/blog\/las-ventas-aumentan-un-154-en-septiembre-en-las-islas-baleares\/las-ventas-en-las-islas-baleares\/\" target=\"_blank\" rel=\"attachment wp-att-2475\"><img loading=\"lazy\" decoding=\"async\" class=\" wp-image-2475 \" title=\"Ventas de inmuebles en las islas baleares\" alt=\"Las ventas en las Islas Baleares\" src=\"https:\/\/www.porta-mallorquina.es\/blog\/mallorca\/Las-ventas-en-las-Islas-Baleares.jpg\" width=\"441\" height=\"314\" \/><\/a><\/p>\n<p class=\"wp-caption-text\">Fuente: INE, Noviembre 2014<\/p>\n<\/div>\n<p>Luego de un ligero descenso en las ventas a principios de a\u00f1o, los n\u00fameros  casi se duplicaron en marzo y tambi\u00e9n en los meses siguientes se pudo superar significativamente las cifras del a\u00f1o anterior.<\/p>\n<p>Muy fuerte sigue siendo la <strong>demanda extranjera de inmuebles vacacionales<\/strong> bien ubicados en Mallorca y las islas vecinas. Seg\u00fan datos de la C\u00e1mara Notarial, el n\u00famero de <strong>ventas de inmuebles de no-residentes aument\u00f3 36,4%<\/strong> en las islas Baleares en el primer cuarto de 2014 en comparaci\u00f3n al a\u00f1o anterior. Los expertos justifican el alto inter\u00e9s extranjero con la liberalizaci\u00f3n del alquiler vacacional, la buena accesibilidad de la isla y la estabilidad de los precios.<\/p>\n<h2>2014: A\u00f1o r\u00e9cord<\/h2>\n<p><strong>Porta Mallorquina<\/strong> puede confirmar esta tendencia. Con un aumento de 60% en los beneficios de octubre, 2014 es probablemente el a\u00f1o m\u00e1s exitoso en la historia de casi 10 a\u00f1os de la empresa.<\/p>\n<blockquote>\n<p>\u201cEspecialmente las viviendas vacacionales en el rango de precios alrededor de 350.000,-\u20ac tienen una demanda muy fuerte en la actualidad. El tiempo de comercializaci\u00f3n en este segmento es extremadamente corto debido a las atractivas ubicaciones\u201d,<\/p>\n<\/blockquote>\n<p>explica <strong>Jan Diedrich<\/strong>, el director de ventas y marketing de Porta Mallorquina Real Estate. Pero la empresas inmobiliaria tambi\u00e9n ha podido aumentar notablemente las ventas en el <a title=\"propiedades lujo\" href=\"https:\/\/www.porta-mallorquina.es\/inmobiliaria\/propiedades-lujo\/\" target=\"_blank\">segmento de lujo<\/a>. El precio de venta promedio para las mejores propiedades est\u00e1 hoy alrededor de 3 millones de Euros.<\/p>\n<p>En el \u00e1mbito regional,  el<strong> noreste<\/strong> llama particularmente la atenci\u00f3n este a\u00f1o. Sobre todo en el segmento m\u00e1s elevado, los agentes inmobiliarios han podido constatar <strong>una importante resurgimiento del mercado<\/strong>. Aqu\u00ed son solicitadas especialmente las fincas bien conservadas con equipamiento de alta calidad.<\/p>\n<p>Jan Diedrich se alegra de poder ofrecer a sus clientes un extraordinario proyecto: cerca de Art\u00e0 se han construido<a title=\"Carrossa Mallorca\" href=\"https:\/\/www.portamallorquina.com\/carrossa\/\" target=\"_blank\"> 8 fincas de lujo <\/a>que no dejan nada que desear en cuanto a ubicaci\u00f3n y equipamiento. Las fincas se venden exclusivamente a trav\u00e9s de Porta Mallorquina y est\u00e1n entre los 2,5 y 3,4 millones de Euros.<\/p>\n","protected":false},"excerpt":{"rendered":"<p>El mercado inmobiliario en Mallorca, Ibiza y Menorca se encuentra todav\u00eda en ascenso. Como lo informa el Instituto Nacional de Estad\u00edstica (INE), se vendieron en septiembre de este a\u00f1o 706 inmuebles en las islas Baleares, lo que representa un aumento de 15,4% en comparaci\u00f3n con 2013. Muy fuerte sigue siendo la demanda extranjera de inmuebles [&hellip;]<\/p>\n","protected":false},"author":2,"featured_media":0,"comment_status":"open","ping_status":"open","sticky":false,"template":"","format":"standard","meta":{"footnotes":""},"categories":[11],"tags":[],"class_list":["post-1443","post","type-post","status-publish","format-standard","hentry","category-inmuebles"],"yoast_head":"<!-- This site is optimized with the Yoast SEO plugin v27.2 - https:\/\/yoast.com\/product\/yoast-seo-wordpress\/ -->\n<title>Las ventas aumentan un 15,4% en septiembre en las islas Baleares - Porta Mallorquina Blog<\/title>\n<meta name=\"robots\" content=\"index, follow, max-snippet:-1, max-image-preview:large, max-video-preview:-1\" \/>\n<link rel=\"canonical\" href=\"https:\/\/www.porta-mallorquina.es\/blog\/las-ventas-aumentan-en-las-islas-baleares-2014\/\" \/>\n<meta property=\"og:locale\" content=\"en_US\" \/>\n<meta property=\"og:type\" content=\"article\" \/>\n<meta property=\"og:title\" content=\"Las ventas aumentan un 15,4% en septiembre en las islas Baleares - Porta Mallorquina Blog\" \/>\n<meta property=\"og:description\" content=\"El mercado inmobiliario en Mallorca, Ibiza y Menorca se encuentra todav\u00eda en ascenso. Como lo informa el Instituto Nacional de Estad\u00edstica (INE), se vendieron en septiembre de este a\u00f1o 706 inmuebles en las islas Baleares, lo que representa un aumento de 15,4% en comparaci\u00f3n con 2013. Muy fuerte sigue siendo la demanda extranjera de inmuebles [&hellip;]\" \/>\n<meta property=\"og:url\" content=\"https:\/\/www.porta-mallorquina.es\/blog\/las-ventas-aumentan-en-las-islas-baleares-2014\/\" \/>\n<meta property=\"og:site_name\" content=\"Porta Mallorquina Blog\" \/>\n<meta property=\"article:published_time\" content=\"2014-11-26T08:30:14+00:00\" \/>\n<meta property=\"article:modified_time\" content=\"2015-10-26T08:33:21+00:00\" \/>\n<meta property=\"og:image\" content=\"https:\/\/www.porta-mallorquina.es\/blog\/mallorca\/Propediades-vacacional-en-Mallorca.jpg\" \/>\n<meta name=\"author\" content=\"Porta Mallorquina\" \/>\n<meta name=\"twitter:card\" content=\"summary_large_image\" \/>\n<meta name=\"twitter:label1\" content=\"Written by\" \/>\n\t<meta name=\"twitter:data1\" content=\"Porta Mallorquina\" \/>\n\t<meta name=\"twitter:label2\" content=\"Est. reading time\" \/>\n\t<meta name=\"twitter:data2\" content=\"2 minutes\" \/>\n<script type=\"application\/ld+json\" class=\"yoast-schema-graph\">{\"@context\":\"https:\/\/schema.org\",\"@graph\":[{\"@type\":\"Article\",\"@id\":\"https:\/\/www.porta-mallorquina.es\/blog\/las-ventas-aumentan-en-las-islas-baleares-2014\/#article\",\"isPartOf\":{\"@id\":\"https:\/\/www.porta-mallorquina.es\/blog\/las-ventas-aumentan-en-las-islas-baleares-2014\/\"},\"author\":{\"name\":\"Porta Mallorquina\",\"@id\":\"https:\/\/www.porta-mallorquina.es\/blog\/#\/schema\/person\/00d40468a84878931da4d5e16749c9f0\"},\"headline\":\"Las ventas aumentan un 15,4% en septiembre en las islas Baleares\",\"datePublished\":\"2014-11-26T08:30:14+00:00\",\"dateModified\":\"2015-10-26T08:33:21+00:00\",\"mainEntityOfPage\":{\"@id\":\"https:\/\/www.porta-mallorquina.es\/blog\/las-ventas-aumentan-en-las-islas-baleares-2014\/\"},\"wordCount\":435,\"commentCount\":0,\"publisher\":{\"@id\":\"https:\/\/www.porta-mallorquina.es\/blog\/#organization\"},\"image\":{\"@id\":\"https:\/\/www.porta-mallorquina.es\/blog\/las-ventas-aumentan-en-las-islas-baleares-2014\/#primaryimage\"},\"thumbnailUrl\":\"https:\/\/www.porta-mallorquina.es\/blog\/mallorca\/Propediades-vacacional-en-Mallorca.jpg\",\"articleSection\":[\"Inmuebles\"],\"inLanguage\":\"en-US\",\"potentialAction\":[{\"@type\":\"CommentAction\",\"name\":\"Comment\",\"target\":[\"https:\/\/www.porta-mallorquina.es\/blog\/las-ventas-aumentan-en-las-islas-baleares-2014\/#respond\"]}]},{\"@type\":\"WebPage\",\"@id\":\"https:\/\/www.porta-mallorquina.es\/blog\/las-ventas-aumentan-en-las-islas-baleares-2014\/\",\"url\":\"https:\/\/www.porta-mallorquina.es\/blog\/las-ventas-aumentan-en-las-islas-baleares-2014\/\",\"name\":\"Las ventas aumentan un 15,4% en septiembre en las islas Baleares - Porta Mallorquina Blog\",\"isPartOf\":{\"@id\":\"https:\/\/www.porta-mallorquina.es\/blog\/#website\"},\"primaryImageOfPage\":{\"@id\":\"https:\/\/www.porta-mallorquina.es\/blog\/las-ventas-aumentan-en-las-islas-baleares-2014\/#primaryimage\"},\"image\":{\"@id\":\"https:\/\/www.porta-mallorquina.es\/blog\/las-ventas-aumentan-en-las-islas-baleares-2014\/#primaryimage\"},\"thumbnailUrl\":\"https:\/\/www.porta-mallorquina.es\/blog\/mallorca\/Propediades-vacacional-en-Mallorca.jpg\",\"datePublished\":\"2014-11-26T08:30:14+00:00\",\"dateModified\":\"2015-10-26T08:33:21+00:00\",\"breadcrumb\":{\"@id\":\"https:\/\/www.porta-mallorquina.es\/blog\/las-ventas-aumentan-en-las-islas-baleares-2014\/#breadcrumb\"},\"inLanguage\":\"en-US\",\"potentialAction\":[{\"@type\":\"ReadAction\",\"target\":[\"https:\/\/www.porta-mallorquina.es\/blog\/las-ventas-aumentan-en-las-islas-baleares-2014\/\"]}]},{\"@type\":\"ImageObject\",\"inLanguage\":\"en-US\",\"@id\":\"https:\/\/www.porta-mallorquina.es\/blog\/las-ventas-aumentan-en-las-islas-baleares-2014\/#primaryimage\",\"url\":\"\",\"contentUrl\":\"\"},{\"@type\":\"BreadcrumbList\",\"@id\":\"https:\/\/www.porta-mallorquina.es\/blog\/las-ventas-aumentan-en-las-islas-baleares-2014\/#breadcrumb\",\"itemListElement\":[{\"@type\":\"ListItem\",\"position\":1,\"name\":\"Portada\",\"item\":\"https:\/\/www.porta-mallorquina.es\/blog\/\"},{\"@type\":\"ListItem\",\"position\":2,\"name\":\"Las ventas aumentan un 15,4% en septiembre en las islas Baleares\"}]},{\"@type\":\"WebSite\",\"@id\":\"https:\/\/www.porta-mallorquina.es\/blog\/#website\",\"url\":\"https:\/\/www.porta-mallorquina.es\/blog\/\",\"name\":\"Porta Mallorquina Blog\",\"description\":\"m\u00e1s que inmuebles de Mallorca\",\"publisher\":{\"@id\":\"https:\/\/www.porta-mallorquina.es\/blog\/#organization\"},\"potentialAction\":[{\"@type\":\"SearchAction\",\"target\":{\"@type\":\"EntryPoint\",\"urlTemplate\":\"https:\/\/www.porta-mallorquina.es\/blog\/?s={search_term_string}\"},\"query-input\":{\"@type\":\"PropertyValueSpecification\",\"valueRequired\":true,\"valueName\":\"search_term_string\"}}],\"inLanguage\":\"en-US\"},{\"@type\":\"Organization\",\"@id\":\"https:\/\/www.porta-mallorquina.es\/blog\/#organization\",\"name\":\"Porta Mallorquina Blog\",\"url\":\"https:\/\/www.porta-mallorquina.es\/blog\/\",\"logo\":{\"@type\":\"ImageObject\",\"inLanguage\":\"en-US\",\"@id\":\"https:\/\/www.porta-mallorquina.es\/blog\/#\/schema\/logo\/image\/\",\"url\":\"https:\/\/www.porta-mallorquina.es\/blog\/mallorca\/porta-mallorquina-real-estate-mallorca-logo.png\",\"contentUrl\":\"https:\/\/www.porta-mallorquina.es\/blog\/mallorca\/porta-mallorquina-real-estate-mallorca-logo.png\",\"width\":570,\"height\":400,\"caption\":\"Porta Mallorquina Blog\"},\"image\":{\"@id\":\"https:\/\/www.porta-mallorquina.es\/blog\/#\/schema\/logo\/image\/\"}},{\"@type\":\"Person\",\"@id\":\"https:\/\/www.porta-mallorquina.es\/blog\/#\/schema\/person\/00d40468a84878931da4d5e16749c9f0\",\"name\":\"Porta Mallorquina\",\"sameAs\":[\"https:\/\/www.porta-mallorquina.es\"],\"url\":\"https:\/\/www.porta-mallorquina.es\/blog\/author\/petraz\/\"}]}<\/script>\n<!-- \/ Yoast SEO plugin. -->","yoast_head_json":{"title":"Las ventas aumentan un 15,4% en septiembre en las islas Baleares - Porta Mallorquina Blog","robots":{"index":"index","follow":"follow","max-snippet":"max-snippet:-1","max-image-preview":"max-image-preview:large","max-video-preview":"max-video-preview:-1"},"canonical":"https:\/\/www.porta-mallorquina.es\/blog\/las-ventas-aumentan-en-las-islas-baleares-2014\/","og_locale":"en_US","og_type":"article","og_title":"Las ventas aumentan un 15,4% en septiembre en las islas Baleares - Porta Mallorquina Blog","og_description":"El mercado inmobiliario en Mallorca, Ibiza y Menorca se encuentra todav\u00eda en ascenso. Como lo informa el Instituto Nacional de Estad\u00edstica (INE), se vendieron en septiembre de este a\u00f1o 706 inmuebles en las islas Baleares, lo que representa un aumento de 15,4% en comparaci\u00f3n con 2013. Muy fuerte sigue siendo la demanda extranjera de inmuebles [&hellip;]","og_url":"https:\/\/www.porta-mallorquina.es\/blog\/las-ventas-aumentan-en-las-islas-baleares-2014\/","og_site_name":"Porta Mallorquina Blog","article_published_time":"2014-11-26T08:30:14+00:00","article_modified_time":"2015-10-26T08:33:21+00:00","og_image":[{"url":"https:\/\/www.porta-mallorquina.es\/blog\/mallorca\/Propediades-vacacional-en-Mallorca.jpg","type":"","width":"","height":""}],"author":"Porta Mallorquina","twitter_card":"summary_large_image","twitter_misc":{"Written by":"Porta Mallorquina","Est. reading time":"2 minutes"},"schema":{"@context":"https:\/\/schema.org","@graph":[{"@type":"Article","@id":"https:\/\/www.porta-mallorquina.es\/blog\/las-ventas-aumentan-en-las-islas-baleares-2014\/#article","isPartOf":{"@id":"https:\/\/www.porta-mallorquina.es\/blog\/las-ventas-aumentan-en-las-islas-baleares-2014\/"},"author":{"name":"Porta Mallorquina","@id":"https:\/\/www.porta-mallorquina.es\/blog\/#\/schema\/person\/00d40468a84878931da4d5e16749c9f0"},"headline":"Las ventas aumentan un 15,4% en septiembre en las islas Baleares","datePublished":"2014-11-26T08:30:14+00:00","dateModified":"2015-10-26T08:33:21+00:00","mainEntityOfPage":{"@id":"https:\/\/www.porta-mallorquina.es\/blog\/las-ventas-aumentan-en-las-islas-baleares-2014\/"},"wordCount":435,"commentCount":0,"publisher":{"@id":"https:\/\/www.porta-mallorquina.es\/blog\/#organization"},"image":{"@id":"https:\/\/www.porta-mallorquina.es\/blog\/las-ventas-aumentan-en-las-islas-baleares-2014\/#primaryimage"},"thumbnailUrl":"https:\/\/www.porta-mallorquina.es\/blog\/mallorca\/Propediades-vacacional-en-Mallorca.jpg","articleSection":["Inmuebles"],"inLanguage":"en-US","potentialAction":[{"@type":"CommentAction","name":"Comment","target":["https:\/\/www.porta-mallorquina.es\/blog\/las-ventas-aumentan-en-las-islas-baleares-2014\/#respond"]}]},{"@type":"WebPage","@id":"https:\/\/www.porta-mallorquina.es\/blog\/las-ventas-aumentan-en-las-islas-baleares-2014\/","url":"https:\/\/www.porta-mallorquina.es\/blog\/las-ventas-aumentan-en-las-islas-baleares-2014\/","name":"Las ventas aumentan un 15,4% en septiembre en las islas Baleares - Porta Mallorquina Blog","isPartOf":{"@id":"https:\/\/www.porta-mallorquina.es\/blog\/#website"},"primaryImageOfPage":{"@id":"https:\/\/www.porta-mallorquina.es\/blog\/las-ventas-aumentan-en-las-islas-baleares-2014\/#primaryimage"},"image":{"@id":"https:\/\/www.porta-mallorquina.es\/blog\/las-ventas-aumentan-en-las-islas-baleares-2014\/#primaryimage"},"thumbnailUrl":"https:\/\/www.porta-mallorquina.es\/blog\/mallorca\/Propediades-vacacional-en-Mallorca.jpg","datePublished":"2014-11-26T08:30:14+00:00","dateModified":"2015-10-26T08:33:21+00:00","breadcrumb":{"@id":"https:\/\/www.porta-mallorquina.es\/blog\/las-ventas-aumentan-en-las-islas-baleares-2014\/#breadcrumb"},"inLanguage":"en-US","potentialAction":[{"@type":"ReadAction","target":["https:\/\/www.porta-mallorquina.es\/blog\/las-ventas-aumentan-en-las-islas-baleares-2014\/"]}]},{"@type":"ImageObject","inLanguage":"en-US","@id":"https:\/\/www.porta-mallorquina.es\/blog\/las-ventas-aumentan-en-las-islas-baleares-2014\/#primaryimage","url":"","contentUrl":""},{"@type":"BreadcrumbList","@id":"https:\/\/www.porta-mallorquina.es\/blog\/las-ventas-aumentan-en-las-islas-baleares-2014\/#breadcrumb","itemListElement":[{"@type":"ListItem","position":1,"name":"Portada","item":"https:\/\/www.porta-mallorquina.es\/blog\/"},{"@type":"ListItem","position":2,"name":"Las ventas aumentan un 15,4% en septiembre en las islas Baleares"}]},{"@type":"WebSite","@id":"https:\/\/www.porta-mallorquina.es\/blog\/#website","url":"https:\/\/www.porta-mallorquina.es\/blog\/","name":"Porta Mallorquina Blog","description":"m\u00e1s que inmuebles de Mallorca","publisher":{"@id":"https:\/\/www.porta-mallorquina.es\/blog\/#organization"},"potentialAction":[{"@type":"SearchAction","target":{"@type":"EntryPoint","urlTemplate":"https:\/\/www.porta-mallorquina.es\/blog\/?s={search_term_string}"},"query-input":{"@type":"PropertyValueSpecification","valueRequired":true,"valueName":"search_term_string"}}],"inLanguage":"en-US"},{"@type":"Organization","@id":"https:\/\/www.porta-mallorquina.es\/blog\/#organization","name":"Porta Mallorquina Blog","url":"https:\/\/www.porta-mallorquina.es\/blog\/","logo":{"@type":"ImageObject","inLanguage":"en-US","@id":"https:\/\/www.porta-mallorquina.es\/blog\/#\/schema\/logo\/image\/","url":"https:\/\/www.porta-mallorquina.es\/blog\/mallorca\/porta-mallorquina-real-estate-mallorca-logo.png","contentUrl":"https:\/\/www.porta-mallorquina.es\/blog\/mallorca\/porta-mallorquina-real-estate-mallorca-logo.png","width":570,"height":400,"caption":"Porta Mallorquina Blog"},"image":{"@id":"https:\/\/www.porta-mallorquina.es\/blog\/#\/schema\/logo\/image\/"}},{"@type":"Person","@id":"https:\/\/www.porta-mallorquina.es\/blog\/#\/schema\/person\/00d40468a84878931da4d5e16749c9f0","name":"Porta Mallorquina","sameAs":["https:\/\/www.porta-mallorquina.es"],"url":"https:\/\/www.porta-mallorquina.es\/blog\/author\/petraz\/"}]}},"_links":{"self":[{"href":"https:\/\/www.porta-mallorquina.es\/blog\/wp-json\/wp\/v2\/posts\/1443","targetHints":{"allow":["GET"]}}],"collection":[{"href":"https:\/\/www.porta-mallorquina.es\/blog\/wp-json\/wp\/v2\/posts"}],"about":[{"href":"https:\/\/www.porta-mallorquina.es\/blog\/wp-json\/wp\/v2\/types\/post"}],"author":[{"embeddable":true,"href":"https:\/\/www.porta-mallorquina.es\/blog\/wp-json\/wp\/v2\/users\/2"}],"replies":[{"embeddable":true,"href":"https:\/\/www.porta-mallorquina.es\/blog\/wp-json\/wp\/v2\/comments?post=1443"}],"version-history":[{"count":1,"href":"https:\/\/www.porta-mallorquina.es\/blog\/wp-json\/wp\/v2\/posts\/1443\/revisions"}],"predecessor-version":[{"id":1444,"href":"https:\/\/www.porta-mallorquina.es\/blog\/wp-json\/wp\/v2\/posts\/1443\/revisions\/1444"}],"wp:attachment":[{"href":"https:\/\/www.porta-mallorquina.es\/blog\/wp-json\/wp\/v2\/media?parent=1443"}],"wp:term":[{"taxonomy":"category","embeddable":true,"href":"https:\/\/www.porta-mallorquina.es\/blog\/wp-json\/wp\/v2\/categories?post=1443"},{"taxonomy":"post_tag","embeddable":true,"href":"https:\/\/www.porta-mallorquina.es\/blog\/wp-json\/wp\/v2\/tags?post=1443"}],"curies":[{"name":"wp","href":"https:\/\/api.w.org\/{rel}","templated":true}]}}