{"id":1461,"date":"2014-04-09T12:44:54","date_gmt":"2014-04-09T10:44:54","guid":{"rendered":"http:\/\/www.porta-mallorquina.es\/blog\/?p=1461"},"modified":"2015-10-26T12:50:15","modified_gmt":"2015-10-26T10:50:15","slug":"porta-mallorquina-presta-apoyo-al-proyecto-social-comida-para-todos-lions-club-de-mallorca","status":"publish","type":"post","link":"https:\/\/www.porta-mallorquina.es\/blog\/porta-mallorquina-presta-apoyo-al-proyecto-social-comida-para-todos-lions-club-de-mallorca\/","title":{"rendered":"Porta Mallorquina presta apoyo al proyecto social \u201cComida para todos\u201d Lions Club de Mallorca"},"content":{"rendered":"<p>En nuestra calidad de exitosa empresa inmobiliaria consideramos que tenemos una responsabilidad social frente a la sociedad, y por ello dedicamos una parte de nuestro presupuesto de publicidad a diversos proyectos de ayuda. En el pasado hemos prestado apoyo a la asociaci\u00f3n \u201c<b>Mundo de Ni\u00f1os\u201d<\/b>, que atiende a <a title=\"Artikel \" href=\"https:\/\/www.porta-mallorquina.es\/blog\/salve-a-los-ninos-callejeros-peruanos\/\" target=\"_blank\">ni\u00f1os de la calle en Per\u00fa<\/a>, as\u00ed como a <b>ASPAYM Illes Balears<\/b>, una asociaci\u00f3n de ayuda a personas discapacitadas.<\/p>\n<div id=\"attachment_2216\" class=\"wp-caption alignright\" style=\"width: 300px\"><a href=\"https:\/\/www.porta-mallorquina.es\/blog\/mallorca\/PM-apoya-al-Club-de-Leones-de-Mallorca\/\" target=\"_blank\"><img loading=\"lazy\" decoding=\"async\" class=\"size-full wp-image-2216 \" title=\"Porta Mallorquina apoya al Club de Leones de Mallorca\" alt=\"PM apoya al Club de Leones de Mallorca\" src=\"https:\/\/www.porta-mallorquina.es\/blog\/mallorca\/PM-apoya-al-Club-de-Leones-de-Mallorca.jpg\" width=\"300\" height=\"250\" \/><\/a><\/p>\n<p class=\"wp-caption-text\">Porta Mallorquina apoya al Club de Leones de Mallorca<\/p>\n<\/div>\n<p>En 2014 dedicamos nuestro compromiso social a un proyecto muy especial del <b>Club de Leones de Mallorca<\/b> (<b><i>Lions Club Mallorca<\/i>)<\/b>, la campa\u00f1a \u201c<a title=\"Essen f\u00fcr Alle\" href=\"http:\/\/www.lionsclubpalma.com\/w\/34\/essen-f-r-alle\" target=\"_blank\">Comida para todos<\/span><\/a>\u201d<\/span><\/span>. Cada d\u00eda una comida caliente: para muchas personas esto no es una obviedad. Tampoco en Mallorca, la isla que es sin\u00f3nimo de vacaciones, sol brillante, placer sin nada que lo perturbe y disfrute de la vida sin preocupaciones de ning\u00fan g\u00e9nero.<\/p>\n<h2>Se trata de las \u201csombras\u201d de la que suele denominarse \u201cisla del sol\u201d.<\/h2>\n<p>La delegaci\u00f3n mallorquina de la mencionada organizaci\u00f3n ben\u00e9fica, presente en todo el mundo, puso en marcha este proyecto en 2010, dado que la brecha entre pobres y ricos en la mayor de las islas Baleares se est\u00e1 haciendo cada vez m\u00e1s grande: aproximadamente <b>una quinta parte de la poblaci\u00f3n de Mallorca<\/b> vive actualmente <b>debajo del umbral de la pobreza<\/b>. Por el lado oficial poco cabe esperar, dado que el Estado espa\u00f1ol limita las ayudas sociales a tan solo unos meses y los desempleados de larga duraci\u00f3n no reciben apoyo econ\u00f3mico.<\/p>\n<div id=\"attachment_2219\" class=\"wp-caption alignleft\" style=\"width: 269px\"><a href=\"https:\/\/www.porta-mallorquina.es\/blog\/mallorca\/Alimentos\/\" target=\"_blank\"><img loading=\"lazy\" decoding=\"async\" class=\" wp-image-2219   \" title=\"El Club de Leones se encarga de distribuir donaciones de alimentos entre las organizaciones ben\u00e9ficas locales.\" alt=\"Alimentos\" src=\"https:\/\/www.porta-mallorquina.es\/blog\/mallorca\/Alimentos.jpg\" width=\"269\" height=\"358\" \/><\/a><\/p>\n<p class=\"wp-caption-text\">El Club de Leones se encarga de distribuir donaciones de alimentos entre las organizaciones ben\u00e9ficas locales.<\/p>\n<\/div>\n<p>En colaboraci\u00f3n con el mayor supermercado alem\u00e1n de la isla, el Club de Leones de Mallorca se ocupa de la <b>distribuci\u00f3n<\/b><b> de alimentos facilitados gratuitamente<\/b> y de art\u00edculos de higiene personal a personas necesitadas. Esos productos se reparten entre muchas instituciones de Palma (Hermandad de los Capuchinos, \u201cComedor Zaqueo\u201d, \u201cMonasterio de La Real\u201d, albergue de personas sin techo \u201cCan Gaza\u201d, etc.), que despu\u00e9s los entregan directamente a quienes m\u00e1s los necesitan, por ejemplo en forma de paquetes de alimentos para familias o de un desayuno o una comida caliente para ancianos sin recursos, ni\u00f1os o personas sin techo.<\/p>\n<p>Los donativos se destinan en su 100% al proyecto. El Club de Leones financia el veh\u00edculo de reparto, la gasolina y el conductor que recoge los productos y los lleva a las organizaciones ben\u00e9ficas. \u00a1En estos momentos se est\u00e1 repartiendo diariamente entre los necesitados alrededor de <b>una tonelada<\/b> <b>de productos<\/b>! Nos alegramos de poder contribuir con nuestro compromiso econ\u00f3mico al \u00e9xito de este proyecto.<\/p>\n<p><b>\u00bfDesea hacer un donativo <\/b><b>tambi\u00e9n<\/b><b> Ud.?<\/b> Cada euro cuenta. En las p\u00e1ginas de Internet del <span style=\"text-decoration: underline;\"><span style=\"color: #000000; text-decoration: underline;\"><a title=\"Lions Club Palma de Mallorca\" href=\"http:\/\/www.lionsclubpalma.com\/\" target=\"_blank\"><span style=\"color: #000000; text-decoration: underline;\">Lions Club Mallorca<\/span><\/a><\/span><\/span> encontrar\u00e1 m\u00e1s informaci\u00f3n sobre el proyecto \u201cComida para Todos\u201d.<\/p>\n<p>&nbsp;<\/p>\n<p>&nbsp;<\/p>\n<p><iframe loading=\"lazy\" src=\"\/\/www.youtube.com\/embed\/MvqdBDp0OAI\" height=\"315\" width=\"560\" allowfullscreen=\"\" frameborder=\"0\"><\/iframe><\/p>\n","protected":false},"excerpt":{"rendered":"<p>En nuestra calidad de exitosa empresa inmobiliaria consideramos que tenemos una responsabilidad social frente a la sociedad, y por ello dedicamos una parte de nuestro presupuesto de publicidad a diversos proyectos de ayuda. En el pasado hemos prestado apoyo a la asociaci\u00f3n \u201cMundo de Ni\u00f1os\u201d, que atiende a ni\u00f1os de la calle en Per\u00fa, as\u00ed [&hellip;]<\/p>\n","protected":false},"author":2,"featured_media":0,"comment_status":"open","ping_status":"open","sticky":false,"template":"","format":"standard","meta":{"footnotes":""},"categories":[4,6,9],"tags":[],"class_list":["post-1461","post","type-post","status-publish","format-standard","hentry","category-ciudad","category-mallorca","category-porta-mallorquina"],"yoast_head":"<!-- This site is optimized with the Yoast SEO plugin v27.2 - https:\/\/yoast.com\/product\/yoast-seo-wordpress\/ -->\n<title>Porta Mallorquina presta apoyo al proyecto social \u201cComida para todos\u201d Lions Club de Mallorca - Porta Mallorquina Blog<\/title>\n<meta name=\"robots\" content=\"index, follow, max-snippet:-1, max-image-preview:large, max-video-preview:-1\" \/>\n<link rel=\"canonical\" href=\"https:\/\/www.porta-mallorquina.es\/blog\/porta-mallorquina-presta-apoyo-al-proyecto-social-comida-para-todos-lions-club-de-mallorca\/\" \/>\n<meta property=\"og:locale\" content=\"en_US\" \/>\n<meta property=\"og:type\" content=\"article\" \/>\n<meta property=\"og:title\" content=\"Porta Mallorquina presta apoyo al proyecto social \u201cComida para todos\u201d Lions Club de Mallorca - Porta Mallorquina Blog\" \/>\n<meta property=\"og:description\" content=\"En nuestra calidad de exitosa empresa inmobiliaria consideramos que tenemos una responsabilidad social frente a la sociedad, y por ello dedicamos una parte de nuestro presupuesto de publicidad a diversos proyectos de ayuda. En el pasado hemos prestado apoyo a la asociaci\u00f3n \u201cMundo de Ni\u00f1os\u201d, que atiende a ni\u00f1os de la calle en Per\u00fa, as\u00ed [&hellip;]\" \/>\n<meta property=\"og:url\" content=\"https:\/\/www.porta-mallorquina.es\/blog\/porta-mallorquina-presta-apoyo-al-proyecto-social-comida-para-todos-lions-club-de-mallorca\/\" \/>\n<meta property=\"og:site_name\" content=\"Porta Mallorquina Blog\" \/>\n<meta property=\"article:published_time\" content=\"2014-04-09T10:44:54+00:00\" \/>\n<meta property=\"article:modified_time\" content=\"2015-10-26T10:50:15+00:00\" \/>\n<meta property=\"og:image\" content=\"https:\/\/www.porta-mallorquina.es\/blog\/mallorca\/PM-apoya-al-Club-de-Leones-de-Mallorca.jpg\" \/>\n<meta name=\"author\" content=\"Porta Mallorquina\" \/>\n<meta name=\"twitter:card\" content=\"summary_large_image\" \/>\n<meta name=\"twitter:label1\" content=\"Written by\" \/>\n\t<meta name=\"twitter:data1\" content=\"Porta Mallorquina\" \/>\n\t<meta name=\"twitter:label2\" content=\"Est. reading time\" \/>\n\t<meta name=\"twitter:data2\" content=\"2 minutes\" \/>\n<script type=\"application\/ld+json\" class=\"yoast-schema-graph\">{\"@context\":\"https:\/\/schema.org\",\"@graph\":[{\"@type\":\"Article\",\"@id\":\"https:\/\/www.porta-mallorquina.es\/blog\/porta-mallorquina-presta-apoyo-al-proyecto-social-comida-para-todos-lions-club-de-mallorca\/#article\",\"isPartOf\":{\"@id\":\"https:\/\/www.porta-mallorquina.es\/blog\/porta-mallorquina-presta-apoyo-al-proyecto-social-comida-para-todos-lions-club-de-mallorca\/\"},\"author\":{\"name\":\"Porta Mallorquina\",\"@id\":\"https:\/\/www.porta-mallorquina.es\/blog\/#\/schema\/person\/00d40468a84878931da4d5e16749c9f0\"},\"headline\":\"Porta Mallorquina presta apoyo al proyecto social \u201cComida para todos\u201d Lions Club de Mallorca\",\"datePublished\":\"2014-04-09T10:44:54+00:00\",\"dateModified\":\"2015-10-26T10:50:15+00:00\",\"mainEntityOfPage\":{\"@id\":\"https:\/\/www.porta-mallorquina.es\/blog\/porta-mallorquina-presta-apoyo-al-proyecto-social-comida-para-todos-lions-club-de-mallorca\/\"},\"wordCount\":495,\"commentCount\":0,\"publisher\":{\"@id\":\"https:\/\/www.porta-mallorquina.es\/blog\/#organization\"},\"image\":{\"@id\":\"https:\/\/www.porta-mallorquina.es\/blog\/porta-mallorquina-presta-apoyo-al-proyecto-social-comida-para-todos-lions-club-de-mallorca\/#primaryimage\"},\"thumbnailUrl\":\"https:\/\/www.porta-mallorquina.es\/blog\/mallorca\/PM-apoya-al-Club-de-Leones-de-Mallorca.jpg\",\"articleSection\":[\"Ciudad\",\"Mallorca\",\"Porta Mallorquina\"],\"inLanguage\":\"en-US\",\"potentialAction\":[{\"@type\":\"CommentAction\",\"name\":\"Comment\",\"target\":[\"https:\/\/www.porta-mallorquina.es\/blog\/porta-mallorquina-presta-apoyo-al-proyecto-social-comida-para-todos-lions-club-de-mallorca\/#respond\"]}]},{\"@type\":\"WebPage\",\"@id\":\"https:\/\/www.porta-mallorquina.es\/blog\/porta-mallorquina-presta-apoyo-al-proyecto-social-comida-para-todos-lions-club-de-mallorca\/\",\"url\":\"https:\/\/www.porta-mallorquina.es\/blog\/porta-mallorquina-presta-apoyo-al-proyecto-social-comida-para-todos-lions-club-de-mallorca\/\",\"name\":\"Porta Mallorquina presta apoyo al proyecto social \u201cComida para todos\u201d Lions Club de Mallorca - Porta Mallorquina Blog\",\"isPartOf\":{\"@id\":\"https:\/\/www.porta-mallorquina.es\/blog\/#website\"},\"primaryImageOfPage\":{\"@id\":\"https:\/\/www.porta-mallorquina.es\/blog\/porta-mallorquina-presta-apoyo-al-proyecto-social-comida-para-todos-lions-club-de-mallorca\/#primaryimage\"},\"image\":{\"@id\":\"https:\/\/www.porta-mallorquina.es\/blog\/porta-mallorquina-presta-apoyo-al-proyecto-social-comida-para-todos-lions-club-de-mallorca\/#primaryimage\"},\"thumbnailUrl\":\"https:\/\/www.porta-mallorquina.es\/blog\/mallorca\/PM-apoya-al-Club-de-Leones-de-Mallorca.jpg\",\"datePublished\":\"2014-04-09T10:44:54+00:00\",\"dateModified\":\"2015-10-26T10:50:15+00:00\",\"breadcrumb\":{\"@id\":\"https:\/\/www.porta-mallorquina.es\/blog\/porta-mallorquina-presta-apoyo-al-proyecto-social-comida-para-todos-lions-club-de-mallorca\/#breadcrumb\"},\"inLanguage\":\"en-US\",\"potentialAction\":[{\"@type\":\"ReadAction\",\"target\":[\"https:\/\/www.porta-mallorquina.es\/blog\/porta-mallorquina-presta-apoyo-al-proyecto-social-comida-para-todos-lions-club-de-mallorca\/\"]}]},{\"@type\":\"ImageObject\",\"inLanguage\":\"en-US\",\"@id\":\"https:\/\/www.porta-mallorquina.es\/blog\/porta-mallorquina-presta-apoyo-al-proyecto-social-comida-para-todos-lions-club-de-mallorca\/#primaryimage\",\"url\":\"\",\"contentUrl\":\"\"},{\"@type\":\"BreadcrumbList\",\"@id\":\"https:\/\/www.porta-mallorquina.es\/blog\/porta-mallorquina-presta-apoyo-al-proyecto-social-comida-para-todos-lions-club-de-mallorca\/#breadcrumb\",\"itemListElement\":[{\"@type\":\"ListItem\",\"position\":1,\"name\":\"Portada\",\"item\":\"https:\/\/www.porta-mallorquina.es\/blog\/\"},{\"@type\":\"ListItem\",\"position\":2,\"name\":\"Porta Mallorquina presta apoyo al proyecto social \u201cComida para todos\u201d Lions Club de Mallorca\"}]},{\"@type\":\"WebSite\",\"@id\":\"https:\/\/www.porta-mallorquina.es\/blog\/#website\",\"url\":\"https:\/\/www.porta-mallorquina.es\/blog\/\",\"name\":\"Porta Mallorquina Blog\",\"description\":\"m\u00e1s que inmuebles de Mallorca\",\"publisher\":{\"@id\":\"https:\/\/www.porta-mallorquina.es\/blog\/#organization\"},\"potentialAction\":[{\"@type\":\"SearchAction\",\"target\":{\"@type\":\"EntryPoint\",\"urlTemplate\":\"https:\/\/www.porta-mallorquina.es\/blog\/?s={search_term_string}\"},\"query-input\":{\"@type\":\"PropertyValueSpecification\",\"valueRequired\":true,\"valueName\":\"search_term_string\"}}],\"inLanguage\":\"en-US\"},{\"@type\":\"Organization\",\"@id\":\"https:\/\/www.porta-mallorquina.es\/blog\/#organization\",\"name\":\"Porta Mallorquina Blog\",\"url\":\"https:\/\/www.porta-mallorquina.es\/blog\/\",\"logo\":{\"@type\":\"ImageObject\",\"inLanguage\":\"en-US\",\"@id\":\"https:\/\/www.porta-mallorquina.es\/blog\/#\/schema\/logo\/image\/\",\"url\":\"https:\/\/www.porta-mallorquina.es\/blog\/mallorca\/porta-mallorquina-real-estate-mallorca-logo.png\",\"contentUrl\":\"https:\/\/www.porta-mallorquina.es\/blog\/mallorca\/porta-mallorquina-real-estate-mallorca-logo.png\",\"width\":570,\"height\":400,\"caption\":\"Porta Mallorquina Blog\"},\"image\":{\"@id\":\"https:\/\/www.porta-mallorquina.es\/blog\/#\/schema\/logo\/image\/\"}},{\"@type\":\"Person\",\"@id\":\"https:\/\/www.porta-mallorquina.es\/blog\/#\/schema\/person\/00d40468a84878931da4d5e16749c9f0\",\"name\":\"Porta Mallorquina\",\"sameAs\":[\"https:\/\/www.porta-mallorquina.es\"],\"url\":\"https:\/\/www.porta-mallorquina.es\/blog\/author\/petraz\/\"}]}<\/script>\n<!-- \/ Yoast SEO plugin. -->","yoast_head_json":{"title":"Porta Mallorquina presta apoyo al proyecto social \u201cComida para todos\u201d Lions Club de Mallorca - Porta Mallorquina Blog","robots":{"index":"index","follow":"follow","max-snippet":"max-snippet:-1","max-image-preview":"max-image-preview:large","max-video-preview":"max-video-preview:-1"},"canonical":"https:\/\/www.porta-mallorquina.es\/blog\/porta-mallorquina-presta-apoyo-al-proyecto-social-comida-para-todos-lions-club-de-mallorca\/","og_locale":"en_US","og_type":"article","og_title":"Porta Mallorquina presta apoyo al proyecto social \u201cComida para todos\u201d Lions Club de Mallorca - Porta Mallorquina Blog","og_description":"En nuestra calidad de exitosa empresa inmobiliaria consideramos que tenemos una responsabilidad social frente a la sociedad, y por ello dedicamos una parte de nuestro presupuesto de publicidad a diversos proyectos de ayuda. En el pasado hemos prestado apoyo a la asociaci\u00f3n \u201cMundo de Ni\u00f1os\u201d, que atiende a ni\u00f1os de la calle en Per\u00fa, as\u00ed [&hellip;]","og_url":"https:\/\/www.porta-mallorquina.es\/blog\/porta-mallorquina-presta-apoyo-al-proyecto-social-comida-para-todos-lions-club-de-mallorca\/","og_site_name":"Porta Mallorquina Blog","article_published_time":"2014-04-09T10:44:54+00:00","article_modified_time":"2015-10-26T10:50:15+00:00","og_image":[{"url":"https:\/\/www.porta-mallorquina.es\/blog\/mallorca\/PM-apoya-al-Club-de-Leones-de-Mallorca.jpg","type":"","width":"","height":""}],"author":"Porta Mallorquina","twitter_card":"summary_large_image","twitter_misc":{"Written by":"Porta Mallorquina","Est. reading time":"2 minutes"},"schema":{"@context":"https:\/\/schema.org","@graph":[{"@type":"Article","@id":"https:\/\/www.porta-mallorquina.es\/blog\/porta-mallorquina-presta-apoyo-al-proyecto-social-comida-para-todos-lions-club-de-mallorca\/#article","isPartOf":{"@id":"https:\/\/www.porta-mallorquina.es\/blog\/porta-mallorquina-presta-apoyo-al-proyecto-social-comida-para-todos-lions-club-de-mallorca\/"},"author":{"name":"Porta Mallorquina","@id":"https:\/\/www.porta-mallorquina.es\/blog\/#\/schema\/person\/00d40468a84878931da4d5e16749c9f0"},"headline":"Porta Mallorquina presta apoyo al proyecto social \u201cComida para todos\u201d Lions Club de Mallorca","datePublished":"2014-04-09T10:44:54+00:00","dateModified":"2015-10-26T10:50:15+00:00","mainEntityOfPage":{"@id":"https:\/\/www.porta-mallorquina.es\/blog\/porta-mallorquina-presta-apoyo-al-proyecto-social-comida-para-todos-lions-club-de-mallorca\/"},"wordCount":495,"commentCount":0,"publisher":{"@id":"https:\/\/www.porta-mallorquina.es\/blog\/#organization"},"image":{"@id":"https:\/\/www.porta-mallorquina.es\/blog\/porta-mallorquina-presta-apoyo-al-proyecto-social-comida-para-todos-lions-club-de-mallorca\/#primaryimage"},"thumbnailUrl":"https:\/\/www.porta-mallorquina.es\/blog\/mallorca\/PM-apoya-al-Club-de-Leones-de-Mallorca.jpg","articleSection":["Ciudad","Mallorca","Porta Mallorquina"],"inLanguage":"en-US","potentialAction":[{"@type":"CommentAction","name":"Comment","target":["https:\/\/www.porta-mallorquina.es\/blog\/porta-mallorquina-presta-apoyo-al-proyecto-social-comida-para-todos-lions-club-de-mallorca\/#respond"]}]},{"@type":"WebPage","@id":"https:\/\/www.porta-mallorquina.es\/blog\/porta-mallorquina-presta-apoyo-al-proyecto-social-comida-para-todos-lions-club-de-mallorca\/","url":"https:\/\/www.porta-mallorquina.es\/blog\/porta-mallorquina-presta-apoyo-al-proyecto-social-comida-para-todos-lions-club-de-mallorca\/","name":"Porta Mallorquina presta apoyo al proyecto social \u201cComida para todos\u201d Lions Club de Mallorca - Porta Mallorquina Blog","isPartOf":{"@id":"https:\/\/www.porta-mallorquina.es\/blog\/#website"},"primaryImageOfPage":{"@id":"https:\/\/www.porta-mallorquina.es\/blog\/porta-mallorquina-presta-apoyo-al-proyecto-social-comida-para-todos-lions-club-de-mallorca\/#primaryimage"},"image":{"@id":"https:\/\/www.porta-mallorquina.es\/blog\/porta-mallorquina-presta-apoyo-al-proyecto-social-comida-para-todos-lions-club-de-mallorca\/#primaryimage"},"thumbnailUrl":"https:\/\/www.porta-mallorquina.es\/blog\/mallorca\/PM-apoya-al-Club-de-Leones-de-Mallorca.jpg","datePublished":"2014-04-09T10:44:54+00:00","dateModified":"2015-10-26T10:50:15+00:00","breadcrumb":{"@id":"https:\/\/www.porta-mallorquina.es\/blog\/porta-mallorquina-presta-apoyo-al-proyecto-social-comida-para-todos-lions-club-de-mallorca\/#breadcrumb"},"inLanguage":"en-US","potentialAction":[{"@type":"ReadAction","target":["https:\/\/www.porta-mallorquina.es\/blog\/porta-mallorquina-presta-apoyo-al-proyecto-social-comida-para-todos-lions-club-de-mallorca\/"]}]},{"@type":"ImageObject","inLanguage":"en-US","@id":"https:\/\/www.porta-mallorquina.es\/blog\/porta-mallorquina-presta-apoyo-al-proyecto-social-comida-para-todos-lions-club-de-mallorca\/#primaryimage","url":"","contentUrl":""},{"@type":"BreadcrumbList","@id":"https:\/\/www.porta-mallorquina.es\/blog\/porta-mallorquina-presta-apoyo-al-proyecto-social-comida-para-todos-lions-club-de-mallorca\/#breadcrumb","itemListElement":[{"@type":"ListItem","position":1,"name":"Portada","item":"https:\/\/www.porta-mallorquina.es\/blog\/"},{"@type":"ListItem","position":2,"name":"Porta Mallorquina presta apoyo al proyecto social \u201cComida para todos\u201d Lions Club de Mallorca"}]},{"@type":"WebSite","@id":"https:\/\/www.porta-mallorquina.es\/blog\/#website","url":"https:\/\/www.porta-mallorquina.es\/blog\/","name":"Porta Mallorquina Blog","description":"m\u00e1s que inmuebles de Mallorca","publisher":{"@id":"https:\/\/www.porta-mallorquina.es\/blog\/#organization"},"potentialAction":[{"@type":"SearchAction","target":{"@type":"EntryPoint","urlTemplate":"https:\/\/www.porta-mallorquina.es\/blog\/?s={search_term_string}"},"query-input":{"@type":"PropertyValueSpecification","valueRequired":true,"valueName":"search_term_string"}}],"inLanguage":"en-US"},{"@type":"Organization","@id":"https:\/\/www.porta-mallorquina.es\/blog\/#organization","name":"Porta Mallorquina Blog","url":"https:\/\/www.porta-mallorquina.es\/blog\/","logo":{"@type":"ImageObject","inLanguage":"en-US","@id":"https:\/\/www.porta-mallorquina.es\/blog\/#\/schema\/logo\/image\/","url":"https:\/\/www.porta-mallorquina.es\/blog\/mallorca\/porta-mallorquina-real-estate-mallorca-logo.png","contentUrl":"https:\/\/www.porta-mallorquina.es\/blog\/mallorca\/porta-mallorquina-real-estate-mallorca-logo.png","width":570,"height":400,"caption":"Porta Mallorquina Blog"},"image":{"@id":"https:\/\/www.porta-mallorquina.es\/blog\/#\/schema\/logo\/image\/"}},{"@type":"Person","@id":"https:\/\/www.porta-mallorquina.es\/blog\/#\/schema\/person\/00d40468a84878931da4d5e16749c9f0","name":"Porta Mallorquina","sameAs":["https:\/\/www.porta-mallorquina.es"],"url":"https:\/\/www.porta-mallorquina.es\/blog\/author\/petraz\/"}]}},"_links":{"self":[{"href":"https:\/\/www.porta-mallorquina.es\/blog\/wp-json\/wp\/v2\/posts\/1461","targetHints":{"allow":["GET"]}}],"collection":[{"href":"https:\/\/www.porta-mallorquina.es\/blog\/wp-json\/wp\/v2\/posts"}],"about":[{"href":"https:\/\/www.porta-mallorquina.es\/blog\/wp-json\/wp\/v2\/types\/post"}],"author":[{"embeddable":true,"href":"https:\/\/www.porta-mallorquina.es\/blog\/wp-json\/wp\/v2\/users\/2"}],"replies":[{"embeddable":true,"href":"https:\/\/www.porta-mallorquina.es\/blog\/wp-json\/wp\/v2\/comments?post=1461"}],"version-history":[{"count":1,"href":"https:\/\/www.porta-mallorquina.es\/blog\/wp-json\/wp\/v2\/posts\/1461\/revisions"}],"predecessor-version":[{"id":1462,"href":"https:\/\/www.porta-mallorquina.es\/blog\/wp-json\/wp\/v2\/posts\/1461\/revisions\/1462"}],"wp:attachment":[{"href":"https:\/\/www.porta-mallorquina.es\/blog\/wp-json\/wp\/v2\/media?parent=1461"}],"wp:term":[{"taxonomy":"category","embeddable":true,"href":"https:\/\/www.porta-mallorquina.es\/blog\/wp-json\/wp\/v2\/categories?post=1461"},{"taxonomy":"post_tag","embeddable":true,"href":"https:\/\/www.porta-mallorquina.es\/blog\/wp-json\/wp\/v2\/tags?post=1461"}],"curies":[{"name":"wp","href":"https:\/\/api.w.org\/{rel}","templated":true}]}}