{"id":1467,"date":"2014-04-03T13:41:53","date_gmt":"2014-04-03T11:41:53","guid":{"rendered":"http:\/\/www.porta-mallorquina.es\/blog\/?p=1467"},"modified":"2015-10-26T13:43:34","modified_gmt":"2015-10-26T11:43:34","slug":"el-canal-de-tv-vox-produce-nuevos-capitulos","status":"publish","type":"post","link":"https:\/\/www.porta-mallorquina.es\/blog\/el-canal-de-tv-vox-produce-nuevos-capitulos\/","title":{"rendered":"El canal de TV Vox produce nuevos capitulos del documental \u201cMieten-Kaufen-Wohnen\u201d (Alquiler-Comprar-Vivir) con Barbara de Matos en Mallorca"},"content":{"rendered":"<p>VOX grab\u00f3 en febrero y marzo nuevos episodios del popular programa de la televisi\u00f3n alemana \u201cMieten-Kaufen-Wohnen\u201d (alquilar-comprar-vivir) en Mallorca. Esta vez, la agente inmobiliaria de Porta Mallorquina Barbara de Matos ha viajado con sus clientes a Pollensa, situado al norte, Santa Ponsa y Portals Nous al sureste, as\u00ed como al sur de la isla.<\/p>\n<div id=\"attachment_2162\" class=\"wp-caption aligncenter\" style=\"width: 471px\"><a title=\"El canal de TV Vox produce nuevos capitulos del documental \u201cMieten-Kaufen-Wohnen\u201d (Alquiler-Comprar-Vivir) con Barbara de Matos en Mallorca\" href=\"https:\/\/www.porta-mallorquina.es\/blog\/mallorca\/mieten-kaufen-wohnen-vox\/\" target=\"_blank\"><img loading=\"lazy\" decoding=\"async\" class=\" wp-image-2162        \" title=\"En febrero, Barbara mostr\u00f3 a sus clientes interesados magn\u00edficas azoteas situadas en el sureste.\" alt=\"mieten-kaufen-wohnen-vox\" src=\"https:\/\/www.porta-mallorquina.es\/blog\/mallorca\/mieten-kaufen-wohnen-vox.jpg\" width=\"471\" height=\"314\" \/><\/a><\/p>\n<p class=\"wp-caption-text\">En febrero, Barbara mostr\u00f3 a sus clientes interesados magn\u00edficas azoteas situadas en el sureste.<\/p>\n<\/div>\n<p>Todav\u00eda no podemos revelar toda la <strong>historia<\/strong>, pero los espectadores disfrutar\u00e1n de unos emocionantes programas protagonizados por una exigente mujer de sociedad, un exitoso hombre de negocios, una joven pareja y una gran familia. Y la dedicaci\u00f3n de la <strong>agente inmobiliaria Barbara de Matos<\/strong> se ver\u00e1 recompensada en directo con el cierre de dos compras. Lamentablemente, todav\u00eda no se han fijado las fechas de emisi\u00f3n definitivas, pero en cuanto se sepa algo m\u00e1s concreto informaremos de ello en nuestra p\u00e1gina web.<\/p>\n<h2>Impresiones de los rodajes:<\/h2>\n<p style=\"text-align: center;\"><a href=\"https:\/\/www.porta-mallorquina.es\/blog\/mallorca\/imagen\u00e9s-de-la-seria-alem\u00e1na-mieten-kaufen-wohnen-vox1.jpg\" target=\"_blank\"><img loading=\"lazy\" decoding=\"async\" class=\"aligncenter  wp-image-2196\" alt=\"imagen\u00e9s de la seria alem\u00e1na mieten-kaufen-wohnen-vox\" src=\"https:\/\/www.porta-mallorquina.es\/blog\/mallorca\/imagen\u00e9s-de-la-seria-alem\u00e1na-mieten-kaufen-wohnen-vox1.jpg\" height=\"400\" width=\"600\" \/><\/a><\/p>\n<p><span lang=\"ES\">Esta vez Barbara ha podido realizar a su gusto la elecci\u00f3n de los inmuebles, mostrando as\u00ed la gran variedad arquitect\u00f3nica que se puede encontrar en la isla: desde la cl\u00e1sica finca, pasando por la villa minimalista hasta un espectacular apartamento con vistas al mar y azotea. Tambi\u00e9n hay disponibles m\u00e1s im\u00e1genes de las actuales grabaciones en <a title=\"Porta Mallorquina auf Facebook\" href=\"https:\/\/www.facebook.com\/media\/set\/?set=a.10152052974221376.1073741838.162106671375&amp;type=1\" target=\"_blank\">Facebook<\/a>.<\/span><\/p>\n<h2><span id=\"los_inmuebles_de_mieten_kaufen_wohnen\"><span style=\"mso-ansi-language: DE;\">Los inmuebles de \u201cMieten \u2013 Kaufen \u2013 Wohnen\u201d<\/span><\/span><\/h2>\n<p><span lang=\"ES\">En uno de los programas, Barbara muestra a sus clientes dos apartamentos de ensue\u00f1o situados en Santa Ponsa y Portals Nous respectivamente. Ambas viviendas han sido decoradas con mobiliario muy confortable y ofrecen unas vistas de ensue\u00f1o.<\/span><\/p>\n<h2><span id=\"apartamento_en_primera_lnea_de_mar_en_santa_ponsa\"><span lang=\"ES\">Apartamento en primera l\u00ednea de mar en Santa Ponsa<\/span><\/span><\/h2>\n<div id=\"attachment_2168\" class=\"wp-caption aligncenter\" style=\"width: 384px\"><a href=\"https:\/\/www.porta-mallorquina.es\/inmobiliaria\/santa-ponsa-apartamento-105456.html\" target=\"_blank\"><img loading=\"lazy\" decoding=\"async\" class=\" wp-image-2168      \" title=\"https:\/\/www.porta-mallorquina.es\/inmobiliaria\/santa-ponsa-apartamento-105456.html\" alt=\"En febrero, Barbara mostr\u00f3 a sus clientes interesados magn\u00edficas azoteas situadas en el sureste.\" src=\"https:\/\/www.porta-mallorquina.es\/blog\/mallorca\/Barbara-de-Matos-muestra-un-apartamento-de-dise\u00f1o-con-una-espectacular-azotea-en-Santa-Ponsa.-Ref.-105456.jpg\" height=\"256\" width=\"384\" \/><\/a><\/p>\n<p class=\"wp-caption-text\">Barbara de Matos muestra un apartamento de dise\u00f1o con una espectacular azotea en Santa Ponsa. Ref. 105456<\/p>\n<\/div>\n<p><span lang=\"ES\">Esta vivienda de dise\u00f1o est\u00e1 situada en un vecindario en primera l\u00ednea de mar en Nova Santa Ponsa. Ha sido renovada con gran pasi\u00f3n. El resultado es una vivienda con mucho amor por el detalle. \u00danicamente se utilizaron materiales y objetos de decoraci\u00f3n de gran calidad y, adem\u00e1s, cuenta con un extraordinario concepto de iluminaci\u00f3n, sonido e imagen.<br \/>\n<a title=\"Apartamento Santa Ponsa\" href=\"https:\/\/www.porta-mallorquina.es\/inmobiliaria\/santa-ponsa-apartamento-105456.html\" target=\"_blank\">M\u00e1s informaci\u00f3n sobre la azotea en Santa Ponsa<\/a><\/span><\/p>\n<h2><span id=\"vivienda_con_vistas_al_puerto_deportivo_de_portals_nous\"><span lang=\"ES\">Vivienda con vistas al puerto deportivo de Portals Nous<\/span><\/span><\/h2>\n<div id=\"attachment_2171\" class=\"wp-caption aligncenter\" style=\"width: 377px\"><a href=\"https:\/\/www.porta-mallorquina.es\/inmobiliaria\/portals-nous-apartamento-105424.html\" target=\"_blank\"><img loading=\"lazy\" decoding=\"async\" class=\" wp-image-2171    \" title=\"https:\/\/www.porta-mallorquina.es\/inmobiliaria\/portals-nous-apartamento-105424.html\" alt=\"Apartamento Portals Nous Ref. 105424\" src=\"https:\/\/www.porta-mallorquina.es\/blog\/mallorca\/Apartamento-Portals-Nous-Ref.-105424.jpg\" height=\"251\" width=\"377\" \/><\/a><\/p>\n<p class=\"wp-caption-text\">Un apartamento de ensue\u00f1o con vistas al puerto deportivo de Portals Nous. Ref. 105424<\/p>\n<\/div>\n<p>Situada sobre el puerto deportivo de Portals, en primera l\u00ednea de mar y en medio de restaurantes y tiendas se encuentra esta vivienda que ha sido renovada con gran gusto y equipada en un estilo moderno.&nbsp;Sobre una superficie habitable de aprox. 83 m<sup>2 <\/sup>se reparten dos dormitorios con dos ba\u00f1os, uno de ellos en suite, y una cocina equipada en un estilo muy moderno.<br \/>\n<a title=\"Piso Portals Nous\" href=\"https:\/\/www.porta-mallorquina.es\/inmobiliaria\/portals-nous-apartamento-105424.html\" target=\"_blank\">M\u00e1s informaci\u00f3n sobre la vivienda en Portals Nous<\/a><\/p>\n<p>Las siguientes <strong>grabaciones<\/strong> tuvieron lugar <strong>en el norte <\/strong>de la isla. En este programa, Barbara muestra dos maravillosas villas, una situada en Puerto Pollensa (entretanto vendida por Porta Mallorquina) y otra en Aucanada, un lugar que no s\u00f3lo es conocido fuera de Mallorca por su bonito emplazamiento junto al mar, sino tambi\u00e9n por su campo de golf mundialmente famoso.<\/p>\n<h2><span id=\"fantstica_villa_con_impresionantes_vistas_al_mar\">Fant\u00e1stica villa con impresionantes vistas al mar<\/span><\/h2>\n<div id=\"attachment_2175\" class=\"wp-caption aligncenter\" style=\"width: 377px\"><a href=\"https:\/\/www.porta-mallorquina.es\/inmobiliaria\/alcanada-villa-105492.html\" target=\"_blank\"><img loading=\"lazy\" decoding=\"async\" class=\" wp-image-2175    \" title=\"https:\/\/www.porta-mallorquina.es\/inmobiliaria\/alcanada-villa-105492.html\" alt=\"Villa Aucanda Ref. 105492\" src=\"https:\/\/www.porta-mallorquina.es\/blog\/mallorca\/Villa-Aucanda-Ref.-105492.jpg\" height=\"251\" width=\"377\" \/><\/a><\/p>\n<p class=\"wp-caption-text\">Una villa de dise\u00f1o situada en un emplazamiento privilegiado con unas fant\u00e1sticas vistas sobre Aucanada. Ref. 105492.<\/p>\n<\/div>\n<p style=\"text-align: left;\"><span lang=\"ES\">Esta villa extremadamente bonita y de construcci\u00f3n minimalista est\u00e1 situada en una calle sin salida dentro de un terreno con pendiente en el distinguido barrio residencial de Aucanada y, gracias a su fant\u00e1stico emplazamiento, ofrece unas vistas absolutamente inolvidables de la villa, del galardonado campo de golf \u201cAucanada-Golf\u201d, as\u00ed como de la maravillosa bah\u00eda de Alcudia.<br \/>\n<a title=\"Villa Aucanada\" href=\"https:\/\/www.porta-mallorquina.es\/inmobiliaria\/alcanada-villa-105492.html\" target=\"_blank\">M\u00e1s informaci\u00f3n sobre la villa en Aucanada<\/a><\/span><\/p>\n<h2 style=\"text-align: left;\"><span id=\"villa_de_ensueo_en_un_emplazamiento_maravilloso_en_puerto_pollensa\"><span lang=\"ES\">Villa de ensue\u00f1o en un emplazamiento maravilloso en Puerto Pollensa <\/span><\/span><\/h2>\n<div id=\"attachment_2177\" class=\"wp-caption aligncenter\" style=\"width: 377px\"><a href=\"https:\/\/www.porta-mallorquina.es\/blog\/mallorca\/Villa-Puerto-Pollensa\/\" target=\"_blank\"><img loading=\"lazy\" decoding=\"async\" class=\" wp-image-2177  \" title=\"https:\/\/www.porta-mallorquina.es\/blog\/mallorca\/Villa-Puerto-Pollensa\/\" alt=\"Villa Puerto Pollensa\" src=\"https:\/\/www.porta-mallorquina.es\/blog\/mallorca\/Villa-Puerto-Pollensa.jpg\" width=\"377\" height=\"251\" \/><\/a><\/p>\n<p class=\"wp-caption-text\">Vendida: villa minimalista en Puerto Pollensa.<\/p>\n<\/div>\n<p><span lang=\"ES\">Lamentablemente, esta maravillosa villa de nueva construcci\u00f3n ya no est\u00e1 disponible para su venta y ser\u00e1 habitada dentro de poco.<\/span><\/p>\n<p><span lang=\"ES\">En marzo, el equipo de televisi\u00f3n regres\u00f3 junto a Barbara y grab\u00f3 nuevos programas. Esta vez, en el programa se visitaron bonitas casas rurales en el sur: en Campus, Sa Torre y Valgonera.<\/span><\/p>\n<h2><span id=\"villa_con_impresionantes_vistas_sobre_la_baha_de_palma\"><span lang=\"ES\">Villa con impresionantes vistas sobre la bah\u00eda de Palma<\/span><\/span><\/h2>\n<div id=\"attachment_2180\" class=\"wp-caption aligncenter\" style=\"width: 377px\"><a href=\"https:\/\/www.porta-mallorquina.es\/inmobiliaria\/sa-torre-villa-103517.html\" target=\"_blank\"><img loading=\"lazy\" decoding=\"async\" class=\" wp-image-2180    \" title=\"https:\/\/www.porta-mallorquina.es\/inmobiliaria\/sa-torre-villa-103517.html\" alt=\"Villa Bah\u00eda Palma Ref. 103517\" src=\"https:\/\/www.porta-mallorquina.es\/blog\/mallorca\/Villa-Bah\u00eda-Palma-Ref.-103517.jpg\" width=\"377\" height=\"251\" \/><\/a><\/p>\n<p class=\"wp-caption-text\">Una lujosa villa con unas vistas impresionantes sobre el mar. Ref. 103517<\/p>\n<\/div>\n<p><span lang=\"ES\">La villa est\u00e1 situada en segunda l\u00ednea de mar sobre un peque\u00f1o monte en la prestigiosa zona residencial de Sa Torre. Desde la terraza se puede disfrutar de unas vistas impresionantes del mar y de toda la bah\u00eda de Palma.<br \/>\n<a title=\"Villa Sa Torre\" href=\"https:\/\/www.porta-mallorquina.es\/inmobiliaria\/sa-torre-villa-103517.html\">M\u00e1s informaci\u00f3n sobre la villa en Sa Torre<\/a><\/span><\/p>\n<h2><span id=\"una_elegante_villa_de_estilo_clsico_italiano\">Una elegante villa de estilo cl\u00e1sico italiano<\/span><\/h2>\n<div id=\"attachment_2183\" class=\"wp-caption aligncenter\" style=\"width: 408px\"><a href=\"https:\/\/www.porta-mallorquina.es\/inmobiliaria\/vallgornera-villa-104514.html\" target=\"_blank\"><img loading=\"lazy\" decoding=\"async\" class=\" wp-image-2183      \" title=\"https:\/\/www.porta-mallorquina.es\/inmobiliaria\/vallgornera-villa-104514.html\" alt=\"Una casa rural de ensue\u00f1o situada en Vallgonera. Ref. 104514\" src=\"https:\/\/www.porta-mallorquina.es\/blog\/mallorca\/Casa-rural-Vallgonera-Ref.-104514.jpg\" width=\"408\" height=\"272\" \/><\/a><\/p>\n<p class=\"wp-caption-text\">Una casa rural de ensue\u00f1o situada en Vallgonera. Ref. 104514<\/p>\n<\/div>\n<p>Esta lujosa villa situada en Vallgonera cuenta con 5 dormitorios distribuidos en aprox. 400 m<sup>2<\/sup> de superficie construida. Desde el luminoso vest\u00edbulo, unas escaleras de caracol de cristal blindado llevan a la torre, que ofrece unas vistas muy bonitas del mar. Todos los materiales e instalaciones son de la mejor calidad.<br \/>\n<a title=\"Villa Vallgonera\" href=\"https:\/\/www.porta-mallorquina.es\/inmobiliaria\/vallgornera-villa-104514.html\">M\u00e1s informaci\u00f3n sobre la villa en Vallgonera<\/a><\/p>\n<h2><span id=\"finca_en_campos_con_su_propio_viedo\">Finca en Campos con su propio vi\u00f1edo<\/span><\/h2>\n<div id=\"attachment_2185\" class=\"wp-caption aligncenter\" style=\"width: 408px\"><a href=\"https:\/\/www.porta-mallorquina.es\/inmobiliaria\/campos-finca-104015.html\" target=\"_blank\"><img loading=\"lazy\" decoding=\"async\" class=\" wp-image-2185   \" title=\"https:\/\/www.porta-mallorquina.es\/inmobiliaria\/campos-finca-104015.html\" alt=\"Una finca decorada con mobiliario muy confortable y que cuenta con su propio vi\u00f1edo. Ref. 104015\" src=\"https:\/\/www.porta-mallorquina.es\/blog\/mallorca\/Finca-ref.-104015.jpg\" width=\"408\" height=\"272\" \/><\/a><\/p>\n<p class=\"wp-caption-text\">Una finca decorada con mobiliario muy confortable y que cuenta con su propio vi\u00f1edo. Ref. 104015<\/p>\n<\/div>\n<p><span lang=\"ES\">Una moderna finca de estilo minimalista con t\u00edpicos detalles mallorquines y elementos arquitect\u00f3nicos que crean una perfecta sinergia entre la moderna comodidad y la sencillez de lo antiguo.<br \/>\nDos chimeneas, una en la cocina y otra en el sal\u00f3n, y su propio vi\u00f1edo son algunos de los ejemplos de los elementos viejos que tiene esta casa y de la perfecta combinaci\u00f3n de comodidades.<br \/>\n<a title=\"Finca Campos\" href=\"https:\/\/www.porta-mallorquina.es\/inmobiliaria\/campos-finca-104015.html\" target=\"_blank\">M\u00e1s informaci\u00f3n sobre la villa en Campos<\/a><\/span><\/p>\n<h2><span id=\"finca_moderna_en_un_estilo_tradicional\"><span lang=\"ES\">Finca moderna en un estilo tradicional<\/span><\/span><\/h2>\n<div id=\"attachment_2186\" class=\"wp-caption aligncenter\" style=\"width: 377px\"><a href=\"https:\/\/www.porta-mallorquina.es\/inmobiliaria\/campos-finca-105581.html\" target=\"_blank\"><img loading=\"lazy\" decoding=\"async\" class=\" wp-image-2186    \" title=\"https:\/\/www.porta-mallorquina.es\/inmobiliaria\/campos-finca-105581.html\" alt=\"Casa rural Es Trenc Ref. 105581\" src=\"https:\/\/www.porta-mallorquina.es\/blog\/mallorca\/Casa-rural-Es-Trenc-Ref.-105581.jpg\" width=\"377\" height=\"251\" \/><\/a><\/p>\n<p class=\"wp-caption-text\">Esta maravillosa casa rural est\u00e1 situada a tan s\u00f3lo 10 minutos de la playa de ensue\u00f1o Es Trenc de Mallorca. Ref. 105581<\/p>\n<\/div>\n<p><span lang=\"ES\">Esta maravillosa casa rural situada entre Campos y Sa Rapita cuenta con una superficie de aprox. 250 m<sup>2<\/sup> en la planta baja con un amplio sal\u00f3n-comedor con chimenea y acceso a una terraza cubierta de aprox. 80 m<sup>2<\/sup>, una cocina amplia y moderna con lavander\u00eda, 2 dormitorios y 2 ba\u00f1os (uno con ba\u00f1o en suite). En la planta superior hay otros 2 dormitorios y un ba\u00f1o.<br \/>\n<a title=\"Finca Campos\" href=\"https:\/\/www.porta-mallorquina.es\/inmobiliaria\/campos-finca-105581.html\" target=\"_blank\">M\u00e1s informaci\u00f3n sobre la villa en Campos<\/a><\/span><\/p>\n<p><b><span lang=\"ES\">Barbara est\u00e1 deseando que comiencen los pr\u00f3ximos rodajes en abril, \u00a1les mantendremos informados!<\/span><\/b><\/p>\n","protected":false},"excerpt":{"rendered":"<p>VOX grab\u00f3 en febrero y marzo nuevos episodios del popular programa de la televisi\u00f3n alemana \u201cMieten-Kaufen-Wohnen\u201d (alquilar-comprar-vivir) en Mallorca. Esta vez, la agente inmobiliaria de Porta Mallorquina Barbara de Matos ha viajado con sus clientes a Pollensa, situado al norte, Santa Ponsa y Portals Nous al sureste, as\u00ed como al sur de la isla.<\/p>\n","protected":false},"author":1,"featured_media":0,"comment_status":"open","ping_status":"open","sticky":false,"template":"","format":"standard","meta":{"footnotes":""},"categories":[11,6,9],"tags":[],"class_list":["post-1467","post","type-post","status-publish","format-standard","hentry","category-inmuebles","category-mallorca","category-porta-mallorquina"],"yoast_head":"<!-- This site is optimized with the Yoast SEO plugin v27.2 - https:\/\/yoast.com\/product\/yoast-seo-wordpress\/ -->\n<title>El canal de TV Vox produce nuevos capitulos del documental \u201cMieten-Kaufen-Wohnen\u201d (Alquiler-Comprar-Vivir) con Barbara de Matos en Mallorca - Porta Mallorquina Blog<\/title>\n<meta name=\"robots\" content=\"index, follow, max-snippet:-1, max-image-preview:large, max-video-preview:-1\" \/>\n<link rel=\"canonical\" href=\"https:\/\/www.porta-mallorquina.es\/blog\/el-canal-de-tv-vox-produce-nuevos-capitulos\/\" \/>\n<meta property=\"og:locale\" content=\"en_US\" \/>\n<meta property=\"og:type\" content=\"article\" \/>\n<meta property=\"og:title\" content=\"El canal de TV Vox produce nuevos capitulos del documental \u201cMieten-Kaufen-Wohnen\u201d (Alquiler-Comprar-Vivir) con Barbara de Matos en Mallorca - Porta Mallorquina Blog\" \/>\n<meta property=\"og:description\" content=\"VOX grab\u00f3 en febrero y marzo nuevos episodios del popular programa de la televisi\u00f3n alemana \u201cMieten-Kaufen-Wohnen\u201d (alquilar-comprar-vivir) en Mallorca. Esta vez, la agente inmobiliaria de Porta Mallorquina Barbara de Matos ha viajado con sus clientes a Pollensa, situado al norte, Santa Ponsa y Portals Nous al sureste, as\u00ed como al sur de la isla.\" \/>\n<meta property=\"og:url\" content=\"https:\/\/www.porta-mallorquina.es\/blog\/el-canal-de-tv-vox-produce-nuevos-capitulos\/\" \/>\n<meta property=\"og:site_name\" content=\"Porta Mallorquina Blog\" \/>\n<meta property=\"article:published_time\" content=\"2014-04-03T11:41:53+00:00\" \/>\n<meta property=\"article:modified_time\" content=\"2015-10-26T11:43:34+00:00\" \/>\n<meta property=\"og:image\" content=\"https:\/\/www.porta-mallorquina.es\/blog\/mallorca\/mieten-kaufen-wohnen-vox.jpg\" \/>\n<meta name=\"author\" content=\"Porta Mallorquina\" \/>\n<meta name=\"twitter:card\" content=\"summary_large_image\" \/>\n<meta name=\"twitter:label1\" content=\"Written by\" \/>\n\t<meta name=\"twitter:data1\" content=\"Porta Mallorquina\" \/>\n\t<meta name=\"twitter:label2\" content=\"Est. reading time\" \/>\n\t<meta name=\"twitter:data2\" content=\"5 minutes\" \/>\n<script type=\"application\/ld+json\" class=\"yoast-schema-graph\">{\"@context\":\"https:\/\/schema.org\",\"@graph\":[{\"@type\":\"Article\",\"@id\":\"https:\/\/www.porta-mallorquina.es\/blog\/el-canal-de-tv-vox-produce-nuevos-capitulos\/#article\",\"isPartOf\":{\"@id\":\"https:\/\/www.porta-mallorquina.es\/blog\/el-canal-de-tv-vox-produce-nuevos-capitulos\/\"},\"author\":{\"name\":\"Porta Mallorquina\",\"@id\":\"https:\/\/www.porta-mallorquina.es\/blog\/#\/schema\/person\/564d9fc1137f64519f4a7b5623927503\"},\"headline\":\"El canal de TV Vox produce nuevos capitulos del documental \u201cMieten-Kaufen-Wohnen\u201d (Alquiler-Comprar-Vivir) con Barbara de Matos en Mallorca\",\"datePublished\":\"2014-04-03T11:41:53+00:00\",\"dateModified\":\"2015-10-26T11:43:34+00:00\",\"mainEntityOfPage\":{\"@id\":\"https:\/\/www.porta-mallorquina.es\/blog\/el-canal-de-tv-vox-produce-nuevos-capitulos\/\"},\"wordCount\":1085,\"commentCount\":0,\"publisher\":{\"@id\":\"https:\/\/www.porta-mallorquina.es\/blog\/#organization\"},\"image\":{\"@id\":\"https:\/\/www.porta-mallorquina.es\/blog\/el-canal-de-tv-vox-produce-nuevos-capitulos\/#primaryimage\"},\"thumbnailUrl\":\"https:\/\/www.porta-mallorquina.es\/blog\/mallorca\/mieten-kaufen-wohnen-vox.jpg\",\"articleSection\":[\"Inmuebles\",\"Mallorca\",\"Porta Mallorquina\"],\"inLanguage\":\"en-US\",\"potentialAction\":[{\"@type\":\"CommentAction\",\"name\":\"Comment\",\"target\":[\"https:\/\/www.porta-mallorquina.es\/blog\/el-canal-de-tv-vox-produce-nuevos-capitulos\/#respond\"]}]},{\"@type\":\"WebPage\",\"@id\":\"https:\/\/www.porta-mallorquina.es\/blog\/el-canal-de-tv-vox-produce-nuevos-capitulos\/\",\"url\":\"https:\/\/www.porta-mallorquina.es\/blog\/el-canal-de-tv-vox-produce-nuevos-capitulos\/\",\"name\":\"El canal de TV Vox produce nuevos capitulos del documental \u201cMieten-Kaufen-Wohnen\u201d (Alquiler-Comprar-Vivir) con Barbara de Matos en Mallorca - Porta Mallorquina Blog\",\"isPartOf\":{\"@id\":\"https:\/\/www.porta-mallorquina.es\/blog\/#website\"},\"primaryImageOfPage\":{\"@id\":\"https:\/\/www.porta-mallorquina.es\/blog\/el-canal-de-tv-vox-produce-nuevos-capitulos\/#primaryimage\"},\"image\":{\"@id\":\"https:\/\/www.porta-mallorquina.es\/blog\/el-canal-de-tv-vox-produce-nuevos-capitulos\/#primaryimage\"},\"thumbnailUrl\":\"https:\/\/www.porta-mallorquina.es\/blog\/mallorca\/mieten-kaufen-wohnen-vox.jpg\",\"datePublished\":\"2014-04-03T11:41:53+00:00\",\"dateModified\":\"2015-10-26T11:43:34+00:00\",\"breadcrumb\":{\"@id\":\"https:\/\/www.porta-mallorquina.es\/blog\/el-canal-de-tv-vox-produce-nuevos-capitulos\/#breadcrumb\"},\"inLanguage\":\"en-US\",\"potentialAction\":[{\"@type\":\"ReadAction\",\"target\":[\"https:\/\/www.porta-mallorquina.es\/blog\/el-canal-de-tv-vox-produce-nuevos-capitulos\/\"]}]},{\"@type\":\"ImageObject\",\"inLanguage\":\"en-US\",\"@id\":\"https:\/\/www.porta-mallorquina.es\/blog\/el-canal-de-tv-vox-produce-nuevos-capitulos\/#primaryimage\",\"url\":\"https:\/\/www.porta-mallorquina.es\/blog\/mallorca\/BLOG-3.jpg\",\"contentUrl\":\"https:\/\/www.porta-mallorquina.es\/blog\/mallorca\/BLOG-3.jpg\",\"width\":768,\"height\":512},{\"@type\":\"BreadcrumbList\",\"@id\":\"https:\/\/www.porta-mallorquina.es\/blog\/el-canal-de-tv-vox-produce-nuevos-capitulos\/#breadcrumb\",\"itemListElement\":[{\"@type\":\"ListItem\",\"position\":1,\"name\":\"Portada\",\"item\":\"https:\/\/www.porta-mallorquina.es\/blog\/\"},{\"@type\":\"ListItem\",\"position\":2,\"name\":\"El canal de TV Vox produce nuevos capitulos del documental \u201cMieten-Kaufen-Wohnen\u201d (Alquiler-Comprar-Vivir) con Barbara de Matos en Mallorca\"}]},{\"@type\":\"WebSite\",\"@id\":\"https:\/\/www.porta-mallorquina.es\/blog\/#website\",\"url\":\"https:\/\/www.porta-mallorquina.es\/blog\/\",\"name\":\"Porta Mallorquina Blog\",\"description\":\"m\u00e1s que inmuebles de Mallorca\",\"publisher\":{\"@id\":\"https:\/\/www.porta-mallorquina.es\/blog\/#organization\"},\"potentialAction\":[{\"@type\":\"SearchAction\",\"target\":{\"@type\":\"EntryPoint\",\"urlTemplate\":\"https:\/\/www.porta-mallorquina.es\/blog\/?s={search_term_string}\"},\"query-input\":{\"@type\":\"PropertyValueSpecification\",\"valueRequired\":true,\"valueName\":\"search_term_string\"}}],\"inLanguage\":\"en-US\"},{\"@type\":\"Organization\",\"@id\":\"https:\/\/www.porta-mallorquina.es\/blog\/#organization\",\"name\":\"Porta Mallorquina Blog\",\"url\":\"https:\/\/www.porta-mallorquina.es\/blog\/\",\"logo\":{\"@type\":\"ImageObject\",\"inLanguage\":\"en-US\",\"@id\":\"https:\/\/www.porta-mallorquina.es\/blog\/#\/schema\/logo\/image\/\",\"url\":\"https:\/\/www.porta-mallorquina.es\/blog\/mallorca\/porta-mallorquina-real-estate-mallorca-logo.png\",\"contentUrl\":\"https:\/\/www.porta-mallorquina.es\/blog\/mallorca\/porta-mallorquina-real-estate-mallorca-logo.png\",\"width\":570,\"height\":400,\"caption\":\"Porta Mallorquina Blog\"},\"image\":{\"@id\":\"https:\/\/www.porta-mallorquina.es\/blog\/#\/schema\/logo\/image\/\"}},{\"@type\":\"Person\",\"@id\":\"https:\/\/www.porta-mallorquina.es\/blog\/#\/schema\/person\/564d9fc1137f64519f4a7b5623927503\",\"name\":\"Porta Mallorquina\",\"url\":\"https:\/\/www.porta-mallorquina.es\/blog\/author\/admin\/\"}]}<\/script>\n<!-- \/ Yoast SEO plugin. -->","yoast_head_json":{"title":"El canal de TV Vox produce nuevos capitulos del documental \u201cMieten-Kaufen-Wohnen\u201d (Alquiler-Comprar-Vivir) con Barbara de Matos en Mallorca - Porta Mallorquina Blog","robots":{"index":"index","follow":"follow","max-snippet":"max-snippet:-1","max-image-preview":"max-image-preview:large","max-video-preview":"max-video-preview:-1"},"canonical":"https:\/\/www.porta-mallorquina.es\/blog\/el-canal-de-tv-vox-produce-nuevos-capitulos\/","og_locale":"en_US","og_type":"article","og_title":"El canal de TV Vox produce nuevos capitulos del documental \u201cMieten-Kaufen-Wohnen\u201d (Alquiler-Comprar-Vivir) con Barbara de Matos en Mallorca - Porta Mallorquina Blog","og_description":"VOX grab\u00f3 en febrero y marzo nuevos episodios del popular programa de la televisi\u00f3n alemana \u201cMieten-Kaufen-Wohnen\u201d (alquilar-comprar-vivir) en Mallorca. Esta vez, la agente inmobiliaria de Porta Mallorquina Barbara de Matos ha viajado con sus clientes a Pollensa, situado al norte, Santa Ponsa y Portals Nous al sureste, as\u00ed como al sur de la isla.","og_url":"https:\/\/www.porta-mallorquina.es\/blog\/el-canal-de-tv-vox-produce-nuevos-capitulos\/","og_site_name":"Porta Mallorquina Blog","article_published_time":"2014-04-03T11:41:53+00:00","article_modified_time":"2015-10-26T11:43:34+00:00","og_image":[{"url":"https:\/\/www.porta-mallorquina.es\/blog\/mallorca\/mieten-kaufen-wohnen-vox.jpg","type":"","width":"","height":""}],"author":"Porta Mallorquina","twitter_card":"summary_large_image","twitter_misc":{"Written by":"Porta Mallorquina","Est. reading time":"5 minutes"},"schema":{"@context":"https:\/\/schema.org","@graph":[{"@type":"Article","@id":"https:\/\/www.porta-mallorquina.es\/blog\/el-canal-de-tv-vox-produce-nuevos-capitulos\/#article","isPartOf":{"@id":"https:\/\/www.porta-mallorquina.es\/blog\/el-canal-de-tv-vox-produce-nuevos-capitulos\/"},"author":{"name":"Porta Mallorquina","@id":"https:\/\/www.porta-mallorquina.es\/blog\/#\/schema\/person\/564d9fc1137f64519f4a7b5623927503"},"headline":"El canal de TV Vox produce nuevos capitulos del documental \u201cMieten-Kaufen-Wohnen\u201d (Alquiler-Comprar-Vivir) con Barbara de Matos en Mallorca","datePublished":"2014-04-03T11:41:53+00:00","dateModified":"2015-10-26T11:43:34+00:00","mainEntityOfPage":{"@id":"https:\/\/www.porta-mallorquina.es\/blog\/el-canal-de-tv-vox-produce-nuevos-capitulos\/"},"wordCount":1085,"commentCount":0,"publisher":{"@id":"https:\/\/www.porta-mallorquina.es\/blog\/#organization"},"image":{"@id":"https:\/\/www.porta-mallorquina.es\/blog\/el-canal-de-tv-vox-produce-nuevos-capitulos\/#primaryimage"},"thumbnailUrl":"https:\/\/www.porta-mallorquina.es\/blog\/mallorca\/mieten-kaufen-wohnen-vox.jpg","articleSection":["Inmuebles","Mallorca","Porta Mallorquina"],"inLanguage":"en-US","potentialAction":[{"@type":"CommentAction","name":"Comment","target":["https:\/\/www.porta-mallorquina.es\/blog\/el-canal-de-tv-vox-produce-nuevos-capitulos\/#respond"]}]},{"@type":"WebPage","@id":"https:\/\/www.porta-mallorquina.es\/blog\/el-canal-de-tv-vox-produce-nuevos-capitulos\/","url":"https:\/\/www.porta-mallorquina.es\/blog\/el-canal-de-tv-vox-produce-nuevos-capitulos\/","name":"El canal de TV Vox produce nuevos capitulos del documental \u201cMieten-Kaufen-Wohnen\u201d (Alquiler-Comprar-Vivir) con Barbara de Matos en Mallorca - Porta Mallorquina Blog","isPartOf":{"@id":"https:\/\/www.porta-mallorquina.es\/blog\/#website"},"primaryImageOfPage":{"@id":"https:\/\/www.porta-mallorquina.es\/blog\/el-canal-de-tv-vox-produce-nuevos-capitulos\/#primaryimage"},"image":{"@id":"https:\/\/www.porta-mallorquina.es\/blog\/el-canal-de-tv-vox-produce-nuevos-capitulos\/#primaryimage"},"thumbnailUrl":"https:\/\/www.porta-mallorquina.es\/blog\/mallorca\/mieten-kaufen-wohnen-vox.jpg","datePublished":"2014-04-03T11:41:53+00:00","dateModified":"2015-10-26T11:43:34+00:00","breadcrumb":{"@id":"https:\/\/www.porta-mallorquina.es\/blog\/el-canal-de-tv-vox-produce-nuevos-capitulos\/#breadcrumb"},"inLanguage":"en-US","potentialAction":[{"@type":"ReadAction","target":["https:\/\/www.porta-mallorquina.es\/blog\/el-canal-de-tv-vox-produce-nuevos-capitulos\/"]}]},{"@type":"ImageObject","inLanguage":"en-US","@id":"https:\/\/www.porta-mallorquina.es\/blog\/el-canal-de-tv-vox-produce-nuevos-capitulos\/#primaryimage","url":"https:\/\/www.porta-mallorquina.es\/blog\/mallorca\/BLOG-3.jpg","contentUrl":"https:\/\/www.porta-mallorquina.es\/blog\/mallorca\/BLOG-3.jpg","width":768,"height":512},{"@type":"BreadcrumbList","@id":"https:\/\/www.porta-mallorquina.es\/blog\/el-canal-de-tv-vox-produce-nuevos-capitulos\/#breadcrumb","itemListElement":[{"@type":"ListItem","position":1,"name":"Portada","item":"https:\/\/www.porta-mallorquina.es\/blog\/"},{"@type":"ListItem","position":2,"name":"El canal de TV Vox produce nuevos capitulos del documental \u201cMieten-Kaufen-Wohnen\u201d (Alquiler-Comprar-Vivir) con Barbara de Matos en Mallorca"}]},{"@type":"WebSite","@id":"https:\/\/www.porta-mallorquina.es\/blog\/#website","url":"https:\/\/www.porta-mallorquina.es\/blog\/","name":"Porta Mallorquina Blog","description":"m\u00e1s que inmuebles de Mallorca","publisher":{"@id":"https:\/\/www.porta-mallorquina.es\/blog\/#organization"},"potentialAction":[{"@type":"SearchAction","target":{"@type":"EntryPoint","urlTemplate":"https:\/\/www.porta-mallorquina.es\/blog\/?s={search_term_string}"},"query-input":{"@type":"PropertyValueSpecification","valueRequired":true,"valueName":"search_term_string"}}],"inLanguage":"en-US"},{"@type":"Organization","@id":"https:\/\/www.porta-mallorquina.es\/blog\/#organization","name":"Porta Mallorquina Blog","url":"https:\/\/www.porta-mallorquina.es\/blog\/","logo":{"@type":"ImageObject","inLanguage":"en-US","@id":"https:\/\/www.porta-mallorquina.es\/blog\/#\/schema\/logo\/image\/","url":"https:\/\/www.porta-mallorquina.es\/blog\/mallorca\/porta-mallorquina-real-estate-mallorca-logo.png","contentUrl":"https:\/\/www.porta-mallorquina.es\/blog\/mallorca\/porta-mallorquina-real-estate-mallorca-logo.png","width":570,"height":400,"caption":"Porta Mallorquina Blog"},"image":{"@id":"https:\/\/www.porta-mallorquina.es\/blog\/#\/schema\/logo\/image\/"}},{"@type":"Person","@id":"https:\/\/www.porta-mallorquina.es\/blog\/#\/schema\/person\/564d9fc1137f64519f4a7b5623927503","name":"Porta Mallorquina","url":"https:\/\/www.porta-mallorquina.es\/blog\/author\/admin\/"}]}},"_links":{"self":[{"href":"https:\/\/www.porta-mallorquina.es\/blog\/wp-json\/wp\/v2\/posts\/1467","targetHints":{"allow":["GET"]}}],"collection":[{"href":"https:\/\/www.porta-mallorquina.es\/blog\/wp-json\/wp\/v2\/posts"}],"about":[{"href":"https:\/\/www.porta-mallorquina.es\/blog\/wp-json\/wp\/v2\/types\/post"}],"author":[{"embeddable":true,"href":"https:\/\/www.porta-mallorquina.es\/blog\/wp-json\/wp\/v2\/users\/1"}],"replies":[{"embeddable":true,"href":"https:\/\/www.porta-mallorquina.es\/blog\/wp-json\/wp\/v2\/comments?post=1467"}],"version-history":[{"count":5,"href":"https:\/\/www.porta-mallorquina.es\/blog\/wp-json\/wp\/v2\/posts\/1467\/revisions"}],"predecessor-version":[{"id":1472,"href":"https:\/\/www.porta-mallorquina.es\/blog\/wp-json\/wp\/v2\/posts\/1467\/revisions\/1472"}],"wp:attachment":[{"href":"https:\/\/www.porta-mallorquina.es\/blog\/wp-json\/wp\/v2\/media?parent=1467"}],"wp:term":[{"taxonomy":"category","embeddable":true,"href":"https:\/\/www.porta-mallorquina.es\/blog\/wp-json\/wp\/v2\/categories?post=1467"},{"taxonomy":"post_tag","embeddable":true,"href":"https:\/\/www.porta-mallorquina.es\/blog\/wp-json\/wp\/v2\/tags?post=1467"}],"curies":[{"name":"wp","href":"https:\/\/api.w.org\/{rel}","templated":true}]}}