{"id":153,"date":"2011-11-18T12:00:54","date_gmt":"2011-11-18T10:00:54","guid":{"rendered":"http:\/\/www.porta-mallorquina.es\/blog\/?p=153"},"modified":"2016-06-27T17:47:38","modified_gmt":"2016-06-27T15:47:38","slug":"otono-senderismo-en-mallorca","status":"publish","type":"post","link":"https:\/\/www.porta-mallorquina.es\/blog\/otono-senderismo-en-mallorca\/","title":{"rendered":"Oto\u00f1o-senderismo en Mallorca"},"content":{"rendered":"<p>El oto\u00f1o ha hecho presencia en nuestra isla, as\u00ed que, aprovechando el cambio climatol\u00f3gico, Porta Mallorquina os ofrece pasar de disfrutar nuestras preciosas playas a nuevas experiencias en lo relativa al turismo interior.<\/p>\n<div id=\"attachment_197\" class=\"wp-caption alignleft\" style=\"width: 300px\"><a href=\"https:\/\/www.porta-mallorquina.es\/blog\/otono-senderismo-en-mallorca\/mallorca-tramuntana-mar\/\" rel=\"attachment wp-att-197\"><img loading=\"lazy\" decoding=\"async\" class=\"size-medium wp-image-197\" title=\"Mallorca con sus monta\u00f1as y su mar\" src=\"https:\/\/www.porta-mallorquina.es\/blog\/mallorca\/Mallorca-Tramuntana-mar-300x225.jpg\" alt=\"\" width=\"300\" height=\"225\" srcset=\"https:\/\/www.porta-mallorquina.es\/blog\/mallorca\/Mallorca-Tramuntana-mar-300x225.jpg 300w, https:\/\/www.porta-mallorquina.es\/blog\/mallorca\/Mallorca-Tramuntana-mar.jpg 800w\" sizes=\"auto, (max-width: 300px) 100vw, 300px\" \/><\/a><p class=\"wp-caption-text\">Mallorca con sus monta\u00f1as y su mar<\/p><\/div>\n<p>Os proponemos disfrutar de una ruta de senderismo.<\/p>\n<h2>Ruta de Puig y Cova de Sant Mart\u00ed atravesando la reserva natural de S\u00b4Alfubereta<\/h2>\n<p>Proponemos una ruta que se puede realizar tanto a pie como en bicicleta. Nos adentraremos en el <a title=\"Infromaci\u00f3n oficial de las Baleares sobre la ruta\" href=\"http:\/\/www.illesbalears.es\/esp\/islasbaleares\/senderismo.jsp?SEC=SEN\" target=\"_blank\">Puig de Sant Mart\u00ed<\/a>, que es la monta\u00f1a que se encuentra al suroeste de la ciudad de <a title=\"Inmuebles en Mallorca\" href=\"http:\/\/https:\/\/www.porta-mallorquina.es\/\" target=\"_blank\">Alc\u00fadia<\/a>, desde donde podremos observar el Pla de Mallorca, la Albufera y dos bah\u00edas (la de Alc\u00fadia y la de Pollen\u00e7a). El tiempo estimado para realizarla a pie es de unas seis horas y la distancia es de pr\u00e1cticamente 14 kil\u00f3metros.<\/p>\n<p>&nbsp;<\/p>\n<h2>Como llegar<\/h2>\n<p>Salimos de Alc\u00fadia por el Cam\u00ed de l&#8217;Esgleassa o del Pla d&#8217;en Beltr\u00e1n. Seguimos recto durante 30 minutos hasta que llegamos a la carretera Alc\u00fadia &#8211; Palma (C-713) frente a una gasolinera.<br \/>\n&#8211; Cogemos la carretera a la izquierda, pasamos la rotonda y continuamos por la C-713 en direcci\u00f3n a Palma.<\/p>\n<h2>Empezamos a caminar<\/h2>\n<p>&#8211; Pocos metros despu\u00e9s tomamos a nuestra izquierda el <strong>Cam\u00ed del Poble Nou<\/strong> que seguiremos durante 20 minutos. De aqu\u00ed sale a<a href=\"https:\/\/www.porta-mallorquina.es\/blog\/otono-senderismo-en-mallorca\/senderismo-mallorca-2\/\" rel=\"attachment wp-att-194\"><img loading=\"lazy\" decoding=\"async\" class=\"alignright size-medium wp-image-194\" title=\"Senderismo en la Tramuntana en Mallorca\" src=\"https:\/\/www.porta-mallorquina.es\/blog\/mallorca\/senderismo-mallorca1-200x300.jpg\" alt=\"\" width=\"200\" height=\"300\" srcset=\"https:\/\/www.porta-mallorquina.es\/blog\/mallorca\/senderismo-mallorca1-200x300.jpg 200w, https:\/\/www.porta-mallorquina.es\/blog\/mallorca\/senderismo-mallorca1.jpg 320w\" sizes=\"auto, (max-width: 200px) 100vw, 200px\" \/><\/a> nuestra izquierda un camino que conduce hasta la cima del monte. Este camino no se puede hacer nada m\u00e1s que andando, sin embargo, all\u00ed mismo encontraremos una zona habilitada para dejar la bicicleta, un servicio pr\u00e1ctico para aquellos que decidan hacer el recorrido a pedales.<\/p>\n<p>-Comenzamos una corta subida que nos conduce hacia un collado situado en medio de las dos cimas, a diez minutos podemos acceder a cualquiera de ellas para contemplar las vistas.\u00a0-La \u00faltima parada nos llevar\u00e1 a la cova, para llegar hemos de descender hacia la desviaci\u00f3n del Cam\u00ed del Poble Nou, seguimos por ese mismo camino que rodea al monte y a unos 30 minutos nos estaremos en <strong>Sa Cova de Sant Mart\u00ed<\/strong>.<\/p>\n<p>La Cova de Sant Mart\u00ed, situada en el Puig del mismo nombre, est\u00e1 ligado a los primeros cultos cristianos en esta parte de la isla, seg\u00fan los historiadores. La cueva natural se comunica con el exterior (5 metros y medio de profundidad) por una escalera excavada en la propia roca, en la que podremos contemplar una sala formada por dos capillas formadas por un arco de medio punto y con vuelta de crucer\u00eda. De \u00e9poca medieval y de estilo g\u00f3tico, cuentan con un altar con relieve para representar respectivamente a Sant Mart\u00ed y a Sant Jordi. Fue construido despu\u00e9s de la conquista catalana, durante los siglos XIII y XIV.<\/p>\n","protected":false},"excerpt":{"rendered":"<p>El oto\u00f1o ha hecho presencia en nuestra isla, as\u00ed que, aprovechando el cambio climatol\u00f3gico, Porta Mallorquina os ofrece pasar de disfrutar nuestras preciosas playas a nuevas experiencias en lo relativa al turismo interior. Os proponemos disfrutar de una ruta de senderismo. Ruta de Puig y Cova de Sant Mart\u00ed atravesando la reserva natural de S\u00b4Alfubereta [&hellip;]<\/p>\n","protected":false},"author":2,"featured_media":0,"comment_status":"open","ping_status":"open","sticky":false,"template":"","format":"standard","meta":{"footnotes":""},"categories":[6],"tags":[],"class_list":["post-153","post","type-post","status-publish","format-standard","hentry","category-mallorca"],"yoast_head":"<!-- This site is optimized with the Yoast SEO plugin v27.2 - https:\/\/yoast.com\/product\/yoast-seo-wordpress\/ -->\n<title>Oto\u00f1o-senderismo en Mallorca - Porta Mallorquina Blog<\/title>\n<meta name=\"robots\" content=\"index, follow, max-snippet:-1, max-image-preview:large, max-video-preview:-1\" \/>\n<link rel=\"canonical\" href=\"https:\/\/www.porta-mallorquina.es\/blog\/otono-senderismo-en-mallorca\/\" \/>\n<meta property=\"og:locale\" content=\"en_US\" \/>\n<meta property=\"og:type\" content=\"article\" \/>\n<meta property=\"og:title\" content=\"Oto\u00f1o-senderismo en Mallorca - Porta Mallorquina Blog\" \/>\n<meta property=\"og:description\" content=\"El oto\u00f1o ha hecho presencia en nuestra isla, as\u00ed que, aprovechando el cambio climatol\u00f3gico, Porta Mallorquina os ofrece pasar de disfrutar nuestras preciosas playas a nuevas experiencias en lo relativa al turismo interior. Os proponemos disfrutar de una ruta de senderismo. Ruta de Puig y Cova de Sant Mart\u00ed atravesando la reserva natural de S\u00b4Alfubereta [&hellip;]\" \/>\n<meta property=\"og:url\" content=\"https:\/\/www.porta-mallorquina.es\/blog\/otono-senderismo-en-mallorca\/\" \/>\n<meta property=\"og:site_name\" content=\"Porta Mallorquina Blog\" \/>\n<meta property=\"article:published_time\" content=\"2011-11-18T10:00:54+00:00\" \/>\n<meta property=\"article:modified_time\" content=\"2016-06-27T15:47:38+00:00\" \/>\n<meta property=\"og:image\" content=\"https:\/\/www.porta-mallorquina.es\/blog\/mallorca\/Mallorca-Tramuntana-mar-300x225.jpg\" \/>\n<meta name=\"author\" content=\"Porta Mallorquina\" \/>\n<meta name=\"twitter:card\" content=\"summary_large_image\" \/>\n<meta name=\"twitter:label1\" content=\"Written by\" \/>\n\t<meta name=\"twitter:data1\" content=\"Porta Mallorquina\" \/>\n\t<meta name=\"twitter:label2\" content=\"Est. reading time\" \/>\n\t<meta name=\"twitter:data2\" content=\"2 minutes\" \/>\n<script type=\"application\/ld+json\" class=\"yoast-schema-graph\">{\"@context\":\"https:\/\/schema.org\",\"@graph\":[{\"@type\":\"Article\",\"@id\":\"https:\/\/www.porta-mallorquina.es\/blog\/otono-senderismo-en-mallorca\/#article\",\"isPartOf\":{\"@id\":\"https:\/\/www.porta-mallorquina.es\/blog\/otono-senderismo-en-mallorca\/\"},\"author\":{\"name\":\"Porta Mallorquina\",\"@id\":\"https:\/\/www.porta-mallorquina.es\/blog\/#\/schema\/person\/00d40468a84878931da4d5e16749c9f0\"},\"headline\":\"Oto\u00f1o-senderismo en Mallorca\",\"datePublished\":\"2011-11-18T10:00:54+00:00\",\"dateModified\":\"2016-06-27T15:47:38+00:00\",\"mainEntityOfPage\":{\"@id\":\"https:\/\/www.porta-mallorquina.es\/blog\/otono-senderismo-en-mallorca\/\"},\"wordCount\":472,\"commentCount\":0,\"publisher\":{\"@id\":\"https:\/\/www.porta-mallorquina.es\/blog\/#organization\"},\"image\":{\"@id\":\"https:\/\/www.porta-mallorquina.es\/blog\/otono-senderismo-en-mallorca\/#primaryimage\"},\"thumbnailUrl\":\"https:\/\/www.porta-mallorquina.es\/blog\/mallorca\/Mallorca-Tramuntana-mar-300x225.jpg\",\"articleSection\":[\"Mallorca\"],\"inLanguage\":\"en-US\",\"potentialAction\":[{\"@type\":\"CommentAction\",\"name\":\"Comment\",\"target\":[\"https:\/\/www.porta-mallorquina.es\/blog\/otono-senderismo-en-mallorca\/#respond\"]}]},{\"@type\":\"WebPage\",\"@id\":\"https:\/\/www.porta-mallorquina.es\/blog\/otono-senderismo-en-mallorca\/\",\"url\":\"https:\/\/www.porta-mallorquina.es\/blog\/otono-senderismo-en-mallorca\/\",\"name\":\"Oto\u00f1o-senderismo en Mallorca - Porta Mallorquina Blog\",\"isPartOf\":{\"@id\":\"https:\/\/www.porta-mallorquina.es\/blog\/#website\"},\"primaryImageOfPage\":{\"@id\":\"https:\/\/www.porta-mallorquina.es\/blog\/otono-senderismo-en-mallorca\/#primaryimage\"},\"image\":{\"@id\":\"https:\/\/www.porta-mallorquina.es\/blog\/otono-senderismo-en-mallorca\/#primaryimage\"},\"thumbnailUrl\":\"https:\/\/www.porta-mallorquina.es\/blog\/mallorca\/Mallorca-Tramuntana-mar-300x225.jpg\",\"datePublished\":\"2011-11-18T10:00:54+00:00\",\"dateModified\":\"2016-06-27T15:47:38+00:00\",\"breadcrumb\":{\"@id\":\"https:\/\/www.porta-mallorquina.es\/blog\/otono-senderismo-en-mallorca\/#breadcrumb\"},\"inLanguage\":\"en-US\",\"potentialAction\":[{\"@type\":\"ReadAction\",\"target\":[\"https:\/\/www.porta-mallorquina.es\/blog\/otono-senderismo-en-mallorca\/\"]}]},{\"@type\":\"ImageObject\",\"inLanguage\":\"en-US\",\"@id\":\"https:\/\/www.porta-mallorquina.es\/blog\/otono-senderismo-en-mallorca\/#primaryimage\",\"url\":\"https:\/\/www.porta-mallorquina.es\/blog\/mallorca\/Mallorca-Tramuntana-mar.jpg\",\"contentUrl\":\"https:\/\/www.porta-mallorquina.es\/blog\/mallorca\/Mallorca-Tramuntana-mar.jpg\",\"width\":\"800\",\"height\":\"600\",\"caption\":\"Mallorca con sus monta\u00f1as y su mar\"},{\"@type\":\"BreadcrumbList\",\"@id\":\"https:\/\/www.porta-mallorquina.es\/blog\/otono-senderismo-en-mallorca\/#breadcrumb\",\"itemListElement\":[{\"@type\":\"ListItem\",\"position\":1,\"name\":\"Portada\",\"item\":\"https:\/\/www.porta-mallorquina.es\/blog\/\"},{\"@type\":\"ListItem\",\"position\":2,\"name\":\"Oto\u00f1o-senderismo en Mallorca\"}]},{\"@type\":\"WebSite\",\"@id\":\"https:\/\/www.porta-mallorquina.es\/blog\/#website\",\"url\":\"https:\/\/www.porta-mallorquina.es\/blog\/\",\"name\":\"Porta Mallorquina Blog\",\"description\":\"m\u00e1s que inmuebles de Mallorca\",\"publisher\":{\"@id\":\"https:\/\/www.porta-mallorquina.es\/blog\/#organization\"},\"potentialAction\":[{\"@type\":\"SearchAction\",\"target\":{\"@type\":\"EntryPoint\",\"urlTemplate\":\"https:\/\/www.porta-mallorquina.es\/blog\/?s={search_term_string}\"},\"query-input\":{\"@type\":\"PropertyValueSpecification\",\"valueRequired\":true,\"valueName\":\"search_term_string\"}}],\"inLanguage\":\"en-US\"},{\"@type\":\"Organization\",\"@id\":\"https:\/\/www.porta-mallorquina.es\/blog\/#organization\",\"name\":\"Porta Mallorquina Blog\",\"url\":\"https:\/\/www.porta-mallorquina.es\/blog\/\",\"logo\":{\"@type\":\"ImageObject\",\"inLanguage\":\"en-US\",\"@id\":\"https:\/\/www.porta-mallorquina.es\/blog\/#\/schema\/logo\/image\/\",\"url\":\"https:\/\/www.porta-mallorquina.es\/blog\/mallorca\/porta-mallorquina-real-estate-mallorca-logo.png\",\"contentUrl\":\"https:\/\/www.porta-mallorquina.es\/blog\/mallorca\/porta-mallorquina-real-estate-mallorca-logo.png\",\"width\":570,\"height\":400,\"caption\":\"Porta Mallorquina Blog\"},\"image\":{\"@id\":\"https:\/\/www.porta-mallorquina.es\/blog\/#\/schema\/logo\/image\/\"}},{\"@type\":\"Person\",\"@id\":\"https:\/\/www.porta-mallorquina.es\/blog\/#\/schema\/person\/00d40468a84878931da4d5e16749c9f0\",\"name\":\"Porta Mallorquina\",\"sameAs\":[\"https:\/\/www.porta-mallorquina.es\"],\"url\":\"https:\/\/www.porta-mallorquina.es\/blog\/author\/petraz\/\"}]}<\/script>\n<!-- \/ Yoast SEO plugin. -->","yoast_head_json":{"title":"Oto\u00f1o-senderismo en Mallorca - Porta Mallorquina Blog","robots":{"index":"index","follow":"follow","max-snippet":"max-snippet:-1","max-image-preview":"max-image-preview:large","max-video-preview":"max-video-preview:-1"},"canonical":"https:\/\/www.porta-mallorquina.es\/blog\/otono-senderismo-en-mallorca\/","og_locale":"en_US","og_type":"article","og_title":"Oto\u00f1o-senderismo en Mallorca - Porta Mallorquina Blog","og_description":"El oto\u00f1o ha hecho presencia en nuestra isla, as\u00ed que, aprovechando el cambio climatol\u00f3gico, Porta Mallorquina os ofrece pasar de disfrutar nuestras preciosas playas a nuevas experiencias en lo relativa al turismo interior. Os proponemos disfrutar de una ruta de senderismo. Ruta de Puig y Cova de Sant Mart\u00ed atravesando la reserva natural de S\u00b4Alfubereta [&hellip;]","og_url":"https:\/\/www.porta-mallorquina.es\/blog\/otono-senderismo-en-mallorca\/","og_site_name":"Porta Mallorquina Blog","article_published_time":"2011-11-18T10:00:54+00:00","article_modified_time":"2016-06-27T15:47:38+00:00","og_image":[{"url":"https:\/\/www.porta-mallorquina.es\/blog\/mallorca\/Mallorca-Tramuntana-mar-300x225.jpg","type":"","width":"","height":""}],"author":"Porta Mallorquina","twitter_card":"summary_large_image","twitter_misc":{"Written by":"Porta Mallorquina","Est. reading time":"2 minutes"},"schema":{"@context":"https:\/\/schema.org","@graph":[{"@type":"Article","@id":"https:\/\/www.porta-mallorquina.es\/blog\/otono-senderismo-en-mallorca\/#article","isPartOf":{"@id":"https:\/\/www.porta-mallorquina.es\/blog\/otono-senderismo-en-mallorca\/"},"author":{"name":"Porta Mallorquina","@id":"https:\/\/www.porta-mallorquina.es\/blog\/#\/schema\/person\/00d40468a84878931da4d5e16749c9f0"},"headline":"Oto\u00f1o-senderismo en Mallorca","datePublished":"2011-11-18T10:00:54+00:00","dateModified":"2016-06-27T15:47:38+00:00","mainEntityOfPage":{"@id":"https:\/\/www.porta-mallorquina.es\/blog\/otono-senderismo-en-mallorca\/"},"wordCount":472,"commentCount":0,"publisher":{"@id":"https:\/\/www.porta-mallorquina.es\/blog\/#organization"},"image":{"@id":"https:\/\/www.porta-mallorquina.es\/blog\/otono-senderismo-en-mallorca\/#primaryimage"},"thumbnailUrl":"https:\/\/www.porta-mallorquina.es\/blog\/mallorca\/Mallorca-Tramuntana-mar-300x225.jpg","articleSection":["Mallorca"],"inLanguage":"en-US","potentialAction":[{"@type":"CommentAction","name":"Comment","target":["https:\/\/www.porta-mallorquina.es\/blog\/otono-senderismo-en-mallorca\/#respond"]}]},{"@type":"WebPage","@id":"https:\/\/www.porta-mallorquina.es\/blog\/otono-senderismo-en-mallorca\/","url":"https:\/\/www.porta-mallorquina.es\/blog\/otono-senderismo-en-mallorca\/","name":"Oto\u00f1o-senderismo en Mallorca - Porta Mallorquina Blog","isPartOf":{"@id":"https:\/\/www.porta-mallorquina.es\/blog\/#website"},"primaryImageOfPage":{"@id":"https:\/\/www.porta-mallorquina.es\/blog\/otono-senderismo-en-mallorca\/#primaryimage"},"image":{"@id":"https:\/\/www.porta-mallorquina.es\/blog\/otono-senderismo-en-mallorca\/#primaryimage"},"thumbnailUrl":"https:\/\/www.porta-mallorquina.es\/blog\/mallorca\/Mallorca-Tramuntana-mar-300x225.jpg","datePublished":"2011-11-18T10:00:54+00:00","dateModified":"2016-06-27T15:47:38+00:00","breadcrumb":{"@id":"https:\/\/www.porta-mallorquina.es\/blog\/otono-senderismo-en-mallorca\/#breadcrumb"},"inLanguage":"en-US","potentialAction":[{"@type":"ReadAction","target":["https:\/\/www.porta-mallorquina.es\/blog\/otono-senderismo-en-mallorca\/"]}]},{"@type":"ImageObject","inLanguage":"en-US","@id":"https:\/\/www.porta-mallorquina.es\/blog\/otono-senderismo-en-mallorca\/#primaryimage","url":"https:\/\/www.porta-mallorquina.es\/blog\/mallorca\/Mallorca-Tramuntana-mar.jpg","contentUrl":"https:\/\/www.porta-mallorquina.es\/blog\/mallorca\/Mallorca-Tramuntana-mar.jpg","width":"800","height":"600","caption":"Mallorca con sus monta\u00f1as y su mar"},{"@type":"BreadcrumbList","@id":"https:\/\/www.porta-mallorquina.es\/blog\/otono-senderismo-en-mallorca\/#breadcrumb","itemListElement":[{"@type":"ListItem","position":1,"name":"Portada","item":"https:\/\/www.porta-mallorquina.es\/blog\/"},{"@type":"ListItem","position":2,"name":"Oto\u00f1o-senderismo en Mallorca"}]},{"@type":"WebSite","@id":"https:\/\/www.porta-mallorquina.es\/blog\/#website","url":"https:\/\/www.porta-mallorquina.es\/blog\/","name":"Porta Mallorquina Blog","description":"m\u00e1s que inmuebles de Mallorca","publisher":{"@id":"https:\/\/www.porta-mallorquina.es\/blog\/#organization"},"potentialAction":[{"@type":"SearchAction","target":{"@type":"EntryPoint","urlTemplate":"https:\/\/www.porta-mallorquina.es\/blog\/?s={search_term_string}"},"query-input":{"@type":"PropertyValueSpecification","valueRequired":true,"valueName":"search_term_string"}}],"inLanguage":"en-US"},{"@type":"Organization","@id":"https:\/\/www.porta-mallorquina.es\/blog\/#organization","name":"Porta Mallorquina Blog","url":"https:\/\/www.porta-mallorquina.es\/blog\/","logo":{"@type":"ImageObject","inLanguage":"en-US","@id":"https:\/\/www.porta-mallorquina.es\/blog\/#\/schema\/logo\/image\/","url":"https:\/\/www.porta-mallorquina.es\/blog\/mallorca\/porta-mallorquina-real-estate-mallorca-logo.png","contentUrl":"https:\/\/www.porta-mallorquina.es\/blog\/mallorca\/porta-mallorquina-real-estate-mallorca-logo.png","width":570,"height":400,"caption":"Porta Mallorquina Blog"},"image":{"@id":"https:\/\/www.porta-mallorquina.es\/blog\/#\/schema\/logo\/image\/"}},{"@type":"Person","@id":"https:\/\/www.porta-mallorquina.es\/blog\/#\/schema\/person\/00d40468a84878931da4d5e16749c9f0","name":"Porta Mallorquina","sameAs":["https:\/\/www.porta-mallorquina.es"],"url":"https:\/\/www.porta-mallorquina.es\/blog\/author\/petraz\/"}]}},"_links":{"self":[{"href":"https:\/\/www.porta-mallorquina.es\/blog\/wp-json\/wp\/v2\/posts\/153","targetHints":{"allow":["GET"]}}],"collection":[{"href":"https:\/\/www.porta-mallorquina.es\/blog\/wp-json\/wp\/v2\/posts"}],"about":[{"href":"https:\/\/www.porta-mallorquina.es\/blog\/wp-json\/wp\/v2\/types\/post"}],"author":[{"embeddable":true,"href":"https:\/\/www.porta-mallorquina.es\/blog\/wp-json\/wp\/v2\/users\/2"}],"replies":[{"embeddable":true,"href":"https:\/\/www.porta-mallorquina.es\/blog\/wp-json\/wp\/v2\/comments?post=153"}],"version-history":[{"count":34,"href":"https:\/\/www.porta-mallorquina.es\/blog\/wp-json\/wp\/v2\/posts\/153\/revisions"}],"predecessor-version":[{"id":1545,"href":"https:\/\/www.porta-mallorquina.es\/blog\/wp-json\/wp\/v2\/posts\/153\/revisions\/1545"}],"wp:attachment":[{"href":"https:\/\/www.porta-mallorquina.es\/blog\/wp-json\/wp\/v2\/media?parent=153"}],"wp:term":[{"taxonomy":"category","embeddable":true,"href":"https:\/\/www.porta-mallorquina.es\/blog\/wp-json\/wp\/v2\/categories?post=153"},{"taxonomy":"post_tag","embeddable":true,"href":"https:\/\/www.porta-mallorquina.es\/blog\/wp-json\/wp\/v2\/tags?post=153"}],"curies":[{"name":"wp","href":"https:\/\/api.w.org\/{rel}","templated":true}]}}