{"id":1604,"date":"2016-09-02T11:56:35","date_gmt":"2016-09-02T09:56:35","guid":{"rendered":"http:\/\/www.porta-mallorquina.es\/blog\/?p=1604"},"modified":"2016-09-02T11:56:35","modified_gmt":"2016-09-02T09:56:35","slug":"que-tipo-de-persona-es-usted-al-disfrutar-de-mallorca-parte-2-la-persona-que-va-y-viene-del-trabajo-a-casa","status":"publish","type":"post","link":"https:\/\/www.porta-mallorquina.es\/blog\/que-tipo-de-persona-es-usted-al-disfrutar-de-mallorca-parte-2-la-persona-que-va-y-viene-del-trabajo-a-casa\/","title":{"rendered":"\u00bfQu\u00e9 tipo de persona es usted al disfrutar de Mallorca? &#8211; Parte 2 &#8211; La persona que va y viene del trabajo a casa"},"content":{"rendered":"<p>Mallorca atrae a una gran variedad de personas que quieren tener una segunda residencia en la isla o incluso establecerse aqu\u00ed. Hemos examinando de cerca los diferentes tipos de personas y sus caracter\u00edsticas y los hemos dividido en los as\u00ed llamados \u201earquetipos\u201c. Les presentaremos zonas y pueblos de la isla que corresponden con el tipo de persona, los que mejor se adaptan a cada uno de ellos y donde se encuentran especialmente c\u00f3modos.<br \/>\nLa segunda parte de nuestra peque\u00f1a serie \u2013 despu\u00e9s de \u201e<a href=\"https:\/\/www.porta-mallorquina.es\/blog\/los-arquetipos-de-mallorca-y-sus-lugares\/\" target=\"_blank\">la persona que disfruta en tranquilidad<\/a>\u201c \u2013 est\u00e1 dedicada a un arquetipo que actualmente se encuentra m\u00e1s a menudo en la isla:<\/p>\n<h2>La persona que va y viene del trabajo a casa<\/h2>\n<p>No hay lugar a duda: Mallorca es m\u00e1s popular que nunca. Las personas que van y vienen del trabajo a casa se benefician de ello porque cada vez hay m\u00e1s vuelos durante todo el a\u00f1o. Sea cual sea su destino en Alemania, est\u00e1 a solo 2 m\u00e1ximo 3 horas de vuelo. La <strong>proximidad a la pen\u00ednsula<\/strong> europea es una de las ventajas m\u00e1s importantes de la isla.<\/p>\n<h3><strong><em>\u00bfQu\u00e9 caracteriza a este tipo de persona y qu\u00e9 es importante para \u00e9l?<\/em><\/strong><\/h3>\n<p>Mudarse definitivamente a la isla es una decisi\u00f3n transcendental que afecta a toda la vida. Por lo tanto, muchos prefieren disfrutar de <strong>lo mejor de ambos mundos<\/strong>. Es decir, pasan el mayor tiempo posible en su isla favorita, pero tienen su residencia principal en su pa\u00eds natal donde est\u00e1n asegurados y sus estructuras sociales permanecen intactas.<\/p>\n<p>Sobre todo aquellos que trabajan por cuenta propia como empresarios o trabajadores freelance como trabajadores culturales o art\u00edsticos pueden beneficiarse de esta opci\u00f3n si gestionan su tiempo de manera h\u00e1bil. Para el que pueda trabajar sin estar atado a ning\u00fan lugar, el ir y venir puede convertirse en una aventura que merece la pena.<\/p>\n<p>Pero incluso algunos trabajadores de tiempo completo y empleados pueden organizar su tiempo de trabajo del tal manera que cada dos por tres pueden tener un fin de semanas largo, especialmente si por ejemplo la pareja de esta persona ya vive permanentemente en la isla o pasa la mayor parte de su tiempo en ella.<\/p>\n<div id=\"attachment_1599\" class=\"wp-caption aligncenter\" style=\"width: 600px\"><a href=\"https:\/\/www.porta-mallorquina.es\/inmobiliaria\/buscar\/?s=comprar++p+palma-de-mallorca-casco-antiguo++++++\" target=\"_blank\"><img loading=\"lazy\" decoding=\"async\" class=\"wp-image-1599 size-full\" title=\"La capital Palma no s\u00f3lo es muy popular entre los viajeros .\" src=\"https:\/\/www.porta-mallorquina.es\/blog\/mallorca\/palma-de-mallorca-web.jpg\" alt=\"La capital Palma no s\u00f3lo es muy popular entre los viajeros .\" width=\"600\" height=\"480\" srcset=\"https:\/\/www.porta-mallorquina.es\/blog\/mallorca\/palma-de-mallorca-web.jpg 600w, https:\/\/www.porta-mallorquina.es\/blog\/mallorca\/palma-de-mallorca-web-300x240.jpg 300w\" sizes=\"auto, (max-width: 600px) 100vw, 600px\" \/><\/a><p class=\"wp-caption-text\">La capital Palma no s\u00f3lo es muy popular entre los viajeros .<\/p><\/div>\n<p>Un camino posiblemente corto y poco complicado al <strong>aeropuerto<\/strong> es importante para quienes todav\u00eda vuelven a su tierra natal por ejemplo para atender citas con clientes o para comprobar que todo est\u00e9 bien en su empresa. Un <strong>ambiente creativo<\/strong> es igual de importante \u2013 por ejemplo un barrio que est\u00e9 de moda para la persona creativa con tendencia urbana, unas vistas al mar o un oasis verde para poder trabajar en tranquilidad por ejemplo para el autor o el artista.<\/p>\n<p>La clave est\u00e1 en un ambiente agradable en el que la persona que va y viene del trabajo a casa pueda recuperar fuerzas y que haga que el ir y venir permanente valga la pena.<\/p>\n<p>\u00a1Un cambio ciudad-campo est\u00e1 muy codiciado entre las personas que van y vienen! Para ello, Porta Mallorquina le ofrece una gran selecci\u00f3n: desde modernos pisos f\u00e1ciles de mantener y de f\u00e1cil acceso desde las principales autov\u00edas, adosados en buena ubicaci\u00f3n o casas unifamiliares hasta fincas rom\u00e1nticas o propiedades se\u00f1oriales de lujo \u2013 lo que mejor se adapte a sus necesidades.<\/p>\n<h2>\u00a0 <em>\u00bfQu\u00e9 zona de la isla es la m\u00e1s adecuada para los que van y vienen del trabajo a casa?<\/em><\/h2>\n<h3><strong>Palma, sin lugar a duda&#8230;<\/strong><\/h3>\n<p>Palma es el eje cultural de las Islas Baleares. Probablemente en ninguna otra isla europea encontramos m\u00e1s galer\u00edas en un espacio limitado, en ning\u00fan otro lugar hay ofertas de entrada libre para cambiantes eventos culturales y en ning\u00fan otro lugar se concentran m\u00e1s museos de alto nivel. La diversidad gastron\u00f3mica es igual de variada como la escena cultural y las buenas posibilidades de ir de compras.<\/p>\n<p>Uno puedo conocer a esta ciudad desde hace mucho tiempo y aun as\u00ed cada vez ser sorprendido de nuevo. Muchas cosas est\u00e1n cambiando y aqu\u00ed uno nunca se aburre: ya que alg\u00fan lugar especial se descubre despu\u00e9s de algunos a\u00f1os. Palma le hace \u201eadicto\u201c, sin importar de que ciudad proviene.<\/p>\n<h3>Buenas conexiones con el transporte \u2013 con o sin coche<\/h3>\n<p>Quienes se deciden por el centro de Palma ni siquiera necesitan coche: el aeropuerto de Son Sant Joan est\u00e1 a solo 10 km al sureste de la capital y el bus n\u00famero 1 le lleva al aeropuerto cada 12 minutos. Desde la c\u00e9ntrica Plaza de Espa\u00f1a s\u00f3lo se necesita 20 minutos para llegar al aeropuerto (s\u00f3lo los vuelos tempranos que salen antes de las 7.00 h no se pueden alcanzar con el bus, ya que el primer autob\u00fas sale a las 5:30 am de la terminal).<\/p>\n<p>Quien prefiere a su propio coche, puede dejarlo aparcado en el aeropuerto por d\u00edas. En el recinto del aeropuerto y en el pol\u00edgono adyacente, se encuentra un servicio de transporte (shuttle) disponible en cualquier momento. Entre ellas hay muchas empresas con buenos precios, por ejemplo <em>airport parking<\/em> por 4 \u20ac al d\u00eda.<\/p>\n<h3>\u00bfQu\u00e9 barrios de Palma son populares entre las personas que van y vienen del trabajo a casa?<\/h3>\n<p>Especialmente barrios en el centro que est\u00e1n de moda como Santa Catalina o tambi\u00e9n el casco antiguo son muy codiciados (1). Estas zonas tienen un buen ambiente y constantemente abren un bar nuevo, una tienda nueva o una galer\u00eda.<\/p>\n<div id=\"attachment_1600\" class=\"wp-caption aligncenter\" style=\"width: 510px\"><a href=\"https:\/\/www.porta-mallorquina.es\/inmobiliaria\/santa-catalina-apartamento-107930.html\" target=\"_blank\"><img loading=\"lazy\" decoding=\"async\" class=\"size-full wp-image-1600\" src=\"https:\/\/www.porta-mallorquina.es\/blog\/mallorca\/107930-flat-palma-dining-living-area-e1472804504307.jpg\" alt=\"\u00c1tico espectacular en Palma con unas vistas de 360 grados a toda Mallorca\" width=\"510\" height=\"340\" \/><\/a><p class=\"wp-caption-text\">\u00c1tico espectacular en Palma con unas vistas de 360 grados a toda Mallorca<\/p><\/div>\n<p>Tambi\u00e9n zonas en la orilla de la ciudad como <strong>La Bonanova, Son Armadans<\/strong> o <strong>Son Vida<\/strong> son muy codiciadas. Los bonitos suburbios de Palma junto al mar como <strong>Portixol, Cala Gamba, Ciutat Jard\u00edn<\/strong> y hasta <strong>Can Pastilla<\/strong> (a 2 km del aeropuerto) tambi\u00e9n son muy atractivos as\u00ed como los suburbios en la costa en el suroeste, <strong>Cala Mayor<\/strong> y <strong>Sant Agust\u00ed<\/strong>, o en el interior <strong>Genova<\/strong> y <strong>Establiments<\/strong>.<\/p>\n<div id=\"attachment_1601\" class=\"wp-caption aligncenter\" style=\"width: 510px\"><a href=\"https:\/\/www.porta-mallorquina.es\/inmobiliaria\/portixol-apartamento-105731.html\" target=\"_blank\"><img loading=\"lazy\" decoding=\"async\" class=\"size-full wp-image-1601\" src=\"https:\/\/www.porta-mallorquina.es\/blog\/mallorca\/105731-flat-portixol-sea-view-balcony-e1472804562922.jpg\" alt=\"Apartamento de lujo con 4 dormitorios para estrenar directamente en la playa de Portixol\" width=\"510\" height=\"340\" \/><\/a><p class=\"wp-caption-text\">Apartamento de lujo con 4 dormitorios para estrenar directamente en la playa de Portixol<\/p><\/div>\n<h3><strong>En el campo<\/strong><\/h3>\n<p>Gracias a la facilidad de acceso por una buena infraestructura en autopistas y carreteras tambi\u00e9n se incluyen el suroeste, el sureste e incluso el centro de la isla.<br \/>\nEntre las personas que van y vienen, los pueblos en el interior de la isla como <strong>Portol<\/strong>, <strong>Puntiro<\/strong>, <strong>Sa Cabaneta<\/strong> y <strong>Marratx\u00ed<\/strong> tambi\u00e9n son populares.<\/p>\n<div id=\"attachment_1602\" class=\"wp-caption aligncenter\" style=\"width: 600px\"><a href=\"https:\/\/www.porta-mallorquina.es\/inmobiliaria\/bunyola-villa-103912.html\" target=\"_blank\"><img loading=\"lazy\" decoding=\"async\" class=\"size-full wp-image-1602\" src=\"https:\/\/www.porta-mallorquina.es\/blog\/mallorca\/103912-img-2133-e1472804628315.jpg\" alt=\"Villa exclusiva con maravillosas vistas a las monta\u00f1as\" width=\"600\" height=\"400\" \/><\/a><p class=\"wp-caption-text\">Villa exclusiva con maravillosas vistas a las monta\u00f1as<\/p><\/div>\n<p>El suroeste se beneficia de la buena conexi\u00f3n a la autopista que lleva de Palma hasta Andratx (la Ma-1). A las personas que le dan importancia a las vistas al mar, se sienten c\u00f3modas en <strong>Illetas<\/strong>, <strong>Portals Nous<\/strong>, <strong>Palmanova<\/strong>, <strong>El Toro<\/strong> y <strong>Santa Ponsa<\/strong>. A los que les gusta la vida en el campo, prefieren <strong>Calvi\u00e0<\/strong>, <strong>Es Capdella<\/strong> o incluso <strong>Andratx<\/strong> (aprox. 45 min. hasta el aeropuerto).<\/p>\n<h3><strong>En el este<\/strong><\/h3>\n<p>La autopista Ma-19 conecta al aeropuerto con <a href=\"https:\/\/www.porta-mallorquina.es\/inmobiliaria\/buscar\/?s=comprar++s+llucmajor++++++\" target=\"_blank\">Llucmajor<\/a>. Por lo tanto, no s\u00f3lo Llucmajor en s\u00ed es atractivo, sino tambi\u00e9n las zonas residenciales en la costa sureste como <strong>Bahia Grande, Bahia Azul, Las Palmeras, Maioris, Puigderr\u00f3s<\/strong> o <strong>Sa Torre<\/strong> con sus chalets bonitos o confortables pisos de nueva construcci\u00f3n.<\/p>\n<p><strong>Algaida<\/strong> con sus bellos alrededores es un pueblo popular y aun muy aut\u00e9ntico para las personas que van y vienen. Gracias a la carretera de Manacor, la Ma-15, son s\u00f3lo 20 minutos en coche hasta el aeropuerto.<\/p>\n<div id=\"attachment_1603\" class=\"wp-caption aligncenter\" style=\"width: 510px\"><a href=\"https:\/\/www.porta-mallorquina.es\/inmobiliaria\/sa-torre-villa-108309.html\" target=\"_blank\"><img loading=\"lazy\" decoding=\"async\" class=\"size-full wp-image-1603\" src=\"https:\/\/www.porta-mallorquina.es\/blog\/mallorca\/108309-villa-sa-torre-swimmingpool-aussenansicht-e1472804930886.jpg\" alt=\"Chalet con 2 viviendas separadas en Sa Torre\" width=\"510\" height=\"340\" \/><\/a><p class=\"wp-caption-text\">Chalet con 2 viviendas separadas en Sa Torre<\/p><\/div>\n<p>Como puede ver, las personas que viajan entre su domicilio y su lugar de trabajo tienen muy buenas posibilidades y una amplia selecci\u00f3n de cambiar r\u00e1pidamente de un punto a otro. Adem\u00e1s la infraestructura es tan buena que se deber\u00eda considerar si toda la familia debe tener la oportunidad de vivir en Mallorca. Desde estos lugares, todas las <a href=\"https:\/\/www.porta-mallorquina.es\/blog\/colegios-internacionales-mallorca\/\" target=\"_blank\">escuelas internacionales<\/a> son f\u00e1cilmente accesibles. Si un d\u00eda la persona que va y viene se llega a cansar de volar frecuentemente, a partir de ese momento puede tomar la decisi\u00f3n de vivir definitivamente en la isla.<\/p>\n","protected":false},"excerpt":{"rendered":"<p>Mallorca atrae a una gran variedad de personas que quieren tener una segunda residencia en la isla o incluso establecerse aqu\u00ed. Hemos examinando de cerca los diferentes tipos de personas y sus caracter\u00edsticas y los hemos dividido en los as\u00ed llamados \u201earquetipos\u201c. Les presentaremos zonas y pueblos de la isla que corresponden con el tipo de persona, los que mejor se adaptan a cada uno de ellos y donde se encuentran especialmente c\u00f3modos.<br \/>\nLa segunda parte de nuestra peque\u00f1a serie \u2013 despu\u00e9s de \u201ela persona que disfruta en tranquilidad\u201c \u2013 est\u00e1 dedicada a un arquetipo que actualmente se encuentra m\u00e1s a menudo en la isla.<\/p>\n","protected":false},"author":2,"featured_media":0,"comment_status":"open","ping_status":"open","sticky":false,"template":"","format":"standard","meta":{"footnotes":""},"categories":[6],"tags":[],"class_list":["post-1604","post","type-post","status-publish","format-standard","hentry","category-mallorca"],"yoast_head":"<!-- This site is optimized with the Yoast SEO plugin v27.2 - https:\/\/yoast.com\/product\/yoast-seo-wordpress\/ -->\n<title>\u00bfQu\u00e9 tipo de persona es usted al disfrutar de Mallorca? - Parte 2 - La persona que va y viene del trabajo a casa - Porta Mallorquina Blog<\/title>\n<meta name=\"robots\" content=\"index, follow, max-snippet:-1, max-image-preview:large, max-video-preview:-1\" \/>\n<link rel=\"canonical\" href=\"https:\/\/www.porta-mallorquina.es\/blog\/que-tipo-de-persona-es-usted-al-disfrutar-de-mallorca-parte-2-la-persona-que-va-y-viene-del-trabajo-a-casa\/\" \/>\n<meta property=\"og:locale\" content=\"en_US\" \/>\n<meta property=\"og:type\" content=\"article\" \/>\n<meta property=\"og:title\" content=\"\u00bfQu\u00e9 tipo de persona es usted al disfrutar de Mallorca? - Parte 2 - La persona que va y viene del trabajo a casa - Porta Mallorquina Blog\" \/>\n<meta property=\"og:description\" content=\"Mallorca atrae a una gran variedad de personas que quieren tener una segunda residencia en la isla o incluso establecerse aqu\u00ed. Hemos examinando de cerca los diferentes tipos de personas y sus caracter\u00edsticas y los hemos dividido en los as\u00ed llamados \u201earquetipos\u201c. Les presentaremos zonas y pueblos de la isla que corresponden con el tipo de persona, los que mejor se adaptan a cada uno de ellos y donde se encuentran especialmente c\u00f3modos. La segunda parte de nuestra peque\u00f1a serie \u2013 despu\u00e9s de \u201ela persona que disfruta en tranquilidad\u201c \u2013 est\u00e1 dedicada a un arquetipo que actualmente se encuentra m\u00e1s a menudo en la isla.\" \/>\n<meta property=\"og:url\" content=\"https:\/\/www.porta-mallorquina.es\/blog\/que-tipo-de-persona-es-usted-al-disfrutar-de-mallorca-parte-2-la-persona-que-va-y-viene-del-trabajo-a-casa\/\" \/>\n<meta property=\"og:site_name\" content=\"Porta Mallorquina Blog\" \/>\n<meta property=\"article:published_time\" content=\"2016-09-02T09:56:35+00:00\" \/>\n<meta property=\"og:image\" content=\"https:\/\/www.porta-mallorquina.es\/blog\/mallorca\/palma-de-mallorca-web.jpg\" \/>\n<meta name=\"author\" content=\"Porta Mallorquina\" \/>\n<meta name=\"twitter:card\" content=\"summary_large_image\" \/>\n<meta name=\"twitter:label1\" content=\"Written by\" \/>\n\t<meta name=\"twitter:data1\" content=\"Porta Mallorquina\" \/>\n\t<meta name=\"twitter:label2\" content=\"Est. reading time\" \/>\n\t<meta name=\"twitter:data2\" content=\"7 minutes\" \/>\n<script type=\"application\/ld+json\" class=\"yoast-schema-graph\">{\"@context\":\"https:\/\/schema.org\",\"@graph\":[{\"@type\":\"Article\",\"@id\":\"https:\/\/www.porta-mallorquina.es\/blog\/que-tipo-de-persona-es-usted-al-disfrutar-de-mallorca-parte-2-la-persona-que-va-y-viene-del-trabajo-a-casa\/#article\",\"isPartOf\":{\"@id\":\"https:\/\/www.porta-mallorquina.es\/blog\/que-tipo-de-persona-es-usted-al-disfrutar-de-mallorca-parte-2-la-persona-que-va-y-viene-del-trabajo-a-casa\/\"},\"author\":{\"name\":\"Porta Mallorquina\",\"@id\":\"https:\/\/www.porta-mallorquina.es\/blog\/#\/schema\/person\/00d40468a84878931da4d5e16749c9f0\"},\"headline\":\"\u00bfQu\u00e9 tipo de persona es usted al disfrutar de Mallorca? &#8211; Parte 2 &#8211; La persona que va y viene del trabajo a casa\",\"datePublished\":\"2016-09-02T09:56:35+00:00\",\"mainEntityOfPage\":{\"@id\":\"https:\/\/www.porta-mallorquina.es\/blog\/que-tipo-de-persona-es-usted-al-disfrutar-de-mallorca-parte-2-la-persona-que-va-y-viene-del-trabajo-a-casa\/\"},\"wordCount\":1414,\"commentCount\":0,\"publisher\":{\"@id\":\"https:\/\/www.porta-mallorquina.es\/blog\/#organization\"},\"image\":{\"@id\":\"https:\/\/www.porta-mallorquina.es\/blog\/que-tipo-de-persona-es-usted-al-disfrutar-de-mallorca-parte-2-la-persona-que-va-y-viene-del-trabajo-a-casa\/#primaryimage\"},\"thumbnailUrl\":\"https:\/\/www.porta-mallorquina.es\/blog\/mallorca\/palma-de-mallorca-web.jpg\",\"articleSection\":[\"Mallorca\"],\"inLanguage\":\"en-US\",\"potentialAction\":[{\"@type\":\"CommentAction\",\"name\":\"Comment\",\"target\":[\"https:\/\/www.porta-mallorquina.es\/blog\/que-tipo-de-persona-es-usted-al-disfrutar-de-mallorca-parte-2-la-persona-que-va-y-viene-del-trabajo-a-casa\/#respond\"]}]},{\"@type\":\"WebPage\",\"@id\":\"https:\/\/www.porta-mallorquina.es\/blog\/que-tipo-de-persona-es-usted-al-disfrutar-de-mallorca-parte-2-la-persona-que-va-y-viene-del-trabajo-a-casa\/\",\"url\":\"https:\/\/www.porta-mallorquina.es\/blog\/que-tipo-de-persona-es-usted-al-disfrutar-de-mallorca-parte-2-la-persona-que-va-y-viene-del-trabajo-a-casa\/\",\"name\":\"\u00bfQu\u00e9 tipo de persona es usted al disfrutar de Mallorca? - Parte 2 - La persona que va y viene del trabajo a casa - Porta Mallorquina Blog\",\"isPartOf\":{\"@id\":\"https:\/\/www.porta-mallorquina.es\/blog\/#website\"},\"primaryImageOfPage\":{\"@id\":\"https:\/\/www.porta-mallorquina.es\/blog\/que-tipo-de-persona-es-usted-al-disfrutar-de-mallorca-parte-2-la-persona-que-va-y-viene-del-trabajo-a-casa\/#primaryimage\"},\"image\":{\"@id\":\"https:\/\/www.porta-mallorquina.es\/blog\/que-tipo-de-persona-es-usted-al-disfrutar-de-mallorca-parte-2-la-persona-que-va-y-viene-del-trabajo-a-casa\/#primaryimage\"},\"thumbnailUrl\":\"https:\/\/www.porta-mallorquina.es\/blog\/mallorca\/palma-de-mallorca-web.jpg\",\"datePublished\":\"2016-09-02T09:56:35+00:00\",\"breadcrumb\":{\"@id\":\"https:\/\/www.porta-mallorquina.es\/blog\/que-tipo-de-persona-es-usted-al-disfrutar-de-mallorca-parte-2-la-persona-que-va-y-viene-del-trabajo-a-casa\/#breadcrumb\"},\"inLanguage\":\"en-US\",\"potentialAction\":[{\"@type\":\"ReadAction\",\"target\":[\"https:\/\/www.porta-mallorquina.es\/blog\/que-tipo-de-persona-es-usted-al-disfrutar-de-mallorca-parte-2-la-persona-que-va-y-viene-del-trabajo-a-casa\/\"]}]},{\"@type\":\"ImageObject\",\"inLanguage\":\"en-US\",\"@id\":\"https:\/\/www.porta-mallorquina.es\/blog\/que-tipo-de-persona-es-usted-al-disfrutar-de-mallorca-parte-2-la-persona-que-va-y-viene-del-trabajo-a-casa\/#primaryimage\",\"url\":\"https:\/\/www.porta-mallorquina.es\/blog\/mallorca\/palma-de-mallorca-web.jpg\",\"contentUrl\":\"https:\/\/www.porta-mallorquina.es\/blog\/mallorca\/palma-de-mallorca-web.jpg\",\"width\":600,\"height\":480,\"caption\":\"La capital Palma no s\u00f3lo es muy popular entre los viajeros .\"},{\"@type\":\"BreadcrumbList\",\"@id\":\"https:\/\/www.porta-mallorquina.es\/blog\/que-tipo-de-persona-es-usted-al-disfrutar-de-mallorca-parte-2-la-persona-que-va-y-viene-del-trabajo-a-casa\/#breadcrumb\",\"itemListElement\":[{\"@type\":\"ListItem\",\"position\":1,\"name\":\"Portada\",\"item\":\"https:\/\/www.porta-mallorquina.es\/blog\/\"},{\"@type\":\"ListItem\",\"position\":2,\"name\":\"\u00bfQu\u00e9 tipo de persona es usted al disfrutar de Mallorca? &#8211; Parte 2 &#8211; La persona que va y viene del trabajo a casa\"}]},{\"@type\":\"WebSite\",\"@id\":\"https:\/\/www.porta-mallorquina.es\/blog\/#website\",\"url\":\"https:\/\/www.porta-mallorquina.es\/blog\/\",\"name\":\"Porta Mallorquina Blog\",\"description\":\"m\u00e1s que inmuebles de Mallorca\",\"publisher\":{\"@id\":\"https:\/\/www.porta-mallorquina.es\/blog\/#organization\"},\"potentialAction\":[{\"@type\":\"SearchAction\",\"target\":{\"@type\":\"EntryPoint\",\"urlTemplate\":\"https:\/\/www.porta-mallorquina.es\/blog\/?s={search_term_string}\"},\"query-input\":{\"@type\":\"PropertyValueSpecification\",\"valueRequired\":true,\"valueName\":\"search_term_string\"}}],\"inLanguage\":\"en-US\"},{\"@type\":\"Organization\",\"@id\":\"https:\/\/www.porta-mallorquina.es\/blog\/#organization\",\"name\":\"Porta Mallorquina Blog\",\"url\":\"https:\/\/www.porta-mallorquina.es\/blog\/\",\"logo\":{\"@type\":\"ImageObject\",\"inLanguage\":\"en-US\",\"@id\":\"https:\/\/www.porta-mallorquina.es\/blog\/#\/schema\/logo\/image\/\",\"url\":\"https:\/\/www.porta-mallorquina.es\/blog\/mallorca\/porta-mallorquina-real-estate-mallorca-logo.png\",\"contentUrl\":\"https:\/\/www.porta-mallorquina.es\/blog\/mallorca\/porta-mallorquina-real-estate-mallorca-logo.png\",\"width\":570,\"height\":400,\"caption\":\"Porta Mallorquina Blog\"},\"image\":{\"@id\":\"https:\/\/www.porta-mallorquina.es\/blog\/#\/schema\/logo\/image\/\"}},{\"@type\":\"Person\",\"@id\":\"https:\/\/www.porta-mallorquina.es\/blog\/#\/schema\/person\/00d40468a84878931da4d5e16749c9f0\",\"name\":\"Porta Mallorquina\",\"sameAs\":[\"https:\/\/www.porta-mallorquina.es\"],\"url\":\"https:\/\/www.porta-mallorquina.es\/blog\/author\/petraz\/\"}]}<\/script>\n<!-- \/ Yoast SEO plugin. -->","yoast_head_json":{"title":"\u00bfQu\u00e9 tipo de persona es usted al disfrutar de Mallorca? - Parte 2 - La persona que va y viene del trabajo a casa - Porta Mallorquina Blog","robots":{"index":"index","follow":"follow","max-snippet":"max-snippet:-1","max-image-preview":"max-image-preview:large","max-video-preview":"max-video-preview:-1"},"canonical":"https:\/\/www.porta-mallorquina.es\/blog\/que-tipo-de-persona-es-usted-al-disfrutar-de-mallorca-parte-2-la-persona-que-va-y-viene-del-trabajo-a-casa\/","og_locale":"en_US","og_type":"article","og_title":"\u00bfQu\u00e9 tipo de persona es usted al disfrutar de Mallorca? - Parte 2 - La persona que va y viene del trabajo a casa - Porta Mallorquina Blog","og_description":"Mallorca atrae a una gran variedad de personas que quieren tener una segunda residencia en la isla o incluso establecerse aqu\u00ed. Hemos examinando de cerca los diferentes tipos de personas y sus caracter\u00edsticas y los hemos dividido en los as\u00ed llamados \u201earquetipos\u201c. Les presentaremos zonas y pueblos de la isla que corresponden con el tipo de persona, los que mejor se adaptan a cada uno de ellos y donde se encuentran especialmente c\u00f3modos. La segunda parte de nuestra peque\u00f1a serie \u2013 despu\u00e9s de \u201ela persona que disfruta en tranquilidad\u201c \u2013 est\u00e1 dedicada a un arquetipo que actualmente se encuentra m\u00e1s a menudo en la isla.","og_url":"https:\/\/www.porta-mallorquina.es\/blog\/que-tipo-de-persona-es-usted-al-disfrutar-de-mallorca-parte-2-la-persona-que-va-y-viene-del-trabajo-a-casa\/","og_site_name":"Porta Mallorquina Blog","article_published_time":"2016-09-02T09:56:35+00:00","og_image":[{"url":"https:\/\/www.porta-mallorquina.es\/blog\/mallorca\/palma-de-mallorca-web.jpg","type":"","width":"","height":""}],"author":"Porta Mallorquina","twitter_card":"summary_large_image","twitter_misc":{"Written by":"Porta Mallorquina","Est. reading time":"7 minutes"},"schema":{"@context":"https:\/\/schema.org","@graph":[{"@type":"Article","@id":"https:\/\/www.porta-mallorquina.es\/blog\/que-tipo-de-persona-es-usted-al-disfrutar-de-mallorca-parte-2-la-persona-que-va-y-viene-del-trabajo-a-casa\/#article","isPartOf":{"@id":"https:\/\/www.porta-mallorquina.es\/blog\/que-tipo-de-persona-es-usted-al-disfrutar-de-mallorca-parte-2-la-persona-que-va-y-viene-del-trabajo-a-casa\/"},"author":{"name":"Porta Mallorquina","@id":"https:\/\/www.porta-mallorquina.es\/blog\/#\/schema\/person\/00d40468a84878931da4d5e16749c9f0"},"headline":"\u00bfQu\u00e9 tipo de persona es usted al disfrutar de Mallorca? &#8211; Parte 2 &#8211; La persona que va y viene del trabajo a casa","datePublished":"2016-09-02T09:56:35+00:00","mainEntityOfPage":{"@id":"https:\/\/www.porta-mallorquina.es\/blog\/que-tipo-de-persona-es-usted-al-disfrutar-de-mallorca-parte-2-la-persona-que-va-y-viene-del-trabajo-a-casa\/"},"wordCount":1414,"commentCount":0,"publisher":{"@id":"https:\/\/www.porta-mallorquina.es\/blog\/#organization"},"image":{"@id":"https:\/\/www.porta-mallorquina.es\/blog\/que-tipo-de-persona-es-usted-al-disfrutar-de-mallorca-parte-2-la-persona-que-va-y-viene-del-trabajo-a-casa\/#primaryimage"},"thumbnailUrl":"https:\/\/www.porta-mallorquina.es\/blog\/mallorca\/palma-de-mallorca-web.jpg","articleSection":["Mallorca"],"inLanguage":"en-US","potentialAction":[{"@type":"CommentAction","name":"Comment","target":["https:\/\/www.porta-mallorquina.es\/blog\/que-tipo-de-persona-es-usted-al-disfrutar-de-mallorca-parte-2-la-persona-que-va-y-viene-del-trabajo-a-casa\/#respond"]}]},{"@type":"WebPage","@id":"https:\/\/www.porta-mallorquina.es\/blog\/que-tipo-de-persona-es-usted-al-disfrutar-de-mallorca-parte-2-la-persona-que-va-y-viene-del-trabajo-a-casa\/","url":"https:\/\/www.porta-mallorquina.es\/blog\/que-tipo-de-persona-es-usted-al-disfrutar-de-mallorca-parte-2-la-persona-que-va-y-viene-del-trabajo-a-casa\/","name":"\u00bfQu\u00e9 tipo de persona es usted al disfrutar de Mallorca? - Parte 2 - La persona que va y viene del trabajo a casa - Porta Mallorquina Blog","isPartOf":{"@id":"https:\/\/www.porta-mallorquina.es\/blog\/#website"},"primaryImageOfPage":{"@id":"https:\/\/www.porta-mallorquina.es\/blog\/que-tipo-de-persona-es-usted-al-disfrutar-de-mallorca-parte-2-la-persona-que-va-y-viene-del-trabajo-a-casa\/#primaryimage"},"image":{"@id":"https:\/\/www.porta-mallorquina.es\/blog\/que-tipo-de-persona-es-usted-al-disfrutar-de-mallorca-parte-2-la-persona-que-va-y-viene-del-trabajo-a-casa\/#primaryimage"},"thumbnailUrl":"https:\/\/www.porta-mallorquina.es\/blog\/mallorca\/palma-de-mallorca-web.jpg","datePublished":"2016-09-02T09:56:35+00:00","breadcrumb":{"@id":"https:\/\/www.porta-mallorquina.es\/blog\/que-tipo-de-persona-es-usted-al-disfrutar-de-mallorca-parte-2-la-persona-que-va-y-viene-del-trabajo-a-casa\/#breadcrumb"},"inLanguage":"en-US","potentialAction":[{"@type":"ReadAction","target":["https:\/\/www.porta-mallorquina.es\/blog\/que-tipo-de-persona-es-usted-al-disfrutar-de-mallorca-parte-2-la-persona-que-va-y-viene-del-trabajo-a-casa\/"]}]},{"@type":"ImageObject","inLanguage":"en-US","@id":"https:\/\/www.porta-mallorquina.es\/blog\/que-tipo-de-persona-es-usted-al-disfrutar-de-mallorca-parte-2-la-persona-que-va-y-viene-del-trabajo-a-casa\/#primaryimage","url":"https:\/\/www.porta-mallorquina.es\/blog\/mallorca\/palma-de-mallorca-web.jpg","contentUrl":"https:\/\/www.porta-mallorquina.es\/blog\/mallorca\/palma-de-mallorca-web.jpg","width":600,"height":480,"caption":"La capital Palma no s\u00f3lo es muy popular entre los viajeros ."},{"@type":"BreadcrumbList","@id":"https:\/\/www.porta-mallorquina.es\/blog\/que-tipo-de-persona-es-usted-al-disfrutar-de-mallorca-parte-2-la-persona-que-va-y-viene-del-trabajo-a-casa\/#breadcrumb","itemListElement":[{"@type":"ListItem","position":1,"name":"Portada","item":"https:\/\/www.porta-mallorquina.es\/blog\/"},{"@type":"ListItem","position":2,"name":"\u00bfQu\u00e9 tipo de persona es usted al disfrutar de Mallorca? &#8211; Parte 2 &#8211; La persona que va y viene del trabajo a casa"}]},{"@type":"WebSite","@id":"https:\/\/www.porta-mallorquina.es\/blog\/#website","url":"https:\/\/www.porta-mallorquina.es\/blog\/","name":"Porta Mallorquina Blog","description":"m\u00e1s que inmuebles de Mallorca","publisher":{"@id":"https:\/\/www.porta-mallorquina.es\/blog\/#organization"},"potentialAction":[{"@type":"SearchAction","target":{"@type":"EntryPoint","urlTemplate":"https:\/\/www.porta-mallorquina.es\/blog\/?s={search_term_string}"},"query-input":{"@type":"PropertyValueSpecification","valueRequired":true,"valueName":"search_term_string"}}],"inLanguage":"en-US"},{"@type":"Organization","@id":"https:\/\/www.porta-mallorquina.es\/blog\/#organization","name":"Porta Mallorquina Blog","url":"https:\/\/www.porta-mallorquina.es\/blog\/","logo":{"@type":"ImageObject","inLanguage":"en-US","@id":"https:\/\/www.porta-mallorquina.es\/blog\/#\/schema\/logo\/image\/","url":"https:\/\/www.porta-mallorquina.es\/blog\/mallorca\/porta-mallorquina-real-estate-mallorca-logo.png","contentUrl":"https:\/\/www.porta-mallorquina.es\/blog\/mallorca\/porta-mallorquina-real-estate-mallorca-logo.png","width":570,"height":400,"caption":"Porta Mallorquina Blog"},"image":{"@id":"https:\/\/www.porta-mallorquina.es\/blog\/#\/schema\/logo\/image\/"}},{"@type":"Person","@id":"https:\/\/www.porta-mallorquina.es\/blog\/#\/schema\/person\/00d40468a84878931da4d5e16749c9f0","name":"Porta Mallorquina","sameAs":["https:\/\/www.porta-mallorquina.es"],"url":"https:\/\/www.porta-mallorquina.es\/blog\/author\/petraz\/"}]}},"_links":{"self":[{"href":"https:\/\/www.porta-mallorquina.es\/blog\/wp-json\/wp\/v2\/posts\/1604","targetHints":{"allow":["GET"]}}],"collection":[{"href":"https:\/\/www.porta-mallorquina.es\/blog\/wp-json\/wp\/v2\/posts"}],"about":[{"href":"https:\/\/www.porta-mallorquina.es\/blog\/wp-json\/wp\/v2\/types\/post"}],"author":[{"embeddable":true,"href":"https:\/\/www.porta-mallorquina.es\/blog\/wp-json\/wp\/v2\/users\/2"}],"replies":[{"embeddable":true,"href":"https:\/\/www.porta-mallorquina.es\/blog\/wp-json\/wp\/v2\/comments?post=1604"}],"version-history":[{"count":3,"href":"https:\/\/www.porta-mallorquina.es\/blog\/wp-json\/wp\/v2\/posts\/1604\/revisions"}],"predecessor-version":[{"id":1607,"href":"https:\/\/www.porta-mallorquina.es\/blog\/wp-json\/wp\/v2\/posts\/1604\/revisions\/1607"}],"wp:attachment":[{"href":"https:\/\/www.porta-mallorquina.es\/blog\/wp-json\/wp\/v2\/media?parent=1604"}],"wp:term":[{"taxonomy":"category","embeddable":true,"href":"https:\/\/www.porta-mallorquina.es\/blog\/wp-json\/wp\/v2\/categories?post=1604"},{"taxonomy":"post_tag","embeddable":true,"href":"https:\/\/www.porta-mallorquina.es\/blog\/wp-json\/wp\/v2\/tags?post=1604"}],"curies":[{"name":"wp","href":"https:\/\/api.w.org\/{rel}","templated":true}]}}