{"id":1651,"date":"2017-06-06T09:22:27","date_gmt":"2017-06-06T07:22:27","guid":{"rendered":"http:\/\/www.porta-mallorquina.es\/blog\/?p=1651"},"modified":"2017-06-06T09:22:27","modified_gmt":"2017-06-06T07:22:27","slug":"apertura-exitosa-en-puerto-de-andratx","status":"publish","type":"post","link":"https:\/\/www.porta-mallorquina.es\/blog\/apertura-exitosa-en-puerto-de-andratx\/","title":{"rendered":"Apertura exitosa en Puerto de Andratx"},"content":{"rendered":"<div id=\"attachment_1652\" class=\"wp-caption alignright\" style=\"width: 200px\"><a href=\"https:\/\/www.porta-mallorquina.es\/blog\/mallorca\/team-andratx2-e1496733062902.jpg\"><img loading=\"lazy\" decoding=\"async\" class=\"wp-image-1652 size-full\" title=\"El equipo de Puerto Andratx.\" src=\"https:\/\/www.porta-mallorquina.es\/blog\/mallorca\/team-andratx2-e1496733062902.jpg\" alt=\"El equipo de Puerto Andratx.\" width=\"200\" height=\"229\" \/><\/a><p class=\"wp-caption-text\">El equipo de Puerto Andratx.<\/p><\/div>\n<p>El viernes, 26 de mayo lleg\u00f3 el momento: el nuevo equipo de Porta Mallorquina en <strong>Puerto de Andratx<\/strong> oficialmente present\u00f3\u00a0su nueva oficina en la <strong>calle Isaac Peral, 28<\/strong> e invit\u00f3 a clientes, amigos y vecinos a tomar una copa de cava, vino mallorqu\u00edn y tapas as\u00ed como otras especialidades t\u00edpicas de la isla.<\/p>\n<h2>Art meets Property (el arte se fusiona con las propiedades) en la zona peatonal<\/h2>\n<p>Unos 100 invitados atendieron al evento, incluyendo el fundador de Porta Mallorquina y CEO Joachim Semrau. En algunos momentos, la afluencia era tan grande que la zona delante de la nueva oficina con la fachada blanca y sus ventanas grandes casi se hizo peque\u00f1a. La nueva oficina en la zona peatonal se encuentra en un d\u00faplex ultra-moderno que incluso dispone de una azotea peque\u00f1a.<\/p>\n<p>Con un tiempo estupendo y mesas con manteles blancos, los invitados disfrutaron de m\u00fasica en vivo, del buen vino de Son Bordills y de los manjares deliciosos hasta altas horas de la noche.<\/p>\n<div id=\"attachment_1653\" class=\"wp-caption aligncenter\" style=\"width: 600px\"><a href=\"https:\/\/www.porta-mallorquina.es\/blog\/mallorca\/Blick-dachterrasse.jpg\"><img loading=\"lazy\" decoding=\"async\" class=\"size-full wp-image-1653\" src=\"https:\/\/www.porta-mallorquina.es\/blog\/mallorca\/Blick-dachterrasse.jpg\" alt=\" Los invitados desde la azotea.\" width=\"600\" height=\"400\" srcset=\"https:\/\/www.porta-mallorquina.es\/blog\/mallorca\/Blick-dachterrasse.jpg 600w, https:\/\/www.porta-mallorquina.es\/blog\/mallorca\/Blick-dachterrasse-300x200.jpg 300w\" sizes=\"auto, (max-width: 600px) 100vw, 600px\" \/><\/a><p class=\"wp-caption-text\">Los invitados desde la azotea.<\/p><\/div>\n<p>Pero eso no fue todo: En cooperaci\u00f3n con la <strong>Galer\u00eda K<\/strong>, a los invitados se les present\u00f3 una exposici\u00f3n exclusiva bajo el lema \u201c<strong>El arte se fusiona con las propiedades<\/strong>\u201d de Esther Miranda y Dieter Nusbaum, artistas de \u00e9xito internacional.<\/p>\n<h2>Una oficina nueva m\u00e1s un equipo nuevo<\/h2>\n<p><strong>Markus Schreurs<\/strong> y <strong>Karl-Georg Hermann<\/strong> como nuevos gerentes y franquiciados se encargan de la regi\u00f3n de Andratx. Ambos tienen muchos a\u00f1os de experiencia y en su ciudad natal Krefeld gestionan agencias inmobiliarias exitosas. Adem\u00e1s, Markus Schreurs es cofundador de la empresa matriz de Porta Mondial AG. Los dos socios actualmente (a\u00fan) viajan constantemente entre Mallorca y Alemania.<\/p>\n<p><strong>Andrea Keppler<\/strong> est\u00e1 dirigiendo la oficina y los nuevos asesores inmobiliarios son <strong>Steffen Hoier<\/strong> y <strong>Thorge Takenberg<\/strong>. Se habla un total de <strong>6 idiomas<\/strong> en la oficina de Puerto de Andratx: alem\u00e1n, ingl\u00e9s, espa\u00f1ol, italiano, dan\u00e9s y sueco.<\/p>\n<p>El <strong>Mallorca Magazin<\/strong> grav\u00f3 el evento y lo public\u00f3 en su p\u00e1gina de Facebook:<\/p>\n<p>https:\/\/www.facebook.com\/Mallorca.Magazin\/videos\/1730007480350194\/<\/p>\n","protected":false},"excerpt":{"rendered":"<p>El viernes, 26 de mayo lleg\u00f3 el momento: el nuevo equipo de Porta Mallorquina en Puerto de Andratx oficialmente present\u00f3 su nueva oficina en la calle Isaac Peral, 28 e invit\u00f3 a clientes, amigos y vecinos a tomar una copa de cava, vino mallorqu\u00edn y tapas as\u00ed como otras especialidades t\u00edpicas de la isla.<\/p>\n","protected":false},"author":2,"featured_media":0,"comment_status":"open","ping_status":"open","sticky":false,"template":"","format":"standard","meta":{"footnotes":""},"categories":[8],"tags":[],"class_list":["post-1651","post","type-post","status-publish","format-standard","hentry","category-franquicia"],"yoast_head":"<!-- This site is optimized with the Yoast SEO plugin v27.2 - https:\/\/yoast.com\/product\/yoast-seo-wordpress\/ -->\n<title>Apertura exitosa en Puerto de Andratx - Porta Mallorquina Blog<\/title>\n<meta name=\"robots\" content=\"index, follow, max-snippet:-1, max-image-preview:large, max-video-preview:-1\" \/>\n<link rel=\"canonical\" href=\"https:\/\/www.porta-mallorquina.es\/blog\/apertura-exitosa-en-puerto-de-andratx\/\" \/>\n<meta property=\"og:locale\" content=\"en_US\" \/>\n<meta property=\"og:type\" content=\"article\" \/>\n<meta property=\"og:title\" content=\"Apertura exitosa en Puerto de Andratx - Porta Mallorquina Blog\" \/>\n<meta property=\"og:description\" content=\"El viernes, 26 de mayo lleg\u00f3 el momento: el nuevo equipo de Porta Mallorquina en Puerto de Andratx oficialmente present\u00f3 su nueva oficina en la calle Isaac Peral, 28 e invit\u00f3 a clientes, amigos y vecinos a tomar una copa de cava, vino mallorqu\u00edn y tapas as\u00ed como otras especialidades t\u00edpicas de la isla.\" \/>\n<meta property=\"og:url\" content=\"https:\/\/www.porta-mallorquina.es\/blog\/apertura-exitosa-en-puerto-de-andratx\/\" \/>\n<meta property=\"og:site_name\" content=\"Porta Mallorquina Blog\" \/>\n<meta property=\"article:published_time\" content=\"2017-06-06T07:22:27+00:00\" \/>\n<meta property=\"og:image\" content=\"https:\/\/www.porta-mallorquina.es\/blog\/mallorca\/team-andratx2-e1496733062902.jpg\" \/>\n<meta name=\"author\" content=\"Porta Mallorquina\" \/>\n<meta name=\"twitter:card\" content=\"summary_large_image\" \/>\n<meta name=\"twitter:label1\" content=\"Written by\" \/>\n\t<meta name=\"twitter:data1\" content=\"Porta Mallorquina\" \/>\n\t<meta name=\"twitter:label2\" content=\"Est. reading time\" \/>\n\t<meta name=\"twitter:data2\" content=\"2 minutes\" \/>\n<script type=\"application\/ld+json\" class=\"yoast-schema-graph\">{\"@context\":\"https:\/\/schema.org\",\"@graph\":[{\"@type\":\"Article\",\"@id\":\"https:\/\/www.porta-mallorquina.es\/blog\/apertura-exitosa-en-puerto-de-andratx\/#article\",\"isPartOf\":{\"@id\":\"https:\/\/www.porta-mallorquina.es\/blog\/apertura-exitosa-en-puerto-de-andratx\/\"},\"author\":{\"name\":\"Porta Mallorquina\",\"@id\":\"https:\/\/www.porta-mallorquina.es\/blog\/#\/schema\/person\/00d40468a84878931da4d5e16749c9f0\"},\"headline\":\"Apertura exitosa en Puerto de Andratx\",\"datePublished\":\"2017-06-06T07:22:27+00:00\",\"mainEntityOfPage\":{\"@id\":\"https:\/\/www.porta-mallorquina.es\/blog\/apertura-exitosa-en-puerto-de-andratx\/\"},\"wordCount\":373,\"commentCount\":0,\"publisher\":{\"@id\":\"https:\/\/www.porta-mallorquina.es\/blog\/#organization\"},\"image\":{\"@id\":\"https:\/\/www.porta-mallorquina.es\/blog\/apertura-exitosa-en-puerto-de-andratx\/#primaryimage\"},\"thumbnailUrl\":\"https:\/\/www.porta-mallorquina.es\/blog\/mallorca\/team-andratx2-e1496733062902.jpg\",\"articleSection\":[\"Franquicia\"],\"inLanguage\":\"en-US\",\"potentialAction\":[{\"@type\":\"CommentAction\",\"name\":\"Comment\",\"target\":[\"https:\/\/www.porta-mallorquina.es\/blog\/apertura-exitosa-en-puerto-de-andratx\/#respond\"]}]},{\"@type\":\"WebPage\",\"@id\":\"https:\/\/www.porta-mallorquina.es\/blog\/apertura-exitosa-en-puerto-de-andratx\/\",\"url\":\"https:\/\/www.porta-mallorquina.es\/blog\/apertura-exitosa-en-puerto-de-andratx\/\",\"name\":\"Apertura exitosa en Puerto de Andratx - Porta Mallorquina Blog\",\"isPartOf\":{\"@id\":\"https:\/\/www.porta-mallorquina.es\/blog\/#website\"},\"primaryImageOfPage\":{\"@id\":\"https:\/\/www.porta-mallorquina.es\/blog\/apertura-exitosa-en-puerto-de-andratx\/#primaryimage\"},\"image\":{\"@id\":\"https:\/\/www.porta-mallorquina.es\/blog\/apertura-exitosa-en-puerto-de-andratx\/#primaryimage\"},\"thumbnailUrl\":\"https:\/\/www.porta-mallorquina.es\/blog\/mallorca\/team-andratx2-e1496733062902.jpg\",\"datePublished\":\"2017-06-06T07:22:27+00:00\",\"breadcrumb\":{\"@id\":\"https:\/\/www.porta-mallorquina.es\/blog\/apertura-exitosa-en-puerto-de-andratx\/#breadcrumb\"},\"inLanguage\":\"en-US\",\"potentialAction\":[{\"@type\":\"ReadAction\",\"target\":[\"https:\/\/www.porta-mallorquina.es\/blog\/apertura-exitosa-en-puerto-de-andratx\/\"]}]},{\"@type\":\"ImageObject\",\"inLanguage\":\"en-US\",\"@id\":\"https:\/\/www.porta-mallorquina.es\/blog\/apertura-exitosa-en-puerto-de-andratx\/#primaryimage\",\"url\":\"https:\/\/www.porta-mallorquina.es\/blog\/mallorca\/team-andratx2-e1496733062902.jpg\",\"contentUrl\":\"https:\/\/www.porta-mallorquina.es\/blog\/mallorca\/team-andratx2-e1496733062902.jpg\"},{\"@type\":\"BreadcrumbList\",\"@id\":\"https:\/\/www.porta-mallorquina.es\/blog\/apertura-exitosa-en-puerto-de-andratx\/#breadcrumb\",\"itemListElement\":[{\"@type\":\"ListItem\",\"position\":1,\"name\":\"Portada\",\"item\":\"https:\/\/www.porta-mallorquina.es\/blog\/\"},{\"@type\":\"ListItem\",\"position\":2,\"name\":\"Apertura exitosa en Puerto de Andratx\"}]},{\"@type\":\"WebSite\",\"@id\":\"https:\/\/www.porta-mallorquina.es\/blog\/#website\",\"url\":\"https:\/\/www.porta-mallorquina.es\/blog\/\",\"name\":\"Porta Mallorquina Blog\",\"description\":\"m\u00e1s que inmuebles de Mallorca\",\"publisher\":{\"@id\":\"https:\/\/www.porta-mallorquina.es\/blog\/#organization\"},\"potentialAction\":[{\"@type\":\"SearchAction\",\"target\":{\"@type\":\"EntryPoint\",\"urlTemplate\":\"https:\/\/www.porta-mallorquina.es\/blog\/?s={search_term_string}\"},\"query-input\":{\"@type\":\"PropertyValueSpecification\",\"valueRequired\":true,\"valueName\":\"search_term_string\"}}],\"inLanguage\":\"en-US\"},{\"@type\":\"Organization\",\"@id\":\"https:\/\/www.porta-mallorquina.es\/blog\/#organization\",\"name\":\"Porta Mallorquina Blog\",\"url\":\"https:\/\/www.porta-mallorquina.es\/blog\/\",\"logo\":{\"@type\":\"ImageObject\",\"inLanguage\":\"en-US\",\"@id\":\"https:\/\/www.porta-mallorquina.es\/blog\/#\/schema\/logo\/image\/\",\"url\":\"https:\/\/www.porta-mallorquina.es\/blog\/mallorca\/porta-mallorquina-real-estate-mallorca-logo.png\",\"contentUrl\":\"https:\/\/www.porta-mallorquina.es\/blog\/mallorca\/porta-mallorquina-real-estate-mallorca-logo.png\",\"width\":570,\"height\":400,\"caption\":\"Porta Mallorquina Blog\"},\"image\":{\"@id\":\"https:\/\/www.porta-mallorquina.es\/blog\/#\/schema\/logo\/image\/\"}},{\"@type\":\"Person\",\"@id\":\"https:\/\/www.porta-mallorquina.es\/blog\/#\/schema\/person\/00d40468a84878931da4d5e16749c9f0\",\"name\":\"Porta Mallorquina\",\"sameAs\":[\"https:\/\/www.porta-mallorquina.es\"],\"url\":\"https:\/\/www.porta-mallorquina.es\/blog\/author\/petraz\/\"}]}<\/script>\n<!-- \/ Yoast SEO plugin. -->","yoast_head_json":{"title":"Apertura exitosa en Puerto de Andratx - Porta Mallorquina Blog","robots":{"index":"index","follow":"follow","max-snippet":"max-snippet:-1","max-image-preview":"max-image-preview:large","max-video-preview":"max-video-preview:-1"},"canonical":"https:\/\/www.porta-mallorquina.es\/blog\/apertura-exitosa-en-puerto-de-andratx\/","og_locale":"en_US","og_type":"article","og_title":"Apertura exitosa en Puerto de Andratx - Porta Mallorquina Blog","og_description":"El viernes, 26 de mayo lleg\u00f3 el momento: el nuevo equipo de Porta Mallorquina en Puerto de Andratx oficialmente present\u00f3 su nueva oficina en la calle Isaac Peral, 28 e invit\u00f3 a clientes, amigos y vecinos a tomar una copa de cava, vino mallorqu\u00edn y tapas as\u00ed como otras especialidades t\u00edpicas de la isla.","og_url":"https:\/\/www.porta-mallorquina.es\/blog\/apertura-exitosa-en-puerto-de-andratx\/","og_site_name":"Porta Mallorquina Blog","article_published_time":"2017-06-06T07:22:27+00:00","og_image":[{"url":"https:\/\/www.porta-mallorquina.es\/blog\/mallorca\/team-andratx2-e1496733062902.jpg","type":"","width":"","height":""}],"author":"Porta Mallorquina","twitter_card":"summary_large_image","twitter_misc":{"Written by":"Porta Mallorquina","Est. reading time":"2 minutes"},"schema":{"@context":"https:\/\/schema.org","@graph":[{"@type":"Article","@id":"https:\/\/www.porta-mallorquina.es\/blog\/apertura-exitosa-en-puerto-de-andratx\/#article","isPartOf":{"@id":"https:\/\/www.porta-mallorquina.es\/blog\/apertura-exitosa-en-puerto-de-andratx\/"},"author":{"name":"Porta Mallorquina","@id":"https:\/\/www.porta-mallorquina.es\/blog\/#\/schema\/person\/00d40468a84878931da4d5e16749c9f0"},"headline":"Apertura exitosa en Puerto de Andratx","datePublished":"2017-06-06T07:22:27+00:00","mainEntityOfPage":{"@id":"https:\/\/www.porta-mallorquina.es\/blog\/apertura-exitosa-en-puerto-de-andratx\/"},"wordCount":373,"commentCount":0,"publisher":{"@id":"https:\/\/www.porta-mallorquina.es\/blog\/#organization"},"image":{"@id":"https:\/\/www.porta-mallorquina.es\/blog\/apertura-exitosa-en-puerto-de-andratx\/#primaryimage"},"thumbnailUrl":"https:\/\/www.porta-mallorquina.es\/blog\/mallorca\/team-andratx2-e1496733062902.jpg","articleSection":["Franquicia"],"inLanguage":"en-US","potentialAction":[{"@type":"CommentAction","name":"Comment","target":["https:\/\/www.porta-mallorquina.es\/blog\/apertura-exitosa-en-puerto-de-andratx\/#respond"]}]},{"@type":"WebPage","@id":"https:\/\/www.porta-mallorquina.es\/blog\/apertura-exitosa-en-puerto-de-andratx\/","url":"https:\/\/www.porta-mallorquina.es\/blog\/apertura-exitosa-en-puerto-de-andratx\/","name":"Apertura exitosa en Puerto de Andratx - Porta Mallorquina Blog","isPartOf":{"@id":"https:\/\/www.porta-mallorquina.es\/blog\/#website"},"primaryImageOfPage":{"@id":"https:\/\/www.porta-mallorquina.es\/blog\/apertura-exitosa-en-puerto-de-andratx\/#primaryimage"},"image":{"@id":"https:\/\/www.porta-mallorquina.es\/blog\/apertura-exitosa-en-puerto-de-andratx\/#primaryimage"},"thumbnailUrl":"https:\/\/www.porta-mallorquina.es\/blog\/mallorca\/team-andratx2-e1496733062902.jpg","datePublished":"2017-06-06T07:22:27+00:00","breadcrumb":{"@id":"https:\/\/www.porta-mallorquina.es\/blog\/apertura-exitosa-en-puerto-de-andratx\/#breadcrumb"},"inLanguage":"en-US","potentialAction":[{"@type":"ReadAction","target":["https:\/\/www.porta-mallorquina.es\/blog\/apertura-exitosa-en-puerto-de-andratx\/"]}]},{"@type":"ImageObject","inLanguage":"en-US","@id":"https:\/\/www.porta-mallorquina.es\/blog\/apertura-exitosa-en-puerto-de-andratx\/#primaryimage","url":"https:\/\/www.porta-mallorquina.es\/blog\/mallorca\/team-andratx2-e1496733062902.jpg","contentUrl":"https:\/\/www.porta-mallorquina.es\/blog\/mallorca\/team-andratx2-e1496733062902.jpg"},{"@type":"BreadcrumbList","@id":"https:\/\/www.porta-mallorquina.es\/blog\/apertura-exitosa-en-puerto-de-andratx\/#breadcrumb","itemListElement":[{"@type":"ListItem","position":1,"name":"Portada","item":"https:\/\/www.porta-mallorquina.es\/blog\/"},{"@type":"ListItem","position":2,"name":"Apertura exitosa en Puerto de Andratx"}]},{"@type":"WebSite","@id":"https:\/\/www.porta-mallorquina.es\/blog\/#website","url":"https:\/\/www.porta-mallorquina.es\/blog\/","name":"Porta Mallorquina Blog","description":"m\u00e1s que inmuebles de Mallorca","publisher":{"@id":"https:\/\/www.porta-mallorquina.es\/blog\/#organization"},"potentialAction":[{"@type":"SearchAction","target":{"@type":"EntryPoint","urlTemplate":"https:\/\/www.porta-mallorquina.es\/blog\/?s={search_term_string}"},"query-input":{"@type":"PropertyValueSpecification","valueRequired":true,"valueName":"search_term_string"}}],"inLanguage":"en-US"},{"@type":"Organization","@id":"https:\/\/www.porta-mallorquina.es\/blog\/#organization","name":"Porta Mallorquina Blog","url":"https:\/\/www.porta-mallorquina.es\/blog\/","logo":{"@type":"ImageObject","inLanguage":"en-US","@id":"https:\/\/www.porta-mallorquina.es\/blog\/#\/schema\/logo\/image\/","url":"https:\/\/www.porta-mallorquina.es\/blog\/mallorca\/porta-mallorquina-real-estate-mallorca-logo.png","contentUrl":"https:\/\/www.porta-mallorquina.es\/blog\/mallorca\/porta-mallorquina-real-estate-mallorca-logo.png","width":570,"height":400,"caption":"Porta Mallorquina Blog"},"image":{"@id":"https:\/\/www.porta-mallorquina.es\/blog\/#\/schema\/logo\/image\/"}},{"@type":"Person","@id":"https:\/\/www.porta-mallorquina.es\/blog\/#\/schema\/person\/00d40468a84878931da4d5e16749c9f0","name":"Porta Mallorquina","sameAs":["https:\/\/www.porta-mallorquina.es"],"url":"https:\/\/www.porta-mallorquina.es\/blog\/author\/petraz\/"}]}},"_links":{"self":[{"href":"https:\/\/www.porta-mallorquina.es\/blog\/wp-json\/wp\/v2\/posts\/1651","targetHints":{"allow":["GET"]}}],"collection":[{"href":"https:\/\/www.porta-mallorquina.es\/blog\/wp-json\/wp\/v2\/posts"}],"about":[{"href":"https:\/\/www.porta-mallorquina.es\/blog\/wp-json\/wp\/v2\/types\/post"}],"author":[{"embeddable":true,"href":"https:\/\/www.porta-mallorquina.es\/blog\/wp-json\/wp\/v2\/users\/2"}],"replies":[{"embeddable":true,"href":"https:\/\/www.porta-mallorquina.es\/blog\/wp-json\/wp\/v2\/comments?post=1651"}],"version-history":[{"count":3,"href":"https:\/\/www.porta-mallorquina.es\/blog\/wp-json\/wp\/v2\/posts\/1651\/revisions"}],"predecessor-version":[{"id":1656,"href":"https:\/\/www.porta-mallorquina.es\/blog\/wp-json\/wp\/v2\/posts\/1651\/revisions\/1656"}],"wp:attachment":[{"href":"https:\/\/www.porta-mallorquina.es\/blog\/wp-json\/wp\/v2\/media?parent=1651"}],"wp:term":[{"taxonomy":"category","embeddable":true,"href":"https:\/\/www.porta-mallorquina.es\/blog\/wp-json\/wp\/v2\/categories?post=1651"},{"taxonomy":"post_tag","embeddable":true,"href":"https:\/\/www.porta-mallorquina.es\/blog\/wp-json\/wp\/v2\/tags?post=1651"}],"curies":[{"name":"wp","href":"https:\/\/api.w.org\/{rel}","templated":true}]}}