{"id":1657,"date":"2017-10-20T20:22:24","date_gmt":"2017-10-20T18:22:24","guid":{"rendered":"http:\/\/www.porta-mallorquina.es\/blog\/?p=1657"},"modified":"2018-11-09T10:56:55","modified_gmt":"2018-11-09T08:56:55","slug":"mudarse-a-mallorca-como-obtener-la-residencia","status":"publish","type":"post","link":"https:\/\/www.porta-mallorquina.es\/blog\/mudarse-a-mallorca-como-obtener-la-residencia\/","title":{"rendered":"Mudarse a Mallorca &#8211; C\u00f3mo obtener la Residencia"},"content":{"rendered":"<p><i>Los que desean vivir y trabajar aqu\u00ed,<\/i> <i>tendr\u00e1n que pasar inevitablemente por algunos tr\u00e1mites burocr\u00e1ticos. Le mostramos los pasos a seguir.<\/i><\/p>\n<p>Un sue\u00f1o hecho realidad: Usted ha decidido disfrutar de la isla durante todo el a\u00f1o y hacerla su lugar de residencia. Se habla de <strong>\u201clugar de residencia\u201d<\/strong> cuando se queda m\u00e1s de 183 d\u00edas en la isla. El gran paso de establecer toda su vida bajo el sol de Mallorca &#8211; y quiz\u00e1s tambi\u00e9n la vida de su familia &#8211; debe ser bien pensado y cuidadosamente planificado.<\/p>\n<div id=\"attachment_1658\" class=\"wp-caption aligncenter\" style=\"width: 600px\"><a href=\"https:\/\/www.porta-mallorquina.es\/blog\/mallorca\/10380434_10152153339826376_2087439765285448849_o-768x576.jpg\"><img loading=\"lazy\" decoding=\"async\" class=\"Como hacerse residente... wp-image-1658\" title=\"Como hacerse residente...\" src=\"https:\/\/www.porta-mallorquina.es\/blog\/mallorca\/10380434_10152153339826376_2087439765285448849_o-768x576.jpg\" alt=\"Como hacerse residente...\" width=\"600\" height=\"450\" srcset=\"https:\/\/www.porta-mallorquina.es\/blog\/mallorca\/10380434_10152153339826376_2087439765285448849_o-768x576.jpg 768w, https:\/\/www.porta-mallorquina.es\/blog\/mallorca\/10380434_10152153339826376_2087439765285448849_o-768x576-300x225.jpg 300w\" sizes=\"auto, (max-width: 600px) 100vw, 600px\" \/><\/a><p class=\"wp-caption-text\">Como hacerse residente&#8230;<\/p><\/div>\n<h2><b><i>\u00bfQu\u00e9 debo hacer?<\/i><\/b><\/h2>\n<p>El primer paso es avisar del <strong>cambio de residencia<\/strong> en Alemania, si aplica. Pero \u00e9sto s\u00f3lo debe hacerse si desea mudarse de forma permanente a Espa\u00f1a. Desde 2015, existe en Alemania la obligaci\u00f3n legal de avisar el cambio de residencia cuando usted abandona su vivienda en ese pa\u00eds y no tiene otras propiedades all\u00ed. Sin embargo, para el registro en Espa\u00f1a no es importante si ha dado aviso en Alemania o no.<\/p>\n<h2><b><i>&#8220;Empadronamiento&#8221; con beneficios<\/i><\/b><\/h2>\n<p>El segundo paso es el <strong>registro en Espa\u00f1a<\/strong>, el llamado &#8220;empadronamiento&#8221; en el Ayuntamiento de su nuevo municipio en Mallorca. Para ello, necesita su pasaporte o documento de identidad y el comprobante de una vivienda (contrato de alquiler o t\u00edtulo de propiedad). El registro en la municipalidad no significa que usted autom\u00e1ticamente tiene que pagar impuestos aqu\u00ed y tampoco significa que usted autom\u00e1ticamente tiene su <strong>domicilio legal y residencia en la isla<\/strong>. Usted tambi\u00e9n puede registrarse en la municipalidad si s\u00f3lo estar\u00e1 de vez en cuando, siempre que tenga aqu\u00ed una residencia. En cualquier caso, el registro tiene sus ventajas: Muchos municipios ofrecen descuentos y cursos de idiomas para los residentes, tambi\u00e9n hay descuentos en billetes al continente para los residentes de la isla (aunque para esto se necesita el n\u00famero de identificaci\u00f3n NIE). Incluso tiene cierto derecho de participaci\u00f3n en las elecciones locales &#8211; S\u00ed, hasta puede tambi\u00e9n presentarse como candidato para ser miembro del Concejo Municipal. Adem\u00e1s, usted tiene derecho a los servicios sociales.<\/p>\n<h2><b><i>El NIE es fundamental<\/i><\/b><\/h2>\n<p>Ahora viene lo m\u00e1s importante: el NIE <i>(N\u00famero de Identificaci\u00f3n de Extranjeros). <\/i>Aqu\u00ed nada funciona sin el NIE: Usted necesita este n\u00famero de identificaci\u00f3n para <strong>abrir una cuenta bancaria<\/strong>, solicitar una <strong>l\u00ednea de tel\u00e9fono<\/strong> o firmar un <strong>contrato de telefon\u00eda m\u00f3vil<\/strong>; para comprar una propiedad, para firmar un <strong>contrato de arrendamiento<\/strong> o un <strong>contrato de trabajo<\/strong>. No obstante, tener el NIE no significa autom\u00e1ticamente que usted debe pagar impuestos. Pero si usted quiere vivir y trabajar aqu\u00ed, la visita a la Oficina de Extranjer\u00eda es ineludible, con su documento de identidad o pasaporte (original y copias) y el formulario EX 15 completado. Este formulario se encuentra en la recepci\u00f3n de la Oficina de Extranjer\u00eda, o tambi\u00e9n puede descargarlo previamente y completarlo antes de dirigirse a la oficina: <a href=\"http:\/\/extranjeros.empleo.gob.es\/es\/ModelosSolicitudes\/Mod_solicitudes2\/15-Formulario_NIE_y_certificados.pdf\">http:\/\/extranjeros.empleo.gob.es\/es\/ModelosSolicitudes\/Mod_solicitudes2\/15-Formulario_NIE_y_certificados.pdf<\/a><br \/>\n<b><i>La cita debe solicitarse en l\u00ednea<\/i><\/b><\/p>\n<p>Es muy importante concertar con antelaci\u00f3n una cita para la aplicaci\u00f3n al NIE: <a href=\"https:\/\/sede.administracionespublicas.gob.es\/icpplus\/index.html\">https:\/\/sede.administracionespublicas.gob.es\/icpplus\/citar<\/a> <i>.<\/i> Esto se hace s\u00f3lo en l\u00ednea y no es nada f\u00e1cil. Aqu\u00ed hay un valioso enlace que le ayudar\u00e1 a maniobrar a trav\u00e9s de la p\u00e1gina web y solicitar una cita: <a href=\"http:\/\/www.mallorcazeitung.es\/behoerden\/2016\/07\/30\/schritte-cita-previa-nie-anleitung\/44846.html\">http:\/\/www.mallorcazeitung.es\/behoerden\/2016\/07\/30\/schritte-cita-previa-nie-anleitung\/44846 .html<\/a><\/p>\n<h2><b><i>En la Oficina<\/i><\/b><\/h2>\n<p>La direcci\u00f3n de la Oficina de Extranjer\u00eda en Palma es: Carrer Felici\u00e1 Fuster 7 y el horario es de lunes a jueves de 9:00 &#8211; 17:00 y viernes de 9:00 a 14:30. El registro debe realizarse dentro de los tres meses despu\u00e9s de su llegada. La &#8220;Residencia&#8221; es un documento sin foto que junto con su documento personal ser\u00e1 su &#8220;Identificaci\u00f3n espa\u00f1ola&#8221;, por as\u00ed decirlo.<\/p>\n<h2><b><i>Para tener en cuenta<\/i><\/b><\/h2>\n<p>Un procedimiento laborioso, pero necesario: en Mallorca nada funciona sin burocracia. Si desea firmar un contrato de trabajo, tambi\u00e9n debe solicitar un N\u00famero de Seguridad Social. El Seguro Social es una obligaci\u00f3n y al mismo tiempo un seguro m\u00e9dico y de pensiones, para aquellos que trabajan y pagan impuestos en Espa\u00f1a. Hasta qu\u00e9 punto se queda usted con su seguro m\u00e9dico alem\u00e1n, es mejor decidirlo con ellos mismos preguntando directamente en qu\u00e9 medida ofrecen servicios en la isla. Otra ventaja, en principio, es la nueva Tarjeta Sanitaria Europea TSE.<\/p>\n<p>Si usted tiene ni\u00f1os en edad escolar, el traslado a Mallorca debe ser meditado con especial cuidado. Encontrar\u00e1 informaci\u00f3n valiosa sobre las escuelas en nuestro blog: https:\/\/www.porta-mallorquina.es\/blog\/colegios-internacionales-mallorca\/<\/p>\n<p><a href=\"https:\/\/www.porta-mallorquina.es\/blog\/mallorca\/mallorca-balears-international-college1.jpg\"><img loading=\"lazy\" decoding=\"async\" class=\"aligncenter size-full wp-image-1660\" src=\"https:\/\/www.porta-mallorquina.es\/blog\/mallorca\/mallorca-balears-international-college1.jpg\" alt=\"mallorca-balears-international-college\" width=\"600\" height=\"450\" srcset=\"https:\/\/www.porta-mallorquina.es\/blog\/mallorca\/mallorca-balears-international-college1.jpg 600w, https:\/\/www.porta-mallorquina.es\/blog\/mallorca\/mallorca-balears-international-college1-300x225.jpg 300w\" sizes=\"auto, (max-width: 600px) 100vw, 600px\" \/><\/a><\/p>\n<h2><b><i>Ayuda de expertos<\/i><\/b><\/h2>\n<p>Nunca est\u00e1 de m\u00e1s buscar ayuda legal para una decisi\u00f3n tan crucial y compleja, muy especialmente si usted compra una propiedad en Mallorca y tiene la intenci\u00f3n de trabajar y pagar sus impuestos aqu\u00ed. Muchos <strong>abogados y bufetes<\/strong> se han especializado en los intereses de los residentes extranjeros, as\u00ed como las oficinas llamadas <strong>&#8220;gestor\u00edas&#8221;<\/strong>. Si lo desea, <i>Porta Mallorquina<\/i> puede recomendarle empresas y expertos competentes con los que mantenemos una colaboraci\u00f3n desde hace varios a\u00f1os y que ofrecen una asesor\u00eda profesional y multiling\u00fce a individuos, empresas, residentes y no residentes en todas las \u00e1reas, por ejemplo: Derecho Laboral espa\u00f1ol, impuestos, temas financieros y otros asuntos burocr\u00e1ticos de importancia. Usted estar\u00e1 bien asesorado legalmente o en temas de impuestos\/finanzas y ya no tendr\u00e1 que hacerse cargo de todo, ahorr\u00e1ndose tr\u00e1mites in\u00fatiles y malentendidos ling\u00fc\u00edsticos.<\/p>\n<h2><b><i>\u00a1Le deseamos mucho \u00e9xito!<\/i><\/b><\/h2>\n<p>Informaci\u00f3n extensa, importante y valiosa sobre vivir y trabajar en Espa\u00f1a se puede encontrar en la p\u00e1gina web del <b>consulado alem\u00e1n de Palma:<\/b> <a href=\"http:\/\/www.spanien.diplo.de\/Vertretung\/spanien\/de\/07-willkommen-in-spanien\/0-willkommen.html\">www.spanien.diplo.de\/Vertretung\/spanien\/de\/07-willkommen-in-spanien\/0-willkommen. html<\/a><br \/>\n\u00a1De parte del equipo de Porta Mallorquina le deseamos un buen comienzo en la isla, mucho \u00e9xito y una vida plena en la isla de sus sue\u00f1os!<\/p>\n","protected":false},"excerpt":{"rendered":"<p>Un sue\u00f1o hecho realidad: Usted ha decidido disfrutar de la isla durante todo el a\u00f1o y hacerla su lugar de residencia. Se habla de \u201clugar de residencia\u201d cuando se queda m\u00e1s de 183 d\u00edas en la isla. El gran paso de establecer toda su vida bajo el sol de Mallorca &#8211; y quiz\u00e1s tambi\u00e9n la vida de su familia &#8211; debe ser bien pensado y cuidadosamente planificado.<\/p>\n","protected":false},"author":2,"featured_media":0,"comment_status":"open","ping_status":"open","sticky":false,"template":"","format":"standard","meta":{"footnotes":""},"categories":[6],"tags":[],"class_list":["post-1657","post","type-post","status-publish","format-standard","hentry","category-mallorca"],"yoast_head":"<!-- This site is optimized with the Yoast SEO plugin v27.2 - https:\/\/yoast.com\/product\/yoast-seo-wordpress\/ -->\n<title>Mudarse a Mallorca - C\u00f3mo obtener la Residencia - Porta Mallorquina Blog<\/title>\n<meta name=\"robots\" content=\"index, follow, max-snippet:-1, max-image-preview:large, max-video-preview:-1\" \/>\n<link rel=\"canonical\" href=\"https:\/\/www.porta-mallorquina.es\/blog\/mudarse-a-mallorca-como-obtener-la-residencia\/\" \/>\n<meta property=\"og:locale\" content=\"en_US\" \/>\n<meta property=\"og:type\" content=\"article\" \/>\n<meta property=\"og:title\" content=\"Mudarse a Mallorca - C\u00f3mo obtener la Residencia - Porta Mallorquina Blog\" \/>\n<meta property=\"og:description\" content=\"Un sue\u00f1o hecho realidad: Usted ha decidido disfrutar de la isla durante todo el a\u00f1o y hacerla su lugar de residencia. Se habla de \u201clugar de residencia\u201d cuando se queda m\u00e1s de 183 d\u00edas en la isla. El gran paso de establecer toda su vida bajo el sol de Mallorca - y quiz\u00e1s tambi\u00e9n la vida de su familia - debe ser bien pensado y cuidadosamente planificado.\" \/>\n<meta property=\"og:url\" content=\"https:\/\/www.porta-mallorquina.es\/blog\/mudarse-a-mallorca-como-obtener-la-residencia\/\" \/>\n<meta property=\"og:site_name\" content=\"Porta Mallorquina Blog\" \/>\n<meta property=\"article:published_time\" content=\"2017-10-20T18:22:24+00:00\" \/>\n<meta property=\"article:modified_time\" content=\"2018-11-09T08:56:55+00:00\" \/>\n<meta property=\"og:image\" content=\"https:\/\/www.porta-mallorquina.es\/blog\/mallorca\/10380434_10152153339826376_2087439765285448849_o-768x576.jpg\" \/>\n<meta name=\"author\" content=\"Porta Mallorquina\" \/>\n<meta name=\"twitter:card\" content=\"summary_large_image\" \/>\n<meta name=\"twitter:label1\" content=\"Written by\" \/>\n\t<meta name=\"twitter:data1\" content=\"Porta Mallorquina\" \/>\n\t<meta name=\"twitter:label2\" content=\"Est. reading time\" \/>\n\t<meta name=\"twitter:data2\" content=\"5 minutes\" \/>\n<script type=\"application\/ld+json\" class=\"yoast-schema-graph\">{\"@context\":\"https:\/\/schema.org\",\"@graph\":[{\"@type\":\"Article\",\"@id\":\"https:\/\/www.porta-mallorquina.es\/blog\/mudarse-a-mallorca-como-obtener-la-residencia\/#article\",\"isPartOf\":{\"@id\":\"https:\/\/www.porta-mallorquina.es\/blog\/mudarse-a-mallorca-como-obtener-la-residencia\/\"},\"author\":{\"name\":\"Porta Mallorquina\",\"@id\":\"https:\/\/www.porta-mallorquina.es\/blog\/#\/schema\/person\/00d40468a84878931da4d5e16749c9f0\"},\"headline\":\"Mudarse a Mallorca &#8211; C\u00f3mo obtener la Residencia\",\"datePublished\":\"2017-10-20T18:22:24+00:00\",\"dateModified\":\"2018-11-09T08:56:55+00:00\",\"mainEntityOfPage\":{\"@id\":\"https:\/\/www.porta-mallorquina.es\/blog\/mudarse-a-mallorca-como-obtener-la-residencia\/\"},\"wordCount\":1027,\"commentCount\":0,\"publisher\":{\"@id\":\"https:\/\/www.porta-mallorquina.es\/blog\/#organization\"},\"image\":{\"@id\":\"https:\/\/www.porta-mallorquina.es\/blog\/mudarse-a-mallorca-como-obtener-la-residencia\/#primaryimage\"},\"thumbnailUrl\":\"https:\/\/www.porta-mallorquina.es\/blog\/mallorca\/10380434_10152153339826376_2087439765285448849_o-768x576.jpg\",\"articleSection\":[\"Mallorca\"],\"inLanguage\":\"en-US\",\"potentialAction\":[{\"@type\":\"CommentAction\",\"name\":\"Comment\",\"target\":[\"https:\/\/www.porta-mallorquina.es\/blog\/mudarse-a-mallorca-como-obtener-la-residencia\/#respond\"]}]},{\"@type\":\"WebPage\",\"@id\":\"https:\/\/www.porta-mallorquina.es\/blog\/mudarse-a-mallorca-como-obtener-la-residencia\/\",\"url\":\"https:\/\/www.porta-mallorquina.es\/blog\/mudarse-a-mallorca-como-obtener-la-residencia\/\",\"name\":\"Mudarse a Mallorca - C\u00f3mo obtener la Residencia - Porta Mallorquina Blog\",\"isPartOf\":{\"@id\":\"https:\/\/www.porta-mallorquina.es\/blog\/#website\"},\"primaryImageOfPage\":{\"@id\":\"https:\/\/www.porta-mallorquina.es\/blog\/mudarse-a-mallorca-como-obtener-la-residencia\/#primaryimage\"},\"image\":{\"@id\":\"https:\/\/www.porta-mallorquina.es\/blog\/mudarse-a-mallorca-como-obtener-la-residencia\/#primaryimage\"},\"thumbnailUrl\":\"https:\/\/www.porta-mallorquina.es\/blog\/mallorca\/10380434_10152153339826376_2087439765285448849_o-768x576.jpg\",\"datePublished\":\"2017-10-20T18:22:24+00:00\",\"dateModified\":\"2018-11-09T08:56:55+00:00\",\"breadcrumb\":{\"@id\":\"https:\/\/www.porta-mallorquina.es\/blog\/mudarse-a-mallorca-como-obtener-la-residencia\/#breadcrumb\"},\"inLanguage\":\"en-US\",\"potentialAction\":[{\"@type\":\"ReadAction\",\"target\":[\"https:\/\/www.porta-mallorquina.es\/blog\/mudarse-a-mallorca-como-obtener-la-residencia\/\"]}]},{\"@type\":\"ImageObject\",\"inLanguage\":\"en-US\",\"@id\":\"https:\/\/www.porta-mallorquina.es\/blog\/mudarse-a-mallorca-como-obtener-la-residencia\/#primaryimage\",\"url\":\"https:\/\/www.porta-mallorquina.es\/blog\/mallorca\/10380434_10152153339826376_2087439765285448849_o-768x576.jpg\",\"contentUrl\":\"https:\/\/www.porta-mallorquina.es\/blog\/mallorca\/10380434_10152153339826376_2087439765285448849_o-768x576.jpg\"},{\"@type\":\"BreadcrumbList\",\"@id\":\"https:\/\/www.porta-mallorquina.es\/blog\/mudarse-a-mallorca-como-obtener-la-residencia\/#breadcrumb\",\"itemListElement\":[{\"@type\":\"ListItem\",\"position\":1,\"name\":\"Portada\",\"item\":\"https:\/\/www.porta-mallorquina.es\/blog\/\"},{\"@type\":\"ListItem\",\"position\":2,\"name\":\"Mudarse a Mallorca &#8211; C\u00f3mo obtener la Residencia\"}]},{\"@type\":\"WebSite\",\"@id\":\"https:\/\/www.porta-mallorquina.es\/blog\/#website\",\"url\":\"https:\/\/www.porta-mallorquina.es\/blog\/\",\"name\":\"Porta Mallorquina Blog\",\"description\":\"m\u00e1s que inmuebles de Mallorca\",\"publisher\":{\"@id\":\"https:\/\/www.porta-mallorquina.es\/blog\/#organization\"},\"potentialAction\":[{\"@type\":\"SearchAction\",\"target\":{\"@type\":\"EntryPoint\",\"urlTemplate\":\"https:\/\/www.porta-mallorquina.es\/blog\/?s={search_term_string}\"},\"query-input\":{\"@type\":\"PropertyValueSpecification\",\"valueRequired\":true,\"valueName\":\"search_term_string\"}}],\"inLanguage\":\"en-US\"},{\"@type\":\"Organization\",\"@id\":\"https:\/\/www.porta-mallorquina.es\/blog\/#organization\",\"name\":\"Porta Mallorquina Blog\",\"url\":\"https:\/\/www.porta-mallorquina.es\/blog\/\",\"logo\":{\"@type\":\"ImageObject\",\"inLanguage\":\"en-US\",\"@id\":\"https:\/\/www.porta-mallorquina.es\/blog\/#\/schema\/logo\/image\/\",\"url\":\"https:\/\/www.porta-mallorquina.es\/blog\/mallorca\/porta-mallorquina-real-estate-mallorca-logo.png\",\"contentUrl\":\"https:\/\/www.porta-mallorquina.es\/blog\/mallorca\/porta-mallorquina-real-estate-mallorca-logo.png\",\"width\":570,\"height\":400,\"caption\":\"Porta Mallorquina Blog\"},\"image\":{\"@id\":\"https:\/\/www.porta-mallorquina.es\/blog\/#\/schema\/logo\/image\/\"}},{\"@type\":\"Person\",\"@id\":\"https:\/\/www.porta-mallorquina.es\/blog\/#\/schema\/person\/00d40468a84878931da4d5e16749c9f0\",\"name\":\"Porta Mallorquina\",\"sameAs\":[\"https:\/\/www.porta-mallorquina.es\"],\"url\":\"https:\/\/www.porta-mallorquina.es\/blog\/author\/petraz\/\"}]}<\/script>\n<!-- \/ Yoast SEO plugin. -->","yoast_head_json":{"title":"Mudarse a Mallorca - C\u00f3mo obtener la Residencia - Porta Mallorquina Blog","robots":{"index":"index","follow":"follow","max-snippet":"max-snippet:-1","max-image-preview":"max-image-preview:large","max-video-preview":"max-video-preview:-1"},"canonical":"https:\/\/www.porta-mallorquina.es\/blog\/mudarse-a-mallorca-como-obtener-la-residencia\/","og_locale":"en_US","og_type":"article","og_title":"Mudarse a Mallorca - C\u00f3mo obtener la Residencia - Porta Mallorquina Blog","og_description":"Un sue\u00f1o hecho realidad: Usted ha decidido disfrutar de la isla durante todo el a\u00f1o y hacerla su lugar de residencia. Se habla de \u201clugar de residencia\u201d cuando se queda m\u00e1s de 183 d\u00edas en la isla. El gran paso de establecer toda su vida bajo el sol de Mallorca - y quiz\u00e1s tambi\u00e9n la vida de su familia - debe ser bien pensado y cuidadosamente planificado.","og_url":"https:\/\/www.porta-mallorquina.es\/blog\/mudarse-a-mallorca-como-obtener-la-residencia\/","og_site_name":"Porta Mallorquina Blog","article_published_time":"2017-10-20T18:22:24+00:00","article_modified_time":"2018-11-09T08:56:55+00:00","og_image":[{"url":"https:\/\/www.porta-mallorquina.es\/blog\/mallorca\/10380434_10152153339826376_2087439765285448849_o-768x576.jpg","type":"","width":"","height":""}],"author":"Porta Mallorquina","twitter_card":"summary_large_image","twitter_misc":{"Written by":"Porta Mallorquina","Est. reading time":"5 minutes"},"schema":{"@context":"https:\/\/schema.org","@graph":[{"@type":"Article","@id":"https:\/\/www.porta-mallorquina.es\/blog\/mudarse-a-mallorca-como-obtener-la-residencia\/#article","isPartOf":{"@id":"https:\/\/www.porta-mallorquina.es\/blog\/mudarse-a-mallorca-como-obtener-la-residencia\/"},"author":{"name":"Porta Mallorquina","@id":"https:\/\/www.porta-mallorquina.es\/blog\/#\/schema\/person\/00d40468a84878931da4d5e16749c9f0"},"headline":"Mudarse a Mallorca &#8211; C\u00f3mo obtener la Residencia","datePublished":"2017-10-20T18:22:24+00:00","dateModified":"2018-11-09T08:56:55+00:00","mainEntityOfPage":{"@id":"https:\/\/www.porta-mallorquina.es\/blog\/mudarse-a-mallorca-como-obtener-la-residencia\/"},"wordCount":1027,"commentCount":0,"publisher":{"@id":"https:\/\/www.porta-mallorquina.es\/blog\/#organization"},"image":{"@id":"https:\/\/www.porta-mallorquina.es\/blog\/mudarse-a-mallorca-como-obtener-la-residencia\/#primaryimage"},"thumbnailUrl":"https:\/\/www.porta-mallorquina.es\/blog\/mallorca\/10380434_10152153339826376_2087439765285448849_o-768x576.jpg","articleSection":["Mallorca"],"inLanguage":"en-US","potentialAction":[{"@type":"CommentAction","name":"Comment","target":["https:\/\/www.porta-mallorquina.es\/blog\/mudarse-a-mallorca-como-obtener-la-residencia\/#respond"]}]},{"@type":"WebPage","@id":"https:\/\/www.porta-mallorquina.es\/blog\/mudarse-a-mallorca-como-obtener-la-residencia\/","url":"https:\/\/www.porta-mallorquina.es\/blog\/mudarse-a-mallorca-como-obtener-la-residencia\/","name":"Mudarse a Mallorca - C\u00f3mo obtener la Residencia - Porta Mallorquina Blog","isPartOf":{"@id":"https:\/\/www.porta-mallorquina.es\/blog\/#website"},"primaryImageOfPage":{"@id":"https:\/\/www.porta-mallorquina.es\/blog\/mudarse-a-mallorca-como-obtener-la-residencia\/#primaryimage"},"image":{"@id":"https:\/\/www.porta-mallorquina.es\/blog\/mudarse-a-mallorca-como-obtener-la-residencia\/#primaryimage"},"thumbnailUrl":"https:\/\/www.porta-mallorquina.es\/blog\/mallorca\/10380434_10152153339826376_2087439765285448849_o-768x576.jpg","datePublished":"2017-10-20T18:22:24+00:00","dateModified":"2018-11-09T08:56:55+00:00","breadcrumb":{"@id":"https:\/\/www.porta-mallorquina.es\/blog\/mudarse-a-mallorca-como-obtener-la-residencia\/#breadcrumb"},"inLanguage":"en-US","potentialAction":[{"@type":"ReadAction","target":["https:\/\/www.porta-mallorquina.es\/blog\/mudarse-a-mallorca-como-obtener-la-residencia\/"]}]},{"@type":"ImageObject","inLanguage":"en-US","@id":"https:\/\/www.porta-mallorquina.es\/blog\/mudarse-a-mallorca-como-obtener-la-residencia\/#primaryimage","url":"https:\/\/www.porta-mallorquina.es\/blog\/mallorca\/10380434_10152153339826376_2087439765285448849_o-768x576.jpg","contentUrl":"https:\/\/www.porta-mallorquina.es\/blog\/mallorca\/10380434_10152153339826376_2087439765285448849_o-768x576.jpg"},{"@type":"BreadcrumbList","@id":"https:\/\/www.porta-mallorquina.es\/blog\/mudarse-a-mallorca-como-obtener-la-residencia\/#breadcrumb","itemListElement":[{"@type":"ListItem","position":1,"name":"Portada","item":"https:\/\/www.porta-mallorquina.es\/blog\/"},{"@type":"ListItem","position":2,"name":"Mudarse a Mallorca &#8211; C\u00f3mo obtener la Residencia"}]},{"@type":"WebSite","@id":"https:\/\/www.porta-mallorquina.es\/blog\/#website","url":"https:\/\/www.porta-mallorquina.es\/blog\/","name":"Porta Mallorquina Blog","description":"m\u00e1s que inmuebles de Mallorca","publisher":{"@id":"https:\/\/www.porta-mallorquina.es\/blog\/#organization"},"potentialAction":[{"@type":"SearchAction","target":{"@type":"EntryPoint","urlTemplate":"https:\/\/www.porta-mallorquina.es\/blog\/?s={search_term_string}"},"query-input":{"@type":"PropertyValueSpecification","valueRequired":true,"valueName":"search_term_string"}}],"inLanguage":"en-US"},{"@type":"Organization","@id":"https:\/\/www.porta-mallorquina.es\/blog\/#organization","name":"Porta Mallorquina Blog","url":"https:\/\/www.porta-mallorquina.es\/blog\/","logo":{"@type":"ImageObject","inLanguage":"en-US","@id":"https:\/\/www.porta-mallorquina.es\/blog\/#\/schema\/logo\/image\/","url":"https:\/\/www.porta-mallorquina.es\/blog\/mallorca\/porta-mallorquina-real-estate-mallorca-logo.png","contentUrl":"https:\/\/www.porta-mallorquina.es\/blog\/mallorca\/porta-mallorquina-real-estate-mallorca-logo.png","width":570,"height":400,"caption":"Porta Mallorquina Blog"},"image":{"@id":"https:\/\/www.porta-mallorquina.es\/blog\/#\/schema\/logo\/image\/"}},{"@type":"Person","@id":"https:\/\/www.porta-mallorquina.es\/blog\/#\/schema\/person\/00d40468a84878931da4d5e16749c9f0","name":"Porta Mallorquina","sameAs":["https:\/\/www.porta-mallorquina.es"],"url":"https:\/\/www.porta-mallorquina.es\/blog\/author\/petraz\/"}]}},"_links":{"self":[{"href":"https:\/\/www.porta-mallorquina.es\/blog\/wp-json\/wp\/v2\/posts\/1657","targetHints":{"allow":["GET"]}}],"collection":[{"href":"https:\/\/www.porta-mallorquina.es\/blog\/wp-json\/wp\/v2\/posts"}],"about":[{"href":"https:\/\/www.porta-mallorquina.es\/blog\/wp-json\/wp\/v2\/types\/post"}],"author":[{"embeddable":true,"href":"https:\/\/www.porta-mallorquina.es\/blog\/wp-json\/wp\/v2\/users\/2"}],"replies":[{"embeddable":true,"href":"https:\/\/www.porta-mallorquina.es\/blog\/wp-json\/wp\/v2\/comments?post=1657"}],"version-history":[{"count":4,"href":"https:\/\/www.porta-mallorquina.es\/blog\/wp-json\/wp\/v2\/posts\/1657\/revisions"}],"predecessor-version":[{"id":1867,"href":"https:\/\/www.porta-mallorquina.es\/blog\/wp-json\/wp\/v2\/posts\/1657\/revisions\/1867"}],"wp:attachment":[{"href":"https:\/\/www.porta-mallorquina.es\/blog\/wp-json\/wp\/v2\/media?parent=1657"}],"wp:term":[{"taxonomy":"category","embeddable":true,"href":"https:\/\/www.porta-mallorquina.es\/blog\/wp-json\/wp\/v2\/categories?post=1657"},{"taxonomy":"post_tag","embeddable":true,"href":"https:\/\/www.porta-mallorquina.es\/blog\/wp-json\/wp\/v2\/tags?post=1657"}],"curies":[{"name":"wp","href":"https:\/\/api.w.org\/{rel}","templated":true}]}}