{"id":1665,"date":"2017-12-21T14:33:26","date_gmt":"2017-12-21T12:33:26","guid":{"rendered":"http:\/\/www.porta-mallorquina.es\/blog\/?p=1665"},"modified":"2017-12-21T14:33:44","modified_gmt":"2017-12-21T12:33:44","slug":"record-en-ventas","status":"publish","type":"post","link":"https:\/\/www.porta-mallorquina.es\/blog\/record-en-ventas\/","title":{"rendered":"Con pasi\u00f3n se ha hecho un r\u00e9cord en ventas"},"content":{"rendered":"<p><i>En la reuni\u00f3n internacional del grupo empresarial en Porreres, Porta Mallorquina present\u00f3 un nuevo eslogan e impresionantes cifras de ventas<\/i>.<\/p>\n<div id=\"attachment_1663\" class=\"wp-caption aligncenter\" style=\"width: 600px\"><a href=\"https:\/\/www.porta-mallorquina.es\/blog\/mallorca\/1-e1513859494986.jpg\"><img loading=\"lazy\" decoding=\"async\" class=\"wp-image-1663 size-full\" title=\"Grupo de Porta Mondial en su reunion internacional de franquiciadores\" src=\"https:\/\/www.porta-mallorquina.es\/blog\/mallorca\/1-e1513859494986.jpg\" alt=\"Grupo de Porta Mondial en su reunion internacional de franquiciadores\" width=\"600\" height=\"400\" \/><\/a><p class=\"wp-caption-text\">Grupo de Porta Mondial en su reunion internacional de franquiciadores<\/p><\/div>\n<p>En noviembre, los franquiciados y los directores de Mallorca, Tenerife y Alemania se reunieron para la conferencia anual internacional del grupo de Porta Mondial. En el hotel \u201cSa Bassa Rotja\u201c, el CEO Joachim Semrau present\u00f3 a los alrededor de 40 participantes la nueva estructura corporativa del grupo. Bajo la nueva marca paraguas \u201cHomes &amp; Holidays AG\u201c, con sede en M\u00fanich, en el futuro se gestionar\u00e1n los campos de mediaci\u00f3n de propiedades y alquileres vacacionales conjuntamente. Adem\u00e1s, en <a class=\"linkified\" href=\"http:\/\/www.homes-holiday.com\" target=\"_blank\">www.homes-holiday.com<\/a> estar\u00e1 toda la oferta de franquicia del grupo.<\/p>\n<p>En la reuni\u00f3n, el principal socio mallorqu\u00edn, Porta Mallorquina, se luci\u00f3 con n\u00fameros r\u00e9cord. Tan s\u00f3lo en el mes de octubre, se mediaron propiedades valoradas en m\u00e1s de 16 millones de euros y de ello la agencia inmobiliaria gener\u00f3 alrededor de 770.000 \u20ac en facturaci\u00f3n de comisiones. El director Ralf Spielvogel expres\u00f3 su confianza de que se podr\u00e1 superar el objetivo de facturaci\u00f3n de alrededor de 90 millones de euros en este a\u00f1o.<\/p>\n<p>La pasi\u00f3n por las propiedades tambi\u00e9n se refleja en la nueva imagen del grupo. A partir de ahora, Porta Mallorquina tendr\u00e1 el eslogan de \u201cYour home. Our passion\u201c (Su hogar. Nuestra pasi\u00f3n) que tambi\u00e9n usar\u00e1n las nueve oficinas inmobiliarias de Porta Mondial en Alemania. La empresa asociada \u201cPorta Holiday\u201c se\u00f1alar\u00e1 su negocio de alquileres vacacionales con el eslogan: \u201cSus vacaciones. Nuestra pasi\u00f3n.\u201c<\/p>\n<p>La culminaci\u00f3n del evento de dos d\u00edas fue un viaje en globo, que incluso entusiasm\u00f3 a los residentes locales de muchos a\u00f1os. Muchos de los socios alemanes tambi\u00e9n aprovecharon el viaje para ir a ver las ofertas inmobiliarias de sus compa\u00f1eros mallorquines para sus clientes alemanes. Debido a la escasez de ofertas en el mercado nacional, muchos inversores alemanes ahora est\u00e1n buscando invertir en propiedades en el extranjero y Mallorca es el n\u00famero uno en la lista de los compradores, tal como nos informan los agentes alemanes.<\/p>\n<div id=\"attachment_1664\" class=\"wp-caption aligncenter\" style=\"width: 600px\"><a href=\"https:\/\/www.porta-mallorquina.es\/blog\/mallorca\/5-e1513859546499.jpg\"><img loading=\"lazy\" decoding=\"async\" class=\"size-full wp-image-1664\" src=\"https:\/\/www.porta-mallorquina.es\/blog\/mallorca\/5-e1513859546499.jpg\" alt=\"En globo por la isla\" width=\"600\" height=\"400\" \/><\/a><p class=\"wp-caption-text\">En globo por la isla<\/p><\/div>\n","protected":false},"excerpt":{"rendered":"<p> En la reuni\u00f3n internacional del grupo empresarial en Porreres, Porta Mallorquina present\u00f3 un nuevo eslogan e impresionantes cifras de ventas.<\/p>\n","protected":false},"author":2,"featured_media":0,"comment_status":"open","ping_status":"open","sticky":false,"template":"","format":"standard","meta":{"footnotes":""},"categories":[3,8,6],"tags":[],"class_list":["post-1665","post","type-post","status-publish","format-standard","hentry","category-eventos","category-franquicia","category-mallorca"],"yoast_head":"<!-- This site is optimized with the Yoast SEO plugin v27.2 - https:\/\/yoast.com\/product\/yoast-seo-wordpress\/ -->\n<title>Con pasi\u00f3n se ha hecho un r\u00e9cord en ventas - Porta Mallorquina Blog<\/title>\n<meta name=\"robots\" content=\"index, follow, max-snippet:-1, max-image-preview:large, max-video-preview:-1\" \/>\n<link rel=\"canonical\" href=\"https:\/\/www.porta-mallorquina.es\/blog\/record-en-ventas\/\" \/>\n<meta property=\"og:locale\" content=\"en_US\" \/>\n<meta property=\"og:type\" content=\"article\" \/>\n<meta property=\"og:title\" content=\"Con pasi\u00f3n se ha hecho un r\u00e9cord en ventas - Porta Mallorquina Blog\" \/>\n<meta property=\"og:description\" content=\"En la reuni\u00f3n internacional del grupo empresarial en Porreres, Porta Mallorquina present\u00f3 un nuevo eslogan e impresionantes cifras de ventas.\" \/>\n<meta property=\"og:url\" content=\"https:\/\/www.porta-mallorquina.es\/blog\/record-en-ventas\/\" \/>\n<meta property=\"og:site_name\" content=\"Porta Mallorquina Blog\" \/>\n<meta property=\"article:published_time\" content=\"2017-12-21T12:33:26+00:00\" \/>\n<meta property=\"article:modified_time\" content=\"2017-12-21T12:33:44+00:00\" \/>\n<meta property=\"og:image\" content=\"https:\/\/www.porta-mallorquina.es\/blog\/mallorca\/1-e1513859494986.jpg\" \/>\n<meta name=\"author\" content=\"Porta Mallorquina\" \/>\n<meta name=\"twitter:card\" content=\"summary_large_image\" \/>\n<meta name=\"twitter:label1\" content=\"Written by\" \/>\n\t<meta name=\"twitter:data1\" content=\"Porta Mallorquina\" \/>\n\t<meta name=\"twitter:label2\" content=\"Est. reading time\" \/>\n\t<meta name=\"twitter:data2\" content=\"2 minutes\" \/>\n<script type=\"application\/ld+json\" class=\"yoast-schema-graph\">{\"@context\":\"https:\/\/schema.org\",\"@graph\":[{\"@type\":\"Article\",\"@id\":\"https:\/\/www.porta-mallorquina.es\/blog\/record-en-ventas\/#article\",\"isPartOf\":{\"@id\":\"https:\/\/www.porta-mallorquina.es\/blog\/record-en-ventas\/\"},\"author\":{\"name\":\"Porta Mallorquina\",\"@id\":\"https:\/\/www.porta-mallorquina.es\/blog\/#\/schema\/person\/00d40468a84878931da4d5e16749c9f0\"},\"headline\":\"Con pasi\u00f3n se ha hecho un r\u00e9cord en ventas\",\"datePublished\":\"2017-12-21T12:33:26+00:00\",\"dateModified\":\"2017-12-21T12:33:44+00:00\",\"mainEntityOfPage\":{\"@id\":\"https:\/\/www.porta-mallorquina.es\/blog\/record-en-ventas\/\"},\"wordCount\":393,\"commentCount\":0,\"publisher\":{\"@id\":\"https:\/\/www.porta-mallorquina.es\/blog\/#organization\"},\"image\":{\"@id\":\"https:\/\/www.porta-mallorquina.es\/blog\/record-en-ventas\/#primaryimage\"},\"thumbnailUrl\":\"https:\/\/www.porta-mallorquina.es\/blog\/mallorca\/1-e1513859494986.jpg\",\"articleSection\":[\"Eventos\",\"Franquicia\",\"Mallorca\"],\"inLanguage\":\"en-US\",\"potentialAction\":[{\"@type\":\"CommentAction\",\"name\":\"Comment\",\"target\":[\"https:\/\/www.porta-mallorquina.es\/blog\/record-en-ventas\/#respond\"]}]},{\"@type\":\"WebPage\",\"@id\":\"https:\/\/www.porta-mallorquina.es\/blog\/record-en-ventas\/\",\"url\":\"https:\/\/www.porta-mallorquina.es\/blog\/record-en-ventas\/\",\"name\":\"Con pasi\u00f3n se ha hecho un r\u00e9cord en ventas - Porta Mallorquina Blog\",\"isPartOf\":{\"@id\":\"https:\/\/www.porta-mallorquina.es\/blog\/#website\"},\"primaryImageOfPage\":{\"@id\":\"https:\/\/www.porta-mallorquina.es\/blog\/record-en-ventas\/#primaryimage\"},\"image\":{\"@id\":\"https:\/\/www.porta-mallorquina.es\/blog\/record-en-ventas\/#primaryimage\"},\"thumbnailUrl\":\"https:\/\/www.porta-mallorquina.es\/blog\/mallorca\/1-e1513859494986.jpg\",\"datePublished\":\"2017-12-21T12:33:26+00:00\",\"dateModified\":\"2017-12-21T12:33:44+00:00\",\"breadcrumb\":{\"@id\":\"https:\/\/www.porta-mallorquina.es\/blog\/record-en-ventas\/#breadcrumb\"},\"inLanguage\":\"en-US\",\"potentialAction\":[{\"@type\":\"ReadAction\",\"target\":[\"https:\/\/www.porta-mallorquina.es\/blog\/record-en-ventas\/\"]}]},{\"@type\":\"ImageObject\",\"inLanguage\":\"en-US\",\"@id\":\"https:\/\/www.porta-mallorquina.es\/blog\/record-en-ventas\/#primaryimage\",\"url\":\"https:\/\/www.porta-mallorquina.es\/blog\/mallorca\/1-e1513859494986.jpg\",\"contentUrl\":\"https:\/\/www.porta-mallorquina.es\/blog\/mallorca\/1-e1513859494986.jpg\"},{\"@type\":\"BreadcrumbList\",\"@id\":\"https:\/\/www.porta-mallorquina.es\/blog\/record-en-ventas\/#breadcrumb\",\"itemListElement\":[{\"@type\":\"ListItem\",\"position\":1,\"name\":\"Portada\",\"item\":\"https:\/\/www.porta-mallorquina.es\/blog\/\"},{\"@type\":\"ListItem\",\"position\":2,\"name\":\"Con pasi\u00f3n se ha hecho un r\u00e9cord en ventas\"}]},{\"@type\":\"WebSite\",\"@id\":\"https:\/\/www.porta-mallorquina.es\/blog\/#website\",\"url\":\"https:\/\/www.porta-mallorquina.es\/blog\/\",\"name\":\"Porta Mallorquina Blog\",\"description\":\"m\u00e1s que inmuebles de Mallorca\",\"publisher\":{\"@id\":\"https:\/\/www.porta-mallorquina.es\/blog\/#organization\"},\"potentialAction\":[{\"@type\":\"SearchAction\",\"target\":{\"@type\":\"EntryPoint\",\"urlTemplate\":\"https:\/\/www.porta-mallorquina.es\/blog\/?s={search_term_string}\"},\"query-input\":{\"@type\":\"PropertyValueSpecification\",\"valueRequired\":true,\"valueName\":\"search_term_string\"}}],\"inLanguage\":\"en-US\"},{\"@type\":\"Organization\",\"@id\":\"https:\/\/www.porta-mallorquina.es\/blog\/#organization\",\"name\":\"Porta Mallorquina Blog\",\"url\":\"https:\/\/www.porta-mallorquina.es\/blog\/\",\"logo\":{\"@type\":\"ImageObject\",\"inLanguage\":\"en-US\",\"@id\":\"https:\/\/www.porta-mallorquina.es\/blog\/#\/schema\/logo\/image\/\",\"url\":\"https:\/\/www.porta-mallorquina.es\/blog\/mallorca\/porta-mallorquina-real-estate-mallorca-logo.png\",\"contentUrl\":\"https:\/\/www.porta-mallorquina.es\/blog\/mallorca\/porta-mallorquina-real-estate-mallorca-logo.png\",\"width\":570,\"height\":400,\"caption\":\"Porta Mallorquina Blog\"},\"image\":{\"@id\":\"https:\/\/www.porta-mallorquina.es\/blog\/#\/schema\/logo\/image\/\"}},{\"@type\":\"Person\",\"@id\":\"https:\/\/www.porta-mallorquina.es\/blog\/#\/schema\/person\/00d40468a84878931da4d5e16749c9f0\",\"name\":\"Porta Mallorquina\",\"sameAs\":[\"https:\/\/www.porta-mallorquina.es\"],\"url\":\"https:\/\/www.porta-mallorquina.es\/blog\/author\/petraz\/\"}]}<\/script>\n<!-- \/ Yoast SEO plugin. -->","yoast_head_json":{"title":"Con pasi\u00f3n se ha hecho un r\u00e9cord en ventas - Porta Mallorquina Blog","robots":{"index":"index","follow":"follow","max-snippet":"max-snippet:-1","max-image-preview":"max-image-preview:large","max-video-preview":"max-video-preview:-1"},"canonical":"https:\/\/www.porta-mallorquina.es\/blog\/record-en-ventas\/","og_locale":"en_US","og_type":"article","og_title":"Con pasi\u00f3n se ha hecho un r\u00e9cord en ventas - Porta Mallorquina Blog","og_description":"En la reuni\u00f3n internacional del grupo empresarial en Porreres, Porta Mallorquina present\u00f3 un nuevo eslogan e impresionantes cifras de ventas.","og_url":"https:\/\/www.porta-mallorquina.es\/blog\/record-en-ventas\/","og_site_name":"Porta Mallorquina Blog","article_published_time":"2017-12-21T12:33:26+00:00","article_modified_time":"2017-12-21T12:33:44+00:00","og_image":[{"url":"https:\/\/www.porta-mallorquina.es\/blog\/mallorca\/1-e1513859494986.jpg","type":"","width":"","height":""}],"author":"Porta Mallorquina","twitter_card":"summary_large_image","twitter_misc":{"Written by":"Porta Mallorquina","Est. reading time":"2 minutes"},"schema":{"@context":"https:\/\/schema.org","@graph":[{"@type":"Article","@id":"https:\/\/www.porta-mallorquina.es\/blog\/record-en-ventas\/#article","isPartOf":{"@id":"https:\/\/www.porta-mallorquina.es\/blog\/record-en-ventas\/"},"author":{"name":"Porta Mallorquina","@id":"https:\/\/www.porta-mallorquina.es\/blog\/#\/schema\/person\/00d40468a84878931da4d5e16749c9f0"},"headline":"Con pasi\u00f3n se ha hecho un r\u00e9cord en ventas","datePublished":"2017-12-21T12:33:26+00:00","dateModified":"2017-12-21T12:33:44+00:00","mainEntityOfPage":{"@id":"https:\/\/www.porta-mallorquina.es\/blog\/record-en-ventas\/"},"wordCount":393,"commentCount":0,"publisher":{"@id":"https:\/\/www.porta-mallorquina.es\/blog\/#organization"},"image":{"@id":"https:\/\/www.porta-mallorquina.es\/blog\/record-en-ventas\/#primaryimage"},"thumbnailUrl":"https:\/\/www.porta-mallorquina.es\/blog\/mallorca\/1-e1513859494986.jpg","articleSection":["Eventos","Franquicia","Mallorca"],"inLanguage":"en-US","potentialAction":[{"@type":"CommentAction","name":"Comment","target":["https:\/\/www.porta-mallorquina.es\/blog\/record-en-ventas\/#respond"]}]},{"@type":"WebPage","@id":"https:\/\/www.porta-mallorquina.es\/blog\/record-en-ventas\/","url":"https:\/\/www.porta-mallorquina.es\/blog\/record-en-ventas\/","name":"Con pasi\u00f3n se ha hecho un r\u00e9cord en ventas - Porta Mallorquina Blog","isPartOf":{"@id":"https:\/\/www.porta-mallorquina.es\/blog\/#website"},"primaryImageOfPage":{"@id":"https:\/\/www.porta-mallorquina.es\/blog\/record-en-ventas\/#primaryimage"},"image":{"@id":"https:\/\/www.porta-mallorquina.es\/blog\/record-en-ventas\/#primaryimage"},"thumbnailUrl":"https:\/\/www.porta-mallorquina.es\/blog\/mallorca\/1-e1513859494986.jpg","datePublished":"2017-12-21T12:33:26+00:00","dateModified":"2017-12-21T12:33:44+00:00","breadcrumb":{"@id":"https:\/\/www.porta-mallorquina.es\/blog\/record-en-ventas\/#breadcrumb"},"inLanguage":"en-US","potentialAction":[{"@type":"ReadAction","target":["https:\/\/www.porta-mallorquina.es\/blog\/record-en-ventas\/"]}]},{"@type":"ImageObject","inLanguage":"en-US","@id":"https:\/\/www.porta-mallorquina.es\/blog\/record-en-ventas\/#primaryimage","url":"https:\/\/www.porta-mallorquina.es\/blog\/mallorca\/1-e1513859494986.jpg","contentUrl":"https:\/\/www.porta-mallorquina.es\/blog\/mallorca\/1-e1513859494986.jpg"},{"@type":"BreadcrumbList","@id":"https:\/\/www.porta-mallorquina.es\/blog\/record-en-ventas\/#breadcrumb","itemListElement":[{"@type":"ListItem","position":1,"name":"Portada","item":"https:\/\/www.porta-mallorquina.es\/blog\/"},{"@type":"ListItem","position":2,"name":"Con pasi\u00f3n se ha hecho un r\u00e9cord en ventas"}]},{"@type":"WebSite","@id":"https:\/\/www.porta-mallorquina.es\/blog\/#website","url":"https:\/\/www.porta-mallorquina.es\/blog\/","name":"Porta Mallorquina Blog","description":"m\u00e1s que inmuebles de Mallorca","publisher":{"@id":"https:\/\/www.porta-mallorquina.es\/blog\/#organization"},"potentialAction":[{"@type":"SearchAction","target":{"@type":"EntryPoint","urlTemplate":"https:\/\/www.porta-mallorquina.es\/blog\/?s={search_term_string}"},"query-input":{"@type":"PropertyValueSpecification","valueRequired":true,"valueName":"search_term_string"}}],"inLanguage":"en-US"},{"@type":"Organization","@id":"https:\/\/www.porta-mallorquina.es\/blog\/#organization","name":"Porta Mallorquina Blog","url":"https:\/\/www.porta-mallorquina.es\/blog\/","logo":{"@type":"ImageObject","inLanguage":"en-US","@id":"https:\/\/www.porta-mallorquina.es\/blog\/#\/schema\/logo\/image\/","url":"https:\/\/www.porta-mallorquina.es\/blog\/mallorca\/porta-mallorquina-real-estate-mallorca-logo.png","contentUrl":"https:\/\/www.porta-mallorquina.es\/blog\/mallorca\/porta-mallorquina-real-estate-mallorca-logo.png","width":570,"height":400,"caption":"Porta Mallorquina Blog"},"image":{"@id":"https:\/\/www.porta-mallorquina.es\/blog\/#\/schema\/logo\/image\/"}},{"@type":"Person","@id":"https:\/\/www.porta-mallorquina.es\/blog\/#\/schema\/person\/00d40468a84878931da4d5e16749c9f0","name":"Porta Mallorquina","sameAs":["https:\/\/www.porta-mallorquina.es"],"url":"https:\/\/www.porta-mallorquina.es\/blog\/author\/petraz\/"}]}},"_links":{"self":[{"href":"https:\/\/www.porta-mallorquina.es\/blog\/wp-json\/wp\/v2\/posts\/1665","targetHints":{"allow":["GET"]}}],"collection":[{"href":"https:\/\/www.porta-mallorquina.es\/blog\/wp-json\/wp\/v2\/posts"}],"about":[{"href":"https:\/\/www.porta-mallorquina.es\/blog\/wp-json\/wp\/v2\/types\/post"}],"author":[{"embeddable":true,"href":"https:\/\/www.porta-mallorquina.es\/blog\/wp-json\/wp\/v2\/users\/2"}],"replies":[{"embeddable":true,"href":"https:\/\/www.porta-mallorquina.es\/blog\/wp-json\/wp\/v2\/comments?post=1665"}],"version-history":[{"count":3,"href":"https:\/\/www.porta-mallorquina.es\/blog\/wp-json\/wp\/v2\/posts\/1665\/revisions"}],"predecessor-version":[{"id":1868,"href":"https:\/\/www.porta-mallorquina.es\/blog\/wp-json\/wp\/v2\/posts\/1665\/revisions\/1868"}],"wp:attachment":[{"href":"https:\/\/www.porta-mallorquina.es\/blog\/wp-json\/wp\/v2\/media?parent=1665"}],"wp:term":[{"taxonomy":"category","embeddable":true,"href":"https:\/\/www.porta-mallorquina.es\/blog\/wp-json\/wp\/v2\/categories?post=1665"},{"taxonomy":"post_tag","embeddable":true,"href":"https:\/\/www.porta-mallorquina.es\/blog\/wp-json\/wp\/v2\/tags?post=1665"}],"curies":[{"name":"wp","href":"https:\/\/api.w.org\/{rel}","templated":true}]}}