{"id":1937,"date":"2019-01-20T08:00:39","date_gmt":"2019-01-20T06:00:39","guid":{"rendered":"https:\/\/www.porta-mallorquina.es\/blog\/?p=1937"},"modified":"2019-01-15T16:50:16","modified_gmt":"2019-01-15T14:50:16","slug":"desde-el-servicio-de-desayunos-hasta-un-evento-gastronomico-privado-dejese-mimar-en-su-casa-de-campo-vacacional","status":"publish","type":"post","link":"https:\/\/www.porta-mallorquina.es\/blog\/desde-el-servicio-de-desayunos-hasta-un-evento-gastronomico-privado-dejese-mimar-en-su-casa-de-campo-vacacional\/","title":{"rendered":"Desde el servicio de desayunos hasta un evento gastron\u00f3mico privado, \u00a1d\u00e9jese mimar en su casa de campo vacacional!"},"content":{"rendered":"<p><em>de Bettina Neumann<\/em><\/p>\n<p>Pasar las vacaciones en una casa de campo sin duda es una de las<strong> opciones m\u00e1s populares y relajantes<\/strong>. La privacidad, la independencia y la tranquilidad son solo algunos de los muchos <strong>beneficios de tener su propio espacio<\/strong> (alquilado). Ojal\u00e1 que no se tuviera que cocinar (algo que molesta a algunas personas).<\/p>\n<p>Al principio, lo m\u00e1s f\u00e1cil parece ser ir a comer a un restaurante diariamente, ya que la isla cuenta con una inmensa selecci\u00f3n gastron\u00f3mica para todos los gustos y bolsillos. Pero una comida para 2, en el circulo de la familia o con amigos en la casa de campo vacacional definitivamente es un momento especial y para ello no tiene que hacer una compra grande ni limpiar la cocina despu\u00e9s. \u00a1Simplemente solicite un chef privado!<\/p>\n<div id=\"attachment_1948\" class=\"wp-caption aligncenter\" style=\"width: 600px\"><img loading=\"lazy\" decoding=\"async\" class=\"wp-image-1948 size-full\" title=\"\u00a1Buenos d\u00edas sol! Con un desayuno delicioso, su d\u00eda en la casa de campo vacacional empezar\u00e1 de manera perfecta, y usted ni siquiera tiene que poner la mesa. Foto: Caroline Fabian privatecooking-mallorca.com\" src=\"https:\/\/www.porta-mallorquina.es\/blog\/mallorca\/Fr\u00fchst\u00fccksservice-Caroline-Fabian-e1546516634433.jpg\" alt=\"\u00a1Buenos d\u00edas sol! Con un desayuno delicioso, su d\u00eda en la casa de campo vacacional empezar\u00e1 de manera perfecta, y usted ni siquiera tiene que poner la mesa. Foto: Caroline Fabian privatecooking-mallorca.com\" width=\"600\" height=\"400\" srcset=\"https:\/\/www.porta-mallorquina.es\/blog\/mallorca\/Fr\u00fchst\u00fccksservice-Caroline-Fabian-e1546516634433.jpg 600w, https:\/\/www.porta-mallorquina.es\/blog\/mallorca\/Fr\u00fchst\u00fccksservice-Caroline-Fabian-e1546516634433-300x200.jpg 300w\" sizes=\"auto, (max-width: 600px) 100vw, 600px\" \/><p class=\"wp-caption-text\">\u00a1Buenos d\u00edas sol! Con un desayuno delicioso, su d\u00eda en la casa de campo vacacional empezar\u00e1 de manera perfecta, y usted ni siquiera tiene que poner la mesa. Foto: Caroline Fabian privatecooking-mallorca.com<\/p><\/div>\n<p>Los <strong>eventos gastron\u00f3micos privados<\/strong> que incluyen el servicio de desayuno actualmente son muy populares en Mallorca y no solo entre los turistas, sino tambi\u00e9n entre los locales.<\/p>\n<p>Aqu\u00ed no estamos hablando de un simple catering, aunque esto tambi\u00e9n es posible, pero las ofertas van m\u00e1s all\u00e1 de este servicio y est\u00e1n llenas de sorpresas. Y los eventos gastron\u00f3micos ni siquiera tienen que llevarse a cabo en su casa de campo: algunos chefs incluso les invitan a ir a sus locales o a otras cocinas. Sea donde sea, usted es el invitado.<\/p>\n<div id=\"attachment_2555\" class=\"wp-caption aligncenter\" style=\"width: 600px\"><img loading=\"lazy\" decoding=\"async\" class=\"wp-image-2555\" src=\"https:\/\/www.portaholiday.de\/blog\/uploads\/Events-by-Caroline-Fabian.jpg\" sizes=\"auto, (max-width: 600px) 100vw, 600px\" srcset=\"https:\/\/www.portaholiday.de\/blog\/uploads\/Events-by-Caroline-Fabian.jpg 800w, https:\/\/www.portaholiday.de\/blog\/uploads\/Events-by-Caroline-Fabian-300x225.jpg 300w, https:\/\/www.portaholiday.de\/blog\/uploads\/Events-by-Caroline-Fabian-768x576.jpg 768w\" alt=\"Por favor tome asiento. En el evento gastron\u00f3mico en su casa vacacional, usted como anfitri\u00f3n puede disfrutar de la comida gourmet al m\u00e1ximo y no tiene que preocuparse por nada, ni siquiera de lavar los platos. Foto: Caroline Fabian privatecooking-mallorca.com\" width=\"600\" height=\"450\" \/><p class=\"wp-caption-text\">Por favor tome asiento. En el evento gastron\u00f3mico en su casa vacacional, usted como anfitri\u00f3n puede disfrutar de la comida gourmet al m\u00e1ximo y no tiene que preocuparse por nada, ni siquiera de lavar los platos. Foto: Caroline Fabian privatecooking-mallorca.com<\/p><\/div>\n<p>Usted simplemente indica lo que quiere y no tendr\u00e1 nada que ver con comprar lo necesario, preparar la comida o lavar los platos. Lo que se use en su cocina, naturalmente se limpiar\u00e1 despu\u00e9s y parecer\u00e1 como nuevo. El rango de precios es tan grande como la selecci\u00f3n culinaria y depende completamente de usted. Con nuestros cocineros recomendados, hay cosas muy buenas incluso por poco dinero.<\/p>\n<h2>Privatcooking Mallorca<\/h2>\n<p>Hace diez a\u00f1os, Caroline Fabian cre\u00f3 su propio negocio exitoso en Mallorca, porque a las personas les encanta la cocina fresca y mediterr\u00e1nea de esta simp\u00e1tica mujer de Munich que recibi\u00f3 su \u201cpulido final\u201d en el restaurante Es Rac\u00f3 d\u2019es Teix en Dei\u00e1 galardonado con una estrella Michelin.<\/p>\n<div id=\"attachment_2562\" class=\"wp-caption aligncenter\" style=\"width: 600px\"><img loading=\"lazy\" decoding=\"async\" class=\"wp-image-2562\" src=\"https:\/\/www.portaholiday.de\/blog\/uploads\/Paella-Showcooking-Caroline-Fabian.jpg\" sizes=\"auto, (max-width: 600px) 100vw, 600px\" srcset=\"https:\/\/www.portaholiday.de\/blog\/uploads\/Paella-Showcooking-Caroline-Fabian.jpg 800w, https:\/\/www.portaholiday.de\/blog\/uploads\/Paella-Showcooking-Caroline-Fabian-300x225.jpg 300w, https:\/\/www.portaholiday.de\/blog\/uploads\/Paella-Showcooking-Caroline-Fabian-768x576.jpg 768w\" alt=\"Desde hace m\u00e1s de 10 a\u00f1os, Caroline Fabian ha emocionado a los isle\u00f1os y turistas en Mallorca con sus creaciones de comida. Foto: Caroline Fabian privatecooking-mallorca.com\" width=\"600\" height=\"450\" \/><p class=\"wp-caption-text\">Desde hace m\u00e1s de 10 a\u00f1os, Caroline Fabian ha emocionado a los isle\u00f1os y turistas en Mallorca con sus creaciones de comida. Foto: Caroline Fabian privatecooking-mallorca.com<\/p><\/div>\n<p>Sea una comida gourmet, un men\u00fa de degustaci\u00f3n o un servicio especial de 4 d\u00edas con comidas cl\u00e1sicas como paella, una parilla mediterr\u00e1nea, tapas o anitpasti &amp; pasta e incluso un servicio culinario completo; Caroline Fabian es muy vers\u00e1til. Tambi\u00e9n ofrece un <strong>excelente desayuno<\/strong> (en un radio de 30-40 kil\u00f3metros de Palma), as\u00ed como un <strong>servicio de entrega de la compra<\/strong> y recientemente incluso clases de cocina. Caroline puede consentir hasta 25 invitados con su cocina fresca y de temporada, y tambi\u00e9n se aceptan banquetes de bodas peque\u00f1os. Adem\u00e1s de sus habilidades culinarias, Caroline ofrece una excelente selecci\u00f3n de vinos mallorquines.<br \/>\nContacto: Telf. +34\/ 678 185 812, <a href=\"https:\/\/privatecooking-mallorca.com\/\">privatecooking-mallorca.com<\/a><\/p>\n<h2>Michas Breakfastservice (El servicio de desayunos de Micha)<\/h2>\n<p>Micha se ha especializado en llevarle su desayuno vacacional diariamente, fresco y puntual a la mesa, sin importar d\u00f3nde se encuentre en la isla. Su servicio de desayuno que le revitalizar\u00e1 es una idea estupenda para sorprender a un ser querido, celebrar un cumplea\u00f1os o simplemente darse un capricho. Para los m\u00e1s exigentes, el <strong>desayuno b\u00e1sico<\/strong> es estupendo: una llamada para encargar el desayuno es suficiente (a m\u00e1s tardar hasta las 15.00 h del d\u00eda anterior) y se comentar\u00e1n los ingredientes para el desayuno deseado. Con el <strong>desayuno Deluxe<\/strong> y el <strong>desayuno Super Deluxe<\/strong> muy lujoso no s\u00f3lo se incluye el servicio de cocina sino tambi\u00e9n poner la mesa.<\/p>\n<div id=\"attachment_2561\" class=\"wp-caption aligncenter\" style=\"width: 600px\"><img loading=\"lazy\" decoding=\"async\" class=\"wp-image-2561\" src=\"https:\/\/www.portaholiday.de\/blog\/uploads\/michas-breakfastservice-1024x498.jpg\" alt=\"El nombre lo dice todo: Michas Breakfastservice se especializa en el desayuno, que tambi\u00e9n se puede pedir en un yate. Foto: michasbreakfastservice.com\" width=\"600\" height=\"292\" \/><p class=\"wp-caption-text\">El nombre lo dice todo: Michas Breakfastservice se especializa en el desayuno, que tambi\u00e9n se puede pedir en un yate. Foto: michasbreakfastservice.com<\/p><\/div>\n<p>Micha es un profesional con a\u00f1os de experiencia en la hosteler\u00eda y restauraci\u00f3n y trae todo lo que usted y su est\u00f3mago desean por la ma\u00f1ana: los huevos del desayuno, por supuesto, se preparan al momento en el lugar. Se centra en productos mallorquines y mermeladas caseras. Para grupos y seminarios, tambi\u00e9n ofrece un servicio de desayuno como un bufet de canap\u00e9s o una recepci\u00f3n con champ\u00e1n.<\/p>\n<p>El lema del chico de la Selva Negra que desde hace 10 a\u00f1os vive en Mallorca, es: \u201cNo hay nada imposible.\u201d<\/p>\n<p>Para aquellos que desean un lugar especial para el desayuno, pueden elegir entre una azotea con vistas a la catedral o puerto deportivo o un desayuno rom\u00e1ntico en la playa con una cesta de picnic.<br \/>\nContacto: Telf. +34 \/ 628 102 860, <u><a href=\"https:\/\/michasbreakfastservice.com\/\">michasbreakfastservice.com<\/a><\/u><\/p>\n<h2>Maxx Catering<\/h2>\n<p>Incluso cuando era ni\u00f1o, lo que m\u00e1s le gustaba a Max era pasar el rato con su abuela junto a las ollas. No es de extra\u00f1ar que m\u00e1s tarde convirtiera su pasatiempo en una profesi\u00f3n y dirigiera su propio restaurante en Francia. Desde hace casi 22 a\u00f1os, el berlin\u00e9s ofrece su catering variado en la isla.<\/p>\n<p>Esto funciona tan bien que no necesita hacer publicidad ni una p\u00e1gina web:<\/p>\n<p>&#8220;El boca a boca es mi mejor recomendaci\u00f3n&#8221;, dice.<\/p>\n<p>Desde <strong>desayunos<\/strong> hasta <strong>cenas a la luz de las velas<\/strong>, cumplea\u00f1os u otras <strong>fiestas privadas<\/strong> m\u00e1s peque\u00f1as y m\u00e1s grandes, <strong>eventos corporativos<\/strong> o recepci\u00f3n con champa\u00f1a, Max ofrece un programa culinario para todos los gustos que va desde una persona hasta grandes grupos de 250 personas.<\/p>\n<p>Lleva a cabo sus ideas de acuerdo con los deseos del cliente o con sus propias sugerencias, seduciendo a sus clientes con una <strong>barbacoa, paella show cooking, buf\u00e9 de tapas<\/strong> y otras delicias mediterr\u00e1neas, mucho de ello lo hace \u00e9l, como sus mermeladas caseras. Las clases de cocina de Max para grupos peque\u00f1os en una finca son populares. Por ejemplo ense\u00f1a c\u00f3mo hacer las t\u00edpicas tapas. Tambi\u00e9n a Max le importa lo siguiente:<\/p>\n<p>&#8220;Despu\u00e9s la cocina estar\u00e1 m\u00e1s limpia que antes&#8221;.<\/p>\n<p>Para una velada agradable con grupos m\u00e1s grandes, tambi\u00e9n puede traer todo lo necesario consigo: desde camareros hasta el barman, mesas, sillas y vajilla.<br \/>\nContacto: Telf. +34 \/ 675 030 566, maxxcatering@yahoo.de<\/p>\n<h2>jfk chef privado<\/h2>\n<p>Desde hace 20 a\u00f1os, Jens Kurse es uno de los chefs privados establecidos en la isla que tambi\u00e9n es conocido y muy solicitado entre los locales. El chef no solo sirve manjares que van desde lo &#8220;muy simple&#8221; hasta el men\u00fa estrella (enfatiza expl\u00edcitamente que no hace ning\u00fan tipo de catering), sino que tambi\u00e9n transmite una sensaci\u00f3n mediterr\u00e1nea y el estilo de vida mallorqu\u00edn.<\/p>\n<div id=\"attachment_2559\" class=\"wp-caption aligncenter\" style=\"width: 600px\"><img loading=\"lazy\" decoding=\"async\" class=\"wp-image-2559\" src=\"https:\/\/www.portaholiday.de\/blog\/uploads\/kk-collage-2-1024x1024.jpg\" sizes=\"auto, (max-width: 600px) 100vw, 600px\" srcset=\"https:\/\/www.portaholiday.de\/blog\/uploads\/kk-collage-2-1024x1024.jpg 1024w, https:\/\/www.portaholiday.de\/blog\/uploads\/kk-collage-2-150x150.jpg 150w, https:\/\/www.portaholiday.de\/blog\/uploads\/kk-collage-2-300x300.jpg 300w, https:\/\/www.portaholiday.de\/blog\/uploads\/kk-collage-2-768x768.jpg 768w\" alt=\"Desde un men\u00fa sorpresa hasta una clase de cocina, Jens Kruse ha sido uno de los chefs privados m\u00e1s respetados de la isla durante 20 a\u00f1os. Foto Jens Kruse jfk-privatkoch.vpweb.de\" width=\"600\" height=\"600\" \/><p class=\"wp-caption-text\">Desde un men\u00fa sorpresa hasta una clase de cocina, Jens Kruse ha sido uno de los chefs privados m\u00e1s respetados de la isla durante 20 a\u00f1os. Foto Jens Kruse jfk-privatkoch.vpweb.de<\/p><\/div>\n<p>Al igual que sus compa\u00f1eros de profesi\u00f3n, Kruse produce todo a nivel local y ya ha complacido a varias celebridades y parejas nupciales con su arte culinario. Pero no tiene que ser prominente ni estar dispuesto a casarse para probar su talento. A Jens Kruse le encantan los <strong>men\u00fas sorpresa<\/strong>, por ejemplo, con una \u201ccarta blanca\u201d.<\/p>\n<p>O le da sus consejos y trucos en entretenidas clases de cocina e incluso lo invita a su hogar, con usted como anfitri\u00f3n. Si quiere cocinar las comidas de Kruse, puede inspirarse en su libro de cocina, que ha publicado junto a un compa\u00f1era. Lo que tambi\u00e9n nos gusta es que \u00e9l no usa productos de Nestl\u00e9 y solo compra en supermercados que son de mallorquines, no como la mayor\u00eda que ya son de extranjeros.<br \/>\nContacto: Telf. + 34\/620 632 861,<a href=\"https:\/\/jfk-privatkoch.vpweb.de\/\"> jfk-privatkoch.vpweb.de<\/a><\/p>\n<h2>Lonja 18 Open Kitchen Mallorca<\/h2>\n<p>Por supuesto, no queremos privarles de los <strong>mallorquines<\/strong> entre los chefs privados. Los cocineros y cocineras de Lonja 18 tambi\u00e9n pueden venir a su casa de campo y le mimar\u00e1n con todas las cosas buenas que la isla tiene para ofrecer.<\/p>\n<p>Pero saben hacer mucho m\u00e1s: en su cocina abierta en el coraz\u00f3n de Palma, en La Lonja, ofrecen clases de cocina y revelan los secretos de la tradicional cocina mallorquina. Adem\u00e1s, puede <strong>alquilar la cocina con o sin personal<\/strong>, desde peque\u00f1as cenas elegantes hasta eventos corporativos, cenas de Navidad o trabajo en equipo. Los j\u00f3venes de la Lonja 18 son un equipo con car\u00e1cter internacional, hablan espa\u00f1ol e ingl\u00e9s y hacen que incluso los grandes eventos sean un \u00e9xito.<\/p>\n<p>Ofrecen ya sea un catering, una fiesta de paella o por ejemplo para el retiro de yoga con platos veganos o vegetarianos el plato saludable men\u00fa \u201cSoul\u201d. Una gran experiencia tambi\u00e9n es el Tour al Mercado de Santa Catalina con los expertos en comida de Lonja 18.<br \/>\nContacto: Telf. + 34 \/ 672 233 555, <u><a href=\"http:\/\/lonja18.com\/\">lonja18.com<\/a><\/u><\/p>\n","protected":false},"excerpt":{"rendered":"<p>de Bettina Neumann Pasar las vacaciones en una casa de campo sin duda es una de las opciones m\u00e1s populares y relajantes. La privacidad, la independencia y la tranquilidad son solo algunos de los muchos beneficios de tener su propio espacio (alquilado). Ojal\u00e1 que no se tuviera que cocinar (algo que molesta a algunas personas). [&hellip;]<\/p>\n","protected":false},"author":2,"featured_media":0,"comment_status":"open","ping_status":"open","sticky":false,"template":"","format":"standard","meta":{"footnotes":""},"categories":[6],"tags":[],"class_list":["post-1937","post","type-post","status-publish","format-standard","hentry","category-mallorca"],"yoast_head":"<!-- This site is optimized with the Yoast SEO plugin v27.2 - https:\/\/yoast.com\/product\/yoast-seo-wordpress\/ -->\n<title>Desde el servicio de desayunos hasta un evento gastron\u00f3mico privado, \u00a1d\u00e9jese mimar en su casa de campo vacacional! - Porta Mallorquina Blog<\/title>\n<meta name=\"robots\" content=\"noindex, nofollow\" \/>\n<meta property=\"og:locale\" content=\"en_US\" \/>\n<meta property=\"og:type\" content=\"article\" \/>\n<meta property=\"og:title\" content=\"Desde el servicio de desayunos hasta un evento gastron\u00f3mico privado, \u00a1d\u00e9jese mimar en su casa de campo vacacional! - Porta Mallorquina Blog\" \/>\n<meta property=\"og:description\" content=\"de Bettina Neumann Pasar las vacaciones en una casa de campo sin duda es una de las opciones m\u00e1s populares y relajantes. La privacidad, la independencia y la tranquilidad son solo algunos de los muchos beneficios de tener su propio espacio (alquilado). Ojal\u00e1 que no se tuviera que cocinar (algo que molesta a algunas personas). [&hellip;]\" \/>\n<meta property=\"og:url\" content=\"https:\/\/www.porta-mallorquina.es\/blog\/desde-el-servicio-de-desayunos-hasta-un-evento-gastronomico-privado-dejese-mimar-en-su-casa-de-campo-vacacional\/\" \/>\n<meta property=\"og:site_name\" content=\"Porta Mallorquina Blog\" \/>\n<meta property=\"article:published_time\" content=\"2019-01-20T06:00:39+00:00\" \/>\n<meta property=\"og:image\" content=\"https:\/\/www.portaholiday.de\/blog\/uploads\/Events-by-Caroline-Fabian.jpg\" \/>\n<meta name=\"author\" content=\"Porta Mallorquina\" \/>\n<meta name=\"twitter:card\" content=\"summary_large_image\" \/>\n<meta name=\"twitter:label1\" content=\"Written by\" \/>\n\t<meta name=\"twitter:data1\" content=\"Porta Mallorquina\" \/>\n\t<meta name=\"twitter:label2\" content=\"Est. reading time\" \/>\n\t<meta name=\"twitter:data2\" content=\"8 minutes\" \/>\n<script type=\"application\/ld+json\" class=\"yoast-schema-graph\">{\"@context\":\"https:\/\/schema.org\",\"@graph\":[{\"@type\":\"Article\",\"@id\":\"https:\/\/www.porta-mallorquina.es\/blog\/desde-el-servicio-de-desayunos-hasta-un-evento-gastronomico-privado-dejese-mimar-en-su-casa-de-campo-vacacional\/#article\",\"isPartOf\":{\"@id\":\"https:\/\/www.porta-mallorquina.es\/blog\/desde-el-servicio-de-desayunos-hasta-un-evento-gastronomico-privado-dejese-mimar-en-su-casa-de-campo-vacacional\/\"},\"author\":{\"name\":\"Porta Mallorquina\",\"@id\":\"https:\/\/www.porta-mallorquina.es\/blog\/#\/schema\/person\/00d40468a84878931da4d5e16749c9f0\"},\"headline\":\"Desde el servicio de desayunos hasta un evento gastron\u00f3mico privado, \u00a1d\u00e9jese mimar en su casa de campo vacacional!\",\"datePublished\":\"2019-01-20T06:00:39+00:00\",\"mainEntityOfPage\":{\"@id\":\"https:\/\/www.porta-mallorquina.es\/blog\/desde-el-servicio-de-desayunos-hasta-un-evento-gastronomico-privado-dejese-mimar-en-su-casa-de-campo-vacacional\/\"},\"wordCount\":1609,\"commentCount\":0,\"publisher\":{\"@id\":\"https:\/\/www.porta-mallorquina.es\/blog\/#organization\"},\"image\":{\"@id\":\"https:\/\/www.porta-mallorquina.es\/blog\/desde-el-servicio-de-desayunos-hasta-un-evento-gastronomico-privado-dejese-mimar-en-su-casa-de-campo-vacacional\/#primaryimage\"},\"thumbnailUrl\":\"https:\/\/www.portaholiday.de\/blog\/uploads\/Events-by-Caroline-Fabian.jpg\",\"articleSection\":[\"Mallorca\"],\"inLanguage\":\"en-US\",\"potentialAction\":[{\"@type\":\"CommentAction\",\"name\":\"Comment\",\"target\":[\"https:\/\/www.porta-mallorquina.es\/blog\/desde-el-servicio-de-desayunos-hasta-un-evento-gastronomico-privado-dejese-mimar-en-su-casa-de-campo-vacacional\/#respond\"]}]},{\"@type\":\"WebPage\",\"@id\":\"https:\/\/www.porta-mallorquina.es\/blog\/desde-el-servicio-de-desayunos-hasta-un-evento-gastronomico-privado-dejese-mimar-en-su-casa-de-campo-vacacional\/\",\"url\":\"https:\/\/www.porta-mallorquina.es\/blog\/desde-el-servicio-de-desayunos-hasta-un-evento-gastronomico-privado-dejese-mimar-en-su-casa-de-campo-vacacional\/\",\"name\":\"Desde el servicio de desayunos hasta un evento gastron\u00f3mico privado, \u00a1d\u00e9jese mimar en su casa de campo vacacional! - Porta Mallorquina Blog\",\"isPartOf\":{\"@id\":\"https:\/\/www.porta-mallorquina.es\/blog\/#website\"},\"primaryImageOfPage\":{\"@id\":\"https:\/\/www.porta-mallorquina.es\/blog\/desde-el-servicio-de-desayunos-hasta-un-evento-gastronomico-privado-dejese-mimar-en-su-casa-de-campo-vacacional\/#primaryimage\"},\"image\":{\"@id\":\"https:\/\/www.porta-mallorquina.es\/blog\/desde-el-servicio-de-desayunos-hasta-un-evento-gastronomico-privado-dejese-mimar-en-su-casa-de-campo-vacacional\/#primaryimage\"},\"thumbnailUrl\":\"https:\/\/www.portaholiday.de\/blog\/uploads\/Events-by-Caroline-Fabian.jpg\",\"datePublished\":\"2019-01-20T06:00:39+00:00\",\"breadcrumb\":{\"@id\":\"https:\/\/www.porta-mallorquina.es\/blog\/desde-el-servicio-de-desayunos-hasta-un-evento-gastronomico-privado-dejese-mimar-en-su-casa-de-campo-vacacional\/#breadcrumb\"},\"inLanguage\":\"en-US\",\"potentialAction\":[{\"@type\":\"ReadAction\",\"target\":[\"https:\/\/www.porta-mallorquina.es\/blog\/desde-el-servicio-de-desayunos-hasta-un-evento-gastronomico-privado-dejese-mimar-en-su-casa-de-campo-vacacional\/\"]}]},{\"@type\":\"ImageObject\",\"inLanguage\":\"en-US\",\"@id\":\"https:\/\/www.porta-mallorquina.es\/blog\/desde-el-servicio-de-desayunos-hasta-un-evento-gastronomico-privado-dejese-mimar-en-su-casa-de-campo-vacacional\/#primaryimage\",\"url\":\"https:\/\/www.portaholiday.de\/blog\/uploads\/Events-by-Caroline-Fabian.jpg\",\"contentUrl\":\"https:\/\/www.portaholiday.de\/blog\/uploads\/Events-by-Caroline-Fabian.jpg\"},{\"@type\":\"BreadcrumbList\",\"@id\":\"https:\/\/www.porta-mallorquina.es\/blog\/desde-el-servicio-de-desayunos-hasta-un-evento-gastronomico-privado-dejese-mimar-en-su-casa-de-campo-vacacional\/#breadcrumb\",\"itemListElement\":[{\"@type\":\"ListItem\",\"position\":1,\"name\":\"Portada\",\"item\":\"https:\/\/www.porta-mallorquina.es\/blog\/\"},{\"@type\":\"ListItem\",\"position\":2,\"name\":\"Desde el servicio de desayunos hasta un evento gastron\u00f3mico privado, \u00a1d\u00e9jese mimar en su casa de campo vacacional!\"}]},{\"@type\":\"WebSite\",\"@id\":\"https:\/\/www.porta-mallorquina.es\/blog\/#website\",\"url\":\"https:\/\/www.porta-mallorquina.es\/blog\/\",\"name\":\"Porta Mallorquina Blog\",\"description\":\"m\u00e1s que inmuebles de Mallorca\",\"publisher\":{\"@id\":\"https:\/\/www.porta-mallorquina.es\/blog\/#organization\"},\"potentialAction\":[{\"@type\":\"SearchAction\",\"target\":{\"@type\":\"EntryPoint\",\"urlTemplate\":\"https:\/\/www.porta-mallorquina.es\/blog\/?s={search_term_string}\"},\"query-input\":{\"@type\":\"PropertyValueSpecification\",\"valueRequired\":true,\"valueName\":\"search_term_string\"}}],\"inLanguage\":\"en-US\"},{\"@type\":\"Organization\",\"@id\":\"https:\/\/www.porta-mallorquina.es\/blog\/#organization\",\"name\":\"Porta Mallorquina Blog\",\"url\":\"https:\/\/www.porta-mallorquina.es\/blog\/\",\"logo\":{\"@type\":\"ImageObject\",\"inLanguage\":\"en-US\",\"@id\":\"https:\/\/www.porta-mallorquina.es\/blog\/#\/schema\/logo\/image\/\",\"url\":\"https:\/\/www.porta-mallorquina.es\/blog\/mallorca\/porta-mallorquina-real-estate-mallorca-logo.png\",\"contentUrl\":\"https:\/\/www.porta-mallorquina.es\/blog\/mallorca\/porta-mallorquina-real-estate-mallorca-logo.png\",\"width\":570,\"height\":400,\"caption\":\"Porta Mallorquina Blog\"},\"image\":{\"@id\":\"https:\/\/www.porta-mallorquina.es\/blog\/#\/schema\/logo\/image\/\"}},{\"@type\":\"Person\",\"@id\":\"https:\/\/www.porta-mallorquina.es\/blog\/#\/schema\/person\/00d40468a84878931da4d5e16749c9f0\",\"name\":\"Porta Mallorquina\",\"sameAs\":[\"https:\/\/www.porta-mallorquina.es\"],\"url\":\"https:\/\/www.porta-mallorquina.es\/blog\/author\/petraz\/\"}]}<\/script>\n<!-- \/ Yoast SEO plugin. -->","yoast_head_json":{"title":"Desde el servicio de desayunos hasta un evento gastron\u00f3mico privado, \u00a1d\u00e9jese mimar en su casa de campo vacacional! - Porta Mallorquina Blog","robots":{"index":"noindex","follow":"nofollow"},"og_locale":"en_US","og_type":"article","og_title":"Desde el servicio de desayunos hasta un evento gastron\u00f3mico privado, \u00a1d\u00e9jese mimar en su casa de campo vacacional! - Porta Mallorquina Blog","og_description":"de Bettina Neumann Pasar las vacaciones en una casa de campo sin duda es una de las opciones m\u00e1s populares y relajantes. La privacidad, la independencia y la tranquilidad son solo algunos de los muchos beneficios de tener su propio espacio (alquilado). Ojal\u00e1 que no se tuviera que cocinar (algo que molesta a algunas personas). [&hellip;]","og_url":"https:\/\/www.porta-mallorquina.es\/blog\/desde-el-servicio-de-desayunos-hasta-un-evento-gastronomico-privado-dejese-mimar-en-su-casa-de-campo-vacacional\/","og_site_name":"Porta Mallorquina Blog","article_published_time":"2019-01-20T06:00:39+00:00","og_image":[{"url":"https:\/\/www.portaholiday.de\/blog\/uploads\/Events-by-Caroline-Fabian.jpg","type":"","width":"","height":""}],"author":"Porta Mallorquina","twitter_card":"summary_large_image","twitter_misc":{"Written by":"Porta Mallorquina","Est. reading time":"8 minutes"},"schema":{"@context":"https:\/\/schema.org","@graph":[{"@type":"Article","@id":"https:\/\/www.porta-mallorquina.es\/blog\/desde-el-servicio-de-desayunos-hasta-un-evento-gastronomico-privado-dejese-mimar-en-su-casa-de-campo-vacacional\/#article","isPartOf":{"@id":"https:\/\/www.porta-mallorquina.es\/blog\/desde-el-servicio-de-desayunos-hasta-un-evento-gastronomico-privado-dejese-mimar-en-su-casa-de-campo-vacacional\/"},"author":{"name":"Porta Mallorquina","@id":"https:\/\/www.porta-mallorquina.es\/blog\/#\/schema\/person\/00d40468a84878931da4d5e16749c9f0"},"headline":"Desde el servicio de desayunos hasta un evento gastron\u00f3mico privado, \u00a1d\u00e9jese mimar en su casa de campo vacacional!","datePublished":"2019-01-20T06:00:39+00:00","mainEntityOfPage":{"@id":"https:\/\/www.porta-mallorquina.es\/blog\/desde-el-servicio-de-desayunos-hasta-un-evento-gastronomico-privado-dejese-mimar-en-su-casa-de-campo-vacacional\/"},"wordCount":1609,"commentCount":0,"publisher":{"@id":"https:\/\/www.porta-mallorquina.es\/blog\/#organization"},"image":{"@id":"https:\/\/www.porta-mallorquina.es\/blog\/desde-el-servicio-de-desayunos-hasta-un-evento-gastronomico-privado-dejese-mimar-en-su-casa-de-campo-vacacional\/#primaryimage"},"thumbnailUrl":"https:\/\/www.portaholiday.de\/blog\/uploads\/Events-by-Caroline-Fabian.jpg","articleSection":["Mallorca"],"inLanguage":"en-US","potentialAction":[{"@type":"CommentAction","name":"Comment","target":["https:\/\/www.porta-mallorquina.es\/blog\/desde-el-servicio-de-desayunos-hasta-un-evento-gastronomico-privado-dejese-mimar-en-su-casa-de-campo-vacacional\/#respond"]}]},{"@type":"WebPage","@id":"https:\/\/www.porta-mallorquina.es\/blog\/desde-el-servicio-de-desayunos-hasta-un-evento-gastronomico-privado-dejese-mimar-en-su-casa-de-campo-vacacional\/","url":"https:\/\/www.porta-mallorquina.es\/blog\/desde-el-servicio-de-desayunos-hasta-un-evento-gastronomico-privado-dejese-mimar-en-su-casa-de-campo-vacacional\/","name":"Desde el servicio de desayunos hasta un evento gastron\u00f3mico privado, \u00a1d\u00e9jese mimar en su casa de campo vacacional! - Porta Mallorquina Blog","isPartOf":{"@id":"https:\/\/www.porta-mallorquina.es\/blog\/#website"},"primaryImageOfPage":{"@id":"https:\/\/www.porta-mallorquina.es\/blog\/desde-el-servicio-de-desayunos-hasta-un-evento-gastronomico-privado-dejese-mimar-en-su-casa-de-campo-vacacional\/#primaryimage"},"image":{"@id":"https:\/\/www.porta-mallorquina.es\/blog\/desde-el-servicio-de-desayunos-hasta-un-evento-gastronomico-privado-dejese-mimar-en-su-casa-de-campo-vacacional\/#primaryimage"},"thumbnailUrl":"https:\/\/www.portaholiday.de\/blog\/uploads\/Events-by-Caroline-Fabian.jpg","datePublished":"2019-01-20T06:00:39+00:00","breadcrumb":{"@id":"https:\/\/www.porta-mallorquina.es\/blog\/desde-el-servicio-de-desayunos-hasta-un-evento-gastronomico-privado-dejese-mimar-en-su-casa-de-campo-vacacional\/#breadcrumb"},"inLanguage":"en-US","potentialAction":[{"@type":"ReadAction","target":["https:\/\/www.porta-mallorquina.es\/blog\/desde-el-servicio-de-desayunos-hasta-un-evento-gastronomico-privado-dejese-mimar-en-su-casa-de-campo-vacacional\/"]}]},{"@type":"ImageObject","inLanguage":"en-US","@id":"https:\/\/www.porta-mallorquina.es\/blog\/desde-el-servicio-de-desayunos-hasta-un-evento-gastronomico-privado-dejese-mimar-en-su-casa-de-campo-vacacional\/#primaryimage","url":"https:\/\/www.portaholiday.de\/blog\/uploads\/Events-by-Caroline-Fabian.jpg","contentUrl":"https:\/\/www.portaholiday.de\/blog\/uploads\/Events-by-Caroline-Fabian.jpg"},{"@type":"BreadcrumbList","@id":"https:\/\/www.porta-mallorquina.es\/blog\/desde-el-servicio-de-desayunos-hasta-un-evento-gastronomico-privado-dejese-mimar-en-su-casa-de-campo-vacacional\/#breadcrumb","itemListElement":[{"@type":"ListItem","position":1,"name":"Portada","item":"https:\/\/www.porta-mallorquina.es\/blog\/"},{"@type":"ListItem","position":2,"name":"Desde el servicio de desayunos hasta un evento gastron\u00f3mico privado, \u00a1d\u00e9jese mimar en su casa de campo vacacional!"}]},{"@type":"WebSite","@id":"https:\/\/www.porta-mallorquina.es\/blog\/#website","url":"https:\/\/www.porta-mallorquina.es\/blog\/","name":"Porta Mallorquina Blog","description":"m\u00e1s que inmuebles de Mallorca","publisher":{"@id":"https:\/\/www.porta-mallorquina.es\/blog\/#organization"},"potentialAction":[{"@type":"SearchAction","target":{"@type":"EntryPoint","urlTemplate":"https:\/\/www.porta-mallorquina.es\/blog\/?s={search_term_string}"},"query-input":{"@type":"PropertyValueSpecification","valueRequired":true,"valueName":"search_term_string"}}],"inLanguage":"en-US"},{"@type":"Organization","@id":"https:\/\/www.porta-mallorquina.es\/blog\/#organization","name":"Porta Mallorquina Blog","url":"https:\/\/www.porta-mallorquina.es\/blog\/","logo":{"@type":"ImageObject","inLanguage":"en-US","@id":"https:\/\/www.porta-mallorquina.es\/blog\/#\/schema\/logo\/image\/","url":"https:\/\/www.porta-mallorquina.es\/blog\/mallorca\/porta-mallorquina-real-estate-mallorca-logo.png","contentUrl":"https:\/\/www.porta-mallorquina.es\/blog\/mallorca\/porta-mallorquina-real-estate-mallorca-logo.png","width":570,"height":400,"caption":"Porta Mallorquina Blog"},"image":{"@id":"https:\/\/www.porta-mallorquina.es\/blog\/#\/schema\/logo\/image\/"}},{"@type":"Person","@id":"https:\/\/www.porta-mallorquina.es\/blog\/#\/schema\/person\/00d40468a84878931da4d5e16749c9f0","name":"Porta Mallorquina","sameAs":["https:\/\/www.porta-mallorquina.es"],"url":"https:\/\/www.porta-mallorquina.es\/blog\/author\/petraz\/"}]}},"_links":{"self":[{"href":"https:\/\/www.porta-mallorquina.es\/blog\/wp-json\/wp\/v2\/posts\/1937","targetHints":{"allow":["GET"]}}],"collection":[{"href":"https:\/\/www.porta-mallorquina.es\/blog\/wp-json\/wp\/v2\/posts"}],"about":[{"href":"https:\/\/www.porta-mallorquina.es\/blog\/wp-json\/wp\/v2\/types\/post"}],"author":[{"embeddable":true,"href":"https:\/\/www.porta-mallorquina.es\/blog\/wp-json\/wp\/v2\/users\/2"}],"replies":[{"embeddable":true,"href":"https:\/\/www.porta-mallorquina.es\/blog\/wp-json\/wp\/v2\/comments?post=1937"}],"version-history":[{"count":6,"href":"https:\/\/www.porta-mallorquina.es\/blog\/wp-json\/wp\/v2\/posts\/1937\/revisions"}],"predecessor-version":[{"id":1953,"href":"https:\/\/www.porta-mallorquina.es\/blog\/wp-json\/wp\/v2\/posts\/1937\/revisions\/1953"}],"wp:attachment":[{"href":"https:\/\/www.porta-mallorquina.es\/blog\/wp-json\/wp\/v2\/media?parent=1937"}],"wp:term":[{"taxonomy":"category","embeddable":true,"href":"https:\/\/www.porta-mallorquina.es\/blog\/wp-json\/wp\/v2\/categories?post=1937"},{"taxonomy":"post_tag","embeddable":true,"href":"https:\/\/www.porta-mallorquina.es\/blog\/wp-json\/wp\/v2\/tags?post=1937"}],"curies":[{"name":"wp","href":"https:\/\/api.w.org\/{rel}","templated":true}]}}