{"id":2081,"date":"2019-10-18T11:12:47","date_gmt":"2019-10-18T09:12:47","guid":{"rendered":"https:\/\/www.porta-mallorquina.es\/blog\/?p=2081"},"modified":"2019-10-18T11:12:47","modified_gmt":"2019-10-18T09:12:47","slug":"el-ex-jugador-de-balonmano-michael-altenbeck-es-el-nuevo-socio-de-franquicia-de-porta-mallorquina-en-port-dandratx","status":"publish","type":"post","link":"https:\/\/www.porta-mallorquina.es\/blog\/el-ex-jugador-de-balonmano-michael-altenbeck-es-el-nuevo-socio-de-franquicia-de-porta-mallorquina-en-port-dandratx\/","title":{"rendered":"El ex-jugador de balonmano Michael Altenbeck es el nuevo socio de franquicia de Porta Mallorquina en Port d&#8217;Andratx"},"content":{"rendered":"<p>El ex-jugador profesional de la primera divisi\u00f3n de balonmano y dos veces ganador de la Copa de Europa, <strong>Michael Altenbeck,<\/strong> ha encontrado un nuevo terreno de juego en Mallorca: la industria inmobiliaria.<\/p>\n<p>Desde el 1 de septiembre de 2019, ha recibido de Karl-Georg Herrmann (quien ha vuelto a Alemania por razones personales) la direcci\u00f3n de la <a href=\"https:\/\/www.porta-mallorquina.de\/suedwest\/\">tienda inmobiliaria de Porta Mallorquina<\/a> en <strong>Carrer de Isaac Peral n. \u00b0 28 en Port d&#8217;Andratx<\/strong>.<\/p>\n<div id=\"attachment_2082\" class=\"wp-caption aligncenter\" style=\"width: 600px\"><img loading=\"lazy\" decoding=\"async\" class=\"wp-image-2082\" title=\"El nuevo equipo de Porta Mallorquina en Port d'Andratx (de izquierda a derecha): Stephanie Mohr, Michael Altenbeck, Linda Meurs y Ester Breitenbach.\" src=\"https:\/\/www.porta-mallorquina.es\/blog\/mallorca\/team-andratx-portamallorquina.jpg\" alt=\"El nuevo equipo de Porta Mallorquina en Port d'Andratx (de izquierda a derecha): Stephanie Mohr, Michael Altenbeck, Linda Meurs y Ester Breitenbach.\" width=\"600\" height=\"705\" srcset=\"https:\/\/www.porta-mallorquina.es\/blog\/mallorca\/team-andratx-portamallorquina.jpg 871w, https:\/\/www.porta-mallorquina.es\/blog\/mallorca\/team-andratx-portamallorquina-255x300.jpg 255w, https:\/\/www.porta-mallorquina.es\/blog\/mallorca\/team-andratx-portamallorquina-768x903.jpg 768w\" sizes=\"auto, (max-width: 600px) 100vw, 600px\" \/><p class=\"wp-caption-text\">El nuevo equipo de Porta Mallorquina en Port d&#8217;Andratx (de izquierda a derecha): Stephanie Mohr, Michael Altenbeck, Linda Meurs y Ester Breitenbach.<\/p><\/div>\n<p>En un principio, el nuevo socio de franquicia de Porta Mallorquina ha llegado como cliente a la agencia inmobiliaria, que con nueve ubicaciones, se encuentra entre las m\u00e1s grandes de la isla.<\/p>\n<blockquote><p>&#8220;Despu\u00e9s de nuestra decisi\u00f3n de mudarnos de Sylt a Mallorca, est\u00e1bamos buscando una propiedad en el \u00e1rea de Andratx. Siempre me topaba con Porta Mallorquina en Internet, y me ha dado mucha curiosidad saber c\u00f3mo logran ocupar siempre los primeros lugares de Google sin pagar por publicidad&#8221;.<\/p><\/blockquote>\n<p>Despu\u00e9s de seguir investigando, ha descubierto que se trata de un <a href=\"https:\/\/www.porta-mallorquina.es\/socios-franquiciados.html\" target=\"_blank\" rel=\"noopener noreferrer\">sistema de franquicias<\/a> que contin\u00faa en la b\u00fasqueda de m\u00e1s socios en la isla.<\/p>\n<h2>De Sylt a Mallorca<\/h2>\n<div id=\"attachment_2086\" class=\"wp-caption alignleft\" style=\"width: 397px\"><img loading=\"lazy\" decoding=\"async\" class=\"wp-image-2086 size-full\" src=\"https:\/\/www.porta-mallorquina.es\/blog\/mallorca\/michael-altenbeck-daniela.jpg\" alt=\"De isla en isla: en mayo de 2019, Daniela y Michael Altenbeck se han mudado de Sylt a Mallorca.\" width=\"397\" height=\"498\" srcset=\"https:\/\/www.porta-mallorquina.es\/blog\/mallorca\/michael-altenbeck-daniela.jpg 397w, https:\/\/www.porta-mallorquina.es\/blog\/mallorca\/michael-altenbeck-daniela-239x300.jpg 239w\" sizes=\"auto, (max-width: 397px) 100vw, 397px\" \/><p class=\"wp-caption-text\">De isla en isla: en mayo de 2019, Daniela y Michael Altenbeck se han mudado de Sylt a Mallorca.<\/p><\/div>\n<p>El sector inmobiliario no es extra\u00f1o para este deportista. Despu\u00e9s de su activa carrera deportiva, Michael ha administrado junto a su <strong>esposa Daniela<\/strong> dos locales de muebles y decoraci\u00f3n en la isla de Sylt.<\/p>\n<blockquote><p>&#8220;El dise\u00f1o de interiores est\u00e1 estrechamente relacionado con propiedades de alto nivel, por eso siempre hemos tenido contacto con la comercializaci\u00f3n de inmuebles de alta calidad&#8221;,<\/p><\/blockquote>\n<p>explica Michael sobre su <strong>afinidad con el negocio inmobiliario<\/strong>. Como socio de un sistema exitoso, le ha resultado m\u00e1s f\u00e1cil cambiar de industria que si hubiera empezado desde cero como un luchador solitario.<\/p>\n<p>&nbsp;<\/p>\n<p>&nbsp;<\/p>\n<p>Aunque la familia se sent\u00eda muy bien en el Mar del Norte, prefieren el agradable clima mediterr\u00e1neo a largo plazo. El \u00e1rea alrededor de <a href=\"https:\/\/www.porta-mallorquina.es\/inmobiliaria\/comprar\/puerto-andratx\/\" target=\"_blank\" rel=\"noopener noreferrer\">Port d&#8217;Andratx<\/a> les es muy familiar pues durante muchos a\u00f1os han ido de vacaciones a <strong>Cala Llamp<\/strong>, donde el padre de Daniela tiene una propiedad en Gran Folies.<\/p>\n<div id=\"attachment_2087\" class=\"wp-caption alignright\" style=\"width: 300px\"><img loading=\"lazy\" decoding=\"async\" class=\"wp-image-2087\" src=\"https:\/\/www.porta-mallorquina.es\/blog\/mallorca\/paul_daniela_altenbeck-768x1024.jpg\" alt=\"Daniela Altenbeck con su hijo Paul, que ha empezado en la escuela internacional este a\u00f1o.\" width=\"300\" height=\"400\" srcset=\"https:\/\/www.porta-mallorquina.es\/blog\/mallorca\/paul_daniela_altenbeck-768x1024.jpg 768w, https:\/\/www.porta-mallorquina.es\/blog\/mallorca\/paul_daniela_altenbeck-768x1024-225x300.jpg 225w\" sizes=\"auto, (max-width: 300px) 100vw, 300px\" \/><p class=\"wp-caption-text\">Daniela Altenbeck con su hijo Paul, que ha empezado en la escuela internacional este a\u00f1o.<\/p><\/div>\n<p>En mayo, se han mudado con su <strong>hijo Paul<\/strong> a Sineu, pero s\u00f3lo como una residencia temporal, pues este mismo a\u00f1o los Altenbecks planean mudarse a Port d&#8217;Andratx.<\/p>\n<blockquote><p>&#8220;Apreciamos la amplia oferta de restaurantes y bares y, por supuesto, la hermosa vista del puerto, que todav\u00eda se utiliza como puerto pesquero a pesar de la multitud tur\u00edstica&#8221;,<\/p><\/blockquote>\n<p>expresa Michael, entusiasmado por nueva patria adoptiva.<\/p>\n<blockquote><p>&#8220;Por la ma\u00f1ana nos gusta ir a NOOSA BEACH porque hay comida saludable como bowls, smoothies y jugos con vitaminas, etc. Por la noche vamos al restaurante italiano CIA BELLO o bajamos al puerto, por ejemplo al Sumarilla (sushi) y luego a Tim&#8217;s por una copa de vino&#8221;.<\/p><\/blockquote>\n<p>Si est\u00e1 buscando una propiedad muy especial, Michael recomienda enfocarse en <strong>Cala Llamp<\/strong> y <strong>Sa Mola<\/strong>.<\/p>\n<p>&nbsp;<\/p>\n<h2>Nuevo equipo en la tienda inmobiliaria<\/h2>\n<p>Junto con sus colegas <strong>Ester Breitenbach, Stephanie Mohr<\/strong> y <strong>Linda Meurs<\/strong>, Michael ha completado casi por completo el nuevo equipo en la <strong>oficina de Porta Mallorquina<\/strong> en Puerto Andratx. Actualmente busca <a href=\"https:\/\/www.porta-mallorquina.es\/oferta-de-empleo\/asesores-inmobiliarios-palma-centro-isla-noroeste-portals-andratx.html\" target=\"_blank\" rel=\"noopener noreferrer\">otro empleado\/a para ventas inmobiliarias.<\/a><\/p>\n<p><a href=\"https:\/\/www.porta-mallorquina.de\/stellenangebote\/immobilienberater-palma-inselmitte-nordwesten-portals-andratx.html\">\u00a0<\/a><\/p>\n<p><a href=\"https:\/\/www.porta-mallorquina.de\/stellenangebote\/immobilienberater-palma-inselmitte-nordwesten-portals-andratx.html\">\u00a0<\/a><\/p>\n","protected":false},"excerpt":{"rendered":"<p>El ex-jugador profesional de la primera divisi\u00f3n de balonmano y dos veces ganador de la Copa de Europa, Michael Altenbeck, ha encontrado un nuevo terreno de juego en Mallorca: la industria inmobiliaria.<\/p>\n","protected":false},"author":2,"featured_media":0,"comment_status":"open","ping_status":"open","sticky":false,"template":"","format":"standard","meta":{"footnotes":""},"categories":[8,11],"tags":[],"class_list":["post-2081","post","type-post","status-publish","format-standard","hentry","category-franquicia","category-inmuebles"],"yoast_head":"<!-- This site is optimized with the Yoast SEO plugin v27.2 - https:\/\/yoast.com\/product\/yoast-seo-wordpress\/ -->\n<title>El ex-jugador de balonmano Michael Altenbeck es el nuevo socio de franquicia de Porta Mallorquina en Port d&#039;Andratx - Porta Mallorquina Blog<\/title>\n<meta name=\"robots\" content=\"index, follow, max-snippet:-1, max-image-preview:large, max-video-preview:-1\" \/>\n<link rel=\"canonical\" href=\"https:\/\/www.porta-mallorquina.es\/blog\/el-ex-jugador-de-balonmano-michael-altenbeck-es-el-nuevo-socio-de-franquicia-de-porta-mallorquina-en-port-dandratx\/\" \/>\n<meta property=\"og:locale\" content=\"en_US\" \/>\n<meta property=\"og:type\" content=\"article\" \/>\n<meta property=\"og:title\" content=\"El ex-jugador de balonmano Michael Altenbeck es el nuevo socio de franquicia de Porta Mallorquina en Port d&#039;Andratx - Porta Mallorquina Blog\" \/>\n<meta property=\"og:description\" content=\"El ex-jugador profesional de la primera divisi\u00f3n de balonmano y dos veces ganador de la Copa de Europa, Michael Altenbeck, ha encontrado un nuevo terreno de juego en Mallorca: la industria inmobiliaria.\" \/>\n<meta property=\"og:url\" content=\"https:\/\/www.porta-mallorquina.es\/blog\/el-ex-jugador-de-balonmano-michael-altenbeck-es-el-nuevo-socio-de-franquicia-de-porta-mallorquina-en-port-dandratx\/\" \/>\n<meta property=\"og:site_name\" content=\"Porta Mallorquina Blog\" \/>\n<meta property=\"article:published_time\" content=\"2019-10-18T09:12:47+00:00\" \/>\n<meta property=\"og:image\" content=\"https:\/\/www.porta-mallorquina.es\/blog\/mallorca\/team-andratx-portamallorquina.jpg\" \/>\n<meta name=\"author\" content=\"Porta Mallorquina\" \/>\n<meta name=\"twitter:card\" content=\"summary_large_image\" \/>\n<meta name=\"twitter:label1\" content=\"Written by\" \/>\n\t<meta name=\"twitter:data1\" content=\"Porta Mallorquina\" \/>\n\t<meta name=\"twitter:label2\" content=\"Est. reading time\" \/>\n\t<meta name=\"twitter:data2\" content=\"3 minutes\" \/>\n<script type=\"application\/ld+json\" class=\"yoast-schema-graph\">{\"@context\":\"https:\/\/schema.org\",\"@graph\":[{\"@type\":\"Article\",\"@id\":\"https:\/\/www.porta-mallorquina.es\/blog\/el-ex-jugador-de-balonmano-michael-altenbeck-es-el-nuevo-socio-de-franquicia-de-porta-mallorquina-en-port-dandratx\/#article\",\"isPartOf\":{\"@id\":\"https:\/\/www.porta-mallorquina.es\/blog\/el-ex-jugador-de-balonmano-michael-altenbeck-es-el-nuevo-socio-de-franquicia-de-porta-mallorquina-en-port-dandratx\/\"},\"author\":{\"name\":\"Porta Mallorquina\",\"@id\":\"https:\/\/www.porta-mallorquina.es\/blog\/#\/schema\/person\/00d40468a84878931da4d5e16749c9f0\"},\"headline\":\"El ex-jugador de balonmano Michael Altenbeck es el nuevo socio de franquicia de Porta Mallorquina en Port d&#8217;Andratx\",\"datePublished\":\"2019-10-18T09:12:47+00:00\",\"mainEntityOfPage\":{\"@id\":\"https:\/\/www.porta-mallorquina.es\/blog\/el-ex-jugador-de-balonmano-michael-altenbeck-es-el-nuevo-socio-de-franquicia-de-porta-mallorquina-en-port-dandratx\/\"},\"wordCount\":616,\"commentCount\":0,\"publisher\":{\"@id\":\"https:\/\/www.porta-mallorquina.es\/blog\/#organization\"},\"image\":{\"@id\":\"https:\/\/www.porta-mallorquina.es\/blog\/el-ex-jugador-de-balonmano-michael-altenbeck-es-el-nuevo-socio-de-franquicia-de-porta-mallorquina-en-port-dandratx\/#primaryimage\"},\"thumbnailUrl\":\"https:\/\/www.porta-mallorquina.es\/blog\/mallorca\/team-andratx-portamallorquina.jpg\",\"articleSection\":[\"Franquicia\",\"Inmuebles\"],\"inLanguage\":\"en-US\",\"potentialAction\":[{\"@type\":\"CommentAction\",\"name\":\"Comment\",\"target\":[\"https:\/\/www.porta-mallorquina.es\/blog\/el-ex-jugador-de-balonmano-michael-altenbeck-es-el-nuevo-socio-de-franquicia-de-porta-mallorquina-en-port-dandratx\/#respond\"]}]},{\"@type\":\"WebPage\",\"@id\":\"https:\/\/www.porta-mallorquina.es\/blog\/el-ex-jugador-de-balonmano-michael-altenbeck-es-el-nuevo-socio-de-franquicia-de-porta-mallorquina-en-port-dandratx\/\",\"url\":\"https:\/\/www.porta-mallorquina.es\/blog\/el-ex-jugador-de-balonmano-michael-altenbeck-es-el-nuevo-socio-de-franquicia-de-porta-mallorquina-en-port-dandratx\/\",\"name\":\"El ex-jugador de balonmano Michael Altenbeck es el nuevo socio de franquicia de Porta Mallorquina en Port d'Andratx - Porta Mallorquina Blog\",\"isPartOf\":{\"@id\":\"https:\/\/www.porta-mallorquina.es\/blog\/#website\"},\"primaryImageOfPage\":{\"@id\":\"https:\/\/www.porta-mallorquina.es\/blog\/el-ex-jugador-de-balonmano-michael-altenbeck-es-el-nuevo-socio-de-franquicia-de-porta-mallorquina-en-port-dandratx\/#primaryimage\"},\"image\":{\"@id\":\"https:\/\/www.porta-mallorquina.es\/blog\/el-ex-jugador-de-balonmano-michael-altenbeck-es-el-nuevo-socio-de-franquicia-de-porta-mallorquina-en-port-dandratx\/#primaryimage\"},\"thumbnailUrl\":\"https:\/\/www.porta-mallorquina.es\/blog\/mallorca\/team-andratx-portamallorquina.jpg\",\"datePublished\":\"2019-10-18T09:12:47+00:00\",\"breadcrumb\":{\"@id\":\"https:\/\/www.porta-mallorquina.es\/blog\/el-ex-jugador-de-balonmano-michael-altenbeck-es-el-nuevo-socio-de-franquicia-de-porta-mallorquina-en-port-dandratx\/#breadcrumb\"},\"inLanguage\":\"en-US\",\"potentialAction\":[{\"@type\":\"ReadAction\",\"target\":[\"https:\/\/www.porta-mallorquina.es\/blog\/el-ex-jugador-de-balonmano-michael-altenbeck-es-el-nuevo-socio-de-franquicia-de-porta-mallorquina-en-port-dandratx\/\"]}]},{\"@type\":\"ImageObject\",\"inLanguage\":\"en-US\",\"@id\":\"https:\/\/www.porta-mallorquina.es\/blog\/el-ex-jugador-de-balonmano-michael-altenbeck-es-el-nuevo-socio-de-franquicia-de-porta-mallorquina-en-port-dandratx\/#primaryimage\",\"url\":\"https:\/\/www.porta-mallorquina.es\/blog\/mallorca\/team-andratx-portamallorquina.jpg\",\"contentUrl\":\"https:\/\/www.porta-mallorquina.es\/blog\/mallorca\/team-andratx-portamallorquina.jpg\",\"width\":871,\"height\":1024},{\"@type\":\"BreadcrumbList\",\"@id\":\"https:\/\/www.porta-mallorquina.es\/blog\/el-ex-jugador-de-balonmano-michael-altenbeck-es-el-nuevo-socio-de-franquicia-de-porta-mallorquina-en-port-dandratx\/#breadcrumb\",\"itemListElement\":[{\"@type\":\"ListItem\",\"position\":1,\"name\":\"Portada\",\"item\":\"https:\/\/www.porta-mallorquina.es\/blog\/\"},{\"@type\":\"ListItem\",\"position\":2,\"name\":\"El ex-jugador de balonmano Michael Altenbeck es el nuevo socio de franquicia de Porta Mallorquina en Port d&#8217;Andratx\"}]},{\"@type\":\"WebSite\",\"@id\":\"https:\/\/www.porta-mallorquina.es\/blog\/#website\",\"url\":\"https:\/\/www.porta-mallorquina.es\/blog\/\",\"name\":\"Porta Mallorquina Blog\",\"description\":\"m\u00e1s que inmuebles de Mallorca\",\"publisher\":{\"@id\":\"https:\/\/www.porta-mallorquina.es\/blog\/#organization\"},\"potentialAction\":[{\"@type\":\"SearchAction\",\"target\":{\"@type\":\"EntryPoint\",\"urlTemplate\":\"https:\/\/www.porta-mallorquina.es\/blog\/?s={search_term_string}\"},\"query-input\":{\"@type\":\"PropertyValueSpecification\",\"valueRequired\":true,\"valueName\":\"search_term_string\"}}],\"inLanguage\":\"en-US\"},{\"@type\":\"Organization\",\"@id\":\"https:\/\/www.porta-mallorquina.es\/blog\/#organization\",\"name\":\"Porta Mallorquina Blog\",\"url\":\"https:\/\/www.porta-mallorquina.es\/blog\/\",\"logo\":{\"@type\":\"ImageObject\",\"inLanguage\":\"en-US\",\"@id\":\"https:\/\/www.porta-mallorquina.es\/blog\/#\/schema\/logo\/image\/\",\"url\":\"https:\/\/www.porta-mallorquina.es\/blog\/mallorca\/porta-mallorquina-real-estate-mallorca-logo.png\",\"contentUrl\":\"https:\/\/www.porta-mallorquina.es\/blog\/mallorca\/porta-mallorquina-real-estate-mallorca-logo.png\",\"width\":570,\"height\":400,\"caption\":\"Porta Mallorquina Blog\"},\"image\":{\"@id\":\"https:\/\/www.porta-mallorquina.es\/blog\/#\/schema\/logo\/image\/\"}},{\"@type\":\"Person\",\"@id\":\"https:\/\/www.porta-mallorquina.es\/blog\/#\/schema\/person\/00d40468a84878931da4d5e16749c9f0\",\"name\":\"Porta Mallorquina\",\"sameAs\":[\"https:\/\/www.porta-mallorquina.es\"],\"url\":\"https:\/\/www.porta-mallorquina.es\/blog\/author\/petraz\/\"}]}<\/script>\n<!-- \/ Yoast SEO plugin. -->","yoast_head_json":{"title":"El ex-jugador de balonmano Michael Altenbeck es el nuevo socio de franquicia de Porta Mallorquina en Port d'Andratx - Porta Mallorquina Blog","robots":{"index":"index","follow":"follow","max-snippet":"max-snippet:-1","max-image-preview":"max-image-preview:large","max-video-preview":"max-video-preview:-1"},"canonical":"https:\/\/www.porta-mallorquina.es\/blog\/el-ex-jugador-de-balonmano-michael-altenbeck-es-el-nuevo-socio-de-franquicia-de-porta-mallorquina-en-port-dandratx\/","og_locale":"en_US","og_type":"article","og_title":"El ex-jugador de balonmano Michael Altenbeck es el nuevo socio de franquicia de Porta Mallorquina en Port d'Andratx - Porta Mallorquina Blog","og_description":"El ex-jugador profesional de la primera divisi\u00f3n de balonmano y dos veces ganador de la Copa de Europa, Michael Altenbeck, ha encontrado un nuevo terreno de juego en Mallorca: la industria inmobiliaria.","og_url":"https:\/\/www.porta-mallorquina.es\/blog\/el-ex-jugador-de-balonmano-michael-altenbeck-es-el-nuevo-socio-de-franquicia-de-porta-mallorquina-en-port-dandratx\/","og_site_name":"Porta Mallorquina Blog","article_published_time":"2019-10-18T09:12:47+00:00","og_image":[{"url":"https:\/\/www.porta-mallorquina.es\/blog\/mallorca\/team-andratx-portamallorquina.jpg","type":"","width":"","height":""}],"author":"Porta Mallorquina","twitter_card":"summary_large_image","twitter_misc":{"Written by":"Porta Mallorquina","Est. reading time":"3 minutes"},"schema":{"@context":"https:\/\/schema.org","@graph":[{"@type":"Article","@id":"https:\/\/www.porta-mallorquina.es\/blog\/el-ex-jugador-de-balonmano-michael-altenbeck-es-el-nuevo-socio-de-franquicia-de-porta-mallorquina-en-port-dandratx\/#article","isPartOf":{"@id":"https:\/\/www.porta-mallorquina.es\/blog\/el-ex-jugador-de-balonmano-michael-altenbeck-es-el-nuevo-socio-de-franquicia-de-porta-mallorquina-en-port-dandratx\/"},"author":{"name":"Porta Mallorquina","@id":"https:\/\/www.porta-mallorquina.es\/blog\/#\/schema\/person\/00d40468a84878931da4d5e16749c9f0"},"headline":"El ex-jugador de balonmano Michael Altenbeck es el nuevo socio de franquicia de Porta Mallorquina en Port d&#8217;Andratx","datePublished":"2019-10-18T09:12:47+00:00","mainEntityOfPage":{"@id":"https:\/\/www.porta-mallorquina.es\/blog\/el-ex-jugador-de-balonmano-michael-altenbeck-es-el-nuevo-socio-de-franquicia-de-porta-mallorquina-en-port-dandratx\/"},"wordCount":616,"commentCount":0,"publisher":{"@id":"https:\/\/www.porta-mallorquina.es\/blog\/#organization"},"image":{"@id":"https:\/\/www.porta-mallorquina.es\/blog\/el-ex-jugador-de-balonmano-michael-altenbeck-es-el-nuevo-socio-de-franquicia-de-porta-mallorquina-en-port-dandratx\/#primaryimage"},"thumbnailUrl":"https:\/\/www.porta-mallorquina.es\/blog\/mallorca\/team-andratx-portamallorquina.jpg","articleSection":["Franquicia","Inmuebles"],"inLanguage":"en-US","potentialAction":[{"@type":"CommentAction","name":"Comment","target":["https:\/\/www.porta-mallorquina.es\/blog\/el-ex-jugador-de-balonmano-michael-altenbeck-es-el-nuevo-socio-de-franquicia-de-porta-mallorquina-en-port-dandratx\/#respond"]}]},{"@type":"WebPage","@id":"https:\/\/www.porta-mallorquina.es\/blog\/el-ex-jugador-de-balonmano-michael-altenbeck-es-el-nuevo-socio-de-franquicia-de-porta-mallorquina-en-port-dandratx\/","url":"https:\/\/www.porta-mallorquina.es\/blog\/el-ex-jugador-de-balonmano-michael-altenbeck-es-el-nuevo-socio-de-franquicia-de-porta-mallorquina-en-port-dandratx\/","name":"El ex-jugador de balonmano Michael Altenbeck es el nuevo socio de franquicia de Porta Mallorquina en Port d'Andratx - Porta Mallorquina Blog","isPartOf":{"@id":"https:\/\/www.porta-mallorquina.es\/blog\/#website"},"primaryImageOfPage":{"@id":"https:\/\/www.porta-mallorquina.es\/blog\/el-ex-jugador-de-balonmano-michael-altenbeck-es-el-nuevo-socio-de-franquicia-de-porta-mallorquina-en-port-dandratx\/#primaryimage"},"image":{"@id":"https:\/\/www.porta-mallorquina.es\/blog\/el-ex-jugador-de-balonmano-michael-altenbeck-es-el-nuevo-socio-de-franquicia-de-porta-mallorquina-en-port-dandratx\/#primaryimage"},"thumbnailUrl":"https:\/\/www.porta-mallorquina.es\/blog\/mallorca\/team-andratx-portamallorquina.jpg","datePublished":"2019-10-18T09:12:47+00:00","breadcrumb":{"@id":"https:\/\/www.porta-mallorquina.es\/blog\/el-ex-jugador-de-balonmano-michael-altenbeck-es-el-nuevo-socio-de-franquicia-de-porta-mallorquina-en-port-dandratx\/#breadcrumb"},"inLanguage":"en-US","potentialAction":[{"@type":"ReadAction","target":["https:\/\/www.porta-mallorquina.es\/blog\/el-ex-jugador-de-balonmano-michael-altenbeck-es-el-nuevo-socio-de-franquicia-de-porta-mallorquina-en-port-dandratx\/"]}]},{"@type":"ImageObject","inLanguage":"en-US","@id":"https:\/\/www.porta-mallorquina.es\/blog\/el-ex-jugador-de-balonmano-michael-altenbeck-es-el-nuevo-socio-de-franquicia-de-porta-mallorquina-en-port-dandratx\/#primaryimage","url":"https:\/\/www.porta-mallorquina.es\/blog\/mallorca\/team-andratx-portamallorquina.jpg","contentUrl":"https:\/\/www.porta-mallorquina.es\/blog\/mallorca\/team-andratx-portamallorquina.jpg","width":871,"height":1024},{"@type":"BreadcrumbList","@id":"https:\/\/www.porta-mallorquina.es\/blog\/el-ex-jugador-de-balonmano-michael-altenbeck-es-el-nuevo-socio-de-franquicia-de-porta-mallorquina-en-port-dandratx\/#breadcrumb","itemListElement":[{"@type":"ListItem","position":1,"name":"Portada","item":"https:\/\/www.porta-mallorquina.es\/blog\/"},{"@type":"ListItem","position":2,"name":"El ex-jugador de balonmano Michael Altenbeck es el nuevo socio de franquicia de Porta Mallorquina en Port d&#8217;Andratx"}]},{"@type":"WebSite","@id":"https:\/\/www.porta-mallorquina.es\/blog\/#website","url":"https:\/\/www.porta-mallorquina.es\/blog\/","name":"Porta Mallorquina Blog","description":"m\u00e1s que inmuebles de Mallorca","publisher":{"@id":"https:\/\/www.porta-mallorquina.es\/blog\/#organization"},"potentialAction":[{"@type":"SearchAction","target":{"@type":"EntryPoint","urlTemplate":"https:\/\/www.porta-mallorquina.es\/blog\/?s={search_term_string}"},"query-input":{"@type":"PropertyValueSpecification","valueRequired":true,"valueName":"search_term_string"}}],"inLanguage":"en-US"},{"@type":"Organization","@id":"https:\/\/www.porta-mallorquina.es\/blog\/#organization","name":"Porta Mallorquina Blog","url":"https:\/\/www.porta-mallorquina.es\/blog\/","logo":{"@type":"ImageObject","inLanguage":"en-US","@id":"https:\/\/www.porta-mallorquina.es\/blog\/#\/schema\/logo\/image\/","url":"https:\/\/www.porta-mallorquina.es\/blog\/mallorca\/porta-mallorquina-real-estate-mallorca-logo.png","contentUrl":"https:\/\/www.porta-mallorquina.es\/blog\/mallorca\/porta-mallorquina-real-estate-mallorca-logo.png","width":570,"height":400,"caption":"Porta Mallorquina Blog"},"image":{"@id":"https:\/\/www.porta-mallorquina.es\/blog\/#\/schema\/logo\/image\/"}},{"@type":"Person","@id":"https:\/\/www.porta-mallorquina.es\/blog\/#\/schema\/person\/00d40468a84878931da4d5e16749c9f0","name":"Porta Mallorquina","sameAs":["https:\/\/www.porta-mallorquina.es"],"url":"https:\/\/www.porta-mallorquina.es\/blog\/author\/petraz\/"}]}},"_links":{"self":[{"href":"https:\/\/www.porta-mallorquina.es\/blog\/wp-json\/wp\/v2\/posts\/2081","targetHints":{"allow":["GET"]}}],"collection":[{"href":"https:\/\/www.porta-mallorquina.es\/blog\/wp-json\/wp\/v2\/posts"}],"about":[{"href":"https:\/\/www.porta-mallorquina.es\/blog\/wp-json\/wp\/v2\/types\/post"}],"author":[{"embeddable":true,"href":"https:\/\/www.porta-mallorquina.es\/blog\/wp-json\/wp\/v2\/users\/2"}],"replies":[{"embeddable":true,"href":"https:\/\/www.porta-mallorquina.es\/blog\/wp-json\/wp\/v2\/comments?post=2081"}],"version-history":[{"count":5,"href":"https:\/\/www.porta-mallorquina.es\/blog\/wp-json\/wp\/v2\/posts\/2081\/revisions"}],"predecessor-version":[{"id":2089,"href":"https:\/\/www.porta-mallorquina.es\/blog\/wp-json\/wp\/v2\/posts\/2081\/revisions\/2089"}],"wp:attachment":[{"href":"https:\/\/www.porta-mallorquina.es\/blog\/wp-json\/wp\/v2\/media?parent=2081"}],"wp:term":[{"taxonomy":"category","embeddable":true,"href":"https:\/\/www.porta-mallorquina.es\/blog\/wp-json\/wp\/v2\/categories?post=2081"},{"taxonomy":"post_tag","embeddable":true,"href":"https:\/\/www.porta-mallorquina.es\/blog\/wp-json\/wp\/v2\/tags?post=2081"}],"curies":[{"name":"wp","href":"https:\/\/api.w.org\/{rel}","templated":true}]}}