{"id":220,"date":"2011-12-29T14:48:09","date_gmt":"2011-12-29T12:48:09","guid":{"rendered":"http:\/\/www.porta-mallorquina.es\/blog\/?p=220"},"modified":"2016-06-27T17:48:15","modified_gmt":"2016-06-27T15:48:15","slug":"navidad-mallorquina","status":"publish","type":"post","link":"https:\/\/www.porta-mallorquina.es\/blog\/navidad-mallorquina\/","title":{"rendered":"Navidad Mallorquina"},"content":{"rendered":"<h1>Navidad Mallorquina<\/h1>\n<p>Llega el fr\u00edo a Mallorca y las primeras nieves en los picos m\u00e1s altos de la isla. El invierno ya est\u00e1 aqu\u00ed y nos ofrece una estampa muy diferente de la que el turista tradicional est\u00e1 acostumbrado.<\/p>\n<p>Nos adentramos en el fr\u00edo Diciembre y, por ende, en la <strong>Navidad<\/strong>, fechas especiales para todos, donde Mallorca se engalana con multitud de actividades culturales, fruto de esa pasi\u00f3n mallorquina por la cultura y por el ocio, orientado a la familia aprovechando las vacaciones de los m\u00e1s peque\u00f1os. Mallorca cuenta con decenas de programas para disfrutar tanto en la capital como en los diferentes pueblos.<\/p>\n<h2>Que guapa est\u00e1 Palma de noche con sus luces encendidas<\/h2>\n<p>&nbsp;<\/p>\n<div id=\"attachment_222\" class=\"wp-caption alignleft\" style=\"width: 152px\"><a href=\"https:\/\/www.porta-mallorquina.es\/blog\/navidad-mallorquina\/ramblas-flores-palma-mallorca\/\" rel=\"attachment wp-att-222\"><img loading=\"lazy\" decoding=\"async\" class=\"size-medium wp-image-222 \" title=\"Ramblas de las flores en Palma de Mallorca\" src=\"https:\/\/www.porta-mallorquina.es\/blog\/mallorca\/ramblas-flores-palma-mallorca-254x300.jpg\" alt=\"Ramblas de las flores en Palma de Mallorca\" width=\"152\" height=\"180\" srcset=\"https:\/\/www.porta-mallorquina.es\/blog\/mallorca\/ramblas-flores-palma-mallorca-254x300.jpg 254w, https:\/\/www.porta-mallorquina.es\/blog\/mallorca\/ramblas-flores-palma-mallorca.jpg 480w\" sizes=\"auto, (max-width: 152px) 100vw, 152px\" \/><\/a><p class=\"wp-caption-text\">Ramblas de las flores en Palma de Mallorca<\/p><\/div>\n<p>Este a\u00f1o todo comenz\u00f3 el d\u00eda 4 de Diciembre con el tradicional encendido de las luces en la plaza de Cort, con este acto comienza la actividad navide\u00f1a, Palma de Mallorca se viste de largo, las calles y los comercios destellan alegr\u00eda. Todo terminar\u00e1 con la llegada el 5 de Enero de Sus Majestades de Oriente cargados de presentes en una preciosa Cabalgata para que grandes y peque\u00f1os reciban a Sus Majestades. Los ni\u00f1os podr\u00e1n colgar sus peticiones para los Reyes de Oriente en la plaza de la Llotja donde se instalar\u00e1 un \u00e1rbol de Navidad llamado de los Buenos Deseos.<\/p>\n<p>Todo tiene comienzo y fin, pero tambi\u00e9n intermedio y, en \u00e9ste, nos encontramos con <a title=\"Actividades en Mallorca\" href=\"http:\/\/www.diariodemallorca.es\/palma\/2009\/12\/03\/medio-centenar-actividades-navidad\/526845.html\" target=\"_blank\">variadas actividades repartidas por toda la geograf\u00eda mallorquina<\/a>, habr\u00e1 actuaciones instrumentales y corales, conciertos de la banda municipal de m\u00fasica, belenes, cine, visitas guiadas, etc. Todo orientado al disfrute, el ambiente y la diversi\u00f3n que acompa\u00f1a estas se\u00f1aladas fechas.<\/p>\n<p>&nbsp;<\/p>\n<div id=\"attachment_227\" class=\"wp-caption aligncenter\" style=\"width: 512px\"><a href=\"https:\/\/www.porta-mallorquina.es\/blog\/navidad-mallorquina\/reyes-magos-mallorca\/\" rel=\"attachment wp-att-227\"><img loading=\"lazy\" decoding=\"async\" class=\"size-full wp-image-227 \" title=\"Melchor, Gaspar y Baltasar\" src=\"https:\/\/www.porta-mallorquina.es\/blog\/mallorca\/reyes-magos-mallorca.jpg\" alt=\"Melchor, Gaspar y Baltasar\" width=\"512\" height=\"362\" srcset=\"https:\/\/www.porta-mallorquina.es\/blog\/mallorca\/reyes-magos-mallorca.jpg 640w, https:\/\/www.porta-mallorquina.es\/blog\/mallorca\/reyes-magos-mallorca-300x211.jpg 300w\" sizes=\"auto, (max-width: 512px) 100vw, 512px\" \/><\/a><p class=\"wp-caption-text\">Los Reyes Magos en un pueblo en Mallorca<\/p><\/div>\n<p>Sin embargo, entre todas las actividades, existe una que sobresale tanto por su importancia como por su antig\u00fcedad, Festa de l&#8217;Est\u00e1ndar. Previa a la entrada del A\u00f1o Nuevo, se celebra cada 31 de Diciembre desde hace m\u00e1s de 780 a\u00f1os, con el motivo de conmemorar la ca\u00edda y captura de la ciudad por parte de las tropas de Jaime I de Arag\u00f3n durante la conquista de la isla de Mallorca. Una de las celebraciones m\u00e1s antiguas de Europa, donde se lleva a cabo una ofrenda floral a la estatua de Jaime I situada en la plaza de Espa\u00f1a de Palma. Se desconoce el origen real de la festividad, pero se cree que hace alusi\u00f3n al soldado que coloc\u00f3 el estandarte real en una de las torres de defensa de la ciudad y avis\u00f3 al resto de las tropas cristianas que pod\u00edan comenzar el asalto a las tropas musulmanas.<\/p>\n<h3 style=\"text-align: center;\">Desde Porta Mallorquina os deseamos a todos una Feliz Navidad y un pr\u00f3spero A\u00f1o Nuevo repleto de amor, trabajo, sue\u00f1os y, sobre todo, salud.<\/h3>\n","protected":false},"excerpt":{"rendered":"<p>Navidad Mallorquina Llega el fr\u00edo a Mallorca y las primeras nieves en los picos m\u00e1s altos de la isla. El invierno ya est\u00e1 aqu\u00ed y nos ofrece una estampa muy diferente de la que el turista tradicional est\u00e1 acostumbrado. Nos adentramos en el fr\u00edo Diciembre y, por ende, en la Navidad, fechas especiales para todos, [&hellip;]<\/p>\n","protected":false},"author":2,"featured_media":0,"comment_status":"open","ping_status":"open","sticky":false,"template":"","format":"standard","meta":{"footnotes":""},"categories":[5,6],"tags":[],"class_list":["post-220","post","type-post","status-publish","format-standard","hentry","category-culturales","category-mallorca"],"yoast_head":"<!-- This site is optimized with the Yoast SEO plugin v27.2 - https:\/\/yoast.com\/product\/yoast-seo-wordpress\/ -->\n<title>Navidad Mallorquina - Porta Mallorquina Blog<\/title>\n<meta name=\"robots\" content=\"index, follow, max-snippet:-1, max-image-preview:large, max-video-preview:-1\" \/>\n<link rel=\"canonical\" href=\"https:\/\/www.porta-mallorquina.es\/blog\/navidad-mallorquina\/\" \/>\n<meta property=\"og:locale\" content=\"en_US\" \/>\n<meta property=\"og:type\" content=\"article\" \/>\n<meta property=\"og:title\" content=\"Navidad Mallorquina - Porta Mallorquina Blog\" \/>\n<meta property=\"og:description\" content=\"Navidad Mallorquina Llega el fr\u00edo a Mallorca y las primeras nieves en los picos m\u00e1s altos de la isla. El invierno ya est\u00e1 aqu\u00ed y nos ofrece una estampa muy diferente de la que el turista tradicional est\u00e1 acostumbrado. Nos adentramos en el fr\u00edo Diciembre y, por ende, en la Navidad, fechas especiales para todos, [&hellip;]\" \/>\n<meta property=\"og:url\" content=\"https:\/\/www.porta-mallorquina.es\/blog\/navidad-mallorquina\/\" \/>\n<meta property=\"og:site_name\" content=\"Porta Mallorquina Blog\" \/>\n<meta property=\"article:published_time\" content=\"2011-12-29T12:48:09+00:00\" \/>\n<meta property=\"article:modified_time\" content=\"2016-06-27T15:48:15+00:00\" \/>\n<meta property=\"og:image\" content=\"https:\/\/www.porta-mallorquina.es\/blog\/mallorca\/ramblas-flores-palma-mallorca-254x300.jpg\" \/>\n<meta name=\"author\" content=\"Porta Mallorquina\" \/>\n<meta name=\"twitter:card\" content=\"summary_large_image\" \/>\n<meta name=\"twitter:label1\" content=\"Written by\" \/>\n\t<meta name=\"twitter:data1\" content=\"Porta Mallorquina\" \/>\n\t<meta name=\"twitter:label2\" content=\"Est. reading time\" \/>\n\t<meta name=\"twitter:data2\" content=\"3 minutes\" \/>\n<script type=\"application\/ld+json\" class=\"yoast-schema-graph\">{\"@context\":\"https:\/\/schema.org\",\"@graph\":[{\"@type\":\"Article\",\"@id\":\"https:\/\/www.porta-mallorquina.es\/blog\/navidad-mallorquina\/#article\",\"isPartOf\":{\"@id\":\"https:\/\/www.porta-mallorquina.es\/blog\/navidad-mallorquina\/\"},\"author\":{\"name\":\"Porta Mallorquina\",\"@id\":\"https:\/\/www.porta-mallorquina.es\/blog\/#\/schema\/person\/00d40468a84878931da4d5e16749c9f0\"},\"headline\":\"Navidad Mallorquina\",\"datePublished\":\"2011-12-29T12:48:09+00:00\",\"dateModified\":\"2016-06-27T15:48:15+00:00\",\"mainEntityOfPage\":{\"@id\":\"https:\/\/www.porta-mallorquina.es\/blog\/navidad-mallorquina\/\"},\"wordCount\":503,\"commentCount\":0,\"publisher\":{\"@id\":\"https:\/\/www.porta-mallorquina.es\/blog\/#organization\"},\"image\":{\"@id\":\"https:\/\/www.porta-mallorquina.es\/blog\/navidad-mallorquina\/#primaryimage\"},\"thumbnailUrl\":\"https:\/\/www.porta-mallorquina.es\/blog\/mallorca\/ramblas-flores-palma-mallorca-254x300.jpg\",\"articleSection\":[\"Culturales\",\"Mallorca\"],\"inLanguage\":\"en-US\",\"potentialAction\":[{\"@type\":\"CommentAction\",\"name\":\"Comment\",\"target\":[\"https:\/\/www.porta-mallorquina.es\/blog\/navidad-mallorquina\/#respond\"]}]},{\"@type\":\"WebPage\",\"@id\":\"https:\/\/www.porta-mallorquina.es\/blog\/navidad-mallorquina\/\",\"url\":\"https:\/\/www.porta-mallorquina.es\/blog\/navidad-mallorquina\/\",\"name\":\"Navidad Mallorquina - Porta Mallorquina Blog\",\"isPartOf\":{\"@id\":\"https:\/\/www.porta-mallorquina.es\/blog\/#website\"},\"primaryImageOfPage\":{\"@id\":\"https:\/\/www.porta-mallorquina.es\/blog\/navidad-mallorquina\/#primaryimage\"},\"image\":{\"@id\":\"https:\/\/www.porta-mallorquina.es\/blog\/navidad-mallorquina\/#primaryimage\"},\"thumbnailUrl\":\"https:\/\/www.porta-mallorquina.es\/blog\/mallorca\/ramblas-flores-palma-mallorca-254x300.jpg\",\"datePublished\":\"2011-12-29T12:48:09+00:00\",\"dateModified\":\"2016-06-27T15:48:15+00:00\",\"breadcrumb\":{\"@id\":\"https:\/\/www.porta-mallorquina.es\/blog\/navidad-mallorquina\/#breadcrumb\"},\"inLanguage\":\"en-US\",\"potentialAction\":[{\"@type\":\"ReadAction\",\"target\":[\"https:\/\/www.porta-mallorquina.es\/blog\/navidad-mallorquina\/\"]}]},{\"@type\":\"ImageObject\",\"inLanguage\":\"en-US\",\"@id\":\"https:\/\/www.porta-mallorquina.es\/blog\/navidad-mallorquina\/#primaryimage\",\"url\":\"https:\/\/www.porta-mallorquina.es\/blog\/mallorca\/ramblas-flores-palma-mallorca.jpg\",\"contentUrl\":\"https:\/\/www.porta-mallorquina.es\/blog\/mallorca\/ramblas-flores-palma-mallorca.jpg\",\"width\":\"480\",\"height\":\"566\",\"caption\":\"Ramblas de las flores en Palma de Mallorca\"},{\"@type\":\"BreadcrumbList\",\"@id\":\"https:\/\/www.porta-mallorquina.es\/blog\/navidad-mallorquina\/#breadcrumb\",\"itemListElement\":[{\"@type\":\"ListItem\",\"position\":1,\"name\":\"Portada\",\"item\":\"https:\/\/www.porta-mallorquina.es\/blog\/\"},{\"@type\":\"ListItem\",\"position\":2,\"name\":\"Navidad Mallorquina\"}]},{\"@type\":\"WebSite\",\"@id\":\"https:\/\/www.porta-mallorquina.es\/blog\/#website\",\"url\":\"https:\/\/www.porta-mallorquina.es\/blog\/\",\"name\":\"Porta Mallorquina Blog\",\"description\":\"m\u00e1s que inmuebles de Mallorca\",\"publisher\":{\"@id\":\"https:\/\/www.porta-mallorquina.es\/blog\/#organization\"},\"potentialAction\":[{\"@type\":\"SearchAction\",\"target\":{\"@type\":\"EntryPoint\",\"urlTemplate\":\"https:\/\/www.porta-mallorquina.es\/blog\/?s={search_term_string}\"},\"query-input\":{\"@type\":\"PropertyValueSpecification\",\"valueRequired\":true,\"valueName\":\"search_term_string\"}}],\"inLanguage\":\"en-US\"},{\"@type\":\"Organization\",\"@id\":\"https:\/\/www.porta-mallorquina.es\/blog\/#organization\",\"name\":\"Porta Mallorquina Blog\",\"url\":\"https:\/\/www.porta-mallorquina.es\/blog\/\",\"logo\":{\"@type\":\"ImageObject\",\"inLanguage\":\"en-US\",\"@id\":\"https:\/\/www.porta-mallorquina.es\/blog\/#\/schema\/logo\/image\/\",\"url\":\"https:\/\/www.porta-mallorquina.es\/blog\/mallorca\/porta-mallorquina-real-estate-mallorca-logo.png\",\"contentUrl\":\"https:\/\/www.porta-mallorquina.es\/blog\/mallorca\/porta-mallorquina-real-estate-mallorca-logo.png\",\"width\":570,\"height\":400,\"caption\":\"Porta Mallorquina Blog\"},\"image\":{\"@id\":\"https:\/\/www.porta-mallorquina.es\/blog\/#\/schema\/logo\/image\/\"}},{\"@type\":\"Person\",\"@id\":\"https:\/\/www.porta-mallorquina.es\/blog\/#\/schema\/person\/00d40468a84878931da4d5e16749c9f0\",\"name\":\"Porta Mallorquina\",\"sameAs\":[\"https:\/\/www.porta-mallorquina.es\"],\"url\":\"https:\/\/www.porta-mallorquina.es\/blog\/author\/petraz\/\"}]}<\/script>\n<!-- \/ Yoast SEO plugin. -->","yoast_head_json":{"title":"Navidad Mallorquina - Porta Mallorquina Blog","robots":{"index":"index","follow":"follow","max-snippet":"max-snippet:-1","max-image-preview":"max-image-preview:large","max-video-preview":"max-video-preview:-1"},"canonical":"https:\/\/www.porta-mallorquina.es\/blog\/navidad-mallorquina\/","og_locale":"en_US","og_type":"article","og_title":"Navidad Mallorquina - Porta Mallorquina Blog","og_description":"Navidad Mallorquina Llega el fr\u00edo a Mallorca y las primeras nieves en los picos m\u00e1s altos de la isla. El invierno ya est\u00e1 aqu\u00ed y nos ofrece una estampa muy diferente de la que el turista tradicional est\u00e1 acostumbrado. Nos adentramos en el fr\u00edo Diciembre y, por ende, en la Navidad, fechas especiales para todos, [&hellip;]","og_url":"https:\/\/www.porta-mallorquina.es\/blog\/navidad-mallorquina\/","og_site_name":"Porta Mallorquina Blog","article_published_time":"2011-12-29T12:48:09+00:00","article_modified_time":"2016-06-27T15:48:15+00:00","og_image":[{"url":"https:\/\/www.porta-mallorquina.es\/blog\/mallorca\/ramblas-flores-palma-mallorca-254x300.jpg","type":"","width":"","height":""}],"author":"Porta Mallorquina","twitter_card":"summary_large_image","twitter_misc":{"Written by":"Porta Mallorquina","Est. reading time":"3 minutes"},"schema":{"@context":"https:\/\/schema.org","@graph":[{"@type":"Article","@id":"https:\/\/www.porta-mallorquina.es\/blog\/navidad-mallorquina\/#article","isPartOf":{"@id":"https:\/\/www.porta-mallorquina.es\/blog\/navidad-mallorquina\/"},"author":{"name":"Porta Mallorquina","@id":"https:\/\/www.porta-mallorquina.es\/blog\/#\/schema\/person\/00d40468a84878931da4d5e16749c9f0"},"headline":"Navidad Mallorquina","datePublished":"2011-12-29T12:48:09+00:00","dateModified":"2016-06-27T15:48:15+00:00","mainEntityOfPage":{"@id":"https:\/\/www.porta-mallorquina.es\/blog\/navidad-mallorquina\/"},"wordCount":503,"commentCount":0,"publisher":{"@id":"https:\/\/www.porta-mallorquina.es\/blog\/#organization"},"image":{"@id":"https:\/\/www.porta-mallorquina.es\/blog\/navidad-mallorquina\/#primaryimage"},"thumbnailUrl":"https:\/\/www.porta-mallorquina.es\/blog\/mallorca\/ramblas-flores-palma-mallorca-254x300.jpg","articleSection":["Culturales","Mallorca"],"inLanguage":"en-US","potentialAction":[{"@type":"CommentAction","name":"Comment","target":["https:\/\/www.porta-mallorquina.es\/blog\/navidad-mallorquina\/#respond"]}]},{"@type":"WebPage","@id":"https:\/\/www.porta-mallorquina.es\/blog\/navidad-mallorquina\/","url":"https:\/\/www.porta-mallorquina.es\/blog\/navidad-mallorquina\/","name":"Navidad Mallorquina - Porta Mallorquina Blog","isPartOf":{"@id":"https:\/\/www.porta-mallorquina.es\/blog\/#website"},"primaryImageOfPage":{"@id":"https:\/\/www.porta-mallorquina.es\/blog\/navidad-mallorquina\/#primaryimage"},"image":{"@id":"https:\/\/www.porta-mallorquina.es\/blog\/navidad-mallorquina\/#primaryimage"},"thumbnailUrl":"https:\/\/www.porta-mallorquina.es\/blog\/mallorca\/ramblas-flores-palma-mallorca-254x300.jpg","datePublished":"2011-12-29T12:48:09+00:00","dateModified":"2016-06-27T15:48:15+00:00","breadcrumb":{"@id":"https:\/\/www.porta-mallorquina.es\/blog\/navidad-mallorquina\/#breadcrumb"},"inLanguage":"en-US","potentialAction":[{"@type":"ReadAction","target":["https:\/\/www.porta-mallorquina.es\/blog\/navidad-mallorquina\/"]}]},{"@type":"ImageObject","inLanguage":"en-US","@id":"https:\/\/www.porta-mallorquina.es\/blog\/navidad-mallorquina\/#primaryimage","url":"https:\/\/www.porta-mallorquina.es\/blog\/mallorca\/ramblas-flores-palma-mallorca.jpg","contentUrl":"https:\/\/www.porta-mallorquina.es\/blog\/mallorca\/ramblas-flores-palma-mallorca.jpg","width":"480","height":"566","caption":"Ramblas de las flores en Palma de Mallorca"},{"@type":"BreadcrumbList","@id":"https:\/\/www.porta-mallorquina.es\/blog\/navidad-mallorquina\/#breadcrumb","itemListElement":[{"@type":"ListItem","position":1,"name":"Portada","item":"https:\/\/www.porta-mallorquina.es\/blog\/"},{"@type":"ListItem","position":2,"name":"Navidad Mallorquina"}]},{"@type":"WebSite","@id":"https:\/\/www.porta-mallorquina.es\/blog\/#website","url":"https:\/\/www.porta-mallorquina.es\/blog\/","name":"Porta Mallorquina Blog","description":"m\u00e1s que inmuebles de Mallorca","publisher":{"@id":"https:\/\/www.porta-mallorquina.es\/blog\/#organization"},"potentialAction":[{"@type":"SearchAction","target":{"@type":"EntryPoint","urlTemplate":"https:\/\/www.porta-mallorquina.es\/blog\/?s={search_term_string}"},"query-input":{"@type":"PropertyValueSpecification","valueRequired":true,"valueName":"search_term_string"}}],"inLanguage":"en-US"},{"@type":"Organization","@id":"https:\/\/www.porta-mallorquina.es\/blog\/#organization","name":"Porta Mallorquina Blog","url":"https:\/\/www.porta-mallorquina.es\/blog\/","logo":{"@type":"ImageObject","inLanguage":"en-US","@id":"https:\/\/www.porta-mallorquina.es\/blog\/#\/schema\/logo\/image\/","url":"https:\/\/www.porta-mallorquina.es\/blog\/mallorca\/porta-mallorquina-real-estate-mallorca-logo.png","contentUrl":"https:\/\/www.porta-mallorquina.es\/blog\/mallorca\/porta-mallorquina-real-estate-mallorca-logo.png","width":570,"height":400,"caption":"Porta Mallorquina Blog"},"image":{"@id":"https:\/\/www.porta-mallorquina.es\/blog\/#\/schema\/logo\/image\/"}},{"@type":"Person","@id":"https:\/\/www.porta-mallorquina.es\/blog\/#\/schema\/person\/00d40468a84878931da4d5e16749c9f0","name":"Porta Mallorquina","sameAs":["https:\/\/www.porta-mallorquina.es"],"url":"https:\/\/www.porta-mallorquina.es\/blog\/author\/petraz\/"}]}},"_links":{"self":[{"href":"https:\/\/www.porta-mallorquina.es\/blog\/wp-json\/wp\/v2\/posts\/220","targetHints":{"allow":["GET"]}}],"collection":[{"href":"https:\/\/www.porta-mallorquina.es\/blog\/wp-json\/wp\/v2\/posts"}],"about":[{"href":"https:\/\/www.porta-mallorquina.es\/blog\/wp-json\/wp\/v2\/types\/post"}],"author":[{"embeddable":true,"href":"https:\/\/www.porta-mallorquina.es\/blog\/wp-json\/wp\/v2\/users\/2"}],"replies":[{"embeddable":true,"href":"https:\/\/www.porta-mallorquina.es\/blog\/wp-json\/wp\/v2\/comments?post=220"}],"version-history":[{"count":45,"href":"https:\/\/www.porta-mallorquina.es\/blog\/wp-json\/wp\/v2\/posts\/220\/revisions"}],"predecessor-version":[{"id":1549,"href":"https:\/\/www.porta-mallorquina.es\/blog\/wp-json\/wp\/v2\/posts\/220\/revisions\/1549"}],"wp:attachment":[{"href":"https:\/\/www.porta-mallorquina.es\/blog\/wp-json\/wp\/v2\/media?parent=220"}],"wp:term":[{"taxonomy":"category","embeddable":true,"href":"https:\/\/www.porta-mallorquina.es\/blog\/wp-json\/wp\/v2\/categories?post=220"},{"taxonomy":"post_tag","embeddable":true,"href":"https:\/\/www.porta-mallorquina.es\/blog\/wp-json\/wp\/v2\/tags?post=220"}],"curies":[{"name":"wp","href":"https:\/\/api.w.org\/{rel}","templated":true}]}}