{"id":2314,"date":"2022-04-26T16:27:06","date_gmt":"2022-04-26T14:27:06","guid":{"rendered":"https:\/\/www.porta-mallorquina.es\/blog\/?p=2314"},"modified":"2022-09-05T13:47:41","modified_gmt":"2022-09-05T11:47:41","slug":"mallorca-arranca-una-prometedora-temporada-2022","status":"publish","type":"post","link":"https:\/\/www.porta-mallorquina.es\/blog\/mallorca-arranca-una-prometedora-temporada-2022\/","title":{"rendered":"Mallorca arranca una prometedora temporada 2022"},"content":{"rendered":"<p>No s\u00f3lo en Alemania palpita con fuerza el deseo de vacaciones tras dos a\u00f1os de pandemia: Con unos 20 grados muy primaverales, cientos de miles de veraneantes de toda Europa vienen a pasar las vacaciones de Semana Santa en Mallorca. Las restricciones impuestas por el Coronavirus se est\u00e1n flexibilizando y el 19 de abril se ha eliminado el uso obligatorio de la mascarilla. As\u00ed, la isla de vacaciones m\u00e1s popular de Europa se adentra en una <strong>temporada 2022 muy prometedora<\/strong>. Los propietarios de hoteles y casas vacacionales disfrutan de un r\u00e9cord de reservas.<\/p>\n<div id=\"attachment_2315\" class=\"wp-caption aligncenter\" style=\"width: 600px\"><a href=\"https:\/\/www.porta-mallorquina.es\/inmobiliaria\/porreres-casa-115576.html\" target=\"_blank\" rel=\"noopener\"><img loading=\"lazy\" decoding=\"async\" class=\"wp-image-2315\" title=\"El mercado inmobiliario de Mallorca no parece muy afectado por la pandemia. \" src=\"https:\/\/www.porta-mallorquina.es\/blog\/mallorca\/115576_2-scaled.jpg\" alt=\"El mercado inmobiliario de Mallorca no parece muy afectado por la pandemia. \" width=\"600\" height=\"401\" srcset=\"https:\/\/www.porta-mallorquina.es\/blog\/mallorca\/115576_2-scaled.jpg 2560w, https:\/\/www.porta-mallorquina.es\/blog\/mallorca\/115576_2-300x200.jpg 300w, https:\/\/www.porta-mallorquina.es\/blog\/mallorca\/115576_2-1024x683.jpg 1024w, https:\/\/www.porta-mallorquina.es\/blog\/mallorca\/115576_2-768x513.jpg 768w, https:\/\/www.porta-mallorquina.es\/blog\/mallorca\/115576_2-1536x1025.jpg 1536w, https:\/\/www.porta-mallorquina.es\/blog\/mallorca\/115576_2-2048x1367.jpg 2048w\" sizes=\"auto, (max-width: 600px) 100vw, 600px\" \/><\/a><p class=\"wp-caption-text\">El mercado inmobiliario de Mallorca no parece muy afectado por la pandemia.<\/p><\/div>\n<p>Tradicionalmente, la temporada tur\u00edstica en Mallorca comienza con la Semana Santa. La procesi\u00f3n en el Calvario de Pollensa es desde hace a\u00f1os uno de los momentos m\u00e1s destacados, y no s\u00f3lo para los religiosos. Este a\u00f1o, numerosos espectadores se han reunido nuevamente a lo largo de la hist\u00f3rica &#8220;Escalinata&#8221;, que consta exactamente de 365 escalones y es uno de los puntos emblem\u00e1ticos para la comunidad cristiana. La procesi\u00f3n ha comenzado a primera hora de la tarde en el claustro que est\u00e1 en la cima del Calvario. Los que a\u00fan no han participado, les recomendamos que lo apunten en sus calendarios para el a\u00f1o que viene.<\/p>\n<h2>La isla m\u00e1s popular de Europa deja atr\u00e1s la pandemia<\/h2>\n<p>No s\u00f3lo la procesi\u00f3n de Semana Santa ha demostrado que Mallorca es una isla muy concurrida. Esto tambi\u00e9n ha sido confirmado por la industria del turismo. Las compa\u00f1\u00edas a\u00e9reas alemanas, sobre todo Lufthansa y TuiFly, vuelven a centrarse de lleno en las Islas Baleares y en Espa\u00f1a tras dos a\u00f1os de duras restricciones por la pandemia. Las proyecciones actuales prev\u00e9n un <strong>incremento de pasajeros de al menos un 10%<\/strong> en comparaci\u00f3n con el a\u00f1o 2019, anterior a la crisis. Seg\u00fan la Federaci\u00f3n Empresarial Hotelera de Mallorca (FEHM), la situaci\u00f3n de las reservas ha vuelto casi al nivel de 2019. En Semana Santa, la ocupaci\u00f3n de las plazas en hoteles rondaba probablemente el 85%. A modo de comparaci\u00f3n: seg\u00fan la FEHM, en 2021 era s\u00f3lo el 17%.<\/p>\n<p>Los que usan su finca como propiedad de alquiler tambi\u00e9n pueden esperar un verano muy rentable. Seg\u00fan Bookiply, socio colaborador de Porta Holiday, las reservas en el primer trimestre de 2022 se han quintuplicado con respecto al a\u00f1o anterior. Si todav\u00eda est\u00e1 buscando una finca o un piso para el verano, encontrar\u00e1 m\u00e1s de 3000 alojamientos con el mejor precio garantizado en <a href=\"https:\/\/www.portaholiday.es\/\" target=\"_blank\" rel=\"noopener\">portaholiday.es<\/a>.<\/p>\n<h2>Desde el 19 de abril no se requiere el uso de mascarillas<\/h2>\n<p>Mientras tanto, los espa\u00f1oles vuelven a tener una vida casi normal. La incidencia de casos est\u00e1 disminuyendo, lo que se debe tambi\u00e9n a la <strong>elevada tasa de vacunaci\u00f3n espa\u00f1ola<\/strong>. Durante mucho tiempo, el gobierno balear ha sido especialmente cauto en la gesti\u00f3n de la pandemia en comparaci\u00f3n con el resto del pa\u00eds, pero ahora las medidas han sido suavizadas considerablemente. En las industrias de la gastronom\u00eda y el entretenimiento, hace tiempo que todo est\u00e1 abierto. El 19 de abril, tambi\u00e9n se ha eliminado la obligaci\u00f3n general de llevar mascarilla en interiores en Mallorca y en el resto de Espa\u00f1a, con excepciones en el sector de la salud y en eventos de mayor envergadura donde se re\u00fanen muchas personas en un espacio reducido. No obstante, se trata de un paso importante.<\/p>\n<p>Adem\u00e1s, aquellos que est\u00e9n vacunados ya no necesitan mostrar un test covid al entrar a Espa\u00f1a, y el formulario de entrada &#8220;Spain Travel Health&#8221; tampoco es ya obligatorio si el viajero puede mostrar un Certificado COVID Digital de la Uni\u00f3n Europea.<\/p>\n<h2>Nuevo estudio confirma una gran demanda de inmuebles en Mallorca<\/h2>\n<p>El mercado inmobiliario de Mallorca no parece muy afectado por la pandemia. Ser propietario de cuatro paredes en la isla es el sue\u00f1o de toda una vida y tambi\u00e9n una inversi\u00f3n. Aquellos que actualmente quieren comprar una propiedad vacacional en la m\u00e1s grande de las Islas Baleares, tienen que elegir entre una oferta significativamente menor que el a\u00f1o pasado, decidir r\u00e1pidamente y pagar un precio m\u00e1s alto. Estos son los resultados de un estudio de mercado independiente encargado por la agencia inmobiliaria Porta Mallorquina Real Estate.<\/p>\n<p><img loading=\"lazy\" decoding=\"async\" class=\"aligncenter size-full wp-image-2292\" src=\"https:\/\/www.porta-mallorquina.es\/blog\/mallorca\/Infografia_mercado_inmobiliario_Mallorca_2022-e1647524525413.jpeg\" alt=\"\" width=\"600\" height=\"612\" \/><\/p>\n<p>Y los expertos no ven un final para del boom <a href=\"https:\/\/www.porta-mallorquina.es\">inmobiliario en Mallorca<\/a>. Mientras que la oferta ha disminuido alrededor de un 18% en comparaci\u00f3n con el a\u00f1o anterior, los precios han aumentado hasta un 18%. Los detalles del estudio pueden encontrarse <a href=\"https:\/\/www.porta-mallorquina.es\/blog\/estudio-de-mercado-inmobiliario-mallorca-2022\/\" target=\"_blank\" rel=\"noopener\">aqu\u00ed<\/a>.<\/p>\n<p>&nbsp;<\/p>\n","protected":false},"excerpt":{"rendered":"<p>No s\u00f3lo en Alemania palpita con fuerza el deseo de vacaciones tras dos a\u00f1os de pandemia: Con unos 20 grados muy primaverales, cientos de miles de veraneantes de toda Europa vienen a pasar las vacaciones de Semana Santa en Mallorca. Las restricciones impuestas por el Coronavirus se est\u00e1n flexibilizando y el 19 de abril se ha eliminado el uso obligatorio de la mascarilla. As\u00ed, la isla de vacaciones m\u00e1s popular de Europa se adentra en una temporada 2022 muy prometedora. Los propietarios de hoteles y casas vacacionales disfrutan de un r\u00e9cord de reservas.<\/p>\n","protected":false},"author":2,"featured_media":2315,"comment_status":"open","ping_status":"open","sticky":false,"template":"","format":"standard","meta":{"footnotes":""},"categories":[6,9],"tags":[],"class_list":["post-2314","post","type-post","status-publish","format-standard","has-post-thumbnail","hentry","category-mallorca","category-porta-mallorquina"],"yoast_head":"<!-- This site is optimized with the Yoast SEO plugin v27.2 - https:\/\/yoast.com\/product\/yoast-seo-wordpress\/ -->\n<title>Mallorca arranca una prometedora temporada 2022 - Porta Mallorquina Blog<\/title>\n<meta name=\"robots\" content=\"index, follow, max-snippet:-1, max-image-preview:large, max-video-preview:-1\" \/>\n<link rel=\"canonical\" href=\"https:\/\/www.porta-mallorquina.es\/blog\/mallorca-arranca-una-prometedora-temporada-2022\/\" \/>\n<meta property=\"og:locale\" content=\"en_US\" \/>\n<meta property=\"og:type\" content=\"article\" \/>\n<meta property=\"og:title\" content=\"Mallorca arranca una prometedora temporada 2022 - Porta Mallorquina Blog\" \/>\n<meta property=\"og:description\" content=\"No s\u00f3lo en Alemania palpita con fuerza el deseo de vacaciones tras dos a\u00f1os de pandemia: Con unos 20 grados muy primaverales, cientos de miles de veraneantes de toda Europa vienen a pasar las vacaciones de Semana Santa en Mallorca. Las restricciones impuestas por el Coronavirus se est\u00e1n flexibilizando y el 19 de abril se ha eliminado el uso obligatorio de la mascarilla. As\u00ed, la isla de vacaciones m\u00e1s popular de Europa se adentra en una temporada 2022 muy prometedora. Los propietarios de hoteles y casas vacacionales disfrutan de un r\u00e9cord de reservas.\" \/>\n<meta property=\"og:url\" content=\"https:\/\/www.porta-mallorquina.es\/blog\/mallorca-arranca-una-prometedora-temporada-2022\/\" \/>\n<meta property=\"og:site_name\" content=\"Porta Mallorquina Blog\" \/>\n<meta property=\"article:published_time\" content=\"2022-04-26T14:27:06+00:00\" \/>\n<meta property=\"article:modified_time\" content=\"2022-09-05T11:47:41+00:00\" \/>\n<meta property=\"og:image\" content=\"https:\/\/www.porta-mallorquina.es\/blog\/mallorca\/115576_2-scaled.jpg\" \/>\n\t<meta property=\"og:image:width\" content=\"2560\" \/>\n\t<meta property=\"og:image:height\" content=\"1709\" \/>\n\t<meta property=\"og:image:type\" content=\"image\/jpeg\" \/>\n<meta name=\"author\" content=\"Porta Mallorquina\" \/>\n<meta name=\"twitter:card\" content=\"summary_large_image\" \/>\n<meta name=\"twitter:label1\" content=\"Written by\" \/>\n\t<meta name=\"twitter:data1\" content=\"Porta Mallorquina\" \/>\n\t<meta name=\"twitter:label2\" content=\"Est. reading time\" \/>\n\t<meta name=\"twitter:data2\" content=\"4 minutes\" \/>\n<script type=\"application\/ld+json\" class=\"yoast-schema-graph\">{\"@context\":\"https:\/\/schema.org\",\"@graph\":[{\"@type\":\"Article\",\"@id\":\"https:\/\/www.porta-mallorquina.es\/blog\/mallorca-arranca-una-prometedora-temporada-2022\/#article\",\"isPartOf\":{\"@id\":\"https:\/\/www.porta-mallorquina.es\/blog\/mallorca-arranca-una-prometedora-temporada-2022\/\"},\"author\":{\"name\":\"Porta Mallorquina\",\"@id\":\"https:\/\/www.porta-mallorquina.es\/blog\/#\/schema\/person\/00d40468a84878931da4d5e16749c9f0\"},\"headline\":\"Mallorca arranca una prometedora temporada 2022\",\"datePublished\":\"2022-04-26T14:27:06+00:00\",\"dateModified\":\"2022-09-05T11:47:41+00:00\",\"mainEntityOfPage\":{\"@id\":\"https:\/\/www.porta-mallorquina.es\/blog\/mallorca-arranca-una-prometedora-temporada-2022\/\"},\"wordCount\":794,\"commentCount\":0,\"publisher\":{\"@id\":\"https:\/\/www.porta-mallorquina.es\/blog\/#organization\"},\"image\":{\"@id\":\"https:\/\/www.porta-mallorquina.es\/blog\/mallorca-arranca-una-prometedora-temporada-2022\/#primaryimage\"},\"thumbnailUrl\":\"https:\/\/www.porta-mallorquina.es\/blog\/mallorca\/115576_2-scaled.jpg\",\"articleSection\":[\"Mallorca\",\"Porta Mallorquina\"],\"inLanguage\":\"en-US\",\"potentialAction\":[{\"@type\":\"CommentAction\",\"name\":\"Comment\",\"target\":[\"https:\/\/www.porta-mallorquina.es\/blog\/mallorca-arranca-una-prometedora-temporada-2022\/#respond\"]}]},{\"@type\":\"WebPage\",\"@id\":\"https:\/\/www.porta-mallorquina.es\/blog\/mallorca-arranca-una-prometedora-temporada-2022\/\",\"url\":\"https:\/\/www.porta-mallorquina.es\/blog\/mallorca-arranca-una-prometedora-temporada-2022\/\",\"name\":\"Mallorca arranca una prometedora temporada 2022 - Porta Mallorquina Blog\",\"isPartOf\":{\"@id\":\"https:\/\/www.porta-mallorquina.es\/blog\/#website\"},\"primaryImageOfPage\":{\"@id\":\"https:\/\/www.porta-mallorquina.es\/blog\/mallorca-arranca-una-prometedora-temporada-2022\/#primaryimage\"},\"image\":{\"@id\":\"https:\/\/www.porta-mallorquina.es\/blog\/mallorca-arranca-una-prometedora-temporada-2022\/#primaryimage\"},\"thumbnailUrl\":\"https:\/\/www.porta-mallorquina.es\/blog\/mallorca\/115576_2-scaled.jpg\",\"datePublished\":\"2022-04-26T14:27:06+00:00\",\"dateModified\":\"2022-09-05T11:47:41+00:00\",\"breadcrumb\":{\"@id\":\"https:\/\/www.porta-mallorquina.es\/blog\/mallorca-arranca-una-prometedora-temporada-2022\/#breadcrumb\"},\"inLanguage\":\"en-US\",\"potentialAction\":[{\"@type\":\"ReadAction\",\"target\":[\"https:\/\/www.porta-mallorquina.es\/blog\/mallorca-arranca-una-prometedora-temporada-2022\/\"]}]},{\"@type\":\"ImageObject\",\"inLanguage\":\"en-US\",\"@id\":\"https:\/\/www.porta-mallorquina.es\/blog\/mallorca-arranca-una-prometedora-temporada-2022\/#primaryimage\",\"url\":\"https:\/\/www.porta-mallorquina.es\/blog\/mallorca\/115576_2-scaled.jpg\",\"contentUrl\":\"https:\/\/www.porta-mallorquina.es\/blog\/mallorca\/115576_2-scaled.jpg\",\"width\":2560,\"height\":1709},{\"@type\":\"BreadcrumbList\",\"@id\":\"https:\/\/www.porta-mallorquina.es\/blog\/mallorca-arranca-una-prometedora-temporada-2022\/#breadcrumb\",\"itemListElement\":[{\"@type\":\"ListItem\",\"position\":1,\"name\":\"Portada\",\"item\":\"https:\/\/www.porta-mallorquina.es\/blog\/\"},{\"@type\":\"ListItem\",\"position\":2,\"name\":\"Mallorca arranca una prometedora temporada 2022\"}]},{\"@type\":\"WebSite\",\"@id\":\"https:\/\/www.porta-mallorquina.es\/blog\/#website\",\"url\":\"https:\/\/www.porta-mallorquina.es\/blog\/\",\"name\":\"Porta Mallorquina Blog\",\"description\":\"m\u00e1s que inmuebles de Mallorca\",\"publisher\":{\"@id\":\"https:\/\/www.porta-mallorquina.es\/blog\/#organization\"},\"potentialAction\":[{\"@type\":\"SearchAction\",\"target\":{\"@type\":\"EntryPoint\",\"urlTemplate\":\"https:\/\/www.porta-mallorquina.es\/blog\/?s={search_term_string}\"},\"query-input\":{\"@type\":\"PropertyValueSpecification\",\"valueRequired\":true,\"valueName\":\"search_term_string\"}}],\"inLanguage\":\"en-US\"},{\"@type\":\"Organization\",\"@id\":\"https:\/\/www.porta-mallorquina.es\/blog\/#organization\",\"name\":\"Porta Mallorquina Blog\",\"url\":\"https:\/\/www.porta-mallorquina.es\/blog\/\",\"logo\":{\"@type\":\"ImageObject\",\"inLanguage\":\"en-US\",\"@id\":\"https:\/\/www.porta-mallorquina.es\/blog\/#\/schema\/logo\/image\/\",\"url\":\"https:\/\/www.porta-mallorquina.es\/blog\/mallorca\/porta-mallorquina-real-estate-mallorca-logo.png\",\"contentUrl\":\"https:\/\/www.porta-mallorquina.es\/blog\/mallorca\/porta-mallorquina-real-estate-mallorca-logo.png\",\"width\":570,\"height\":400,\"caption\":\"Porta Mallorquina Blog\"},\"image\":{\"@id\":\"https:\/\/www.porta-mallorquina.es\/blog\/#\/schema\/logo\/image\/\"}},{\"@type\":\"Person\",\"@id\":\"https:\/\/www.porta-mallorquina.es\/blog\/#\/schema\/person\/00d40468a84878931da4d5e16749c9f0\",\"name\":\"Porta Mallorquina\",\"sameAs\":[\"https:\/\/www.porta-mallorquina.es\"],\"url\":\"https:\/\/www.porta-mallorquina.es\/blog\/author\/petraz\/\"}]}<\/script>\n<!-- \/ Yoast SEO plugin. -->","yoast_head_json":{"title":"Mallorca arranca una prometedora temporada 2022 - Porta Mallorquina Blog","robots":{"index":"index","follow":"follow","max-snippet":"max-snippet:-1","max-image-preview":"max-image-preview:large","max-video-preview":"max-video-preview:-1"},"canonical":"https:\/\/www.porta-mallorquina.es\/blog\/mallorca-arranca-una-prometedora-temporada-2022\/","og_locale":"en_US","og_type":"article","og_title":"Mallorca arranca una prometedora temporada 2022 - Porta Mallorquina Blog","og_description":"No s\u00f3lo en Alemania palpita con fuerza el deseo de vacaciones tras dos a\u00f1os de pandemia: Con unos 20 grados muy primaverales, cientos de miles de veraneantes de toda Europa vienen a pasar las vacaciones de Semana Santa en Mallorca. Las restricciones impuestas por el Coronavirus se est\u00e1n flexibilizando y el 19 de abril se ha eliminado el uso obligatorio de la mascarilla. As\u00ed, la isla de vacaciones m\u00e1s popular de Europa se adentra en una temporada 2022 muy prometedora. Los propietarios de hoteles y casas vacacionales disfrutan de un r\u00e9cord de reservas.","og_url":"https:\/\/www.porta-mallorquina.es\/blog\/mallorca-arranca-una-prometedora-temporada-2022\/","og_site_name":"Porta Mallorquina Blog","article_published_time":"2022-04-26T14:27:06+00:00","article_modified_time":"2022-09-05T11:47:41+00:00","og_image":[{"width":2560,"height":1709,"url":"https:\/\/www.porta-mallorquina.es\/blog\/mallorca\/115576_2-scaled.jpg","type":"image\/jpeg"}],"author":"Porta Mallorquina","twitter_card":"summary_large_image","twitter_misc":{"Written by":"Porta Mallorquina","Est. reading time":"4 minutes"},"schema":{"@context":"https:\/\/schema.org","@graph":[{"@type":"Article","@id":"https:\/\/www.porta-mallorquina.es\/blog\/mallorca-arranca-una-prometedora-temporada-2022\/#article","isPartOf":{"@id":"https:\/\/www.porta-mallorquina.es\/blog\/mallorca-arranca-una-prometedora-temporada-2022\/"},"author":{"name":"Porta Mallorquina","@id":"https:\/\/www.porta-mallorquina.es\/blog\/#\/schema\/person\/00d40468a84878931da4d5e16749c9f0"},"headline":"Mallorca arranca una prometedora temporada 2022","datePublished":"2022-04-26T14:27:06+00:00","dateModified":"2022-09-05T11:47:41+00:00","mainEntityOfPage":{"@id":"https:\/\/www.porta-mallorquina.es\/blog\/mallorca-arranca-una-prometedora-temporada-2022\/"},"wordCount":794,"commentCount":0,"publisher":{"@id":"https:\/\/www.porta-mallorquina.es\/blog\/#organization"},"image":{"@id":"https:\/\/www.porta-mallorquina.es\/blog\/mallorca-arranca-una-prometedora-temporada-2022\/#primaryimage"},"thumbnailUrl":"https:\/\/www.porta-mallorquina.es\/blog\/mallorca\/115576_2-scaled.jpg","articleSection":["Mallorca","Porta Mallorquina"],"inLanguage":"en-US","potentialAction":[{"@type":"CommentAction","name":"Comment","target":["https:\/\/www.porta-mallorquina.es\/blog\/mallorca-arranca-una-prometedora-temporada-2022\/#respond"]}]},{"@type":"WebPage","@id":"https:\/\/www.porta-mallorquina.es\/blog\/mallorca-arranca-una-prometedora-temporada-2022\/","url":"https:\/\/www.porta-mallorquina.es\/blog\/mallorca-arranca-una-prometedora-temporada-2022\/","name":"Mallorca arranca una prometedora temporada 2022 - Porta Mallorquina Blog","isPartOf":{"@id":"https:\/\/www.porta-mallorquina.es\/blog\/#website"},"primaryImageOfPage":{"@id":"https:\/\/www.porta-mallorquina.es\/blog\/mallorca-arranca-una-prometedora-temporada-2022\/#primaryimage"},"image":{"@id":"https:\/\/www.porta-mallorquina.es\/blog\/mallorca-arranca-una-prometedora-temporada-2022\/#primaryimage"},"thumbnailUrl":"https:\/\/www.porta-mallorquina.es\/blog\/mallorca\/115576_2-scaled.jpg","datePublished":"2022-04-26T14:27:06+00:00","dateModified":"2022-09-05T11:47:41+00:00","breadcrumb":{"@id":"https:\/\/www.porta-mallorquina.es\/blog\/mallorca-arranca-una-prometedora-temporada-2022\/#breadcrumb"},"inLanguage":"en-US","potentialAction":[{"@type":"ReadAction","target":["https:\/\/www.porta-mallorquina.es\/blog\/mallorca-arranca-una-prometedora-temporada-2022\/"]}]},{"@type":"ImageObject","inLanguage":"en-US","@id":"https:\/\/www.porta-mallorquina.es\/blog\/mallorca-arranca-una-prometedora-temporada-2022\/#primaryimage","url":"https:\/\/www.porta-mallorquina.es\/blog\/mallorca\/115576_2-scaled.jpg","contentUrl":"https:\/\/www.porta-mallorquina.es\/blog\/mallorca\/115576_2-scaled.jpg","width":2560,"height":1709},{"@type":"BreadcrumbList","@id":"https:\/\/www.porta-mallorquina.es\/blog\/mallorca-arranca-una-prometedora-temporada-2022\/#breadcrumb","itemListElement":[{"@type":"ListItem","position":1,"name":"Portada","item":"https:\/\/www.porta-mallorquina.es\/blog\/"},{"@type":"ListItem","position":2,"name":"Mallorca arranca una prometedora temporada 2022"}]},{"@type":"WebSite","@id":"https:\/\/www.porta-mallorquina.es\/blog\/#website","url":"https:\/\/www.porta-mallorquina.es\/blog\/","name":"Porta Mallorquina Blog","description":"m\u00e1s que inmuebles de Mallorca","publisher":{"@id":"https:\/\/www.porta-mallorquina.es\/blog\/#organization"},"potentialAction":[{"@type":"SearchAction","target":{"@type":"EntryPoint","urlTemplate":"https:\/\/www.porta-mallorquina.es\/blog\/?s={search_term_string}"},"query-input":{"@type":"PropertyValueSpecification","valueRequired":true,"valueName":"search_term_string"}}],"inLanguage":"en-US"},{"@type":"Organization","@id":"https:\/\/www.porta-mallorquina.es\/blog\/#organization","name":"Porta Mallorquina Blog","url":"https:\/\/www.porta-mallorquina.es\/blog\/","logo":{"@type":"ImageObject","inLanguage":"en-US","@id":"https:\/\/www.porta-mallorquina.es\/blog\/#\/schema\/logo\/image\/","url":"https:\/\/www.porta-mallorquina.es\/blog\/mallorca\/porta-mallorquina-real-estate-mallorca-logo.png","contentUrl":"https:\/\/www.porta-mallorquina.es\/blog\/mallorca\/porta-mallorquina-real-estate-mallorca-logo.png","width":570,"height":400,"caption":"Porta Mallorquina Blog"},"image":{"@id":"https:\/\/www.porta-mallorquina.es\/blog\/#\/schema\/logo\/image\/"}},{"@type":"Person","@id":"https:\/\/www.porta-mallorquina.es\/blog\/#\/schema\/person\/00d40468a84878931da4d5e16749c9f0","name":"Porta Mallorquina","sameAs":["https:\/\/www.porta-mallorquina.es"],"url":"https:\/\/www.porta-mallorquina.es\/blog\/author\/petraz\/"}]}},"_links":{"self":[{"href":"https:\/\/www.porta-mallorquina.es\/blog\/wp-json\/wp\/v2\/posts\/2314","targetHints":{"allow":["GET"]}}],"collection":[{"href":"https:\/\/www.porta-mallorquina.es\/blog\/wp-json\/wp\/v2\/posts"}],"about":[{"href":"https:\/\/www.porta-mallorquina.es\/blog\/wp-json\/wp\/v2\/types\/post"}],"author":[{"embeddable":true,"href":"https:\/\/www.porta-mallorquina.es\/blog\/wp-json\/wp\/v2\/users\/2"}],"replies":[{"embeddable":true,"href":"https:\/\/www.porta-mallorquina.es\/blog\/wp-json\/wp\/v2\/comments?post=2314"}],"version-history":[{"count":5,"href":"https:\/\/www.porta-mallorquina.es\/blog\/wp-json\/wp\/v2\/posts\/2314\/revisions"}],"predecessor-version":[{"id":2365,"href":"https:\/\/www.porta-mallorquina.es\/blog\/wp-json\/wp\/v2\/posts\/2314\/revisions\/2365"}],"wp:featuredmedia":[{"embeddable":true,"href":"https:\/\/www.porta-mallorquina.es\/blog\/wp-json\/wp\/v2\/media\/2315"}],"wp:attachment":[{"href":"https:\/\/www.porta-mallorquina.es\/blog\/wp-json\/wp\/v2\/media?parent=2314"}],"wp:term":[{"taxonomy":"category","embeddable":true,"href":"https:\/\/www.porta-mallorquina.es\/blog\/wp-json\/wp\/v2\/categories?post=2314"},{"taxonomy":"post_tag","embeddable":true,"href":"https:\/\/www.porta-mallorquina.es\/blog\/wp-json\/wp\/v2\/tags?post=2314"}],"curies":[{"name":"wp","href":"https:\/\/api.w.org\/{rel}","templated":true}]}}