{"id":2539,"date":"2023-04-20T15:55:08","date_gmt":"2023-04-20T13:55:08","guid":{"rendered":"https:\/\/www.porta-mallorquina.es\/blog\/?p=2539"},"modified":"2023-04-24T15:03:45","modified_gmt":"2023-04-24T13:03:45","slug":"alquilar-como-corresponde-en-mallorca","status":"publish","type":"post","link":"https:\/\/www.porta-mallorquina.es\/blog\/alquilar-como-corresponde-en-mallorca\/","title":{"rendered":"Alquilar como corresponde en Mallorca: Lo que hay que saber"},"content":{"rendered":"<p><em>Las diferencias entre alquiler residencial, vacacional y alquiler por temporada en Mallorca<\/em><\/p>\n<p>\u00bfTuristas, trabajadores de temporada o inquilinos permanentes? No es f\u00e1cil decidir qu\u00e9 tipo de alquiler es el m\u00e1s adecuado para su propiedad en Mallorca. Pero, \u00bfCu\u00e1l es la diferencia entre alquiler residencial, vacacional y de temporada? \u00bfQu\u00e9 debe tener en cuenta desde el punto de vista fiscal?<\/p>\n<h2>Alquiler vacacional en Mallorca: no m\u00e1s de 1 mes<\/h2>\n<p>A menudo, los inversores pueden esperar el mejor rendimiento de los alquileres vacacionales. Sin embargo, debido al auge en los \u00faltimos a\u00f1os de los alquileres por cortos per\u00edodos a turistas en Mallorca y las islas vecinas, el gobierno balear ha puesto freno a la oferta no regulada. Desde 2012, se exige una licencia para practicar el <a href=\"https:\/\/www.porta-mallorquina.es\/blog\/alquiler-vacacional-en-mallorca\/\" target=\"_blank\" rel=\"noopener\">alquiler vacacional de forma legal<\/a> en las islas. La ley prev\u00e9 multas de al menos 20.001 euros por alquilar sin la licencia correspondiente, que es comprobada por inspectores. Los turistas tambi\u00e9n pueden comprobar si est\u00e1n alquilando una casa de vacaciones de forma legal a trav\u00e9s de la aplicaci\u00f3n &#8220;Holiday Rental Check Mallorca&#8221;. Desde 2022, la Direcci\u00f3n General de Turismo de Mallorca <a href=\"https:\/\/www.porta-mallorquina.es\/blog\/alquiler-vacacional-en-mallorca\/\" target=\"_blank\" rel=\"noopener\">ya no expide nuevas licencias de alquiler vacacional<\/a>, sin embargo, cualquier persona que compre una propiedad <a href=\"https:\/\/www.porta-mallorquina.es\/inmobiliaria\/licencia-vacacional\/\" target=\"_blank\" rel=\"noopener\">con una licencia existente<\/a> podr\u00e1 seguir alquilando a turistas.<\/p>\n<div id=\"attachment_2540\" class=\"wp-caption aligncenter\" style=\"width: 600px\"><img loading=\"lazy\" decoding=\"async\" class=\"wp-image-2540\" title=\"Alquiler vacacional Mallorca\" src=\"https:\/\/www.porta-mallorquina.es\/blog\/mallorca\/Alquiler-vacacional-Mallorca.jpg\" alt=\"Alquiler vacacional Mallorca\" width=\"600\" height=\"374\" srcset=\"https:\/\/www.porta-mallorquina.es\/blog\/mallorca\/Alquiler-vacacional-Mallorca.jpg 1000w, https:\/\/www.porta-mallorquina.es\/blog\/mallorca\/Alquiler-vacacional-Mallorca-300x187.jpg 300w, https:\/\/www.porta-mallorquina.es\/blog\/mallorca\/Alquiler-vacacional-Mallorca-768x478.jpg 768w\" sizes=\"auto, (max-width: 600px) 100vw, 600px\" \/><p class=\"wp-caption-text\">Alquiler vacacional Mallorca<\/p><\/div>\n<h2>La Ley de Turismo de las Islas Baleares define el alquiler vacacional<\/h2>\n<p>En principio, la Ley de Turismo de las Islas Baleares define el alquiler vacacional como cualquier alquiler de una vivienda residencial <strong>por un periodo inferior a 30 d\u00edas<\/strong>, a menos que el propietario pueda demostrar lo contrario a las autoridades competentes. La vivienda se alquila a turistas por d\u00edas o semanas a cambio de una tarifa. Por regla general, s\u00f3lo pueden alquilarse a los veraneantes casas completas (en algunas zonas tambi\u00e9n apartamentos completos). Salvo algunas excepciones, no se permite el alquiler de habitaciones individuales. Tambi\u00e9n, las propiedades vacacionales deben estar totalmente equipadas (muebles, vajilla, etc.). Algunos propietarios incluso ofrecen servicios similares a un hotel, como servicio regular de limpieza.<\/p>\n<h2>La comercializaci\u00f3n de las propiedades como indicador<\/h2>\n<p>Otro punto de definici\u00f3n de alquiler vacacional para las autoridades competentes, es la comercializaci\u00f3n a trav\u00e9s de &#8220;canales de distribuci\u00f3n tur\u00edstica&#8221;. Entre ellos se incluyen las plataformas online, las redes sociales y las agencias. El t\u00e9rmino &#8220;canal de distribuci\u00f3n tur\u00edstica&#8221; es amplio, de modo que los inspectores pueden determinar que un alquiler es tur\u00edstico si hay comercializaci\u00f3n a trav\u00e9s de una amplia variedad de medios, y tomar las medidas oportunas en caso de que no haya licencia.<\/p>\n<p>Desde el punto de vista fiscal, es importante se\u00f1alar que los arrendadores de propiedades vacacionales est\u00e1n obligados a cobrar el impuesto tur\u00edstico a sus hu\u00e9spedes y pagarlo a la Agencia Tributaria.<\/p>\n<h2>Alquiler vacacional: \u00bfCon o sin impuestos?<\/h2>\n<p>La pr\u00e1ctica del alquiler vacacional implica un establecimiento permanente para los no residentes, lo que significa que est\u00e1n sujetos a la ley del impuesto de sociedades. La diferencia con el alquiler vacacional exento de impuestos, que conlleva un r\u00e9gimen fiscal mucho m\u00e1s sencillo, es la prestaci\u00f3n de servicios durante la estancia del hu\u00e9sped (por ejemplo, servicio de limpieza).<\/p>\n<p>Los no residentes que est\u00e9n dentro de la modalidad de exenci\u00f3n de impuesto deben presentar una declaraci\u00f3n de impuestos (Modelo 210) con los ingresos obtenidos por alquiler, teniendo en cuenta los costes y las depreciaciones, cada trimestre antes del d\u00eda 20 del pr\u00f3ximo mes. Para los ciudadanos de la Uni\u00f3n Europea, se aplica un impuesto sobre la renta del 19% sobre la base imponible calculada. Si no hay impuesto a pagar, no se necesita presentar una declaraci\u00f3n de impuestos, pero se deben realizar los c\u00e1lculos correspondientes para registrar los costos que se pueden deducir en declaraciones futuras.<\/p>\n<h2>Alquiler a largo plazo en Mallorca: beneficio fiscal para residentes<\/h2>\n<p>En principio, los alquileres de m\u00e1s de 30 d\u00edas est\u00e1n sujetos a la Ley de Arrendamientos Residenciales (LAU), cuyo art\u00edculo 2 establece:<\/p>\n<blockquote><p>&#8220;El arrendamiento con fines residenciales es el alquiler de una edificaci\u00f3n habitable cuyo destino primordial sea satisfacer la necesidad permanente de vivienda del arrendatario&#8221;.<\/p><\/blockquote>\n<p>Por consiguiente, los inmuebles totalmente amueblados, as\u00ed como los inmuebles alquilados por un tiempo limitado y comercializados a trav\u00e9s de canales de distribuci\u00f3n tur\u00edstica, no est\u00e1n sujetos a la Ley de Arrendamiento Residencial.<\/p>\n<p>Los <a href=\"https:\/\/www.porta-mallorquina.es\/inmobiliaria\/alquiler\/\" target=\"_blank\" rel=\"noopener\">alquileres a largo plazo<\/a> que est\u00e1n sujetos a la ley deben cumplir varios requisitos. Entre otras cosas, debe pagarse una fianza de al menos un mes de alquiler y formalizar por escrito un contrato de arrendamiento. Tanto el propietario como el inquilino deben cumplir ciertas obligaciones en el contexto de un alquiler a largo plazo. La vivienda debe entregarse en condiciones que se ajusten a lo estipulado en el contrato, mientras que el inquilino, a su vez, est\u00e1 obligado a hacer un uso adecuado de la misma, por citar s\u00f3lo dos ejemplos.<\/p>\n<p>La tributaci\u00f3n para los arrendatarios a largo plazo se gestiona m\u00e1s r\u00e1pidamente en comparaci\u00f3n con los alquileres vacacionales: <strong>en principio, el alquiler a largo plazo est\u00e1 exento de impuestos<\/strong>. Sin embargo, los no residentes que alquilan su piso o casa en Mallorca de forma permanente, deben presentar trimestralmente la declaraci\u00f3n de impuestos <strong>Modelo 210<\/strong>, al igual que los arrendatarios vacacionales. El alquiler a largo plazo con fines residenciales ofrece a los residentes una importante ventaja: el 60% de las ganancias est\u00e1n exentas de impuestos.<\/p>\n<h2>Alquiler de temporada de propiedades: un periodo de tiempo determinado<\/h2>\n<p>El alquiler de temporada tambi\u00e9n est\u00e1 definido en la LAU (Art\u00edculo 3), aunque de manera bastante sucinta, como &#8220;edificaciones que tienen como destino primordial uno distinto del establecido en el art\u00edculo anterior&#8221;. La diferencia con el alquiler a largo plazo es que el inquilino no utiliza la propiedad como residencia permanente. Es muy aconsejable mencionar la direcci\u00f3n de la residencia principal en el contrato de alquiler de temporada.<\/p>\n<p>El alquiler de temporada est\u00e1 pensado para un per\u00edodo de tiempo limitado: por ejemplo, para empleados temporales que vienen a Mallorca en verano para trabajar, o como apartamento de vacaciones para estancias m\u00e1s largas de varias semanas o incluso meses. La finalidad (trabajo de temporada, estancia de estudios, etc.) del alquiler es importante y tambi\u00e9n debe constar en el contrato de alquiler de temporada. Los contratos de alquiler de temporada son mucho m\u00e1s favorables para el propietario que los contratos de alquiler a largo plazo. Desde una perspectiva fiscal, se deben tener en cuenta las mismas regulaciones que en el alquiler a largo plazo.<\/p>\n<p><em>Este art\u00edculo ha sido redactado por el bufete de abogados y asesores fiscales\u00a0<a href=\"https:\/\/link.plattes.net\/KontaktPM\" target=\"_blank\" rel=\"noopener\">PlattesGroup<\/a>\u00a0con sede en Palma.<\/em>\u00a0<em>Porta Mallorquina no se hace responsable de la exactitud de la informaci\u00f3n. Para obtener informaci\u00f3n individual, p\u00f3ngase en contacto directamente con\u00a0<a href=\"https:\/\/link.plattes.net\/KontaktPM\" target=\"_blank\" rel=\"noopener\">PlattesGroup<\/a>\u00a0.<\/em><\/p>\n<h2>Porta Mallorquina y Porta Holiday: sus socios de confianza para alquileres en Mallorca<\/h2>\n<p>Porta Mallorquina est\u00e1 especializada en la <a href=\"https:\/\/www.porta-mallorquina.es\/\" target=\"_blank\" rel=\"noopener\">compra<\/a>, <a href=\"https:\/\/www.porta-mallorquina.es\/venta.html\" target=\"_blank\" rel=\"noopener\">venta<\/a> y <a href=\"https:\/\/www.porta-mallorquina.es\/inmobiliaria\/alquiler\/\" target=\"_blank\" rel=\"noopener\">alquiler a largo plazo<\/a> de propiedades exclusivas. <a href=\"http:\/\/portaholiday.es\/\">Porta Holiday<\/a> es su socio de confianza<a href=\"http:\/\/portaholiday.es\/\" target=\"_blank\" rel=\"noopener\"> para alquileres vacacionales<\/a>.<\/p>\n<p>\u00bfTiene una propiedad en Mallorca y desea alquilarla? \u00a1Estaremos <a href=\"https:\/\/www.porta-mallorquina.es\/contacto.html\" target=\"_blank\" rel=\"noopener\">encantados de asesorarle<\/a>!<\/p>\n<p>Lea tambi\u00e9n nuestra detallada entrada de blog sobre la <a href=\"https:\/\/www.porta-mallorquina.es\/blog\/alquiler-vacacional-en-mallorca\/\" target=\"_blank\" rel=\"noopener\">situaci\u00f3n legal actual del alquiler vacacional<\/a> en Mallorca.<\/p>\n","protected":false},"excerpt":{"rendered":"<p>Las diferencias entre alquiler residencial, vacacional y alquiler por temporada en Mallorca \u00bfTuristas, trabajadores de temporada o inquilinos permanentes? No es f\u00e1cil decidir qu\u00e9 tipo de alquiler es el m\u00e1s adecuado para su propiedad en Mallorca. Pero, \u00bfCu\u00e1l es la diferencia entre alquiler residencial, vacacional y de temporada? \u00bfQu\u00e9 debe tener en cuenta desde el [&hellip;]<\/p>\n","protected":false},"author":2,"featured_media":2540,"comment_status":"open","ping_status":"open","sticky":false,"template":"","format":"standard","meta":{"footnotes":""},"categories":[10],"tags":[],"class_list":["post-2539","post","type-post","status-publish","format-standard","has-post-thumbnail","hentry","category-impuestos"],"yoast_head":"<!-- This site is optimized with the Yoast SEO plugin v27.2 - https:\/\/yoast.com\/product\/yoast-seo-wordpress\/ -->\n<title>Alquilar como corresponde en Mallorca: Lo que hay que saber - Porta Mallorquina Blog<\/title>\n<meta name=\"description\" content=\"No es f\u00e1cil decidir qu\u00e9 tipo de alquiler es el m\u00e1s adecuado para su propiedad en Mallorca. Pero, \u00bfCu\u00e1l es la diferencia entre alquiler residencial, vacacional y de temporada? \u00bfQu\u00e9 debe tener en cuenta desde el punto de vista fisca\" \/>\n<meta name=\"robots\" content=\"index, follow, max-snippet:-1, max-image-preview:large, max-video-preview:-1\" \/>\n<link rel=\"canonical\" href=\"https:\/\/www.porta-mallorquina.es\/blog\/alquilar-como-corresponde-en-mallorca\/\" \/>\n<meta property=\"og:locale\" content=\"en_US\" \/>\n<meta property=\"og:type\" content=\"article\" \/>\n<meta property=\"og:title\" content=\"Alquilar como corresponde en Mallorca: Lo que hay que saber - Porta Mallorquina Blog\" \/>\n<meta property=\"og:description\" content=\"No es f\u00e1cil decidir qu\u00e9 tipo de alquiler es el m\u00e1s adecuado para su propiedad en Mallorca. Pero, \u00bfCu\u00e1l es la diferencia entre alquiler residencial, vacacional y de temporada? \u00bfQu\u00e9 debe tener en cuenta desde el punto de vista fisca\" \/>\n<meta property=\"og:url\" content=\"https:\/\/www.porta-mallorquina.es\/blog\/alquilar-como-corresponde-en-mallorca\/\" \/>\n<meta property=\"og:site_name\" content=\"Porta Mallorquina Blog\" \/>\n<meta property=\"article:published_time\" content=\"2023-04-20T13:55:08+00:00\" \/>\n<meta property=\"article:modified_time\" content=\"2023-04-24T13:03:45+00:00\" \/>\n<meta property=\"og:image\" content=\"https:\/\/www.porta-mallorquina.es\/blog\/mallorca\/Alquiler-vacacional-Mallorca.jpg\" \/>\n\t<meta property=\"og:image:width\" content=\"1000\" \/>\n\t<meta property=\"og:image:height\" content=\"623\" \/>\n\t<meta property=\"og:image:type\" content=\"image\/jpeg\" \/>\n<meta name=\"author\" content=\"Porta Mallorquina\" \/>\n<meta name=\"twitter:card\" content=\"summary_large_image\" \/>\n<meta name=\"twitter:label1\" content=\"Written by\" \/>\n\t<meta name=\"twitter:data1\" content=\"Porta Mallorquina\" \/>\n\t<meta name=\"twitter:label2\" content=\"Est. reading time\" \/>\n\t<meta name=\"twitter:data2\" content=\"6 minutes\" \/>\n<script type=\"application\/ld+json\" class=\"yoast-schema-graph\">{\"@context\":\"https:\/\/schema.org\",\"@graph\":[{\"@type\":\"Article\",\"@id\":\"https:\/\/www.porta-mallorquina.es\/blog\/alquilar-como-corresponde-en-mallorca\/#article\",\"isPartOf\":{\"@id\":\"https:\/\/www.porta-mallorquina.es\/blog\/alquilar-como-corresponde-en-mallorca\/\"},\"author\":{\"name\":\"Porta Mallorquina\",\"@id\":\"https:\/\/www.porta-mallorquina.es\/blog\/#\/schema\/person\/00d40468a84878931da4d5e16749c9f0\"},\"headline\":\"Alquilar como corresponde en Mallorca: Lo que hay que saber\",\"datePublished\":\"2023-04-20T13:55:08+00:00\",\"dateModified\":\"2023-04-24T13:03:45+00:00\",\"mainEntityOfPage\":{\"@id\":\"https:\/\/www.porta-mallorquina.es\/blog\/alquilar-como-corresponde-en-mallorca\/\"},\"wordCount\":1247,\"commentCount\":0,\"publisher\":{\"@id\":\"https:\/\/www.porta-mallorquina.es\/blog\/#organization\"},\"image\":{\"@id\":\"https:\/\/www.porta-mallorquina.es\/blog\/alquilar-como-corresponde-en-mallorca\/#primaryimage\"},\"thumbnailUrl\":\"https:\/\/www.porta-mallorquina.es\/blog\/mallorca\/Alquiler-vacacional-Mallorca.jpg\",\"articleSection\":[\"Impuestos\"],\"inLanguage\":\"en-US\",\"potentialAction\":[{\"@type\":\"CommentAction\",\"name\":\"Comment\",\"target\":[\"https:\/\/www.porta-mallorquina.es\/blog\/alquilar-como-corresponde-en-mallorca\/#respond\"]}]},{\"@type\":\"WebPage\",\"@id\":\"https:\/\/www.porta-mallorquina.es\/blog\/alquilar-como-corresponde-en-mallorca\/\",\"url\":\"https:\/\/www.porta-mallorquina.es\/blog\/alquilar-como-corresponde-en-mallorca\/\",\"name\":\"Alquilar como corresponde en Mallorca: Lo que hay que saber - Porta Mallorquina Blog\",\"isPartOf\":{\"@id\":\"https:\/\/www.porta-mallorquina.es\/blog\/#website\"},\"primaryImageOfPage\":{\"@id\":\"https:\/\/www.porta-mallorquina.es\/blog\/alquilar-como-corresponde-en-mallorca\/#primaryimage\"},\"image\":{\"@id\":\"https:\/\/www.porta-mallorquina.es\/blog\/alquilar-como-corresponde-en-mallorca\/#primaryimage\"},\"thumbnailUrl\":\"https:\/\/www.porta-mallorquina.es\/blog\/mallorca\/Alquiler-vacacional-Mallorca.jpg\",\"datePublished\":\"2023-04-20T13:55:08+00:00\",\"dateModified\":\"2023-04-24T13:03:45+00:00\",\"description\":\"No es f\u00e1cil decidir qu\u00e9 tipo de alquiler es el m\u00e1s adecuado para su propiedad en Mallorca. Pero, \u00bfCu\u00e1l es la diferencia entre alquiler residencial, vacacional y de temporada? \u00bfQu\u00e9 debe tener en cuenta desde el punto de vista fisca\",\"breadcrumb\":{\"@id\":\"https:\/\/www.porta-mallorquina.es\/blog\/alquilar-como-corresponde-en-mallorca\/#breadcrumb\"},\"inLanguage\":\"en-US\",\"potentialAction\":[{\"@type\":\"ReadAction\",\"target\":[\"https:\/\/www.porta-mallorquina.es\/blog\/alquilar-como-corresponde-en-mallorca\/\"]}]},{\"@type\":\"ImageObject\",\"inLanguage\":\"en-US\",\"@id\":\"https:\/\/www.porta-mallorquina.es\/blog\/alquilar-como-corresponde-en-mallorca\/#primaryimage\",\"url\":\"https:\/\/www.porta-mallorquina.es\/blog\/mallorca\/Alquiler-vacacional-Mallorca.jpg\",\"contentUrl\":\"https:\/\/www.porta-mallorquina.es\/blog\/mallorca\/Alquiler-vacacional-Mallorca.jpg\",\"width\":1000,\"height\":623,\"caption\":\"Alquiler-vacacional-Mallorca.jpg\"},{\"@type\":\"BreadcrumbList\",\"@id\":\"https:\/\/www.porta-mallorquina.es\/blog\/alquilar-como-corresponde-en-mallorca\/#breadcrumb\",\"itemListElement\":[{\"@type\":\"ListItem\",\"position\":1,\"name\":\"Portada\",\"item\":\"https:\/\/www.porta-mallorquina.es\/blog\/\"},{\"@type\":\"ListItem\",\"position\":2,\"name\":\"Alquilar como corresponde en Mallorca: Lo que hay que saber\"}]},{\"@type\":\"WebSite\",\"@id\":\"https:\/\/www.porta-mallorquina.es\/blog\/#website\",\"url\":\"https:\/\/www.porta-mallorquina.es\/blog\/\",\"name\":\"Porta Mallorquina Blog\",\"description\":\"m\u00e1s que inmuebles de Mallorca\",\"publisher\":{\"@id\":\"https:\/\/www.porta-mallorquina.es\/blog\/#organization\"},\"potentialAction\":[{\"@type\":\"SearchAction\",\"target\":{\"@type\":\"EntryPoint\",\"urlTemplate\":\"https:\/\/www.porta-mallorquina.es\/blog\/?s={search_term_string}\"},\"query-input\":{\"@type\":\"PropertyValueSpecification\",\"valueRequired\":true,\"valueName\":\"search_term_string\"}}],\"inLanguage\":\"en-US\"},{\"@type\":\"Organization\",\"@id\":\"https:\/\/www.porta-mallorquina.es\/blog\/#organization\",\"name\":\"Porta Mallorquina Blog\",\"url\":\"https:\/\/www.porta-mallorquina.es\/blog\/\",\"logo\":{\"@type\":\"ImageObject\",\"inLanguage\":\"en-US\",\"@id\":\"https:\/\/www.porta-mallorquina.es\/blog\/#\/schema\/logo\/image\/\",\"url\":\"https:\/\/www.porta-mallorquina.es\/blog\/mallorca\/porta-mallorquina-real-estate-mallorca-logo.png\",\"contentUrl\":\"https:\/\/www.porta-mallorquina.es\/blog\/mallorca\/porta-mallorquina-real-estate-mallorca-logo.png\",\"width\":570,\"height\":400,\"caption\":\"Porta Mallorquina Blog\"},\"image\":{\"@id\":\"https:\/\/www.porta-mallorquina.es\/blog\/#\/schema\/logo\/image\/\"}},{\"@type\":\"Person\",\"@id\":\"https:\/\/www.porta-mallorquina.es\/blog\/#\/schema\/person\/00d40468a84878931da4d5e16749c9f0\",\"name\":\"Porta Mallorquina\",\"sameAs\":[\"https:\/\/www.porta-mallorquina.es\"],\"url\":\"https:\/\/www.porta-mallorquina.es\/blog\/author\/petraz\/\"}]}<\/script>\n<!-- \/ Yoast SEO plugin. -->","yoast_head_json":{"title":"Alquilar como corresponde en Mallorca: Lo que hay que saber - Porta Mallorquina Blog","description":"No es f\u00e1cil decidir qu\u00e9 tipo de alquiler es el m\u00e1s adecuado para su propiedad en Mallorca. Pero, \u00bfCu\u00e1l es la diferencia entre alquiler residencial, vacacional y de temporada? \u00bfQu\u00e9 debe tener en cuenta desde el punto de vista fisca","robots":{"index":"index","follow":"follow","max-snippet":"max-snippet:-1","max-image-preview":"max-image-preview:large","max-video-preview":"max-video-preview:-1"},"canonical":"https:\/\/www.porta-mallorquina.es\/blog\/alquilar-como-corresponde-en-mallorca\/","og_locale":"en_US","og_type":"article","og_title":"Alquilar como corresponde en Mallorca: Lo que hay que saber - Porta Mallorquina Blog","og_description":"No es f\u00e1cil decidir qu\u00e9 tipo de alquiler es el m\u00e1s adecuado para su propiedad en Mallorca. Pero, \u00bfCu\u00e1l es la diferencia entre alquiler residencial, vacacional y de temporada? \u00bfQu\u00e9 debe tener en cuenta desde el punto de vista fisca","og_url":"https:\/\/www.porta-mallorquina.es\/blog\/alquilar-como-corresponde-en-mallorca\/","og_site_name":"Porta Mallorquina Blog","article_published_time":"2023-04-20T13:55:08+00:00","article_modified_time":"2023-04-24T13:03:45+00:00","og_image":[{"width":1000,"height":623,"url":"https:\/\/www.porta-mallorquina.es\/blog\/mallorca\/Alquiler-vacacional-Mallorca.jpg","type":"image\/jpeg"}],"author":"Porta Mallorquina","twitter_card":"summary_large_image","twitter_misc":{"Written by":"Porta Mallorquina","Est. reading time":"6 minutes"},"schema":{"@context":"https:\/\/schema.org","@graph":[{"@type":"Article","@id":"https:\/\/www.porta-mallorquina.es\/blog\/alquilar-como-corresponde-en-mallorca\/#article","isPartOf":{"@id":"https:\/\/www.porta-mallorquina.es\/blog\/alquilar-como-corresponde-en-mallorca\/"},"author":{"name":"Porta Mallorquina","@id":"https:\/\/www.porta-mallorquina.es\/blog\/#\/schema\/person\/00d40468a84878931da4d5e16749c9f0"},"headline":"Alquilar como corresponde en Mallorca: Lo que hay que saber","datePublished":"2023-04-20T13:55:08+00:00","dateModified":"2023-04-24T13:03:45+00:00","mainEntityOfPage":{"@id":"https:\/\/www.porta-mallorquina.es\/blog\/alquilar-como-corresponde-en-mallorca\/"},"wordCount":1247,"commentCount":0,"publisher":{"@id":"https:\/\/www.porta-mallorquina.es\/blog\/#organization"},"image":{"@id":"https:\/\/www.porta-mallorquina.es\/blog\/alquilar-como-corresponde-en-mallorca\/#primaryimage"},"thumbnailUrl":"https:\/\/www.porta-mallorquina.es\/blog\/mallorca\/Alquiler-vacacional-Mallorca.jpg","articleSection":["Impuestos"],"inLanguage":"en-US","potentialAction":[{"@type":"CommentAction","name":"Comment","target":["https:\/\/www.porta-mallorquina.es\/blog\/alquilar-como-corresponde-en-mallorca\/#respond"]}]},{"@type":"WebPage","@id":"https:\/\/www.porta-mallorquina.es\/blog\/alquilar-como-corresponde-en-mallorca\/","url":"https:\/\/www.porta-mallorquina.es\/blog\/alquilar-como-corresponde-en-mallorca\/","name":"Alquilar como corresponde en Mallorca: Lo que hay que saber - Porta Mallorquina Blog","isPartOf":{"@id":"https:\/\/www.porta-mallorquina.es\/blog\/#website"},"primaryImageOfPage":{"@id":"https:\/\/www.porta-mallorquina.es\/blog\/alquilar-como-corresponde-en-mallorca\/#primaryimage"},"image":{"@id":"https:\/\/www.porta-mallorquina.es\/blog\/alquilar-como-corresponde-en-mallorca\/#primaryimage"},"thumbnailUrl":"https:\/\/www.porta-mallorquina.es\/blog\/mallorca\/Alquiler-vacacional-Mallorca.jpg","datePublished":"2023-04-20T13:55:08+00:00","dateModified":"2023-04-24T13:03:45+00:00","description":"No es f\u00e1cil decidir qu\u00e9 tipo de alquiler es el m\u00e1s adecuado para su propiedad en Mallorca. Pero, \u00bfCu\u00e1l es la diferencia entre alquiler residencial, vacacional y de temporada? \u00bfQu\u00e9 debe tener en cuenta desde el punto de vista fisca","breadcrumb":{"@id":"https:\/\/www.porta-mallorquina.es\/blog\/alquilar-como-corresponde-en-mallorca\/#breadcrumb"},"inLanguage":"en-US","potentialAction":[{"@type":"ReadAction","target":["https:\/\/www.porta-mallorquina.es\/blog\/alquilar-como-corresponde-en-mallorca\/"]}]},{"@type":"ImageObject","inLanguage":"en-US","@id":"https:\/\/www.porta-mallorquina.es\/blog\/alquilar-como-corresponde-en-mallorca\/#primaryimage","url":"https:\/\/www.porta-mallorquina.es\/blog\/mallorca\/Alquiler-vacacional-Mallorca.jpg","contentUrl":"https:\/\/www.porta-mallorquina.es\/blog\/mallorca\/Alquiler-vacacional-Mallorca.jpg","width":1000,"height":623,"caption":"Alquiler-vacacional-Mallorca.jpg"},{"@type":"BreadcrumbList","@id":"https:\/\/www.porta-mallorquina.es\/blog\/alquilar-como-corresponde-en-mallorca\/#breadcrumb","itemListElement":[{"@type":"ListItem","position":1,"name":"Portada","item":"https:\/\/www.porta-mallorquina.es\/blog\/"},{"@type":"ListItem","position":2,"name":"Alquilar como corresponde en Mallorca: Lo que hay que saber"}]},{"@type":"WebSite","@id":"https:\/\/www.porta-mallorquina.es\/blog\/#website","url":"https:\/\/www.porta-mallorquina.es\/blog\/","name":"Porta Mallorquina Blog","description":"m\u00e1s que inmuebles de Mallorca","publisher":{"@id":"https:\/\/www.porta-mallorquina.es\/blog\/#organization"},"potentialAction":[{"@type":"SearchAction","target":{"@type":"EntryPoint","urlTemplate":"https:\/\/www.porta-mallorquina.es\/blog\/?s={search_term_string}"},"query-input":{"@type":"PropertyValueSpecification","valueRequired":true,"valueName":"search_term_string"}}],"inLanguage":"en-US"},{"@type":"Organization","@id":"https:\/\/www.porta-mallorquina.es\/blog\/#organization","name":"Porta Mallorquina Blog","url":"https:\/\/www.porta-mallorquina.es\/blog\/","logo":{"@type":"ImageObject","inLanguage":"en-US","@id":"https:\/\/www.porta-mallorquina.es\/blog\/#\/schema\/logo\/image\/","url":"https:\/\/www.porta-mallorquina.es\/blog\/mallorca\/porta-mallorquina-real-estate-mallorca-logo.png","contentUrl":"https:\/\/www.porta-mallorquina.es\/blog\/mallorca\/porta-mallorquina-real-estate-mallorca-logo.png","width":570,"height":400,"caption":"Porta Mallorquina Blog"},"image":{"@id":"https:\/\/www.porta-mallorquina.es\/blog\/#\/schema\/logo\/image\/"}},{"@type":"Person","@id":"https:\/\/www.porta-mallorquina.es\/blog\/#\/schema\/person\/00d40468a84878931da4d5e16749c9f0","name":"Porta Mallorquina","sameAs":["https:\/\/www.porta-mallorquina.es"],"url":"https:\/\/www.porta-mallorquina.es\/blog\/author\/petraz\/"}]}},"_links":{"self":[{"href":"https:\/\/www.porta-mallorquina.es\/blog\/wp-json\/wp\/v2\/posts\/2539","targetHints":{"allow":["GET"]}}],"collection":[{"href":"https:\/\/www.porta-mallorquina.es\/blog\/wp-json\/wp\/v2\/posts"}],"about":[{"href":"https:\/\/www.porta-mallorquina.es\/blog\/wp-json\/wp\/v2\/types\/post"}],"author":[{"embeddable":true,"href":"https:\/\/www.porta-mallorquina.es\/blog\/wp-json\/wp\/v2\/users\/2"}],"replies":[{"embeddable":true,"href":"https:\/\/www.porta-mallorquina.es\/blog\/wp-json\/wp\/v2\/comments?post=2539"}],"version-history":[{"count":6,"href":"https:\/\/www.porta-mallorquina.es\/blog\/wp-json\/wp\/v2\/posts\/2539\/revisions"}],"predecessor-version":[{"id":2547,"href":"https:\/\/www.porta-mallorquina.es\/blog\/wp-json\/wp\/v2\/posts\/2539\/revisions\/2547"}],"wp:featuredmedia":[{"embeddable":true,"href":"https:\/\/www.porta-mallorquina.es\/blog\/wp-json\/wp\/v2\/media\/2540"}],"wp:attachment":[{"href":"https:\/\/www.porta-mallorquina.es\/blog\/wp-json\/wp\/v2\/media?parent=2539"}],"wp:term":[{"taxonomy":"category","embeddable":true,"href":"https:\/\/www.porta-mallorquina.es\/blog\/wp-json\/wp\/v2\/categories?post=2539"},{"taxonomy":"post_tag","embeddable":true,"href":"https:\/\/www.porta-mallorquina.es\/blog\/wp-json\/wp\/v2\/tags?post=2539"}],"curies":[{"name":"wp","href":"https:\/\/api.w.org\/{rel}","templated":true}]}}