{"id":268,"date":"2012-01-13T11:21:36","date_gmt":"2012-01-13T09:21:36","guid":{"rendered":"http:\/\/www.porta-mallorquina.es\/blog\/?p=268"},"modified":"2016-06-27T17:48:45","modified_gmt":"2016-06-27T15:48:45","slug":"san-sebastian-se-celebra-en-mallorca-con-mucha-intensidad","status":"publish","type":"post","link":"https:\/\/www.porta-mallorquina.es\/blog\/san-sebastian-se-celebra-en-mallorca-con-mucha-intensidad\/","title":{"rendered":"San Sebastian se celebra en Mallorca con mucha intensidad"},"content":{"rendered":"<div id=\"attachment_271\" class=\"wp-caption alignleft\" style=\"width: 368px\"><a href=\"https:\/\/www.porta-mallorquina.es\/blog\/san-sebastian-se-celebra-en-mallorca-con-mucha-intensidad\/attachment\/271\/\" rel=\"attachment wp-att-271\"><img loading=\"lazy\" decoding=\"async\" class=\"size-full wp-image-271 \" title=\"Demonios delante de la catedral\" src=\"https:\/\/www.porta-mallorquina.es\/blog\/mallorca\/dimoni-palma-san-antoni-san-sebastian.jpg\" alt=\"Demonios delante de la catedral\" width=\"368\" height=\"257\" srcset=\"https:\/\/www.porta-mallorquina.es\/blog\/mallorca\/dimoni-palma-san-antoni-san-sebastian.jpg 614w, https:\/\/www.porta-mallorquina.es\/blog\/mallorca\/dimoni-palma-san-antoni-san-sebastian-300x209.jpg 300w\" sizes=\"auto, (max-width: 368px) 100vw, 368px\" \/><\/a><p class=\"wp-caption-text\">Todo el mundo se desfraza como demonios<\/p><\/div>\n<p>La Navidad toca a su fin, tras unas semanas de intensa actividad festiva,\u00a0 la mayor\u00eda de los espa\u00f1oles vuelven a la normalidad de sus vidas. No es as\u00ed en Mallorca gracias a su patr\u00f3n, San Sebasti\u00e1n, que se celebra con incre\u00edble devoci\u00f3n por todos los mallorquines cada <strong>20 de Enero<\/strong>.<\/p>\n<p>Pero San Sebasti\u00e1n no se queda en un solo d\u00eda de festejos, sino en una semana. Este a\u00f1o comienza con el preg\u00f3n de fiestas el d\u00eda 15 y se termina el d\u00eda 22 con el tradicional <strong>espect\u00e1culo pirot\u00e9cnico<\/strong> llamado aTI\u00c0r FOC. Decenas de actividades, comidas populares, eventos y juegos son festejados por grandes y peque\u00f1os durante esta semana m\u00e1gica en Mallorca. Pero, \u00bfqui\u00e9n fue San Sebasti\u00e1n y a qu\u00e9 se debe el afecto que le ofrecemos?<\/p>\n<h2>Pero, \u00bfqui\u00e9n fue San\u00a0Sebasti\u00e1n y a qu\u00e9 se debe el afecto que le\u00a0ofrecemos?<\/h2>\n<div id=\"attachment_276\" class=\"wp-caption alignleft\" style=\"width: 288px\"><a href=\"https:\/\/www.porta-mallorquina.es\/blog\/san-sebastian-se-celebra-en-mallorca-con-mucha-intensidad\/attachment\/276\/\" rel=\"attachment wp-att-276\"><img loading=\"lazy\" decoding=\"async\" class=\"size-full wp-image-276 \" title=\"San Sebastian se celebra con fuego\" src=\"https:\/\/www.porta-mallorquina.es\/blog\/mallorca\/fuego-san-antoni-san-sebastian.jpg\" alt=\"San Sebastian se celebra con fuego\" width=\"288\" height=\"216\" srcset=\"https:\/\/www.porta-mallorquina.es\/blog\/mallorca\/fuego-san-antoni-san-sebastian.jpg 800w, https:\/\/www.porta-mallorquina.es\/blog\/mallorca\/fuego-san-antoni-san-sebastian-300x225.jpg 300w\" sizes=\"auto, (max-width: 288px) 100vw, 288px\" \/><\/a><p class=\"wp-caption-text\">San Sebastian se celebra con fuego<\/p><\/div>\n<div id=\"attachment_285\" class=\"wp-caption alignright\" style=\"width: 288px\"><a href=\"https:\/\/www.porta-mallorquina.es\/blog\/san-sebastian-se-celebra-en-mallorca-con-mucha-intensidad\/attachment\/285\/\" rel=\"attachment wp-att-285\"><img loading=\"lazy\" decoding=\"async\" class=\"size-full wp-image-285 \" title=\"Demonios y fuego\" src=\"https:\/\/www.porta-mallorquina.es\/blog\/mallorca\/palma-san-antoni-san-sebastian-enero20.jpg\" alt=\"Demonios y fuego\" width=\"288\" height=\"216\" srcset=\"https:\/\/www.porta-mallorquina.es\/blog\/mallorca\/palma-san-antoni-san-sebastian-enero20.jpg 800w, https:\/\/www.porta-mallorquina.es\/blog\/mallorca\/palma-san-antoni-san-sebastian-enero20-300x225.jpg 300w\" sizes=\"auto, (max-width: 288px) 100vw, 288px\" \/><\/a><p class=\"wp-caption-text\">Palma lleno de demonios<\/p><\/div>\n<p>&nbsp;<\/p>\n<p>Verdaderamente, San Sebasti\u00e1n nunca estuvo en Mallorca.<\/p>\n<p>Era un capit\u00e1n de la milicia romana que fue apedreado y lapidado por\u00a0 orden del emperador Dioclesano debido a su conversi\u00f3n al Cristianismo, lo que supon\u00eda una traici\u00f3n a la religi\u00f3n de sus antepasados seg\u00fan las leyes de la \u00e9poca (no se sabe con exactitud pero la leyenda se fecha sobre el 300 a.C.)<\/p>\n<p>Curiosamente, el apego de Mallorca a San Sebasti\u00e1n proviene de las tropas francesas y alemanas que acudieron en la \u00e9poca de la Reconquista (siglo IX) para ayudar a los cristianos. San Sebasti\u00e1n era uno de los mayores protectores de la Cristiandad al haber sido un gran defensor de ella, as\u00ed que los caballeros franceses y alemanes le rend\u00edan gran culto y fervor, de ah\u00ed que, ese respeto y devoci\u00f3n permaneciese en Mallorca y sea, a d\u00eda de hoy, patrono de la ciudad.<\/p>\n<p>Desde <a title=\"Inmuebles en Mallorca\" href=\"https:\/\/www.porta-mallorquina.es\/\" target=\"_blank\">Porta Mallorquina<\/a> os deseamos una feliz semana de festejos y celebraciones en honor a nuestro patr\u00f3n, San Sebasti\u00e1n.<\/p>\n<p style=\"text-align: center;\"><a href=\"https:\/\/www.porta-mallorquina.es\/blog\/san-sebastian-se-celebra-en-mallorca-con-mucha-intensidad\/attachment\/324\/\" rel=\"attachment wp-att-324\"><img loading=\"lazy\" decoding=\"async\" class=\"aligncenter size-full wp-image-324\" title=\"Demonios contra el Malo\" src=\"https:\/\/www.porta-mallorquina.es\/blog\/mallorca\/palma-san-antoni-san-sebastian-demonios.jpg\" alt=\"Demonios contra el Malo\" width=\"560\" height=\"420\" srcset=\"https:\/\/www.porta-mallorquina.es\/blog\/mallorca\/palma-san-antoni-san-sebastian-demonios.jpg 800w, https:\/\/www.porta-mallorquina.es\/blog\/mallorca\/palma-san-antoni-san-sebastian-demonios-300x225.jpg 300w\" sizes=\"auto, (max-width: 560px) 100vw, 560px\" \/><\/a><\/p>\n<p>&nbsp;<\/p>\n","protected":false},"excerpt":{"rendered":"<p>La Navidad toca a su fin, tras unas semanas de intensa actividad festiva,\u00a0 la mayor\u00eda de los espa\u00f1oles vuelven a la normalidad de sus vidas. No es as\u00ed en Mallorca gracias a su patr\u00f3n, San Sebasti\u00e1n, que se celebra con incre\u00edble devoci\u00f3n por todos los mallorquines cada 20 de Enero. Pero San Sebasti\u00e1n no se [&hellip;]<\/p>\n","protected":false},"author":2,"featured_media":0,"comment_status":"open","ping_status":"open","sticky":false,"template":"","format":"standard","meta":{"footnotes":""},"categories":[6],"tags":[],"class_list":["post-268","post","type-post","status-publish","format-standard","hentry","category-mallorca"],"yoast_head":"<!-- This site is optimized with the Yoast SEO plugin v27.2 - https:\/\/yoast.com\/product\/yoast-seo-wordpress\/ -->\n<title>San Sebastian se celebra en Mallorca con mucha intensidad - Porta Mallorquina Blog<\/title>\n<meta name=\"robots\" content=\"index, follow, max-snippet:-1, max-image-preview:large, max-video-preview:-1\" \/>\n<link rel=\"canonical\" href=\"https:\/\/www.porta-mallorquina.es\/blog\/san-sebastian-se-celebra-en-mallorca-con-mucha-intensidad\/\" \/>\n<meta property=\"og:locale\" content=\"en_US\" \/>\n<meta property=\"og:type\" content=\"article\" \/>\n<meta property=\"og:title\" content=\"San Sebastian se celebra en Mallorca con mucha intensidad - Porta Mallorquina Blog\" \/>\n<meta property=\"og:description\" content=\"La Navidad toca a su fin, tras unas semanas de intensa actividad festiva,\u00a0 la mayor\u00eda de los espa\u00f1oles vuelven a la normalidad de sus vidas. No es as\u00ed en Mallorca gracias a su patr\u00f3n, San Sebasti\u00e1n, que se celebra con incre\u00edble devoci\u00f3n por todos los mallorquines cada 20 de Enero. Pero San Sebasti\u00e1n no se [&hellip;]\" \/>\n<meta property=\"og:url\" content=\"https:\/\/www.porta-mallorquina.es\/blog\/san-sebastian-se-celebra-en-mallorca-con-mucha-intensidad\/\" \/>\n<meta property=\"og:site_name\" content=\"Porta Mallorquina Blog\" \/>\n<meta property=\"article:published_time\" content=\"2012-01-13T09:21:36+00:00\" \/>\n<meta property=\"article:modified_time\" content=\"2016-06-27T15:48:45+00:00\" \/>\n<meta property=\"og:image\" content=\"https:\/\/www.porta-mallorquina.es\/blog\/mallorca\/dimoni-palma-san-antoni-san-sebastian.jpg\" \/>\n<meta name=\"author\" content=\"Porta Mallorquina\" \/>\n<meta name=\"twitter:card\" content=\"summary_large_image\" \/>\n<meta name=\"twitter:label1\" content=\"Written by\" \/>\n\t<meta name=\"twitter:data1\" content=\"Porta Mallorquina\" \/>\n\t<meta name=\"twitter:label2\" content=\"Est. reading time\" \/>\n\t<meta name=\"twitter:data2\" content=\"2 minutes\" \/>\n<script type=\"application\/ld+json\" class=\"yoast-schema-graph\">{\"@context\":\"https:\/\/schema.org\",\"@graph\":[{\"@type\":\"Article\",\"@id\":\"https:\/\/www.porta-mallorquina.es\/blog\/san-sebastian-se-celebra-en-mallorca-con-mucha-intensidad\/#article\",\"isPartOf\":{\"@id\":\"https:\/\/www.porta-mallorquina.es\/blog\/san-sebastian-se-celebra-en-mallorca-con-mucha-intensidad\/\"},\"author\":{\"name\":\"Porta Mallorquina\",\"@id\":\"https:\/\/www.porta-mallorquina.es\/blog\/#\/schema\/person\/00d40468a84878931da4d5e16749c9f0\"},\"headline\":\"San Sebastian se celebra en Mallorca con mucha intensidad\",\"datePublished\":\"2012-01-13T09:21:36+00:00\",\"dateModified\":\"2016-06-27T15:48:45+00:00\",\"mainEntityOfPage\":{\"@id\":\"https:\/\/www.porta-mallorquina.es\/blog\/san-sebastian-se-celebra-en-mallorca-con-mucha-intensidad\/\"},\"wordCount\":384,\"commentCount\":0,\"publisher\":{\"@id\":\"https:\/\/www.porta-mallorquina.es\/blog\/#organization\"},\"image\":{\"@id\":\"https:\/\/www.porta-mallorquina.es\/blog\/san-sebastian-se-celebra-en-mallorca-con-mucha-intensidad\/#primaryimage\"},\"thumbnailUrl\":\"https:\/\/www.porta-mallorquina.es\/blog\/mallorca\/dimoni-palma-san-antoni-san-sebastian.jpg\",\"articleSection\":[\"Mallorca\"],\"inLanguage\":\"en-US\",\"potentialAction\":[{\"@type\":\"CommentAction\",\"name\":\"Comment\",\"target\":[\"https:\/\/www.porta-mallorquina.es\/blog\/san-sebastian-se-celebra-en-mallorca-con-mucha-intensidad\/#respond\"]}]},{\"@type\":\"WebPage\",\"@id\":\"https:\/\/www.porta-mallorquina.es\/blog\/san-sebastian-se-celebra-en-mallorca-con-mucha-intensidad\/\",\"url\":\"https:\/\/www.porta-mallorquina.es\/blog\/san-sebastian-se-celebra-en-mallorca-con-mucha-intensidad\/\",\"name\":\"San Sebastian se celebra en Mallorca con mucha intensidad - Porta Mallorquina Blog\",\"isPartOf\":{\"@id\":\"https:\/\/www.porta-mallorquina.es\/blog\/#website\"},\"primaryImageOfPage\":{\"@id\":\"https:\/\/www.porta-mallorquina.es\/blog\/san-sebastian-se-celebra-en-mallorca-con-mucha-intensidad\/#primaryimage\"},\"image\":{\"@id\":\"https:\/\/www.porta-mallorquina.es\/blog\/san-sebastian-se-celebra-en-mallorca-con-mucha-intensidad\/#primaryimage\"},\"thumbnailUrl\":\"https:\/\/www.porta-mallorquina.es\/blog\/mallorca\/dimoni-palma-san-antoni-san-sebastian.jpg\",\"datePublished\":\"2012-01-13T09:21:36+00:00\",\"dateModified\":\"2016-06-27T15:48:45+00:00\",\"breadcrumb\":{\"@id\":\"https:\/\/www.porta-mallorquina.es\/blog\/san-sebastian-se-celebra-en-mallorca-con-mucha-intensidad\/#breadcrumb\"},\"inLanguage\":\"en-US\",\"potentialAction\":[{\"@type\":\"ReadAction\",\"target\":[\"https:\/\/www.porta-mallorquina.es\/blog\/san-sebastian-se-celebra-en-mallorca-con-mucha-intensidad\/\"]}]},{\"@type\":\"ImageObject\",\"inLanguage\":\"en-US\",\"@id\":\"https:\/\/www.porta-mallorquina.es\/blog\/san-sebastian-se-celebra-en-mallorca-con-mucha-intensidad\/#primaryimage\",\"url\":\"https:\/\/www.porta-mallorquina.es\/blog\/mallorca\/dimoni-palma-san-antoni-san-sebastian.jpg\",\"contentUrl\":\"https:\/\/www.porta-mallorquina.es\/blog\/mallorca\/dimoni-palma-san-antoni-san-sebastian.jpg\",\"width\":\"614\",\"height\":\"429\",\"caption\":\"Demonios delante de la catedral\"},{\"@type\":\"BreadcrumbList\",\"@id\":\"https:\/\/www.porta-mallorquina.es\/blog\/san-sebastian-se-celebra-en-mallorca-con-mucha-intensidad\/#breadcrumb\",\"itemListElement\":[{\"@type\":\"ListItem\",\"position\":1,\"name\":\"Portada\",\"item\":\"https:\/\/www.porta-mallorquina.es\/blog\/\"},{\"@type\":\"ListItem\",\"position\":2,\"name\":\"San Sebastian se celebra en Mallorca con mucha intensidad\"}]},{\"@type\":\"WebSite\",\"@id\":\"https:\/\/www.porta-mallorquina.es\/blog\/#website\",\"url\":\"https:\/\/www.porta-mallorquina.es\/blog\/\",\"name\":\"Porta Mallorquina Blog\",\"description\":\"m\u00e1s que inmuebles de Mallorca\",\"publisher\":{\"@id\":\"https:\/\/www.porta-mallorquina.es\/blog\/#organization\"},\"potentialAction\":[{\"@type\":\"SearchAction\",\"target\":{\"@type\":\"EntryPoint\",\"urlTemplate\":\"https:\/\/www.porta-mallorquina.es\/blog\/?s={search_term_string}\"},\"query-input\":{\"@type\":\"PropertyValueSpecification\",\"valueRequired\":true,\"valueName\":\"search_term_string\"}}],\"inLanguage\":\"en-US\"},{\"@type\":\"Organization\",\"@id\":\"https:\/\/www.porta-mallorquina.es\/blog\/#organization\",\"name\":\"Porta Mallorquina Blog\",\"url\":\"https:\/\/www.porta-mallorquina.es\/blog\/\",\"logo\":{\"@type\":\"ImageObject\",\"inLanguage\":\"en-US\",\"@id\":\"https:\/\/www.porta-mallorquina.es\/blog\/#\/schema\/logo\/image\/\",\"url\":\"https:\/\/www.porta-mallorquina.es\/blog\/mallorca\/porta-mallorquina-real-estate-mallorca-logo.png\",\"contentUrl\":\"https:\/\/www.porta-mallorquina.es\/blog\/mallorca\/porta-mallorquina-real-estate-mallorca-logo.png\",\"width\":570,\"height\":400,\"caption\":\"Porta Mallorquina Blog\"},\"image\":{\"@id\":\"https:\/\/www.porta-mallorquina.es\/blog\/#\/schema\/logo\/image\/\"}},{\"@type\":\"Person\",\"@id\":\"https:\/\/www.porta-mallorquina.es\/blog\/#\/schema\/person\/00d40468a84878931da4d5e16749c9f0\",\"name\":\"Porta Mallorquina\",\"sameAs\":[\"https:\/\/www.porta-mallorquina.es\"],\"url\":\"https:\/\/www.porta-mallorquina.es\/blog\/author\/petraz\/\"}]}<\/script>\n<!-- \/ Yoast SEO plugin. -->","yoast_head_json":{"title":"San Sebastian se celebra en Mallorca con mucha intensidad - Porta Mallorquina Blog","robots":{"index":"index","follow":"follow","max-snippet":"max-snippet:-1","max-image-preview":"max-image-preview:large","max-video-preview":"max-video-preview:-1"},"canonical":"https:\/\/www.porta-mallorquina.es\/blog\/san-sebastian-se-celebra-en-mallorca-con-mucha-intensidad\/","og_locale":"en_US","og_type":"article","og_title":"San Sebastian se celebra en Mallorca con mucha intensidad - Porta Mallorquina Blog","og_description":"La Navidad toca a su fin, tras unas semanas de intensa actividad festiva,\u00a0 la mayor\u00eda de los espa\u00f1oles vuelven a la normalidad de sus vidas. No es as\u00ed en Mallorca gracias a su patr\u00f3n, San Sebasti\u00e1n, que se celebra con incre\u00edble devoci\u00f3n por todos los mallorquines cada 20 de Enero. Pero San Sebasti\u00e1n no se [&hellip;]","og_url":"https:\/\/www.porta-mallorquina.es\/blog\/san-sebastian-se-celebra-en-mallorca-con-mucha-intensidad\/","og_site_name":"Porta Mallorquina Blog","article_published_time":"2012-01-13T09:21:36+00:00","article_modified_time":"2016-06-27T15:48:45+00:00","og_image":[{"url":"https:\/\/www.porta-mallorquina.es\/blog\/mallorca\/dimoni-palma-san-antoni-san-sebastian.jpg","type":"","width":"","height":""}],"author":"Porta Mallorquina","twitter_card":"summary_large_image","twitter_misc":{"Written by":"Porta Mallorquina","Est. reading time":"2 minutes"},"schema":{"@context":"https:\/\/schema.org","@graph":[{"@type":"Article","@id":"https:\/\/www.porta-mallorquina.es\/blog\/san-sebastian-se-celebra-en-mallorca-con-mucha-intensidad\/#article","isPartOf":{"@id":"https:\/\/www.porta-mallorquina.es\/blog\/san-sebastian-se-celebra-en-mallorca-con-mucha-intensidad\/"},"author":{"name":"Porta Mallorquina","@id":"https:\/\/www.porta-mallorquina.es\/blog\/#\/schema\/person\/00d40468a84878931da4d5e16749c9f0"},"headline":"San Sebastian se celebra en Mallorca con mucha intensidad","datePublished":"2012-01-13T09:21:36+00:00","dateModified":"2016-06-27T15:48:45+00:00","mainEntityOfPage":{"@id":"https:\/\/www.porta-mallorquina.es\/blog\/san-sebastian-se-celebra-en-mallorca-con-mucha-intensidad\/"},"wordCount":384,"commentCount":0,"publisher":{"@id":"https:\/\/www.porta-mallorquina.es\/blog\/#organization"},"image":{"@id":"https:\/\/www.porta-mallorquina.es\/blog\/san-sebastian-se-celebra-en-mallorca-con-mucha-intensidad\/#primaryimage"},"thumbnailUrl":"https:\/\/www.porta-mallorquina.es\/blog\/mallorca\/dimoni-palma-san-antoni-san-sebastian.jpg","articleSection":["Mallorca"],"inLanguage":"en-US","potentialAction":[{"@type":"CommentAction","name":"Comment","target":["https:\/\/www.porta-mallorquina.es\/blog\/san-sebastian-se-celebra-en-mallorca-con-mucha-intensidad\/#respond"]}]},{"@type":"WebPage","@id":"https:\/\/www.porta-mallorquina.es\/blog\/san-sebastian-se-celebra-en-mallorca-con-mucha-intensidad\/","url":"https:\/\/www.porta-mallorquina.es\/blog\/san-sebastian-se-celebra-en-mallorca-con-mucha-intensidad\/","name":"San Sebastian se celebra en Mallorca con mucha intensidad - Porta Mallorquina Blog","isPartOf":{"@id":"https:\/\/www.porta-mallorquina.es\/blog\/#website"},"primaryImageOfPage":{"@id":"https:\/\/www.porta-mallorquina.es\/blog\/san-sebastian-se-celebra-en-mallorca-con-mucha-intensidad\/#primaryimage"},"image":{"@id":"https:\/\/www.porta-mallorquina.es\/blog\/san-sebastian-se-celebra-en-mallorca-con-mucha-intensidad\/#primaryimage"},"thumbnailUrl":"https:\/\/www.porta-mallorquina.es\/blog\/mallorca\/dimoni-palma-san-antoni-san-sebastian.jpg","datePublished":"2012-01-13T09:21:36+00:00","dateModified":"2016-06-27T15:48:45+00:00","breadcrumb":{"@id":"https:\/\/www.porta-mallorquina.es\/blog\/san-sebastian-se-celebra-en-mallorca-con-mucha-intensidad\/#breadcrumb"},"inLanguage":"en-US","potentialAction":[{"@type":"ReadAction","target":["https:\/\/www.porta-mallorquina.es\/blog\/san-sebastian-se-celebra-en-mallorca-con-mucha-intensidad\/"]}]},{"@type":"ImageObject","inLanguage":"en-US","@id":"https:\/\/www.porta-mallorquina.es\/blog\/san-sebastian-se-celebra-en-mallorca-con-mucha-intensidad\/#primaryimage","url":"https:\/\/www.porta-mallorquina.es\/blog\/mallorca\/dimoni-palma-san-antoni-san-sebastian.jpg","contentUrl":"https:\/\/www.porta-mallorquina.es\/blog\/mallorca\/dimoni-palma-san-antoni-san-sebastian.jpg","width":"614","height":"429","caption":"Demonios delante de la catedral"},{"@type":"BreadcrumbList","@id":"https:\/\/www.porta-mallorquina.es\/blog\/san-sebastian-se-celebra-en-mallorca-con-mucha-intensidad\/#breadcrumb","itemListElement":[{"@type":"ListItem","position":1,"name":"Portada","item":"https:\/\/www.porta-mallorquina.es\/blog\/"},{"@type":"ListItem","position":2,"name":"San Sebastian se celebra en Mallorca con mucha intensidad"}]},{"@type":"WebSite","@id":"https:\/\/www.porta-mallorquina.es\/blog\/#website","url":"https:\/\/www.porta-mallorquina.es\/blog\/","name":"Porta Mallorquina Blog","description":"m\u00e1s que inmuebles de Mallorca","publisher":{"@id":"https:\/\/www.porta-mallorquina.es\/blog\/#organization"},"potentialAction":[{"@type":"SearchAction","target":{"@type":"EntryPoint","urlTemplate":"https:\/\/www.porta-mallorquina.es\/blog\/?s={search_term_string}"},"query-input":{"@type":"PropertyValueSpecification","valueRequired":true,"valueName":"search_term_string"}}],"inLanguage":"en-US"},{"@type":"Organization","@id":"https:\/\/www.porta-mallorquina.es\/blog\/#organization","name":"Porta Mallorquina Blog","url":"https:\/\/www.porta-mallorquina.es\/blog\/","logo":{"@type":"ImageObject","inLanguage":"en-US","@id":"https:\/\/www.porta-mallorquina.es\/blog\/#\/schema\/logo\/image\/","url":"https:\/\/www.porta-mallorquina.es\/blog\/mallorca\/porta-mallorquina-real-estate-mallorca-logo.png","contentUrl":"https:\/\/www.porta-mallorquina.es\/blog\/mallorca\/porta-mallorquina-real-estate-mallorca-logo.png","width":570,"height":400,"caption":"Porta Mallorquina Blog"},"image":{"@id":"https:\/\/www.porta-mallorquina.es\/blog\/#\/schema\/logo\/image\/"}},{"@type":"Person","@id":"https:\/\/www.porta-mallorquina.es\/blog\/#\/schema\/person\/00d40468a84878931da4d5e16749c9f0","name":"Porta Mallorquina","sameAs":["https:\/\/www.porta-mallorquina.es"],"url":"https:\/\/www.porta-mallorquina.es\/blog\/author\/petraz\/"}]}},"_links":{"self":[{"href":"https:\/\/www.porta-mallorquina.es\/blog\/wp-json\/wp\/v2\/posts\/268","targetHints":{"allow":["GET"]}}],"collection":[{"href":"https:\/\/www.porta-mallorquina.es\/blog\/wp-json\/wp\/v2\/posts"}],"about":[{"href":"https:\/\/www.porta-mallorquina.es\/blog\/wp-json\/wp\/v2\/types\/post"}],"author":[{"embeddable":true,"href":"https:\/\/www.porta-mallorquina.es\/blog\/wp-json\/wp\/v2\/users\/2"}],"replies":[{"embeddable":true,"href":"https:\/\/www.porta-mallorquina.es\/blog\/wp-json\/wp\/v2\/comments?post=268"}],"version-history":[{"count":62,"href":"https:\/\/www.porta-mallorquina.es\/blog\/wp-json\/wp\/v2\/posts\/268\/revisions"}],"predecessor-version":[{"id":1551,"href":"https:\/\/www.porta-mallorquina.es\/blog\/wp-json\/wp\/v2\/posts\/268\/revisions\/1551"}],"wp:attachment":[{"href":"https:\/\/www.porta-mallorquina.es\/blog\/wp-json\/wp\/v2\/media?parent=268"}],"wp:term":[{"taxonomy":"category","embeddable":true,"href":"https:\/\/www.porta-mallorquina.es\/blog\/wp-json\/wp\/v2\/categories?post=268"},{"taxonomy":"post_tag","embeddable":true,"href":"https:\/\/www.porta-mallorquina.es\/blog\/wp-json\/wp\/v2\/tags?post=268"}],"curies":[{"name":"wp","href":"https:\/\/api.w.org\/{rel}","templated":true}]}}