{"id":2752,"date":"2025-07-25T22:04:13","date_gmt":"2025-07-25T20:04:13","guid":{"rendered":"https:\/\/www.porta-mallorquina.es\/blog\/?p=2752"},"modified":"2025-07-25T22:10:18","modified_gmt":"2025-07-25T20:10:18","slug":"estudio-de-mercado-2025-mallorca-sigue-siendo-el-destino-estrella-para-las-propiedades-vacacionales","status":"publish","type":"post","link":"https:\/\/www.porta-mallorquina.es\/blog\/estudio-de-mercado-2025-mallorca-sigue-siendo-el-destino-estrella-para-las-propiedades-vacacionales\/","title":{"rendered":"Estudio de mercado 2025: Mallorca sigue siendo el destino estrella para las propiedades vacacionales"},"content":{"rendered":"<h2>Los precios siguen subiendo, a pesar de las protestas contra el turismo masivo<\/h2>\n<p><img loading=\"lazy\" decoding=\"async\" class=\" wp-image-2661 alignright\" src=\"https:\/\/www.porta-mallorquina.es\/blog\/mallorca\/Logo-CRES.png\" alt=\"\" width=\"227\" height=\"232\" srcset=\"https:\/\/www.porta-mallorquina.es\/blog\/mallorca\/Logo-CRES.png 525w, https:\/\/www.porta-mallorquina.es\/blog\/mallorca\/Logo-CRES-293x300.png 293w\" sizes=\"auto, (max-width: 227px) 100vw, 227px\" \/><\/p>\n<p>El mercado inmobiliario de Mallorca vuelve a demostrar su solidez en 2025. A pesar de las protestas crecientes contra\u00a0el\u00a0turismo de masas y el aumento del coste de vida, los precios de las viviendas vacacionales siguen subiendo con fuerza. As\u00ed lo confirma el \u00faltimo estudio de mercado elaborado por el <b>Center for Real Estate Studies (CRES)<\/b>\u00a0por encargo de <i>Porta Mallorquina, a brand of Homes &amp; Holiday AG<\/i>.<\/p>\n<p>El precio medio por metro cuadrado se sit\u00faa en <b>6.700 euros<\/b>, lo que representa un <b>aumento del 7,4 %<\/b>\u00a0respecto al a\u00f1o anterior. La regi\u00f3n m\u00e1s cara sigue siendo el <b>suroeste<\/b>, con casi <b>9.000 \u20ac\/m\u00b2<\/b>, mientras que la zona m\u00e1s asequible contin\u00faa siendo el <b>centro de la isla<\/b>, con <b>4.550 \u20ac\/m\u00b2<\/b>\u00a0de media.<\/p>\n<h2>Las nuevas construcciones en auge: la oferta aumenta notablemente<\/h2>\n<p>A su vez, la <b>oferta total de propiedades vacacionales<\/b>\u00a0ha crecido cerca de un <b>8 %<\/b>, siendo especialmente notable el aumento en el n\u00famero de <b>nuevas promociones<\/b>: actualmente representan el <b>17 % del mercado<\/b>. En zonas como el sureste o Palma Ciudad, las viviendas de nueva construcci\u00f3n suponen ya alrededor de una cuarta parte de las propiedades anunciadas.<\/p>\n<p>Un dato llamativo: <b>m\u00e1s de un tercio de los inmuebles lleva publicado m\u00e1s de un a\u00f1o<\/b>, lo que apunta a una posible diferencia entre las expectativas de los propietarios y la realidad del mercado \u2013 una cuesti\u00f3n cada vez m\u00e1s relevante para los inversores.<\/p>\n<p><img loading=\"lazy\" decoding=\"async\" class=\"aligncenter size-full wp-image-2753\" src=\"https:\/\/www.porta-mallorquina.es\/blog\/mallorca\/Unbenannt.png\" alt=\"\" width=\"1239\" height=\"708\" srcset=\"https:\/\/www.porta-mallorquina.es\/blog\/mallorca\/Unbenannt.png 1239w, https:\/\/www.porta-mallorquina.es\/blog\/mallorca\/Unbenannt-300x171.png 300w, https:\/\/www.porta-mallorquina.es\/blog\/mallorca\/Unbenannt-1024x585.png 1024w, https:\/\/www.porta-mallorquina.es\/blog\/mallorca\/Unbenannt-768x439.png 768w\" sizes=\"auto, (max-width: 1239px) 100vw, 1239px\" \/><\/p>\n<h2>Vistas al mar y piscina: el lujo sigue siendo muy demandado<\/h2>\n<p>Las propiedades con <b>vistas al mar<\/b>\u00a0o <b>piscina privada<\/b>\u00a0siguen siendo especialmente deseadas. Por ejemplo, una villa con vistas panor\u00e1micas al mar supera ya los <b>10.000 \u20ac\/m\u00b2<\/b>, y una piscina de alta calidad puede incrementar el valor de una propiedad hasta en un <b>40 %<\/b>\u00a0\u2013 un dato clave para los propietarios que est\u00e9n pensando en revalorizar sus inmuebles.<\/p>\n<h2>Presi\u00f3n social, pero escasos efectos en el mercado<\/h2>\n<p><b>Al mismo tiempo, crece la presi\u00f3n social.<\/b>\u00a0En 2024, miles de residentes se manifestaron en Palma para protestar contra la subida de precios y la falta de vivienda accesible. No obstante, estas tensiones sociales a\u00fan no se reflejan en los precios del mercado, que sigue siendo estable y, en muchos casos, claramente alcista.<\/p>\n<p>A medio plazo, las perspectivas siguen siendo positivas: seg\u00fan el escenario, el estudio pronostica subidas de precio anuales de entre el <b>3,0 % y el 4,6 % hasta 2028<\/b>.<\/p>\n<p><img loading=\"lazy\" decoding=\"async\" class=\"aligncenter size-full wp-image-2754\" src=\"https:\/\/www.porta-mallorquina.es\/blog\/mallorca\/stat-engl.jpg\" alt=\"\" width=\"968\" height=\"416\" srcset=\"https:\/\/www.porta-mallorquina.es\/blog\/mallorca\/stat-engl.jpg 968w, https:\/\/www.porta-mallorquina.es\/blog\/mallorca\/stat-engl-300x129.jpg 300w, https:\/\/www.porta-mallorquina.es\/blog\/mallorca\/stat-engl-768x330.jpg 768w\" sizes=\"auto, (max-width: 968px) 100vw, 968px\" \/><\/p>\n<h2>\u00bfQu\u00e9 hace a Mallorca tan resistente?<\/h2>\n<p>Adem\u00e1s de su belleza natural y una excelente infraestructura, muchos compradores tienen un fuerte v\u00ednculo emocional con la isla. Quienes compran aqu\u00ed lo hacen con una visi\u00f3n a largo plazo y con el deseo de adoptar un estilo de vida mediterr\u00e1neo.<\/p>\n<h2>Descargue aqu\u00ed el estudio completo y tome decisiones bien fundamentadas<\/h2>\n<p>El estudio completo ofrece una visi\u00f3n detallada sobre las diferencias regionales, los tipos de propiedades, los niveles de precios, la calidad constructiva y el potencial de revalorizaci\u00f3n \u2013una lectura imprescindible para compradores, inversores, analistas y medios especializados. Eche un vistazo o descargue directamente el estudio:<\/p>\n<h2>Estudio completo<\/h2>\n<div class=\"_df_book df-lite\" id=\"df_2757\"  _slug=\"estudio-de-mercado-inmobiliario-mallorca-2025\" data-title=\"estudio-de-mercado-inmobiliario-mallorca-2025\" wpoptions=\"true\" thumb=\"https:\/\/www.porta-mallorquina.es\/blog\/mallorca\/titelfoto-sutide-esp.jpg\" thumbtype=\"\" ><\/div><script class=\"df-shortcode-script\" nowprocket type=\"application\/javascript\">window.option_df_2757 = {\"outline\":[],\"autoEnableOutline\":\"false\",\"autoEnableThumbnail\":\"false\",\"overwritePDFOutline\":\"false\",\"direction\":\"1\",\"pageSize\":\"0\",\"source\":\"https:\\\/\\\/www.porta-mallorquina.es\\\/blog\\\/mallorca\\\/Estudio-de-mercado-inmobiliario-Mallorca-2025-1.pdf\",\"wpOptions\":\"true\"}; if(window.DFLIP && window.DFLIP.parseBooks){window.DFLIP.parseBooks();}<\/script>\n","protected":false},"excerpt":{"rendered":"<p>Los precios siguen subiendo, a pesar de las protestas contra el turismo masivo El mercado inmobiliario de Mallorca vuelve a demostrar su solidez en 2025. A pesar de las protestas crecientes contra\u00a0el\u00a0turismo de masas y el aumento del coste de vida, los precios de las viviendas vacacionales siguen subiendo con fuerza. As\u00ed lo confirma el [&hellip;]<\/p>\n","protected":false},"author":2,"featured_media":2759,"comment_status":"open","ping_status":"open","sticky":false,"template":"","format":"standard","meta":{"footnotes":""},"categories":[11,6,9],"tags":[],"class_list":["post-2752","post","type-post","status-publish","format-standard","has-post-thumbnail","hentry","category-inmuebles","category-mallorca","category-porta-mallorquina"],"yoast_head":"<!-- This site is optimized with the Yoast SEO plugin v27.2 - https:\/\/yoast.com\/product\/yoast-seo-wordpress\/ -->\n<title>Estudio de mercado 2025 Mallorca<\/title>\n<meta name=\"description\" content=\"El nuevo estudio de mercado muestra que, a pesar de las tensiones sociales, el mercado inmobiliario de Mallorca se mantiene estable y con un fuerte crecimiento. Por qu\u00e9 es as\u00ed y qu\u00e9 deben saber ahora los compradores e inversores.\" \/>\n<meta name=\"robots\" content=\"index, follow, max-snippet:-1, max-image-preview:large, max-video-preview:-1\" \/>\n<link rel=\"canonical\" href=\"https:\/\/www.porta-mallorquina.es\/blog\/estudio-de-mercado-2025-mallorca-sigue-siendo-el-destino-estrella-para-las-propiedades-vacacionales\/\" \/>\n<meta property=\"og:locale\" content=\"en_US\" \/>\n<meta property=\"og:type\" content=\"article\" \/>\n<meta property=\"og:title\" content=\"Estudio de mercado 2025 Mallorca\" \/>\n<meta property=\"og:description\" content=\"El nuevo estudio de mercado muestra que, a pesar de las tensiones sociales, el mercado inmobiliario de Mallorca se mantiene estable y con un fuerte crecimiento. Por qu\u00e9 es as\u00ed y qu\u00e9 deben saber ahora los compradores e inversores.\" \/>\n<meta property=\"og:url\" content=\"https:\/\/www.porta-mallorquina.es\/blog\/estudio-de-mercado-2025-mallorca-sigue-siendo-el-destino-estrella-para-las-propiedades-vacacionales\/\" \/>\n<meta property=\"og:site_name\" content=\"Porta Mallorquina Blog\" \/>\n<meta property=\"article:published_time\" content=\"2025-07-25T20:04:13+00:00\" \/>\n<meta property=\"article:modified_time\" content=\"2025-07-25T20:10:18+00:00\" \/>\n<meta property=\"og:image\" content=\"https:\/\/www.porta-mallorquina.es\/blog\/mallorca\/titelfoto-sutide-esp.jpg\" \/>\n\t<meta property=\"og:image:width\" content=\"595\" \/>\n\t<meta property=\"og:image:height\" content=\"842\" \/>\n\t<meta property=\"og:image:type\" content=\"image\/jpeg\" \/>\n<meta name=\"author\" content=\"Porta Mallorquina\" \/>\n<meta name=\"twitter:card\" content=\"summary_large_image\" \/>\n<meta name=\"twitter:label1\" content=\"Written by\" \/>\n\t<meta name=\"twitter:data1\" content=\"Porta Mallorquina\" \/>\n\t<meta name=\"twitter:label2\" content=\"Est. reading time\" \/>\n\t<meta name=\"twitter:data2\" content=\"4 minutes\" \/>\n<script type=\"application\/ld+json\" class=\"yoast-schema-graph\">{\"@context\":\"https:\/\/schema.org\",\"@graph\":[{\"@type\":\"Article\",\"@id\":\"https:\/\/www.porta-mallorquina.es\/blog\/estudio-de-mercado-2025-mallorca-sigue-siendo-el-destino-estrella-para-las-propiedades-vacacionales\/#article\",\"isPartOf\":{\"@id\":\"https:\/\/www.porta-mallorquina.es\/blog\/estudio-de-mercado-2025-mallorca-sigue-siendo-el-destino-estrella-para-las-propiedades-vacacionales\/\"},\"author\":{\"name\":\"Porta Mallorquina\",\"@id\":\"https:\/\/www.porta-mallorquina.es\/blog\/#\/schema\/person\/00d40468a84878931da4d5e16749c9f0\"},\"headline\":\"Estudio de mercado 2025: Mallorca sigue siendo el destino estrella para las propiedades vacacionales\",\"datePublished\":\"2025-07-25T20:04:13+00:00\",\"dateModified\":\"2025-07-25T20:10:18+00:00\",\"mainEntityOfPage\":{\"@id\":\"https:\/\/www.porta-mallorquina.es\/blog\/estudio-de-mercado-2025-mallorca-sigue-siendo-el-destino-estrella-para-las-propiedades-vacacionales\/\"},\"wordCount\":530,\"commentCount\":0,\"publisher\":{\"@id\":\"https:\/\/www.porta-mallorquina.es\/blog\/#organization\"},\"image\":{\"@id\":\"https:\/\/www.porta-mallorquina.es\/blog\/estudio-de-mercado-2025-mallorca-sigue-siendo-el-destino-estrella-para-las-propiedades-vacacionales\/#primaryimage\"},\"thumbnailUrl\":\"https:\/\/www.porta-mallorquina.es\/blog\/mallorca\/titelfoto-sutide-esp.jpg\",\"articleSection\":[\"Inmuebles\",\"Mallorca\",\"Porta Mallorquina\"],\"inLanguage\":\"en-US\",\"potentialAction\":[{\"@type\":\"CommentAction\",\"name\":\"Comment\",\"target\":[\"https:\/\/www.porta-mallorquina.es\/blog\/estudio-de-mercado-2025-mallorca-sigue-siendo-el-destino-estrella-para-las-propiedades-vacacionales\/#respond\"]}]},{\"@type\":\"WebPage\",\"@id\":\"https:\/\/www.porta-mallorquina.es\/blog\/estudio-de-mercado-2025-mallorca-sigue-siendo-el-destino-estrella-para-las-propiedades-vacacionales\/\",\"url\":\"https:\/\/www.porta-mallorquina.es\/blog\/estudio-de-mercado-2025-mallorca-sigue-siendo-el-destino-estrella-para-las-propiedades-vacacionales\/\",\"name\":\"Estudio de mercado 2025 Mallorca\",\"isPartOf\":{\"@id\":\"https:\/\/www.porta-mallorquina.es\/blog\/#website\"},\"primaryImageOfPage\":{\"@id\":\"https:\/\/www.porta-mallorquina.es\/blog\/estudio-de-mercado-2025-mallorca-sigue-siendo-el-destino-estrella-para-las-propiedades-vacacionales\/#primaryimage\"},\"image\":{\"@id\":\"https:\/\/www.porta-mallorquina.es\/blog\/estudio-de-mercado-2025-mallorca-sigue-siendo-el-destino-estrella-para-las-propiedades-vacacionales\/#primaryimage\"},\"thumbnailUrl\":\"https:\/\/www.porta-mallorquina.es\/blog\/mallorca\/titelfoto-sutide-esp.jpg\",\"datePublished\":\"2025-07-25T20:04:13+00:00\",\"dateModified\":\"2025-07-25T20:10:18+00:00\",\"description\":\"El nuevo estudio de mercado muestra que, a pesar de las tensiones sociales, el mercado inmobiliario de Mallorca se mantiene estable y con un fuerte crecimiento. Por qu\u00e9 es as\u00ed y qu\u00e9 deben saber ahora los compradores e inversores.\",\"breadcrumb\":{\"@id\":\"https:\/\/www.porta-mallorquina.es\/blog\/estudio-de-mercado-2025-mallorca-sigue-siendo-el-destino-estrella-para-las-propiedades-vacacionales\/#breadcrumb\"},\"inLanguage\":\"en-US\",\"potentialAction\":[{\"@type\":\"ReadAction\",\"target\":[\"https:\/\/www.porta-mallorquina.es\/blog\/estudio-de-mercado-2025-mallorca-sigue-siendo-el-destino-estrella-para-las-propiedades-vacacionales\/\"]}]},{\"@type\":\"ImageObject\",\"inLanguage\":\"en-US\",\"@id\":\"https:\/\/www.porta-mallorquina.es\/blog\/estudio-de-mercado-2025-mallorca-sigue-siendo-el-destino-estrella-para-las-propiedades-vacacionales\/#primaryimage\",\"url\":\"https:\/\/www.porta-mallorquina.es\/blog\/mallorca\/titelfoto-sutide-esp.jpg\",\"contentUrl\":\"https:\/\/www.porta-mallorquina.es\/blog\/mallorca\/titelfoto-sutide-esp.jpg\",\"width\":595,\"height\":842},{\"@type\":\"BreadcrumbList\",\"@id\":\"https:\/\/www.porta-mallorquina.es\/blog\/estudio-de-mercado-2025-mallorca-sigue-siendo-el-destino-estrella-para-las-propiedades-vacacionales\/#breadcrumb\",\"itemListElement\":[{\"@type\":\"ListItem\",\"position\":1,\"name\":\"Portada\",\"item\":\"https:\/\/www.porta-mallorquina.es\/blog\/\"},{\"@type\":\"ListItem\",\"position\":2,\"name\":\"Estudio de mercado 2025: Mallorca sigue siendo el destino estrella para las propiedades vacacionales\"}]},{\"@type\":\"WebSite\",\"@id\":\"https:\/\/www.porta-mallorquina.es\/blog\/#website\",\"url\":\"https:\/\/www.porta-mallorquina.es\/blog\/\",\"name\":\"Porta Mallorquina Blog\",\"description\":\"m\u00e1s que inmuebles de Mallorca\",\"publisher\":{\"@id\":\"https:\/\/www.porta-mallorquina.es\/blog\/#organization\"},\"potentialAction\":[{\"@type\":\"SearchAction\",\"target\":{\"@type\":\"EntryPoint\",\"urlTemplate\":\"https:\/\/www.porta-mallorquina.es\/blog\/?s={search_term_string}\"},\"query-input\":{\"@type\":\"PropertyValueSpecification\",\"valueRequired\":true,\"valueName\":\"search_term_string\"}}],\"inLanguage\":\"en-US\"},{\"@type\":\"Organization\",\"@id\":\"https:\/\/www.porta-mallorquina.es\/blog\/#organization\",\"name\":\"Porta Mallorquina Blog\",\"url\":\"https:\/\/www.porta-mallorquina.es\/blog\/\",\"logo\":{\"@type\":\"ImageObject\",\"inLanguage\":\"en-US\",\"@id\":\"https:\/\/www.porta-mallorquina.es\/blog\/#\/schema\/logo\/image\/\",\"url\":\"https:\/\/www.porta-mallorquina.es\/blog\/mallorca\/porta-mallorquina-real-estate-mallorca-logo.png\",\"contentUrl\":\"https:\/\/www.porta-mallorquina.es\/blog\/mallorca\/porta-mallorquina-real-estate-mallorca-logo.png\",\"width\":570,\"height\":400,\"caption\":\"Porta Mallorquina Blog\"},\"image\":{\"@id\":\"https:\/\/www.porta-mallorquina.es\/blog\/#\/schema\/logo\/image\/\"}},{\"@type\":\"Person\",\"@id\":\"https:\/\/www.porta-mallorquina.es\/blog\/#\/schema\/person\/00d40468a84878931da4d5e16749c9f0\",\"name\":\"Porta Mallorquina\",\"sameAs\":[\"https:\/\/www.porta-mallorquina.es\"],\"url\":\"https:\/\/www.porta-mallorquina.es\/blog\/author\/petraz\/\"}]}<\/script>\n<!-- \/ Yoast SEO plugin. -->","yoast_head_json":{"title":"Estudio de mercado 2025 Mallorca","description":"El nuevo estudio de mercado muestra que, a pesar de las tensiones sociales, el mercado inmobiliario de Mallorca se mantiene estable y con un fuerte crecimiento. Por qu\u00e9 es as\u00ed y qu\u00e9 deben saber ahora los compradores e inversores.","robots":{"index":"index","follow":"follow","max-snippet":"max-snippet:-1","max-image-preview":"max-image-preview:large","max-video-preview":"max-video-preview:-1"},"canonical":"https:\/\/www.porta-mallorquina.es\/blog\/estudio-de-mercado-2025-mallorca-sigue-siendo-el-destino-estrella-para-las-propiedades-vacacionales\/","og_locale":"en_US","og_type":"article","og_title":"Estudio de mercado 2025 Mallorca","og_description":"El nuevo estudio de mercado muestra que, a pesar de las tensiones sociales, el mercado inmobiliario de Mallorca se mantiene estable y con un fuerte crecimiento. Por qu\u00e9 es as\u00ed y qu\u00e9 deben saber ahora los compradores e inversores.","og_url":"https:\/\/www.porta-mallorquina.es\/blog\/estudio-de-mercado-2025-mallorca-sigue-siendo-el-destino-estrella-para-las-propiedades-vacacionales\/","og_site_name":"Porta Mallorquina Blog","article_published_time":"2025-07-25T20:04:13+00:00","article_modified_time":"2025-07-25T20:10:18+00:00","og_image":[{"width":595,"height":842,"url":"https:\/\/www.porta-mallorquina.es\/blog\/mallorca\/titelfoto-sutide-esp.jpg","type":"image\/jpeg"}],"author":"Porta Mallorquina","twitter_card":"summary_large_image","twitter_misc":{"Written by":"Porta Mallorquina","Est. reading time":"4 minutes"},"schema":{"@context":"https:\/\/schema.org","@graph":[{"@type":"Article","@id":"https:\/\/www.porta-mallorquina.es\/blog\/estudio-de-mercado-2025-mallorca-sigue-siendo-el-destino-estrella-para-las-propiedades-vacacionales\/#article","isPartOf":{"@id":"https:\/\/www.porta-mallorquina.es\/blog\/estudio-de-mercado-2025-mallorca-sigue-siendo-el-destino-estrella-para-las-propiedades-vacacionales\/"},"author":{"name":"Porta Mallorquina","@id":"https:\/\/www.porta-mallorquina.es\/blog\/#\/schema\/person\/00d40468a84878931da4d5e16749c9f0"},"headline":"Estudio de mercado 2025: Mallorca sigue siendo el destino estrella para las propiedades vacacionales","datePublished":"2025-07-25T20:04:13+00:00","dateModified":"2025-07-25T20:10:18+00:00","mainEntityOfPage":{"@id":"https:\/\/www.porta-mallorquina.es\/blog\/estudio-de-mercado-2025-mallorca-sigue-siendo-el-destino-estrella-para-las-propiedades-vacacionales\/"},"wordCount":530,"commentCount":0,"publisher":{"@id":"https:\/\/www.porta-mallorquina.es\/blog\/#organization"},"image":{"@id":"https:\/\/www.porta-mallorquina.es\/blog\/estudio-de-mercado-2025-mallorca-sigue-siendo-el-destino-estrella-para-las-propiedades-vacacionales\/#primaryimage"},"thumbnailUrl":"https:\/\/www.porta-mallorquina.es\/blog\/mallorca\/titelfoto-sutide-esp.jpg","articleSection":["Inmuebles","Mallorca","Porta Mallorquina"],"inLanguage":"en-US","potentialAction":[{"@type":"CommentAction","name":"Comment","target":["https:\/\/www.porta-mallorquina.es\/blog\/estudio-de-mercado-2025-mallorca-sigue-siendo-el-destino-estrella-para-las-propiedades-vacacionales\/#respond"]}]},{"@type":"WebPage","@id":"https:\/\/www.porta-mallorquina.es\/blog\/estudio-de-mercado-2025-mallorca-sigue-siendo-el-destino-estrella-para-las-propiedades-vacacionales\/","url":"https:\/\/www.porta-mallorquina.es\/blog\/estudio-de-mercado-2025-mallorca-sigue-siendo-el-destino-estrella-para-las-propiedades-vacacionales\/","name":"Estudio de mercado 2025 Mallorca","isPartOf":{"@id":"https:\/\/www.porta-mallorquina.es\/blog\/#website"},"primaryImageOfPage":{"@id":"https:\/\/www.porta-mallorquina.es\/blog\/estudio-de-mercado-2025-mallorca-sigue-siendo-el-destino-estrella-para-las-propiedades-vacacionales\/#primaryimage"},"image":{"@id":"https:\/\/www.porta-mallorquina.es\/blog\/estudio-de-mercado-2025-mallorca-sigue-siendo-el-destino-estrella-para-las-propiedades-vacacionales\/#primaryimage"},"thumbnailUrl":"https:\/\/www.porta-mallorquina.es\/blog\/mallorca\/titelfoto-sutide-esp.jpg","datePublished":"2025-07-25T20:04:13+00:00","dateModified":"2025-07-25T20:10:18+00:00","description":"El nuevo estudio de mercado muestra que, a pesar de las tensiones sociales, el mercado inmobiliario de Mallorca se mantiene estable y con un fuerte crecimiento. Por qu\u00e9 es as\u00ed y qu\u00e9 deben saber ahora los compradores e inversores.","breadcrumb":{"@id":"https:\/\/www.porta-mallorquina.es\/blog\/estudio-de-mercado-2025-mallorca-sigue-siendo-el-destino-estrella-para-las-propiedades-vacacionales\/#breadcrumb"},"inLanguage":"en-US","potentialAction":[{"@type":"ReadAction","target":["https:\/\/www.porta-mallorquina.es\/blog\/estudio-de-mercado-2025-mallorca-sigue-siendo-el-destino-estrella-para-las-propiedades-vacacionales\/"]}]},{"@type":"ImageObject","inLanguage":"en-US","@id":"https:\/\/www.porta-mallorquina.es\/blog\/estudio-de-mercado-2025-mallorca-sigue-siendo-el-destino-estrella-para-las-propiedades-vacacionales\/#primaryimage","url":"https:\/\/www.porta-mallorquina.es\/blog\/mallorca\/titelfoto-sutide-esp.jpg","contentUrl":"https:\/\/www.porta-mallorquina.es\/blog\/mallorca\/titelfoto-sutide-esp.jpg","width":595,"height":842},{"@type":"BreadcrumbList","@id":"https:\/\/www.porta-mallorquina.es\/blog\/estudio-de-mercado-2025-mallorca-sigue-siendo-el-destino-estrella-para-las-propiedades-vacacionales\/#breadcrumb","itemListElement":[{"@type":"ListItem","position":1,"name":"Portada","item":"https:\/\/www.porta-mallorquina.es\/blog\/"},{"@type":"ListItem","position":2,"name":"Estudio de mercado 2025: Mallorca sigue siendo el destino estrella para las propiedades vacacionales"}]},{"@type":"WebSite","@id":"https:\/\/www.porta-mallorquina.es\/blog\/#website","url":"https:\/\/www.porta-mallorquina.es\/blog\/","name":"Porta Mallorquina Blog","description":"m\u00e1s que inmuebles de Mallorca","publisher":{"@id":"https:\/\/www.porta-mallorquina.es\/blog\/#organization"},"potentialAction":[{"@type":"SearchAction","target":{"@type":"EntryPoint","urlTemplate":"https:\/\/www.porta-mallorquina.es\/blog\/?s={search_term_string}"},"query-input":{"@type":"PropertyValueSpecification","valueRequired":true,"valueName":"search_term_string"}}],"inLanguage":"en-US"},{"@type":"Organization","@id":"https:\/\/www.porta-mallorquina.es\/blog\/#organization","name":"Porta Mallorquina Blog","url":"https:\/\/www.porta-mallorquina.es\/blog\/","logo":{"@type":"ImageObject","inLanguage":"en-US","@id":"https:\/\/www.porta-mallorquina.es\/blog\/#\/schema\/logo\/image\/","url":"https:\/\/www.porta-mallorquina.es\/blog\/mallorca\/porta-mallorquina-real-estate-mallorca-logo.png","contentUrl":"https:\/\/www.porta-mallorquina.es\/blog\/mallorca\/porta-mallorquina-real-estate-mallorca-logo.png","width":570,"height":400,"caption":"Porta Mallorquina Blog"},"image":{"@id":"https:\/\/www.porta-mallorquina.es\/blog\/#\/schema\/logo\/image\/"}},{"@type":"Person","@id":"https:\/\/www.porta-mallorquina.es\/blog\/#\/schema\/person\/00d40468a84878931da4d5e16749c9f0","name":"Porta Mallorquina","sameAs":["https:\/\/www.porta-mallorquina.es"],"url":"https:\/\/www.porta-mallorquina.es\/blog\/author\/petraz\/"}]}},"_links":{"self":[{"href":"https:\/\/www.porta-mallorquina.es\/blog\/wp-json\/wp\/v2\/posts\/2752","targetHints":{"allow":["GET"]}}],"collection":[{"href":"https:\/\/www.porta-mallorquina.es\/blog\/wp-json\/wp\/v2\/posts"}],"about":[{"href":"https:\/\/www.porta-mallorquina.es\/blog\/wp-json\/wp\/v2\/types\/post"}],"author":[{"embeddable":true,"href":"https:\/\/www.porta-mallorquina.es\/blog\/wp-json\/wp\/v2\/users\/2"}],"replies":[{"embeddable":true,"href":"https:\/\/www.porta-mallorquina.es\/blog\/wp-json\/wp\/v2\/comments?post=2752"}],"version-history":[{"count":7,"href":"https:\/\/www.porta-mallorquina.es\/blog\/wp-json\/wp\/v2\/posts\/2752\/revisions"}],"predecessor-version":[{"id":2765,"href":"https:\/\/www.porta-mallorquina.es\/blog\/wp-json\/wp\/v2\/posts\/2752\/revisions\/2765"}],"wp:featuredmedia":[{"embeddable":true,"href":"https:\/\/www.porta-mallorquina.es\/blog\/wp-json\/wp\/v2\/media\/2759"}],"wp:attachment":[{"href":"https:\/\/www.porta-mallorquina.es\/blog\/wp-json\/wp\/v2\/media?parent=2752"}],"wp:term":[{"taxonomy":"category","embeddable":true,"href":"https:\/\/www.porta-mallorquina.es\/blog\/wp-json\/wp\/v2\/categories?post=2752"},{"taxonomy":"post_tag","embeddable":true,"href":"https:\/\/www.porta-mallorquina.es\/blog\/wp-json\/wp\/v2\/tags?post=2752"}],"curies":[{"name":"wp","href":"https:\/\/api.w.org\/{rel}","templated":true}]}}