{"id":2767,"date":"2025-09-18T13:47:38","date_gmt":"2025-09-18T11:47:38","guid":{"rendered":"https:\/\/www.porta-mallorquina.es\/blog\/?p=2767"},"modified":"2025-09-18T13:47:38","modified_gmt":"2025-09-18T11:47:38","slug":"nit-de-lart-palma","status":"publish","type":"post","link":"https:\/\/www.porta-mallorquina.es\/blog\/nit-de-lart-palma\/","title":{"rendered":"Nit de l\u2019Art Palma"},"content":{"rendered":"<h2>Nit de l&#8217;Art<\/h2>\n<p><img loading=\"lazy\" decoding=\"async\" class=\"wp-image-2768 alignleft\" src=\"https:\/\/www.porta-mallorquina.es\/blog\/mallorca\/WhatsApp-Image-2025-09-12-at-14.38.57.jpeg\" alt=\"\" width=\"465\" height=\"620\" srcset=\"https:\/\/www.porta-mallorquina.es\/blog\/mallorca\/WhatsApp-Image-2025-09-12-at-14.38.57.jpeg 1200w, https:\/\/www.porta-mallorquina.es\/blog\/mallorca\/WhatsApp-Image-2025-09-12-at-14.38.57-225x300.jpeg 225w, https:\/\/www.porta-mallorquina.es\/blog\/mallorca\/WhatsApp-Image-2025-09-12-at-14.38.57-768x1024.jpeg 768w, https:\/\/www.porta-mallorquina.es\/blog\/mallorca\/WhatsApp-Image-2025-09-12-at-14.38.57-1152x1536.jpeg 1152w\" sizes=\"auto, (max-width: 465px) 100vw, 465px\" \/><\/p>\n<p>El s\u00e1bado 20 de septiembre de 2025 vuelve uno de los eventos culturales m\u00e1s importantes de Mallorca: la 29\u00aa edici\u00f3n de la Nit de l&#8217;Art. Entre las 18:00 y las 23:00 horas, el casco antiguo de Palma se transformar\u00e1 en una enorme galer\u00eda al aire libre y, lo mejor de todo, la entrada ser\u00e1 gratuita para todos los visitantes.<\/p>\n<h2>\u00bfQu\u00e9 se puede esperar de la Nit de l&#8217;Art?<\/h2>\n<p>Catorce galer\u00edas contempor\u00e1neas de primer orden abrir\u00e1n sus puertas hasta bien entrada la noche. Los visitantes podr\u00e1n disfrutar de un programa variado: exposiciones individuales, exposiciones colectivas, performances, charlas y proyectos art\u00edsticos espec\u00edficos para cada lugar invitan a explorar.<\/p>\n<p><strong>Instituciones culturales<\/strong> como Es Baluard, Casal Solleric, Fundaci\u00f3 Mir\u00f3 Mallorca, La Miseric\u00f2rdia y la Fundaci\u00f3n Juan March tambi\u00e9n estar\u00e1n representadas con sus propios programas. Cabe destacar una exposici\u00f3n en el Colegio de Arquitectos, inspirada en la obra de la escritora Carme Riera y realizada por Pep Llambies.<\/p>\n<p><strong>Espect\u00e1culo de arte urbano:<\/strong> toda la ciudad se convierte en un escenario. Cafeter\u00edas, balcones, azoteas, fachadas hist\u00f3ricas y pasajes se transforman de forma creativa, complementados con m\u00fasica en directo, arte callejero y actuaciones pop-up, todo ello unido en un animado ambiente festivo.<\/p>\n<h2>Por qu\u00e9 Nit de l&#8217;Art es una cita ineludible<\/h2>\n<p>Nit de l&#8217;Art abre las puertas al arte, sin barreras, de forma gratuita y en pleno centro de la ciudad. Los visitantes disfrutan de todo el espectro: desde artistas de renombre hasta talentos emergentes, desde galer\u00edas internacionales hasta proyectos locales. El evento apela a todos los sentidos: el arte en espacios p\u00fablicos, el ambiente en directo, las conversaciones personales y el acompa\u00f1amiento culinario crean una experiencia \u00fanica.<\/p>\n<p>Nit de l\u2019Art conecta instituciones, galer\u00edas, hoteles, tradici\u00f3n urbana y artistas, y transforma la ciudad durante una noche en un festival cultural abierto y lleno de vida. Lejos de los r\u00edgidos conceptos expositivos, se crea una fiesta para todos aquellos que desean descubrir el arte en toda su diversidad.<\/p>\n<h2>Una selecci\u00f3n de lo m\u00e1s destacado de las galer\u00edas<\/h2>\n<div id='gallery-1' class='gallery galleryid-2767 gallery-columns-3 gallery-size-large'><figure class='gallery-item'>\n\t\t\t<div class='gallery-icon portrait'>\n\t\t\t\t<a href='https:\/\/www.porta-mallorquina.es\/blog\/nit-de-lart-palma\/whatsapp-image-2025-09-12-at-14-39-51\/'><img loading=\"lazy\" decoding=\"async\" width=\"768\" height=\"1024\" src=\"https:\/\/www.porta-mallorquina.es\/blog\/mallorca\/WhatsApp-Image-2025-09-12-at-14.39.51-768x1024.jpeg\" class=\"attachment-large size-large\" alt=\"\" srcset=\"https:\/\/www.porta-mallorquina.es\/blog\/mallorca\/WhatsApp-Image-2025-09-12-at-14.39.51-768x1024.jpeg 768w, https:\/\/www.porta-mallorquina.es\/blog\/mallorca\/WhatsApp-Image-2025-09-12-at-14.39.51-225x300.jpeg 225w, https:\/\/www.porta-mallorquina.es\/blog\/mallorca\/WhatsApp-Image-2025-09-12-at-14.39.51-1152x1536.jpeg 1152w, https:\/\/www.porta-mallorquina.es\/blog\/mallorca\/WhatsApp-Image-2025-09-12-at-14.39.51.jpeg 1200w\" sizes=\"auto, (max-width: 768px) 100vw, 768px\" \/><\/a>\n\t\t\t<\/div><\/figure><figure class='gallery-item'>\n\t\t\t<div class='gallery-icon portrait'>\n\t\t\t\t<a href='https:\/\/www.porta-mallorquina.es\/blog\/nit-de-lart-palma\/whatsapp-image-2025-09-12-at-14-39-28\/'><img loading=\"lazy\" decoding=\"async\" width=\"768\" height=\"1024\" src=\"https:\/\/www.porta-mallorquina.es\/blog\/mallorca\/WhatsApp-Image-2025-09-12-at-14.39.28-768x1024.jpeg\" class=\"attachment-large size-large\" alt=\"\" srcset=\"https:\/\/www.porta-mallorquina.es\/blog\/mallorca\/WhatsApp-Image-2025-09-12-at-14.39.28-768x1024.jpeg 768w, https:\/\/www.porta-mallorquina.es\/blog\/mallorca\/WhatsApp-Image-2025-09-12-at-14.39.28-225x300.jpeg 225w, https:\/\/www.porta-mallorquina.es\/blog\/mallorca\/WhatsApp-Image-2025-09-12-at-14.39.28-1152x1536.jpeg 1152w, https:\/\/www.porta-mallorquina.es\/blog\/mallorca\/WhatsApp-Image-2025-09-12-at-14.39.28.jpeg 1200w\" sizes=\"auto, (max-width: 768px) 100vw, 768px\" \/><\/a>\n\t\t\t<\/div><\/figure><figure class='gallery-item'>\n\t\t\t<div class='gallery-icon portrait'>\n\t\t\t\t<a href='https:\/\/www.porta-mallorquina.es\/blog\/nit-de-lart-palma\/whatsapp-image-2025-09-12-at-14-39-27\/'><img loading=\"lazy\" decoding=\"async\" width=\"768\" height=\"1024\" src=\"https:\/\/www.porta-mallorquina.es\/blog\/mallorca\/WhatsApp-Image-2025-09-12-at-14.39.27-768x1024.jpeg\" class=\"attachment-large size-large\" alt=\"\" srcset=\"https:\/\/www.porta-mallorquina.es\/blog\/mallorca\/WhatsApp-Image-2025-09-12-at-14.39.27-768x1024.jpeg 768w, https:\/\/www.porta-mallorquina.es\/blog\/mallorca\/WhatsApp-Image-2025-09-12-at-14.39.27-225x300.jpeg 225w, https:\/\/www.porta-mallorquina.es\/blog\/mallorca\/WhatsApp-Image-2025-09-12-at-14.39.27-1152x1536.jpeg 1152w, https:\/\/www.porta-mallorquina.es\/blog\/mallorca\/WhatsApp-Image-2025-09-12-at-14.39.27.jpeg 1200w\" sizes=\"auto, (max-width: 768px) 100vw, 768px\" \/><\/a>\n\t\t\t<\/div><\/figure>\n\t\t<\/div>\n\n<h2>Algunas de las galer\u00edas participantes y sus contribuciones:<\/h2>\n<ul>\n<li>Galer\u00eda BAR\u00d3\u202f\u2013\u202fSolo de assume vivid astro focus<\/li>\n<li>ABA ART LAB\u202f\u2013\u202fObras de Miquel Mesquida<\/li>\n<li>LA BIBI + REUS\u202f\u2013\u202fExposiciones individuales de Karolina Albricht (COUNTRY) y Maite &amp; Manuel (CITY)<\/li>\n<li>CCA Andratx\u202f\u2013\u202fProyectos de Charlie Stein y Lars N\u00f8rgard<\/li>\n<li>Galer\u00eda Pelaires\u202f\u2013\u202fComisariada por Sa\u0161a Bogojev, con exposici\u00f3n individual de Andrei Pokrovskii y presentaci\u00f3n colectiva<\/li>\n<li>de, entre otros, Katherine Bradford y Aubrey Levinthal<\/li>\n<li>Galer\u00eda Fermay\u202f\u2013\u202fExposici\u00f3n colectiva con Damaris Pan, Elisa Braem y Edward Lipski<\/li>\n<li>Florit \/ Florit\u202f\u2013\u202fVarios proyectos, entre ellos exposiciones individuales de Ferm\u00edn Jim\u00e9nez Landa, Daniel Ferstl y Raphael Pohl<\/li>\n<li>Xavier Fiol\u202f\u2013\u202fDos sedes con elementos grupales y performativos.<\/li>\n<li>Tube Gallery\u202f\u2013\u202fExposici\u00f3n individual de Jack Burton.<\/li>\n<li>Pep Llabr\u00e9s Art Contemporani\u202f\u2013\u202fExposici\u00f3n individual de Ruben Rodrigo.<\/li>\n<li>6a Taller i Galeria\u202f\u2013\u202fExposici\u00f3n individual de Lola Berenguer<\/li>\n<\/ul>\n<p>Para ver el programa completo, haga <a href=\"https:\/\/artpalmacontemporani.com\/en\/esdeveniments\/nit-de-lart-2025\/\">clic aqu\u00ed<\/a>.<\/p>\n","protected":false},"excerpt":{"rendered":"<p>Nit de l&#8217;Art El s\u00e1bado 20 de septiembre de 2025 vuelve uno de los eventos culturales m\u00e1s importantes de Mallorca: la 29\u00aa edici\u00f3n de la Nit de l&#8217;Art. Entre las 18:00 y las 23:00 horas, el casco antiguo de Palma se transformar\u00e1 en una enorme galer\u00eda al aire libre y, lo mejor de todo, la [&hellip;]<\/p>\n","protected":false},"author":2,"featured_media":0,"comment_status":"open","ping_status":"open","sticky":false,"template":"","format":"standard","meta":{"footnotes":""},"categories":[16,5,6],"tags":[],"class_list":["post-2767","post","type-post","status-publish","format-standard","hentry","category-arte","category-culturales","category-mallorca"],"yoast_head":"<!-- This site is optimized with the Yoast SEO plugin v27.2 - https:\/\/yoast.com\/product\/yoast-seo-wordpress\/ -->\n<title>Nit de l\u2019Art Palma - Porta Mallorquina Blog<\/title>\n<meta name=\"robots\" content=\"index, follow, max-snippet:-1, max-image-preview:large, max-video-preview:-1\" \/>\n<link rel=\"canonical\" href=\"https:\/\/www.porta-mallorquina.es\/blog\/nit-de-lart-palma\/\" \/>\n<meta property=\"og:locale\" content=\"en_US\" \/>\n<meta property=\"og:type\" content=\"article\" \/>\n<meta property=\"og:title\" content=\"Nit de l\u2019Art Palma - Porta Mallorquina Blog\" \/>\n<meta property=\"og:description\" content=\"Nit de l&#8217;Art El s\u00e1bado 20 de septiembre de 2025 vuelve uno de los eventos culturales m\u00e1s importantes de Mallorca: la 29\u00aa edici\u00f3n de la Nit de l&#8217;Art. Entre las 18:00 y las 23:00 horas, el casco antiguo de Palma se transformar\u00e1 en una enorme galer\u00eda al aire libre y, lo mejor de todo, la [&hellip;]\" \/>\n<meta property=\"og:url\" content=\"https:\/\/www.porta-mallorquina.es\/blog\/nit-de-lart-palma\/\" \/>\n<meta property=\"og:site_name\" content=\"Porta Mallorquina Blog\" \/>\n<meta property=\"article:published_time\" content=\"2025-09-18T11:47:38+00:00\" \/>\n<meta property=\"og:image\" content=\"https:\/\/www.porta-mallorquina.es\/blog\/mallorca\/WhatsApp-Image-2025-09-12-at-14.39.51-768x1024.jpeg\" \/>\n<meta name=\"author\" content=\"Porta Mallorquina\" \/>\n<meta name=\"twitter:card\" content=\"summary_large_image\" \/>\n<meta name=\"twitter:label1\" content=\"Written by\" \/>\n\t<meta name=\"twitter:data1\" content=\"Porta Mallorquina\" \/>\n\t<meta name=\"twitter:label2\" content=\"Est. reading time\" \/>\n\t<meta name=\"twitter:data2\" content=\"3 minutes\" \/>\n<script type=\"application\/ld+json\" class=\"yoast-schema-graph\">{\"@context\":\"https:\/\/schema.org\",\"@graph\":[{\"@type\":\"Article\",\"@id\":\"https:\/\/www.porta-mallorquina.es\/blog\/nit-de-lart-palma\/#article\",\"isPartOf\":{\"@id\":\"https:\/\/www.porta-mallorquina.es\/blog\/nit-de-lart-palma\/\"},\"author\":{\"name\":\"Porta Mallorquina\",\"@id\":\"https:\/\/www.porta-mallorquina.es\/blog\/#\/schema\/person\/00d40468a84878931da4d5e16749c9f0\"},\"headline\":\"Nit de l\u2019Art Palma\",\"datePublished\":\"2025-09-18T11:47:38+00:00\",\"mainEntityOfPage\":{\"@id\":\"https:\/\/www.porta-mallorquina.es\/blog\/nit-de-lart-palma\/\"},\"wordCount\":520,\"commentCount\":0,\"publisher\":{\"@id\":\"https:\/\/www.porta-mallorquina.es\/blog\/#organization\"},\"image\":{\"@id\":\"https:\/\/www.porta-mallorquina.es\/blog\/nit-de-lart-palma\/#primaryimage\"},\"thumbnailUrl\":\"https:\/\/www.porta-mallorquina.es\/blog\/mallorca\/WhatsApp-Image-2025-09-12-at-14.38.57.jpeg\",\"articleSection\":[\"Arte\",\"Culturales\",\"Mallorca\"],\"inLanguage\":\"en-US\",\"potentialAction\":[{\"@type\":\"CommentAction\",\"name\":\"Comment\",\"target\":[\"https:\/\/www.porta-mallorquina.es\/blog\/nit-de-lart-palma\/#respond\"]}]},{\"@type\":\"WebPage\",\"@id\":\"https:\/\/www.porta-mallorquina.es\/blog\/nit-de-lart-palma\/\",\"url\":\"https:\/\/www.porta-mallorquina.es\/blog\/nit-de-lart-palma\/\",\"name\":\"Nit de l\u2019Art Palma - Porta Mallorquina Blog\",\"isPartOf\":{\"@id\":\"https:\/\/www.porta-mallorquina.es\/blog\/#website\"},\"primaryImageOfPage\":{\"@id\":\"https:\/\/www.porta-mallorquina.es\/blog\/nit-de-lart-palma\/#primaryimage\"},\"image\":{\"@id\":\"https:\/\/www.porta-mallorquina.es\/blog\/nit-de-lart-palma\/#primaryimage\"},\"thumbnailUrl\":\"https:\/\/www.porta-mallorquina.es\/blog\/mallorca\/WhatsApp-Image-2025-09-12-at-14.38.57.jpeg\",\"datePublished\":\"2025-09-18T11:47:38+00:00\",\"breadcrumb\":{\"@id\":\"https:\/\/www.porta-mallorquina.es\/blog\/nit-de-lart-palma\/#breadcrumb\"},\"inLanguage\":\"en-US\",\"potentialAction\":[{\"@type\":\"ReadAction\",\"target\":[\"https:\/\/www.porta-mallorquina.es\/blog\/nit-de-lart-palma\/\"]}]},{\"@type\":\"ImageObject\",\"inLanguage\":\"en-US\",\"@id\":\"https:\/\/www.porta-mallorquina.es\/blog\/nit-de-lart-palma\/#primaryimage\",\"url\":\"https:\/\/www.porta-mallorquina.es\/blog\/mallorca\/WhatsApp-Image-2025-09-12-at-14.38.57.jpeg\",\"contentUrl\":\"https:\/\/www.porta-mallorquina.es\/blog\/mallorca\/WhatsApp-Image-2025-09-12-at-14.38.57.jpeg\",\"width\":1200,\"height\":1600},{\"@type\":\"BreadcrumbList\",\"@id\":\"https:\/\/www.porta-mallorquina.es\/blog\/nit-de-lart-palma\/#breadcrumb\",\"itemListElement\":[{\"@type\":\"ListItem\",\"position\":1,\"name\":\"Portada\",\"item\":\"https:\/\/www.porta-mallorquina.es\/blog\/\"},{\"@type\":\"ListItem\",\"position\":2,\"name\":\"Nit de l\u2019Art Palma\"}]},{\"@type\":\"WebSite\",\"@id\":\"https:\/\/www.porta-mallorquina.es\/blog\/#website\",\"url\":\"https:\/\/www.porta-mallorquina.es\/blog\/\",\"name\":\"Porta Mallorquina Blog\",\"description\":\"m\u00e1s que inmuebles de Mallorca\",\"publisher\":{\"@id\":\"https:\/\/www.porta-mallorquina.es\/blog\/#organization\"},\"potentialAction\":[{\"@type\":\"SearchAction\",\"target\":{\"@type\":\"EntryPoint\",\"urlTemplate\":\"https:\/\/www.porta-mallorquina.es\/blog\/?s={search_term_string}\"},\"query-input\":{\"@type\":\"PropertyValueSpecification\",\"valueRequired\":true,\"valueName\":\"search_term_string\"}}],\"inLanguage\":\"en-US\"},{\"@type\":\"Organization\",\"@id\":\"https:\/\/www.porta-mallorquina.es\/blog\/#organization\",\"name\":\"Porta Mallorquina Blog\",\"url\":\"https:\/\/www.porta-mallorquina.es\/blog\/\",\"logo\":{\"@type\":\"ImageObject\",\"inLanguage\":\"en-US\",\"@id\":\"https:\/\/www.porta-mallorquina.es\/blog\/#\/schema\/logo\/image\/\",\"url\":\"https:\/\/www.porta-mallorquina.es\/blog\/mallorca\/porta-mallorquina-real-estate-mallorca-logo.png\",\"contentUrl\":\"https:\/\/www.porta-mallorquina.es\/blog\/mallorca\/porta-mallorquina-real-estate-mallorca-logo.png\",\"width\":570,\"height\":400,\"caption\":\"Porta Mallorquina Blog\"},\"image\":{\"@id\":\"https:\/\/www.porta-mallorquina.es\/blog\/#\/schema\/logo\/image\/\"}},{\"@type\":\"Person\",\"@id\":\"https:\/\/www.porta-mallorquina.es\/blog\/#\/schema\/person\/00d40468a84878931da4d5e16749c9f0\",\"name\":\"Porta Mallorquina\",\"sameAs\":[\"https:\/\/www.porta-mallorquina.es\"],\"url\":\"https:\/\/www.porta-mallorquina.es\/blog\/author\/petraz\/\"}]}<\/script>\n<!-- \/ Yoast SEO plugin. -->","yoast_head_json":{"title":"Nit de l\u2019Art Palma - Porta Mallorquina Blog","robots":{"index":"index","follow":"follow","max-snippet":"max-snippet:-1","max-image-preview":"max-image-preview:large","max-video-preview":"max-video-preview:-1"},"canonical":"https:\/\/www.porta-mallorquina.es\/blog\/nit-de-lart-palma\/","og_locale":"en_US","og_type":"article","og_title":"Nit de l\u2019Art Palma - Porta Mallorquina Blog","og_description":"Nit de l&#8217;Art El s\u00e1bado 20 de septiembre de 2025 vuelve uno de los eventos culturales m\u00e1s importantes de Mallorca: la 29\u00aa edici\u00f3n de la Nit de l&#8217;Art. Entre las 18:00 y las 23:00 horas, el casco antiguo de Palma se transformar\u00e1 en una enorme galer\u00eda al aire libre y, lo mejor de todo, la [&hellip;]","og_url":"https:\/\/www.porta-mallorquina.es\/blog\/nit-de-lart-palma\/","og_site_name":"Porta Mallorquina Blog","article_published_time":"2025-09-18T11:47:38+00:00","og_image":[{"url":"https:\/\/www.porta-mallorquina.es\/blog\/mallorca\/WhatsApp-Image-2025-09-12-at-14.39.51-768x1024.jpeg","type":"","width":"","height":""}],"author":"Porta Mallorquina","twitter_card":"summary_large_image","twitter_misc":{"Written by":"Porta Mallorquina","Est. reading time":"3 minutes"},"schema":{"@context":"https:\/\/schema.org","@graph":[{"@type":"Article","@id":"https:\/\/www.porta-mallorquina.es\/blog\/nit-de-lart-palma\/#article","isPartOf":{"@id":"https:\/\/www.porta-mallorquina.es\/blog\/nit-de-lart-palma\/"},"author":{"name":"Porta Mallorquina","@id":"https:\/\/www.porta-mallorquina.es\/blog\/#\/schema\/person\/00d40468a84878931da4d5e16749c9f0"},"headline":"Nit de l\u2019Art Palma","datePublished":"2025-09-18T11:47:38+00:00","mainEntityOfPage":{"@id":"https:\/\/www.porta-mallorquina.es\/blog\/nit-de-lart-palma\/"},"wordCount":520,"commentCount":0,"publisher":{"@id":"https:\/\/www.porta-mallorquina.es\/blog\/#organization"},"image":{"@id":"https:\/\/www.porta-mallorquina.es\/blog\/nit-de-lart-palma\/#primaryimage"},"thumbnailUrl":"https:\/\/www.porta-mallorquina.es\/blog\/mallorca\/WhatsApp-Image-2025-09-12-at-14.38.57.jpeg","articleSection":["Arte","Culturales","Mallorca"],"inLanguage":"en-US","potentialAction":[{"@type":"CommentAction","name":"Comment","target":["https:\/\/www.porta-mallorquina.es\/blog\/nit-de-lart-palma\/#respond"]}]},{"@type":"WebPage","@id":"https:\/\/www.porta-mallorquina.es\/blog\/nit-de-lart-palma\/","url":"https:\/\/www.porta-mallorquina.es\/blog\/nit-de-lart-palma\/","name":"Nit de l\u2019Art Palma - Porta Mallorquina Blog","isPartOf":{"@id":"https:\/\/www.porta-mallorquina.es\/blog\/#website"},"primaryImageOfPage":{"@id":"https:\/\/www.porta-mallorquina.es\/blog\/nit-de-lart-palma\/#primaryimage"},"image":{"@id":"https:\/\/www.porta-mallorquina.es\/blog\/nit-de-lart-palma\/#primaryimage"},"thumbnailUrl":"https:\/\/www.porta-mallorquina.es\/blog\/mallorca\/WhatsApp-Image-2025-09-12-at-14.38.57.jpeg","datePublished":"2025-09-18T11:47:38+00:00","breadcrumb":{"@id":"https:\/\/www.porta-mallorquina.es\/blog\/nit-de-lart-palma\/#breadcrumb"},"inLanguage":"en-US","potentialAction":[{"@type":"ReadAction","target":["https:\/\/www.porta-mallorquina.es\/blog\/nit-de-lart-palma\/"]}]},{"@type":"ImageObject","inLanguage":"en-US","@id":"https:\/\/www.porta-mallorquina.es\/blog\/nit-de-lart-palma\/#primaryimage","url":"https:\/\/www.porta-mallorquina.es\/blog\/mallorca\/WhatsApp-Image-2025-09-12-at-14.38.57.jpeg","contentUrl":"https:\/\/www.porta-mallorquina.es\/blog\/mallorca\/WhatsApp-Image-2025-09-12-at-14.38.57.jpeg","width":1200,"height":1600},{"@type":"BreadcrumbList","@id":"https:\/\/www.porta-mallorquina.es\/blog\/nit-de-lart-palma\/#breadcrumb","itemListElement":[{"@type":"ListItem","position":1,"name":"Portada","item":"https:\/\/www.porta-mallorquina.es\/blog\/"},{"@type":"ListItem","position":2,"name":"Nit de l\u2019Art Palma"}]},{"@type":"WebSite","@id":"https:\/\/www.porta-mallorquina.es\/blog\/#website","url":"https:\/\/www.porta-mallorquina.es\/blog\/","name":"Porta Mallorquina Blog","description":"m\u00e1s que inmuebles de Mallorca","publisher":{"@id":"https:\/\/www.porta-mallorquina.es\/blog\/#organization"},"potentialAction":[{"@type":"SearchAction","target":{"@type":"EntryPoint","urlTemplate":"https:\/\/www.porta-mallorquina.es\/blog\/?s={search_term_string}"},"query-input":{"@type":"PropertyValueSpecification","valueRequired":true,"valueName":"search_term_string"}}],"inLanguage":"en-US"},{"@type":"Organization","@id":"https:\/\/www.porta-mallorquina.es\/blog\/#organization","name":"Porta Mallorquina Blog","url":"https:\/\/www.porta-mallorquina.es\/blog\/","logo":{"@type":"ImageObject","inLanguage":"en-US","@id":"https:\/\/www.porta-mallorquina.es\/blog\/#\/schema\/logo\/image\/","url":"https:\/\/www.porta-mallorquina.es\/blog\/mallorca\/porta-mallorquina-real-estate-mallorca-logo.png","contentUrl":"https:\/\/www.porta-mallorquina.es\/blog\/mallorca\/porta-mallorquina-real-estate-mallorca-logo.png","width":570,"height":400,"caption":"Porta Mallorquina Blog"},"image":{"@id":"https:\/\/www.porta-mallorquina.es\/blog\/#\/schema\/logo\/image\/"}},{"@type":"Person","@id":"https:\/\/www.porta-mallorquina.es\/blog\/#\/schema\/person\/00d40468a84878931da4d5e16749c9f0","name":"Porta Mallorquina","sameAs":["https:\/\/www.porta-mallorquina.es"],"url":"https:\/\/www.porta-mallorquina.es\/blog\/author\/petraz\/"}]}},"_links":{"self":[{"href":"https:\/\/www.porta-mallorquina.es\/blog\/wp-json\/wp\/v2\/posts\/2767","targetHints":{"allow":["GET"]}}],"collection":[{"href":"https:\/\/www.porta-mallorquina.es\/blog\/wp-json\/wp\/v2\/posts"}],"about":[{"href":"https:\/\/www.porta-mallorquina.es\/blog\/wp-json\/wp\/v2\/types\/post"}],"author":[{"embeddable":true,"href":"https:\/\/www.porta-mallorquina.es\/blog\/wp-json\/wp\/v2\/users\/2"}],"replies":[{"embeddable":true,"href":"https:\/\/www.porta-mallorquina.es\/blog\/wp-json\/wp\/v2\/comments?post=2767"}],"version-history":[{"count":3,"href":"https:\/\/www.porta-mallorquina.es\/blog\/wp-json\/wp\/v2\/posts\/2767\/revisions"}],"predecessor-version":[{"id":2775,"href":"https:\/\/www.porta-mallorquina.es\/blog\/wp-json\/wp\/v2\/posts\/2767\/revisions\/2775"}],"wp:attachment":[{"href":"https:\/\/www.porta-mallorquina.es\/blog\/wp-json\/wp\/v2\/media?parent=2767"}],"wp:term":[{"taxonomy":"category","embeddable":true,"href":"https:\/\/www.porta-mallorquina.es\/blog\/wp-json\/wp\/v2\/categories?post=2767"},{"taxonomy":"post_tag","embeddable":true,"href":"https:\/\/www.porta-mallorquina.es\/blog\/wp-json\/wp\/v2\/tags?post=2767"}],"curies":[{"name":"wp","href":"https:\/\/api.w.org\/{rel}","templated":true}]}}