{"id":333,"date":"2012-02-09T17:39:19","date_gmt":"2012-02-09T15:39:19","guid":{"rendered":"http:\/\/www.porta-mallorquina.es\/blog\/?p=333"},"modified":"2016-06-27T17:49:04","modified_gmt":"2016-06-27T15:49:04","slug":"mallorca-la-nieve-llega-hasta-las-playas","status":"publish","type":"post","link":"https:\/\/www.porta-mallorquina.es\/blog\/mallorca-la-nieve-llega-hasta-las-playas\/","title":{"rendered":"Mallorca: La nieve llega hasta las playas!"},"content":{"rendered":"<h1 style=\"text-align: left;\">Mallorca se hiela<\/h1>\n<p style=\"text-align: left;\">Estos d\u00edas hemos podido disfrutar de una atracci\u00f3n diferente, atractiva por novedosa y casi irreal. Mallorca ha salido del t\u00f3pico de playa, sol, calor y verano para cambiar de color, el amarillo y marr\u00f3n de sus playas se ha convertido en blanco por unas horas, al igual que los verdes bosques de la <strong>Serra de Tramuntana<\/strong>. En muchos pueblos no se recordaba una nevada tan intensa desde tiempos inmemoriales, los term\u00f3metros han bajado varios grados hasta convertir Mallorca en parte de la ola \u201csiberiana\u201d que ha azotado a toda la Europa.<\/p>\n<div id=\"attachment_334\" class=\"wp-caption aligncenter\" style=\"width: 471px\"><a href=\"https:\/\/www.porta-mallorquina.es\/blog\/mallorca-la-nieve-llega-hasta-las-playas\/palma-nieve-mallorca\/\" rel=\"attachment wp-att-334\"><img loading=\"lazy\" decoding=\"async\" class=\"size-full wp-image-334 \" title=\"Nieve en Mallorca\" src=\"https:\/\/www.porta-mallorquina.es\/blog\/mallorca\/palma-NIEVE-MALLORCA-.jpg\" alt=\"Nieve en Mallorca\" width=\"471\" height=\"369\" srcset=\"https:\/\/www.porta-mallorquina.es\/blog\/mallorca\/palma-NIEVE-MALLORCA-.jpg 982w, https:\/\/www.porta-mallorquina.es\/blog\/mallorca\/palma-NIEVE-MALLORCA--300x234.jpg 300w\" sizes=\"auto, (max-width: 471px) 100vw, 471px\" \/><\/a><p class=\"wp-caption-text\">Nieve en Mallorca<\/p><\/div>\n<p><a href=\"https:\/\/www.porta-mallorquina.es\/blog\/mallorca-la-nieve-llega-hasta-las-playas\/nieve-palma-mallorca\/\" rel=\"attachment wp-att-335\"><img loading=\"lazy\" decoding=\"async\" class=\"size-full wp-image-335 \" title=\"Ni\u00f1os jugando en la nieve\" src=\"https:\/\/www.porta-mallorquina.es\/blog\/mallorca\/NIEVE-PALMA-MALLORCA.jpg\" alt=\"Ni\u00f1os jugando en la nieve\" width=\"235\" height=\"178\" \/><\/a><\/p>\n<p>Bajada de temperaturas<\/p>\n<p>Con la intensa bajada de temperaturas, lo m\u00e1s apetecible era estar en casa, caliente, tranquilo y disfrutando de aficiones como ver pel\u00edculas, juegos de mesa o una simple charla tranquila, aunque no tanto para los peque\u00f1os, algunos han podido disfrutar de un elemento que no hab\u00edan visto en su vida. Para los mayores es otro cantar, sobre todo por la dificultad para el tr\u00e1fico y para la movilidad en general.<\/p>\n<p>&nbsp;<\/p>\n<h2>Hac\u00eda m\u00e1s de 50 a\u00f1os que no se ve\u00eda nevar en Mallorca de esta manera!<\/h2>\n<p style=\"text-align: left;\">Han sido dos d\u00edas hist\u00f3ricos, hac\u00eda m\u00e1s de 50 a\u00f1os que no se ve\u00eda nevar en Mallorca de esta manera, as\u00ed que, ante la imposibilidad de evitar estas inclemencias del tiempo, lo mejor es adaptarse y disfrutarlas, que no sucede todos los a\u00f1os.<a href=\"https:\/\/www.porta-mallorquina.es\/blog\/mallorca-la-nieve-llega-hasta-las-playas\/nieve-mallorca-palma-3\/\" rel=\"attachment wp-att-336\"><img loading=\"lazy\" decoding=\"async\" class=\"size-full wp-image-336 aligncenter\" title=\"Todo blanco\" src=\"https:\/\/www.porta-mallorquina.es\/blog\/mallorca\/NIEVE-MALLORCA-palma-3.jpg\" alt=\"Todo blanco\" width=\"491\" height=\"369\" srcset=\"https:\/\/www.porta-mallorquina.es\/blog\/mallorca\/NIEVE-MALLORCA-palma-3.jpg 1024w, https:\/\/www.porta-mallorquina.es\/blog\/mallorca\/NIEVE-MALLORCA-palma-3-300x225.jpg 300w\" sizes=\"auto, (max-width: 491px) 100vw, 491px\" \/><\/a><\/p>\n<p>Todo blanco<\/p>\n","protected":false},"excerpt":{"rendered":"<p>Mallorca se hiela Estos d\u00edas hemos podido disfrutar de una atracci\u00f3n diferente, atractiva por novedosa y casi irreal. Mallorca ha salido del t\u00f3pico de playa, sol, calor y verano para cambiar de color, el amarillo y marr\u00f3n de sus playas se ha convertido en blanco por unas horas, al igual que los verdes bosques de [&hellip;]<\/p>\n","protected":false},"author":2,"featured_media":0,"comment_status":"open","ping_status":"open","sticky":false,"template":"","format":"standard","meta":{"footnotes":""},"categories":[6],"tags":[],"class_list":["post-333","post","type-post","status-publish","format-standard","hentry","category-mallorca"],"yoast_head":"<!-- This site is optimized with the Yoast SEO plugin v27.2 - https:\/\/yoast.com\/product\/yoast-seo-wordpress\/ -->\n<title>Mallorca: La nieve llega hasta las playas! - Porta Mallorquina Blog<\/title>\n<meta name=\"robots\" content=\"index, follow, max-snippet:-1, max-image-preview:large, max-video-preview:-1\" \/>\n<link rel=\"canonical\" href=\"https:\/\/www.porta-mallorquina.es\/blog\/mallorca-la-nieve-llega-hasta-las-playas\/\" \/>\n<meta property=\"og:locale\" content=\"en_US\" \/>\n<meta property=\"og:type\" content=\"article\" \/>\n<meta property=\"og:title\" content=\"Mallorca: La nieve llega hasta las playas! - Porta Mallorquina Blog\" \/>\n<meta property=\"og:description\" content=\"Mallorca se hiela Estos d\u00edas hemos podido disfrutar de una atracci\u00f3n diferente, atractiva por novedosa y casi irreal. Mallorca ha salido del t\u00f3pico de playa, sol, calor y verano para cambiar de color, el amarillo y marr\u00f3n de sus playas se ha convertido en blanco por unas horas, al igual que los verdes bosques de [&hellip;]\" \/>\n<meta property=\"og:url\" content=\"https:\/\/www.porta-mallorquina.es\/blog\/mallorca-la-nieve-llega-hasta-las-playas\/\" \/>\n<meta property=\"og:site_name\" content=\"Porta Mallorquina Blog\" \/>\n<meta property=\"article:published_time\" content=\"2012-02-09T15:39:19+00:00\" \/>\n<meta property=\"article:modified_time\" content=\"2016-06-27T15:49:04+00:00\" \/>\n<meta property=\"og:image\" content=\"https:\/\/www.porta-mallorquina.es\/blog\/mallorca\/palma-NIEVE-MALLORCA-.jpg\" \/>\n<meta name=\"author\" content=\"Porta Mallorquina\" \/>\n<meta name=\"twitter:card\" content=\"summary_large_image\" \/>\n<meta name=\"twitter:label1\" content=\"Written by\" \/>\n\t<meta name=\"twitter:data1\" content=\"Porta Mallorquina\" \/>\n\t<meta name=\"twitter:label2\" content=\"Est. reading time\" \/>\n\t<meta name=\"twitter:data2\" content=\"1 minute\" \/>\n<script type=\"application\/ld+json\" class=\"yoast-schema-graph\">{\"@context\":\"https:\/\/schema.org\",\"@graph\":[{\"@type\":\"Article\",\"@id\":\"https:\/\/www.porta-mallorquina.es\/blog\/mallorca-la-nieve-llega-hasta-las-playas\/#article\",\"isPartOf\":{\"@id\":\"https:\/\/www.porta-mallorquina.es\/blog\/mallorca-la-nieve-llega-hasta-las-playas\/\"},\"author\":{\"name\":\"Porta Mallorquina\",\"@id\":\"https:\/\/www.porta-mallorquina.es\/blog\/#\/schema\/person\/00d40468a84878931da4d5e16749c9f0\"},\"headline\":\"Mallorca: La nieve llega hasta las playas!\",\"datePublished\":\"2012-02-09T15:39:19+00:00\",\"dateModified\":\"2016-06-27T15:49:04+00:00\",\"mainEntityOfPage\":{\"@id\":\"https:\/\/www.porta-mallorquina.es\/blog\/mallorca-la-nieve-llega-hasta-las-playas\/\"},\"wordCount\":264,\"commentCount\":0,\"publisher\":{\"@id\":\"https:\/\/www.porta-mallorquina.es\/blog\/#organization\"},\"image\":{\"@id\":\"https:\/\/www.porta-mallorquina.es\/blog\/mallorca-la-nieve-llega-hasta-las-playas\/#primaryimage\"},\"thumbnailUrl\":\"https:\/\/www.porta-mallorquina.es\/blog\/mallorca\/palma-NIEVE-MALLORCA-.jpg\",\"articleSection\":[\"Mallorca\"],\"inLanguage\":\"en-US\",\"potentialAction\":[{\"@type\":\"CommentAction\",\"name\":\"Comment\",\"target\":[\"https:\/\/www.porta-mallorquina.es\/blog\/mallorca-la-nieve-llega-hasta-las-playas\/#respond\"]}]},{\"@type\":\"WebPage\",\"@id\":\"https:\/\/www.porta-mallorquina.es\/blog\/mallorca-la-nieve-llega-hasta-las-playas\/\",\"url\":\"https:\/\/www.porta-mallorquina.es\/blog\/mallorca-la-nieve-llega-hasta-las-playas\/\",\"name\":\"Mallorca: La nieve llega hasta las playas! - Porta Mallorquina Blog\",\"isPartOf\":{\"@id\":\"https:\/\/www.porta-mallorquina.es\/blog\/#website\"},\"primaryImageOfPage\":{\"@id\":\"https:\/\/www.porta-mallorquina.es\/blog\/mallorca-la-nieve-llega-hasta-las-playas\/#primaryimage\"},\"image\":{\"@id\":\"https:\/\/www.porta-mallorquina.es\/blog\/mallorca-la-nieve-llega-hasta-las-playas\/#primaryimage\"},\"thumbnailUrl\":\"https:\/\/www.porta-mallorquina.es\/blog\/mallorca\/palma-NIEVE-MALLORCA-.jpg\",\"datePublished\":\"2012-02-09T15:39:19+00:00\",\"dateModified\":\"2016-06-27T15:49:04+00:00\",\"breadcrumb\":{\"@id\":\"https:\/\/www.porta-mallorquina.es\/blog\/mallorca-la-nieve-llega-hasta-las-playas\/#breadcrumb\"},\"inLanguage\":\"en-US\",\"potentialAction\":[{\"@type\":\"ReadAction\",\"target\":[\"https:\/\/www.porta-mallorquina.es\/blog\/mallorca-la-nieve-llega-hasta-las-playas\/\"]}]},{\"@type\":\"ImageObject\",\"inLanguage\":\"en-US\",\"@id\":\"https:\/\/www.porta-mallorquina.es\/blog\/mallorca-la-nieve-llega-hasta-las-playas\/#primaryimage\",\"url\":\"https:\/\/www.porta-mallorquina.es\/blog\/mallorca\/palma-NIEVE-MALLORCA-.jpg\",\"contentUrl\":\"https:\/\/www.porta-mallorquina.es\/blog\/mallorca\/palma-NIEVE-MALLORCA-.jpg\",\"width\":\"982\",\"height\":\"768\",\"caption\":\"Nieve en Mallorca\"},{\"@type\":\"BreadcrumbList\",\"@id\":\"https:\/\/www.porta-mallorquina.es\/blog\/mallorca-la-nieve-llega-hasta-las-playas\/#breadcrumb\",\"itemListElement\":[{\"@type\":\"ListItem\",\"position\":1,\"name\":\"Portada\",\"item\":\"https:\/\/www.porta-mallorquina.es\/blog\/\"},{\"@type\":\"ListItem\",\"position\":2,\"name\":\"Mallorca: La nieve llega hasta las playas!\"}]},{\"@type\":\"WebSite\",\"@id\":\"https:\/\/www.porta-mallorquina.es\/blog\/#website\",\"url\":\"https:\/\/www.porta-mallorquina.es\/blog\/\",\"name\":\"Porta Mallorquina Blog\",\"description\":\"m\u00e1s que inmuebles de Mallorca\",\"publisher\":{\"@id\":\"https:\/\/www.porta-mallorquina.es\/blog\/#organization\"},\"potentialAction\":[{\"@type\":\"SearchAction\",\"target\":{\"@type\":\"EntryPoint\",\"urlTemplate\":\"https:\/\/www.porta-mallorquina.es\/blog\/?s={search_term_string}\"},\"query-input\":{\"@type\":\"PropertyValueSpecification\",\"valueRequired\":true,\"valueName\":\"search_term_string\"}}],\"inLanguage\":\"en-US\"},{\"@type\":\"Organization\",\"@id\":\"https:\/\/www.porta-mallorquina.es\/blog\/#organization\",\"name\":\"Porta Mallorquina Blog\",\"url\":\"https:\/\/www.porta-mallorquina.es\/blog\/\",\"logo\":{\"@type\":\"ImageObject\",\"inLanguage\":\"en-US\",\"@id\":\"https:\/\/www.porta-mallorquina.es\/blog\/#\/schema\/logo\/image\/\",\"url\":\"https:\/\/www.porta-mallorquina.es\/blog\/mallorca\/porta-mallorquina-real-estate-mallorca-logo.png\",\"contentUrl\":\"https:\/\/www.porta-mallorquina.es\/blog\/mallorca\/porta-mallorquina-real-estate-mallorca-logo.png\",\"width\":570,\"height\":400,\"caption\":\"Porta Mallorquina Blog\"},\"image\":{\"@id\":\"https:\/\/www.porta-mallorquina.es\/blog\/#\/schema\/logo\/image\/\"}},{\"@type\":\"Person\",\"@id\":\"https:\/\/www.porta-mallorquina.es\/blog\/#\/schema\/person\/00d40468a84878931da4d5e16749c9f0\",\"name\":\"Porta Mallorquina\",\"sameAs\":[\"https:\/\/www.porta-mallorquina.es\"],\"url\":\"https:\/\/www.porta-mallorquina.es\/blog\/author\/petraz\/\"}]}<\/script>\n<!-- \/ Yoast SEO plugin. -->","yoast_head_json":{"title":"Mallorca: La nieve llega hasta las playas! - Porta Mallorquina Blog","robots":{"index":"index","follow":"follow","max-snippet":"max-snippet:-1","max-image-preview":"max-image-preview:large","max-video-preview":"max-video-preview:-1"},"canonical":"https:\/\/www.porta-mallorquina.es\/blog\/mallorca-la-nieve-llega-hasta-las-playas\/","og_locale":"en_US","og_type":"article","og_title":"Mallorca: La nieve llega hasta las playas! - Porta Mallorquina Blog","og_description":"Mallorca se hiela Estos d\u00edas hemos podido disfrutar de una atracci\u00f3n diferente, atractiva por novedosa y casi irreal. Mallorca ha salido del t\u00f3pico de playa, sol, calor y verano para cambiar de color, el amarillo y marr\u00f3n de sus playas se ha convertido en blanco por unas horas, al igual que los verdes bosques de [&hellip;]","og_url":"https:\/\/www.porta-mallorquina.es\/blog\/mallorca-la-nieve-llega-hasta-las-playas\/","og_site_name":"Porta Mallorquina Blog","article_published_time":"2012-02-09T15:39:19+00:00","article_modified_time":"2016-06-27T15:49:04+00:00","og_image":[{"url":"https:\/\/www.porta-mallorquina.es\/blog\/mallorca\/palma-NIEVE-MALLORCA-.jpg","type":"","width":"","height":""}],"author":"Porta Mallorquina","twitter_card":"summary_large_image","twitter_misc":{"Written by":"Porta Mallorquina","Est. reading time":"1 minute"},"schema":{"@context":"https:\/\/schema.org","@graph":[{"@type":"Article","@id":"https:\/\/www.porta-mallorquina.es\/blog\/mallorca-la-nieve-llega-hasta-las-playas\/#article","isPartOf":{"@id":"https:\/\/www.porta-mallorquina.es\/blog\/mallorca-la-nieve-llega-hasta-las-playas\/"},"author":{"name":"Porta Mallorquina","@id":"https:\/\/www.porta-mallorquina.es\/blog\/#\/schema\/person\/00d40468a84878931da4d5e16749c9f0"},"headline":"Mallorca: La nieve llega hasta las playas!","datePublished":"2012-02-09T15:39:19+00:00","dateModified":"2016-06-27T15:49:04+00:00","mainEntityOfPage":{"@id":"https:\/\/www.porta-mallorquina.es\/blog\/mallorca-la-nieve-llega-hasta-las-playas\/"},"wordCount":264,"commentCount":0,"publisher":{"@id":"https:\/\/www.porta-mallorquina.es\/blog\/#organization"},"image":{"@id":"https:\/\/www.porta-mallorquina.es\/blog\/mallorca-la-nieve-llega-hasta-las-playas\/#primaryimage"},"thumbnailUrl":"https:\/\/www.porta-mallorquina.es\/blog\/mallorca\/palma-NIEVE-MALLORCA-.jpg","articleSection":["Mallorca"],"inLanguage":"en-US","potentialAction":[{"@type":"CommentAction","name":"Comment","target":["https:\/\/www.porta-mallorquina.es\/blog\/mallorca-la-nieve-llega-hasta-las-playas\/#respond"]}]},{"@type":"WebPage","@id":"https:\/\/www.porta-mallorquina.es\/blog\/mallorca-la-nieve-llega-hasta-las-playas\/","url":"https:\/\/www.porta-mallorquina.es\/blog\/mallorca-la-nieve-llega-hasta-las-playas\/","name":"Mallorca: La nieve llega hasta las playas! - Porta Mallorquina Blog","isPartOf":{"@id":"https:\/\/www.porta-mallorquina.es\/blog\/#website"},"primaryImageOfPage":{"@id":"https:\/\/www.porta-mallorquina.es\/blog\/mallorca-la-nieve-llega-hasta-las-playas\/#primaryimage"},"image":{"@id":"https:\/\/www.porta-mallorquina.es\/blog\/mallorca-la-nieve-llega-hasta-las-playas\/#primaryimage"},"thumbnailUrl":"https:\/\/www.porta-mallorquina.es\/blog\/mallorca\/palma-NIEVE-MALLORCA-.jpg","datePublished":"2012-02-09T15:39:19+00:00","dateModified":"2016-06-27T15:49:04+00:00","breadcrumb":{"@id":"https:\/\/www.porta-mallorquina.es\/blog\/mallorca-la-nieve-llega-hasta-las-playas\/#breadcrumb"},"inLanguage":"en-US","potentialAction":[{"@type":"ReadAction","target":["https:\/\/www.porta-mallorquina.es\/blog\/mallorca-la-nieve-llega-hasta-las-playas\/"]}]},{"@type":"ImageObject","inLanguage":"en-US","@id":"https:\/\/www.porta-mallorquina.es\/blog\/mallorca-la-nieve-llega-hasta-las-playas\/#primaryimage","url":"https:\/\/www.porta-mallorquina.es\/blog\/mallorca\/palma-NIEVE-MALLORCA-.jpg","contentUrl":"https:\/\/www.porta-mallorquina.es\/blog\/mallorca\/palma-NIEVE-MALLORCA-.jpg","width":"982","height":"768","caption":"Nieve en Mallorca"},{"@type":"BreadcrumbList","@id":"https:\/\/www.porta-mallorquina.es\/blog\/mallorca-la-nieve-llega-hasta-las-playas\/#breadcrumb","itemListElement":[{"@type":"ListItem","position":1,"name":"Portada","item":"https:\/\/www.porta-mallorquina.es\/blog\/"},{"@type":"ListItem","position":2,"name":"Mallorca: La nieve llega hasta las playas!"}]},{"@type":"WebSite","@id":"https:\/\/www.porta-mallorquina.es\/blog\/#website","url":"https:\/\/www.porta-mallorquina.es\/blog\/","name":"Porta Mallorquina Blog","description":"m\u00e1s que inmuebles de Mallorca","publisher":{"@id":"https:\/\/www.porta-mallorquina.es\/blog\/#organization"},"potentialAction":[{"@type":"SearchAction","target":{"@type":"EntryPoint","urlTemplate":"https:\/\/www.porta-mallorquina.es\/blog\/?s={search_term_string}"},"query-input":{"@type":"PropertyValueSpecification","valueRequired":true,"valueName":"search_term_string"}}],"inLanguage":"en-US"},{"@type":"Organization","@id":"https:\/\/www.porta-mallorquina.es\/blog\/#organization","name":"Porta Mallorquina Blog","url":"https:\/\/www.porta-mallorquina.es\/blog\/","logo":{"@type":"ImageObject","inLanguage":"en-US","@id":"https:\/\/www.porta-mallorquina.es\/blog\/#\/schema\/logo\/image\/","url":"https:\/\/www.porta-mallorquina.es\/blog\/mallorca\/porta-mallorquina-real-estate-mallorca-logo.png","contentUrl":"https:\/\/www.porta-mallorquina.es\/blog\/mallorca\/porta-mallorquina-real-estate-mallorca-logo.png","width":570,"height":400,"caption":"Porta Mallorquina Blog"},"image":{"@id":"https:\/\/www.porta-mallorquina.es\/blog\/#\/schema\/logo\/image\/"}},{"@type":"Person","@id":"https:\/\/www.porta-mallorquina.es\/blog\/#\/schema\/person\/00d40468a84878931da4d5e16749c9f0","name":"Porta Mallorquina","sameAs":["https:\/\/www.porta-mallorquina.es"],"url":"https:\/\/www.porta-mallorquina.es\/blog\/author\/petraz\/"}]}},"_links":{"self":[{"href":"https:\/\/www.porta-mallorquina.es\/blog\/wp-json\/wp\/v2\/posts\/333","targetHints":{"allow":["GET"]}}],"collection":[{"href":"https:\/\/www.porta-mallorquina.es\/blog\/wp-json\/wp\/v2\/posts"}],"about":[{"href":"https:\/\/www.porta-mallorquina.es\/blog\/wp-json\/wp\/v2\/types\/post"}],"author":[{"embeddable":true,"href":"https:\/\/www.porta-mallorquina.es\/blog\/wp-json\/wp\/v2\/users\/2"}],"replies":[{"embeddable":true,"href":"https:\/\/www.porta-mallorquina.es\/blog\/wp-json\/wp\/v2\/comments?post=333"}],"version-history":[{"count":43,"href":"https:\/\/www.porta-mallorquina.es\/blog\/wp-json\/wp\/v2\/posts\/333\/revisions"}],"predecessor-version":[{"id":1552,"href":"https:\/\/www.porta-mallorquina.es\/blog\/wp-json\/wp\/v2\/posts\/333\/revisions\/1552"}],"wp:attachment":[{"href":"https:\/\/www.porta-mallorquina.es\/blog\/wp-json\/wp\/v2\/media?parent=333"}],"wp:term":[{"taxonomy":"category","embeddable":true,"href":"https:\/\/www.porta-mallorquina.es\/blog\/wp-json\/wp\/v2\/categories?post=333"},{"taxonomy":"post_tag","embeddable":true,"href":"https:\/\/www.porta-mallorquina.es\/blog\/wp-json\/wp\/v2\/tags?post=333"}],"curies":[{"name":"wp","href":"https:\/\/api.w.org\/{rel}","templated":true}]}}