{"id":436,"date":"2012-03-01T13:10:10","date_gmt":"2012-03-01T11:10:10","guid":{"rendered":"http:\/\/www.porta-mallorquina.es\/blog\/?p=436"},"modified":"2016-06-27T17:49:23","modified_gmt":"2016-06-27T15:49:23","slug":"porta-mallorquina-se-extiende-en-mallorca-con-dos-nuevas-franquicias","status":"publish","type":"post","link":"https:\/\/www.porta-mallorquina.es\/blog\/porta-mallorquina-se-extiende-en-mallorca-con-dos-nuevas-franquicias\/","title":{"rendered":"Porta Mallorquina se extiende en Mallorca con dos nuevas franquicias."},"content":{"rendered":"<div id=\"attachment_439\" class=\"wp-caption alignleft\" style=\"width: 309px\"><a href=\"https:\/\/www.porta-mallorquina.es\/blog\/porta-mallorquina-se-extiende-en-mallorca-con-dos-nuevas-franquicias\/licences-mallorquina\/\" rel=\"attachment wp-att-439\"><img loading=\"lazy\" decoding=\"async\" class=\"size-full wp-image-439 \" title=\"Zonas franquiciadas de Porta Mallorquina\" src=\"https:\/\/www.porta-mallorquina.es\/blog\/mallorca\/licences-mallorquina.jpg\" alt=\"Zonas franquiciadas en Mallorca\" width=\"309\" height=\"203\" srcset=\"https:\/\/www.porta-mallorquina.es\/blog\/mallorca\/licences-mallorquina.jpg 466w, https:\/\/www.porta-mallorquina.es\/blog\/mallorca\/licences-mallorquina-300x196.jpg 300w\" sizes=\"auto, (max-width: 309px) 100vw, 309px\" \/><\/a><p class=\"wp-caption-text\">Las zonas franquiciadas de Porta Mallorquina<\/p><\/div>\n<p>&nbsp;<\/p>\n<p>La concesi\u00f3n de dos <a title=\"Franquicia con Porta Mallorquina\" href=\"https:\/\/www.porta-mallorquina.es\/nuestra-empresa.html\" target=\"_blank\">nuevas franquicias<\/a>, \u201c<strong>Palma<\/strong>\u201d y \u201c<strong>Norte de Mallorca<\/strong>\u201d, Porta Mallorquina ampl\u00eda su gama de oferta en la isla, cubriendo dos zonas potenciales de venta.<\/p>\n<p>&nbsp;<\/p>\n<p>&nbsp;<\/p>\n<p>&nbsp;<\/p>\n<p>&nbsp;<\/p>\n<div id=\"attachment_444\" class=\"wp-caption alignright\" style=\"width: 199px\"><a href=\"https:\/\/www.porta-mallorquina.es\/blog\/porta-mallorquina-se-extiende-en-mallorca-con-dos-nuevas-franquicias\/ria-bl\/\" rel=\"attachment wp-att-444\"><img loading=\"lazy\" decoding=\"async\" class=\"size-full wp-image-444 \" title=\"Ria Blum la nueva franquiciada de Porta Mallorquina para la zona &quot;Palma&quot;\" src=\"https:\/\/www.porta-mallorquina.es\/blog\/mallorca\/ria.bl_.jpg\" alt=\"Agente inmobiliaria Ria Blum\" width=\"199\" height=\"298\" \/><\/a><p class=\"wp-caption-text\">Agente inmobiliaria Ria Blum<\/p><\/div>\n<p>En la franquicia de \u201cPalma\u201d est\u00e1 <strong>Ria Blum<\/strong> al frente, quien ha trabajado para\u00a0Coldwell Banker y que confi\u00f3 en el 2008 por la propuesta de Porta Mallorquina, y desde 2010 trabaja como gerente de venta de campo, con un equipo que actualmente sirve a m\u00e1s de <a title=\"Inmuebles en Palma centro\" href=\"https:\/\/www.porta-mallorquina.es\/inmobiliaria\/comprar\/palma-de-mallorca-casco-antiguo\/\" target=\"_blank\">170 propiedades en Palma<\/a>. As\u00ed Ria Blum consigue una implicaci\u00f3n absoluta por el proyecto, seg\u00fan \u00e9l mismo comenta:<\/p>\n<blockquote><p>&#8220;Porta Mallorquina ofrece un sistema de franquicias de gran alcance con un sistema transparente y justo de la remuneraci\u00f3n. El centro me ha apoyado, sobre todo en la comercializaci\u00f3n y el sector comercial, mientras que yo puedo actuar libremente en las ventas\u201d.<\/p><\/blockquote>\n<p>Su hom\u00f3nimo en la zona \u201cNorte de Mallorca\u201d es <strong>Sebasti\u00e1n Boelger<\/strong>, profesional de bienes ra\u00edces y responsable de dicha franquicia desde 2010, trabajando antes en Engel &amp; V\u00f6lkers. Nacido en Munich, vive en Mallorca desde hace m\u00e1s de 12 a\u00f1os y cuenta con m\u00e1s de<a title=\"Inmuebles en Pollen\u00e7a\" href=\"https:\/\/www.porta-mallorquina.es\/inmobiliaria\/comprar\/pollenca\/\" target=\"_blank\"> 120 propiedades<\/a> a su cargo. Sebastian muestra un entusiasmo sobresaliente por la estrategia de marketing moderno:<\/p>\n<div id=\"attachment_477\" class=\"wp-caption alignright\" style=\"width: 186px\"><a href=\"https:\/\/www.porta-mallorquina.es\/blog\/porta-mallorquina-se-extiende-en-mallorca-con-dos-nuevas-franquicias\/sebastian-boelger-north\/\" rel=\"attachment wp-att-477\"><img loading=\"lazy\" decoding=\"async\" class=\"size-full wp-image-477 \" title=\"El agente inmobiliario Sebastian Boelger se ha convertido en el franquiciado de la zona &quot;Norte&quot;\" src=\"https:\/\/www.porta-mallorquina.es\/blog\/mallorca\/Sebastian-Boelger-North.jpg\" alt=\"Franquiciado Sebastian Boelger\" width=\"186\" height=\"280\" srcset=\"https:\/\/www.porta-mallorquina.es\/blog\/mallorca\/Sebastian-Boelger-North.jpg 640w, https:\/\/www.porta-mallorquina.es\/blog\/mallorca\/Sebastian-Boelger-North-199x300.jpg 199w\" sizes=\"auto, (max-width: 186px) 100vw, 186px\" \/><\/a><p class=\"wp-caption-text\">El agente inmobiliario Sebastian Boelger se ha convertido en el franquiciado de la zona &#8220;Norte&#8221;<\/p><\/div>\n<blockquote><p>&#8220;La comercializaci\u00f3n de Porta Mallorquina en Internet se ha perfeccionado. Una propiedad con una buena relaci\u00f3n calidad-precio, con im\u00e1genes atractivas presentaciones profesionales, generados gracias a la buena colocaci\u00f3n en los motores de b\u00fasqueda \u201c.<\/p><\/blockquote>\n<p>As\u00ed tanto Sebastian en \u201cNorte de Mallorca\u201d como Ria en \u201cPalma\u201d, forman parte del <a title=\"Asesores de Porta Mallorquina\" href=\"https:\/\/www.porta-mallorquina.es\/asesores-inmobiliarios.html\" target=\"_blank\">equipo profesional<\/a> de Porta Mallorquina, demostrando d\u00eda a d\u00eda su val\u00eda y constancia y permitiendo a Porta Mallorquina mejorar cada d\u00eda.<\/p>\n<p>&nbsp;<\/p>\n","protected":false},"excerpt":{"rendered":"<p>&nbsp; La concesi\u00f3n de dos nuevas franquicias, \u201cPalma\u201d y \u201cNorte de Mallorca\u201d, Porta Mallorquina ampl\u00eda su gama de oferta en la isla, cubriendo dos zonas potenciales de venta. &nbsp; &nbsp; &nbsp; &nbsp; En la franquicia de \u201cPalma\u201d est\u00e1 Ria Blum al frente, quien ha trabajado para\u00a0Coldwell Banker y que confi\u00f3 en el 2008 por la [&hellip;]<\/p>\n","protected":false},"author":2,"featured_media":0,"comment_status":"open","ping_status":"open","sticky":false,"template":"","format":"standard","meta":{"footnotes":""},"categories":[8],"tags":[],"class_list":["post-436","post","type-post","status-publish","format-standard","hentry","category-franquicia"],"yoast_head":"<!-- This site is optimized with the Yoast SEO plugin v27.2 - https:\/\/yoast.com\/product\/yoast-seo-wordpress\/ -->\n<title>Porta Mallorquina se extiende en Mallorca con dos nuevas franquicias. - Porta Mallorquina Blog<\/title>\n<meta name=\"robots\" content=\"index, follow, max-snippet:-1, max-image-preview:large, max-video-preview:-1\" \/>\n<link rel=\"canonical\" href=\"https:\/\/www.porta-mallorquina.es\/blog\/porta-mallorquina-se-extiende-en-mallorca-con-dos-nuevas-franquicias\/\" \/>\n<meta property=\"og:locale\" content=\"en_US\" \/>\n<meta property=\"og:type\" content=\"article\" \/>\n<meta property=\"og:title\" content=\"Porta Mallorquina se extiende en Mallorca con dos nuevas franquicias. - Porta Mallorquina Blog\" \/>\n<meta property=\"og:description\" content=\"&nbsp; La concesi\u00f3n de dos nuevas franquicias, \u201cPalma\u201d y \u201cNorte de Mallorca\u201d, Porta Mallorquina ampl\u00eda su gama de oferta en la isla, cubriendo dos zonas potenciales de venta. &nbsp; &nbsp; &nbsp; &nbsp; En la franquicia de \u201cPalma\u201d est\u00e1 Ria Blum al frente, quien ha trabajado para\u00a0Coldwell Banker y que confi\u00f3 en el 2008 por la [&hellip;]\" \/>\n<meta property=\"og:url\" content=\"https:\/\/www.porta-mallorquina.es\/blog\/porta-mallorquina-se-extiende-en-mallorca-con-dos-nuevas-franquicias\/\" \/>\n<meta property=\"og:site_name\" content=\"Porta Mallorquina Blog\" \/>\n<meta property=\"article:published_time\" content=\"2012-03-01T11:10:10+00:00\" \/>\n<meta property=\"article:modified_time\" content=\"2016-06-27T15:49:23+00:00\" \/>\n<meta property=\"og:image\" content=\"https:\/\/www.porta-mallorquina.es\/blog\/mallorca\/licences-mallorquina.jpg\" \/>\n<meta name=\"author\" content=\"Porta Mallorquina\" \/>\n<meta name=\"twitter:card\" content=\"summary_large_image\" \/>\n<meta name=\"twitter:label1\" content=\"Written by\" \/>\n\t<meta name=\"twitter:data1\" content=\"Porta Mallorquina\" \/>\n\t<meta name=\"twitter:label2\" content=\"Est. reading time\" \/>\n\t<meta name=\"twitter:data2\" content=\"2 minutes\" \/>\n<script type=\"application\/ld+json\" class=\"yoast-schema-graph\">{\"@context\":\"https:\/\/schema.org\",\"@graph\":[{\"@type\":\"Article\",\"@id\":\"https:\/\/www.porta-mallorquina.es\/blog\/porta-mallorquina-se-extiende-en-mallorca-con-dos-nuevas-franquicias\/#article\",\"isPartOf\":{\"@id\":\"https:\/\/www.porta-mallorquina.es\/blog\/porta-mallorquina-se-extiende-en-mallorca-con-dos-nuevas-franquicias\/\"},\"author\":{\"name\":\"Porta Mallorquina\",\"@id\":\"https:\/\/www.porta-mallorquina.es\/blog\/#\/schema\/person\/00d40468a84878931da4d5e16749c9f0\"},\"headline\":\"Porta Mallorquina se extiende en Mallorca con dos nuevas franquicias.\",\"datePublished\":\"2012-03-01T11:10:10+00:00\",\"dateModified\":\"2016-06-27T15:49:23+00:00\",\"mainEntityOfPage\":{\"@id\":\"https:\/\/www.porta-mallorquina.es\/blog\/porta-mallorquina-se-extiende-en-mallorca-con-dos-nuevas-franquicias\/\"},\"wordCount\":342,\"commentCount\":0,\"publisher\":{\"@id\":\"https:\/\/www.porta-mallorquina.es\/blog\/#organization\"},\"image\":{\"@id\":\"https:\/\/www.porta-mallorquina.es\/blog\/porta-mallorquina-se-extiende-en-mallorca-con-dos-nuevas-franquicias\/#primaryimage\"},\"thumbnailUrl\":\"https:\/\/www.porta-mallorquina.es\/blog\/mallorca\/licences-mallorquina.jpg\",\"articleSection\":[\"Franquicia\"],\"inLanguage\":\"en-US\",\"potentialAction\":[{\"@type\":\"CommentAction\",\"name\":\"Comment\",\"target\":[\"https:\/\/www.porta-mallorquina.es\/blog\/porta-mallorquina-se-extiende-en-mallorca-con-dos-nuevas-franquicias\/#respond\"]}]},{\"@type\":\"WebPage\",\"@id\":\"https:\/\/www.porta-mallorquina.es\/blog\/porta-mallorquina-se-extiende-en-mallorca-con-dos-nuevas-franquicias\/\",\"url\":\"https:\/\/www.porta-mallorquina.es\/blog\/porta-mallorquina-se-extiende-en-mallorca-con-dos-nuevas-franquicias\/\",\"name\":\"Porta Mallorquina se extiende en Mallorca con dos nuevas franquicias. - Porta Mallorquina Blog\",\"isPartOf\":{\"@id\":\"https:\/\/www.porta-mallorquina.es\/blog\/#website\"},\"primaryImageOfPage\":{\"@id\":\"https:\/\/www.porta-mallorquina.es\/blog\/porta-mallorquina-se-extiende-en-mallorca-con-dos-nuevas-franquicias\/#primaryimage\"},\"image\":{\"@id\":\"https:\/\/www.porta-mallorquina.es\/blog\/porta-mallorquina-se-extiende-en-mallorca-con-dos-nuevas-franquicias\/#primaryimage\"},\"thumbnailUrl\":\"https:\/\/www.porta-mallorquina.es\/blog\/mallorca\/licences-mallorquina.jpg\",\"datePublished\":\"2012-03-01T11:10:10+00:00\",\"dateModified\":\"2016-06-27T15:49:23+00:00\",\"breadcrumb\":{\"@id\":\"https:\/\/www.porta-mallorquina.es\/blog\/porta-mallorquina-se-extiende-en-mallorca-con-dos-nuevas-franquicias\/#breadcrumb\"},\"inLanguage\":\"en-US\",\"potentialAction\":[{\"@type\":\"ReadAction\",\"target\":[\"https:\/\/www.porta-mallorquina.es\/blog\/porta-mallorquina-se-extiende-en-mallorca-con-dos-nuevas-franquicias\/\"]}]},{\"@type\":\"ImageObject\",\"inLanguage\":\"en-US\",\"@id\":\"https:\/\/www.porta-mallorquina.es\/blog\/porta-mallorquina-se-extiende-en-mallorca-con-dos-nuevas-franquicias\/#primaryimage\",\"url\":\"https:\/\/www.porta-mallorquina.es\/blog\/mallorca\/licences-mallorquina.jpg\",\"contentUrl\":\"https:\/\/www.porta-mallorquina.es\/blog\/mallorca\/licences-mallorquina.jpg\",\"width\":\"466\",\"height\":\"305\",\"caption\":\"Las zonas franquiciadas de Porta Mallorquina\"},{\"@type\":\"BreadcrumbList\",\"@id\":\"https:\/\/www.porta-mallorquina.es\/blog\/porta-mallorquina-se-extiende-en-mallorca-con-dos-nuevas-franquicias\/#breadcrumb\",\"itemListElement\":[{\"@type\":\"ListItem\",\"position\":1,\"name\":\"Portada\",\"item\":\"https:\/\/www.porta-mallorquina.es\/blog\/\"},{\"@type\":\"ListItem\",\"position\":2,\"name\":\"Porta Mallorquina se extiende en Mallorca con dos nuevas franquicias.\"}]},{\"@type\":\"WebSite\",\"@id\":\"https:\/\/www.porta-mallorquina.es\/blog\/#website\",\"url\":\"https:\/\/www.porta-mallorquina.es\/blog\/\",\"name\":\"Porta Mallorquina Blog\",\"description\":\"m\u00e1s que inmuebles de Mallorca\",\"publisher\":{\"@id\":\"https:\/\/www.porta-mallorquina.es\/blog\/#organization\"},\"potentialAction\":[{\"@type\":\"SearchAction\",\"target\":{\"@type\":\"EntryPoint\",\"urlTemplate\":\"https:\/\/www.porta-mallorquina.es\/blog\/?s={search_term_string}\"},\"query-input\":{\"@type\":\"PropertyValueSpecification\",\"valueRequired\":true,\"valueName\":\"search_term_string\"}}],\"inLanguage\":\"en-US\"},{\"@type\":\"Organization\",\"@id\":\"https:\/\/www.porta-mallorquina.es\/blog\/#organization\",\"name\":\"Porta Mallorquina Blog\",\"url\":\"https:\/\/www.porta-mallorquina.es\/blog\/\",\"logo\":{\"@type\":\"ImageObject\",\"inLanguage\":\"en-US\",\"@id\":\"https:\/\/www.porta-mallorquina.es\/blog\/#\/schema\/logo\/image\/\",\"url\":\"https:\/\/www.porta-mallorquina.es\/blog\/mallorca\/porta-mallorquina-real-estate-mallorca-logo.png\",\"contentUrl\":\"https:\/\/www.porta-mallorquina.es\/blog\/mallorca\/porta-mallorquina-real-estate-mallorca-logo.png\",\"width\":570,\"height\":400,\"caption\":\"Porta Mallorquina Blog\"},\"image\":{\"@id\":\"https:\/\/www.porta-mallorquina.es\/blog\/#\/schema\/logo\/image\/\"}},{\"@type\":\"Person\",\"@id\":\"https:\/\/www.porta-mallorquina.es\/blog\/#\/schema\/person\/00d40468a84878931da4d5e16749c9f0\",\"name\":\"Porta Mallorquina\",\"sameAs\":[\"https:\/\/www.porta-mallorquina.es\"],\"url\":\"https:\/\/www.porta-mallorquina.es\/blog\/author\/petraz\/\"}]}<\/script>\n<!-- \/ Yoast SEO plugin. -->","yoast_head_json":{"title":"Porta Mallorquina se extiende en Mallorca con dos nuevas franquicias. - Porta Mallorquina Blog","robots":{"index":"index","follow":"follow","max-snippet":"max-snippet:-1","max-image-preview":"max-image-preview:large","max-video-preview":"max-video-preview:-1"},"canonical":"https:\/\/www.porta-mallorquina.es\/blog\/porta-mallorquina-se-extiende-en-mallorca-con-dos-nuevas-franquicias\/","og_locale":"en_US","og_type":"article","og_title":"Porta Mallorquina se extiende en Mallorca con dos nuevas franquicias. - Porta Mallorquina Blog","og_description":"&nbsp; La concesi\u00f3n de dos nuevas franquicias, \u201cPalma\u201d y \u201cNorte de Mallorca\u201d, Porta Mallorquina ampl\u00eda su gama de oferta en la isla, cubriendo dos zonas potenciales de venta. &nbsp; &nbsp; &nbsp; &nbsp; En la franquicia de \u201cPalma\u201d est\u00e1 Ria Blum al frente, quien ha trabajado para\u00a0Coldwell Banker y que confi\u00f3 en el 2008 por la [&hellip;]","og_url":"https:\/\/www.porta-mallorquina.es\/blog\/porta-mallorquina-se-extiende-en-mallorca-con-dos-nuevas-franquicias\/","og_site_name":"Porta Mallorquina Blog","article_published_time":"2012-03-01T11:10:10+00:00","article_modified_time":"2016-06-27T15:49:23+00:00","og_image":[{"url":"https:\/\/www.porta-mallorquina.es\/blog\/mallorca\/licences-mallorquina.jpg","type":"","width":"","height":""}],"author":"Porta Mallorquina","twitter_card":"summary_large_image","twitter_misc":{"Written by":"Porta Mallorquina","Est. reading time":"2 minutes"},"schema":{"@context":"https:\/\/schema.org","@graph":[{"@type":"Article","@id":"https:\/\/www.porta-mallorquina.es\/blog\/porta-mallorquina-se-extiende-en-mallorca-con-dos-nuevas-franquicias\/#article","isPartOf":{"@id":"https:\/\/www.porta-mallorquina.es\/blog\/porta-mallorquina-se-extiende-en-mallorca-con-dos-nuevas-franquicias\/"},"author":{"name":"Porta Mallorquina","@id":"https:\/\/www.porta-mallorquina.es\/blog\/#\/schema\/person\/00d40468a84878931da4d5e16749c9f0"},"headline":"Porta Mallorquina se extiende en Mallorca con dos nuevas franquicias.","datePublished":"2012-03-01T11:10:10+00:00","dateModified":"2016-06-27T15:49:23+00:00","mainEntityOfPage":{"@id":"https:\/\/www.porta-mallorquina.es\/blog\/porta-mallorquina-se-extiende-en-mallorca-con-dos-nuevas-franquicias\/"},"wordCount":342,"commentCount":0,"publisher":{"@id":"https:\/\/www.porta-mallorquina.es\/blog\/#organization"},"image":{"@id":"https:\/\/www.porta-mallorquina.es\/blog\/porta-mallorquina-se-extiende-en-mallorca-con-dos-nuevas-franquicias\/#primaryimage"},"thumbnailUrl":"https:\/\/www.porta-mallorquina.es\/blog\/mallorca\/licences-mallorquina.jpg","articleSection":["Franquicia"],"inLanguage":"en-US","potentialAction":[{"@type":"CommentAction","name":"Comment","target":["https:\/\/www.porta-mallorquina.es\/blog\/porta-mallorquina-se-extiende-en-mallorca-con-dos-nuevas-franquicias\/#respond"]}]},{"@type":"WebPage","@id":"https:\/\/www.porta-mallorquina.es\/blog\/porta-mallorquina-se-extiende-en-mallorca-con-dos-nuevas-franquicias\/","url":"https:\/\/www.porta-mallorquina.es\/blog\/porta-mallorquina-se-extiende-en-mallorca-con-dos-nuevas-franquicias\/","name":"Porta Mallorquina se extiende en Mallorca con dos nuevas franquicias. - Porta Mallorquina Blog","isPartOf":{"@id":"https:\/\/www.porta-mallorquina.es\/blog\/#website"},"primaryImageOfPage":{"@id":"https:\/\/www.porta-mallorquina.es\/blog\/porta-mallorquina-se-extiende-en-mallorca-con-dos-nuevas-franquicias\/#primaryimage"},"image":{"@id":"https:\/\/www.porta-mallorquina.es\/blog\/porta-mallorquina-se-extiende-en-mallorca-con-dos-nuevas-franquicias\/#primaryimage"},"thumbnailUrl":"https:\/\/www.porta-mallorquina.es\/blog\/mallorca\/licences-mallorquina.jpg","datePublished":"2012-03-01T11:10:10+00:00","dateModified":"2016-06-27T15:49:23+00:00","breadcrumb":{"@id":"https:\/\/www.porta-mallorquina.es\/blog\/porta-mallorquina-se-extiende-en-mallorca-con-dos-nuevas-franquicias\/#breadcrumb"},"inLanguage":"en-US","potentialAction":[{"@type":"ReadAction","target":["https:\/\/www.porta-mallorquina.es\/blog\/porta-mallorquina-se-extiende-en-mallorca-con-dos-nuevas-franquicias\/"]}]},{"@type":"ImageObject","inLanguage":"en-US","@id":"https:\/\/www.porta-mallorquina.es\/blog\/porta-mallorquina-se-extiende-en-mallorca-con-dos-nuevas-franquicias\/#primaryimage","url":"https:\/\/www.porta-mallorquina.es\/blog\/mallorca\/licences-mallorquina.jpg","contentUrl":"https:\/\/www.porta-mallorquina.es\/blog\/mallorca\/licences-mallorquina.jpg","width":"466","height":"305","caption":"Las zonas franquiciadas de Porta Mallorquina"},{"@type":"BreadcrumbList","@id":"https:\/\/www.porta-mallorquina.es\/blog\/porta-mallorquina-se-extiende-en-mallorca-con-dos-nuevas-franquicias\/#breadcrumb","itemListElement":[{"@type":"ListItem","position":1,"name":"Portada","item":"https:\/\/www.porta-mallorquina.es\/blog\/"},{"@type":"ListItem","position":2,"name":"Porta Mallorquina se extiende en Mallorca con dos nuevas franquicias."}]},{"@type":"WebSite","@id":"https:\/\/www.porta-mallorquina.es\/blog\/#website","url":"https:\/\/www.porta-mallorquina.es\/blog\/","name":"Porta Mallorquina Blog","description":"m\u00e1s que inmuebles de Mallorca","publisher":{"@id":"https:\/\/www.porta-mallorquina.es\/blog\/#organization"},"potentialAction":[{"@type":"SearchAction","target":{"@type":"EntryPoint","urlTemplate":"https:\/\/www.porta-mallorquina.es\/blog\/?s={search_term_string}"},"query-input":{"@type":"PropertyValueSpecification","valueRequired":true,"valueName":"search_term_string"}}],"inLanguage":"en-US"},{"@type":"Organization","@id":"https:\/\/www.porta-mallorquina.es\/blog\/#organization","name":"Porta Mallorquina Blog","url":"https:\/\/www.porta-mallorquina.es\/blog\/","logo":{"@type":"ImageObject","inLanguage":"en-US","@id":"https:\/\/www.porta-mallorquina.es\/blog\/#\/schema\/logo\/image\/","url":"https:\/\/www.porta-mallorquina.es\/blog\/mallorca\/porta-mallorquina-real-estate-mallorca-logo.png","contentUrl":"https:\/\/www.porta-mallorquina.es\/blog\/mallorca\/porta-mallorquina-real-estate-mallorca-logo.png","width":570,"height":400,"caption":"Porta Mallorquina Blog"},"image":{"@id":"https:\/\/www.porta-mallorquina.es\/blog\/#\/schema\/logo\/image\/"}},{"@type":"Person","@id":"https:\/\/www.porta-mallorquina.es\/blog\/#\/schema\/person\/00d40468a84878931da4d5e16749c9f0","name":"Porta Mallorquina","sameAs":["https:\/\/www.porta-mallorquina.es"],"url":"https:\/\/www.porta-mallorquina.es\/blog\/author\/petraz\/"}]}},"_links":{"self":[{"href":"https:\/\/www.porta-mallorquina.es\/blog\/wp-json\/wp\/v2\/posts\/436","targetHints":{"allow":["GET"]}}],"collection":[{"href":"https:\/\/www.porta-mallorquina.es\/blog\/wp-json\/wp\/v2\/posts"}],"about":[{"href":"https:\/\/www.porta-mallorquina.es\/blog\/wp-json\/wp\/v2\/types\/post"}],"author":[{"embeddable":true,"href":"https:\/\/www.porta-mallorquina.es\/blog\/wp-json\/wp\/v2\/users\/2"}],"replies":[{"embeddable":true,"href":"https:\/\/www.porta-mallorquina.es\/blog\/wp-json\/wp\/v2\/comments?post=436"}],"version-history":[{"count":101,"href":"https:\/\/www.porta-mallorquina.es\/blog\/wp-json\/wp\/v2\/posts\/436\/revisions"}],"predecessor-version":[{"id":1553,"href":"https:\/\/www.porta-mallorquina.es\/blog\/wp-json\/wp\/v2\/posts\/436\/revisions\/1553"}],"wp:attachment":[{"href":"https:\/\/www.porta-mallorquina.es\/blog\/wp-json\/wp\/v2\/media?parent=436"}],"wp:term":[{"taxonomy":"category","embeddable":true,"href":"https:\/\/www.porta-mallorquina.es\/blog\/wp-json\/wp\/v2\/categories?post=436"},{"taxonomy":"post_tag","embeddable":true,"href":"https:\/\/www.porta-mallorquina.es\/blog\/wp-json\/wp\/v2\/tags?post=436"}],"curies":[{"name":"wp","href":"https:\/\/api.w.org\/{rel}","templated":true}]}}