{"id":8,"date":"2010-09-15T17:28:31","date_gmt":"2010-09-15T15:28:31","guid":{"rendered":"http:\/\/www.porta-mallorquina.es\/blog\/?p=8"},"modified":"2010-09-22T19:30:56","modified_gmt":"2010-09-22T17:30:56","slug":"la-variedad-gastronomica","status":"publish","type":"post","link":"https:\/\/www.porta-mallorquina.es\/blog\/la-variedad-gastronomica\/","title":{"rendered":"La variedad gastronomica"},"content":{"rendered":"<div id=\"attachment_37\" class=\"wp-caption alignright\" style=\"width: 300px\"><a rel=\"attachment wp-att-37\" href=\"https:\/\/www.porta-mallorquina.es\/blog\/la-variedad-gastronomica\/restaurante-exclusivo-en-arta\/\"><img loading=\"lazy\" decoding=\"async\" class=\"size-medium wp-image-37\" title=\"restaurante exclusivo en Arta\" src=\"https:\/\/www.porta-mallorquina.es\/blog\/mallorca\/restaurante-exclusivo-en-arta-300x200.jpg\" alt=\"restaurante exclusivo en Arta\" width=\"300\" height=\"200\" srcset=\"https:\/\/www.porta-mallorquina.es\/blog\/mallorca\/restaurante-exclusivo-en-arta-300x200.jpg 300w, https:\/\/www.porta-mallorquina.es\/blog\/mallorca\/restaurante-exclusivo-en-arta.jpg 600w\" sizes=\"auto, (max-width: 300px) 100vw, 300px\" \/><\/a><p class=\"wp-caption-text\">restaurante exclusivo en Arta<\/p><\/div>\n<p>Una entre muchas ventajas    en vivir en un espacio internacional es la variedad y diversificaciones que    tenemos a nuestra disposici\u00f3n. Y cuando hablamos en sorprender nuestro    paladar, en Mallorca encontramos muchas posibilidades.<\/p>\n<p>Las variadas categor\u00edas que van    desde la alta cocina internacional a las famosas tapas    espa\u00f1olas. Entre muchas otras p\u00e1ginas    web de b\u00fasqueda, esta seguramente puede ser una sugerencia <a href=\"http:\/\/www.cometemallorca.com\/\">www.cometemallorca.com<\/a>. Te sorprender\u00e1n las opciones de ambientes,    servicios y comida.<\/p>\n","protected":false},"excerpt":{"rendered":"<p>Una entre muchas ventajas en vivir en un espacio internacional es la variedad y diversificaciones que tenemos a nuestra disposici\u00f3n.<\/p>\n","protected":false},"author":1,"featured_media":0,"comment_status":"open","ping_status":"open","sticky":false,"template":"","format":"standard","meta":{"footnotes":""},"categories":[5],"tags":[],"class_list":["post-8","post","type-post","status-publish","format-standard","hentry","category-culturales"],"yoast_head":"<!-- This site is optimized with the Yoast SEO plugin v27.2 - https:\/\/yoast.com\/product\/yoast-seo-wordpress\/ -->\n<title>La variedad gastronomica - Porta Mallorquina Blog<\/title>\n<meta name=\"robots\" content=\"index, follow, max-snippet:-1, max-image-preview:large, max-video-preview:-1\" \/>\n<link rel=\"canonical\" href=\"https:\/\/www.porta-mallorquina.es\/blog\/la-variedad-gastronomica\/\" \/>\n<meta property=\"og:locale\" content=\"en_US\" \/>\n<meta property=\"og:type\" content=\"article\" \/>\n<meta property=\"og:title\" content=\"La variedad gastronomica - Porta Mallorquina Blog\" \/>\n<meta property=\"og:description\" content=\"Una entre muchas ventajas en vivir en un espacio internacional es la variedad y diversificaciones que tenemos a nuestra disposici\u00f3n.\" \/>\n<meta property=\"og:url\" content=\"https:\/\/www.porta-mallorquina.es\/blog\/la-variedad-gastronomica\/\" \/>\n<meta property=\"og:site_name\" content=\"Porta Mallorquina Blog\" \/>\n<meta property=\"article:published_time\" content=\"2010-09-15T15:28:31+00:00\" \/>\n<meta property=\"article:modified_time\" content=\"2010-09-22T17:30:56+00:00\" \/>\n<meta property=\"og:image\" content=\"https:\/\/www.porta-mallorquina.es\/blog\/mallorca\/restaurante-exclusivo-en-arta-300x200.jpg\" \/>\n<meta name=\"author\" content=\"Porta Mallorquina\" \/>\n<meta name=\"twitter:card\" content=\"summary_large_image\" \/>\n<meta name=\"twitter:label1\" content=\"Written by\" \/>\n\t<meta name=\"twitter:data1\" content=\"Porta Mallorquina\" \/>\n<script type=\"application\/ld+json\" class=\"yoast-schema-graph\">{\"@context\":\"https:\/\/schema.org\",\"@graph\":[{\"@type\":\"Article\",\"@id\":\"https:\/\/www.porta-mallorquina.es\/blog\/la-variedad-gastronomica\/#article\",\"isPartOf\":{\"@id\":\"https:\/\/www.porta-mallorquina.es\/blog\/la-variedad-gastronomica\/\"},\"author\":{\"name\":\"Porta Mallorquina\",\"@id\":\"https:\/\/www.porta-mallorquina.es\/blog\/#\/schema\/person\/564d9fc1137f64519f4a7b5623927503\"},\"headline\":\"La variedad gastronomica\",\"datePublished\":\"2010-09-15T15:28:31+00:00\",\"dateModified\":\"2010-09-22T17:30:56+00:00\",\"mainEntityOfPage\":{\"@id\":\"https:\/\/www.porta-mallorquina.es\/blog\/la-variedad-gastronomica\/\"},\"wordCount\":93,\"commentCount\":0,\"publisher\":{\"@id\":\"https:\/\/www.porta-mallorquina.es\/blog\/#organization\"},\"image\":{\"@id\":\"https:\/\/www.porta-mallorquina.es\/blog\/la-variedad-gastronomica\/#primaryimage\"},\"thumbnailUrl\":\"https:\/\/www.porta-mallorquina.es\/blog\/mallorca\/restaurante-exclusivo-en-arta-300x200.jpg\",\"articleSection\":[\"Culturales\"],\"inLanguage\":\"en-US\",\"potentialAction\":[{\"@type\":\"CommentAction\",\"name\":\"Comment\",\"target\":[\"https:\/\/www.porta-mallorquina.es\/blog\/la-variedad-gastronomica\/#respond\"]}]},{\"@type\":\"WebPage\",\"@id\":\"https:\/\/www.porta-mallorquina.es\/blog\/la-variedad-gastronomica\/\",\"url\":\"https:\/\/www.porta-mallorquina.es\/blog\/la-variedad-gastronomica\/\",\"name\":\"La variedad gastronomica - Porta Mallorquina Blog\",\"isPartOf\":{\"@id\":\"https:\/\/www.porta-mallorquina.es\/blog\/#website\"},\"primaryImageOfPage\":{\"@id\":\"https:\/\/www.porta-mallorquina.es\/blog\/la-variedad-gastronomica\/#primaryimage\"},\"image\":{\"@id\":\"https:\/\/www.porta-mallorquina.es\/blog\/la-variedad-gastronomica\/#primaryimage\"},\"thumbnailUrl\":\"https:\/\/www.porta-mallorquina.es\/blog\/mallorca\/restaurante-exclusivo-en-arta-300x200.jpg\",\"datePublished\":\"2010-09-15T15:28:31+00:00\",\"dateModified\":\"2010-09-22T17:30:56+00:00\",\"breadcrumb\":{\"@id\":\"https:\/\/www.porta-mallorquina.es\/blog\/la-variedad-gastronomica\/#breadcrumb\"},\"inLanguage\":\"en-US\",\"potentialAction\":[{\"@type\":\"ReadAction\",\"target\":[\"https:\/\/www.porta-mallorquina.es\/blog\/la-variedad-gastronomica\/\"]}]},{\"@type\":\"ImageObject\",\"inLanguage\":\"en-US\",\"@id\":\"https:\/\/www.porta-mallorquina.es\/blog\/la-variedad-gastronomica\/#primaryimage\",\"url\":\"https:\/\/www.porta-mallorquina.es\/blog\/mallorca\/restaurante-exclusivo-en-arta.jpg\",\"contentUrl\":\"https:\/\/www.porta-mallorquina.es\/blog\/mallorca\/restaurante-exclusivo-en-arta.jpg\",\"width\":\"600\",\"height\":\"400\",\"caption\":\"restaurante exclusivo en Arta\"},{\"@type\":\"BreadcrumbList\",\"@id\":\"https:\/\/www.porta-mallorquina.es\/blog\/la-variedad-gastronomica\/#breadcrumb\",\"itemListElement\":[{\"@type\":\"ListItem\",\"position\":1,\"name\":\"Portada\",\"item\":\"https:\/\/www.porta-mallorquina.es\/blog\/\"},{\"@type\":\"ListItem\",\"position\":2,\"name\":\"La variedad gastronomica\"}]},{\"@type\":\"WebSite\",\"@id\":\"https:\/\/www.porta-mallorquina.es\/blog\/#website\",\"url\":\"https:\/\/www.porta-mallorquina.es\/blog\/\",\"name\":\"Porta Mallorquina Blog\",\"description\":\"m\u00e1s que inmuebles de Mallorca\",\"publisher\":{\"@id\":\"https:\/\/www.porta-mallorquina.es\/blog\/#organization\"},\"potentialAction\":[{\"@type\":\"SearchAction\",\"target\":{\"@type\":\"EntryPoint\",\"urlTemplate\":\"https:\/\/www.porta-mallorquina.es\/blog\/?s={search_term_string}\"},\"query-input\":{\"@type\":\"PropertyValueSpecification\",\"valueRequired\":true,\"valueName\":\"search_term_string\"}}],\"inLanguage\":\"en-US\"},{\"@type\":\"Organization\",\"@id\":\"https:\/\/www.porta-mallorquina.es\/blog\/#organization\",\"name\":\"Porta Mallorquina Blog\",\"url\":\"https:\/\/www.porta-mallorquina.es\/blog\/\",\"logo\":{\"@type\":\"ImageObject\",\"inLanguage\":\"en-US\",\"@id\":\"https:\/\/www.porta-mallorquina.es\/blog\/#\/schema\/logo\/image\/\",\"url\":\"https:\/\/www.porta-mallorquina.es\/blog\/mallorca\/porta-mallorquina-real-estate-mallorca-logo.png\",\"contentUrl\":\"https:\/\/www.porta-mallorquina.es\/blog\/mallorca\/porta-mallorquina-real-estate-mallorca-logo.png\",\"width\":570,\"height\":400,\"caption\":\"Porta Mallorquina Blog\"},\"image\":{\"@id\":\"https:\/\/www.porta-mallorquina.es\/blog\/#\/schema\/logo\/image\/\"}},{\"@type\":\"Person\",\"@id\":\"https:\/\/www.porta-mallorquina.es\/blog\/#\/schema\/person\/564d9fc1137f64519f4a7b5623927503\",\"name\":\"Porta Mallorquina\",\"url\":\"https:\/\/www.porta-mallorquina.es\/blog\/author\/admin\/\"}]}<\/script>\n<!-- \/ Yoast SEO plugin. -->","yoast_head_json":{"title":"La variedad gastronomica - Porta Mallorquina Blog","robots":{"index":"index","follow":"follow","max-snippet":"max-snippet:-1","max-image-preview":"max-image-preview:large","max-video-preview":"max-video-preview:-1"},"canonical":"https:\/\/www.porta-mallorquina.es\/blog\/la-variedad-gastronomica\/","og_locale":"en_US","og_type":"article","og_title":"La variedad gastronomica - Porta Mallorquina Blog","og_description":"Una entre muchas ventajas en vivir en un espacio internacional es la variedad y diversificaciones que tenemos a nuestra disposici\u00f3n.","og_url":"https:\/\/www.porta-mallorquina.es\/blog\/la-variedad-gastronomica\/","og_site_name":"Porta Mallorquina Blog","article_published_time":"2010-09-15T15:28:31+00:00","article_modified_time":"2010-09-22T17:30:56+00:00","og_image":[{"url":"https:\/\/www.porta-mallorquina.es\/blog\/mallorca\/restaurante-exclusivo-en-arta-300x200.jpg","type":"","width":"","height":""}],"author":"Porta Mallorquina","twitter_card":"summary_large_image","twitter_misc":{"Written by":"Porta Mallorquina"},"schema":{"@context":"https:\/\/schema.org","@graph":[{"@type":"Article","@id":"https:\/\/www.porta-mallorquina.es\/blog\/la-variedad-gastronomica\/#article","isPartOf":{"@id":"https:\/\/www.porta-mallorquina.es\/blog\/la-variedad-gastronomica\/"},"author":{"name":"Porta Mallorquina","@id":"https:\/\/www.porta-mallorquina.es\/blog\/#\/schema\/person\/564d9fc1137f64519f4a7b5623927503"},"headline":"La variedad gastronomica","datePublished":"2010-09-15T15:28:31+00:00","dateModified":"2010-09-22T17:30:56+00:00","mainEntityOfPage":{"@id":"https:\/\/www.porta-mallorquina.es\/blog\/la-variedad-gastronomica\/"},"wordCount":93,"commentCount":0,"publisher":{"@id":"https:\/\/www.porta-mallorquina.es\/blog\/#organization"},"image":{"@id":"https:\/\/www.porta-mallorquina.es\/blog\/la-variedad-gastronomica\/#primaryimage"},"thumbnailUrl":"https:\/\/www.porta-mallorquina.es\/blog\/mallorca\/restaurante-exclusivo-en-arta-300x200.jpg","articleSection":["Culturales"],"inLanguage":"en-US","potentialAction":[{"@type":"CommentAction","name":"Comment","target":["https:\/\/www.porta-mallorquina.es\/blog\/la-variedad-gastronomica\/#respond"]}]},{"@type":"WebPage","@id":"https:\/\/www.porta-mallorquina.es\/blog\/la-variedad-gastronomica\/","url":"https:\/\/www.porta-mallorquina.es\/blog\/la-variedad-gastronomica\/","name":"La variedad gastronomica - Porta Mallorquina Blog","isPartOf":{"@id":"https:\/\/www.porta-mallorquina.es\/blog\/#website"},"primaryImageOfPage":{"@id":"https:\/\/www.porta-mallorquina.es\/blog\/la-variedad-gastronomica\/#primaryimage"},"image":{"@id":"https:\/\/www.porta-mallorquina.es\/blog\/la-variedad-gastronomica\/#primaryimage"},"thumbnailUrl":"https:\/\/www.porta-mallorquina.es\/blog\/mallorca\/restaurante-exclusivo-en-arta-300x200.jpg","datePublished":"2010-09-15T15:28:31+00:00","dateModified":"2010-09-22T17:30:56+00:00","breadcrumb":{"@id":"https:\/\/www.porta-mallorquina.es\/blog\/la-variedad-gastronomica\/#breadcrumb"},"inLanguage":"en-US","potentialAction":[{"@type":"ReadAction","target":["https:\/\/www.porta-mallorquina.es\/blog\/la-variedad-gastronomica\/"]}]},{"@type":"ImageObject","inLanguage":"en-US","@id":"https:\/\/www.porta-mallorquina.es\/blog\/la-variedad-gastronomica\/#primaryimage","url":"https:\/\/www.porta-mallorquina.es\/blog\/mallorca\/restaurante-exclusivo-en-arta.jpg","contentUrl":"https:\/\/www.porta-mallorquina.es\/blog\/mallorca\/restaurante-exclusivo-en-arta.jpg","width":"600","height":"400","caption":"restaurante exclusivo en Arta"},{"@type":"BreadcrumbList","@id":"https:\/\/www.porta-mallorquina.es\/blog\/la-variedad-gastronomica\/#breadcrumb","itemListElement":[{"@type":"ListItem","position":1,"name":"Portada","item":"https:\/\/www.porta-mallorquina.es\/blog\/"},{"@type":"ListItem","position":2,"name":"La variedad gastronomica"}]},{"@type":"WebSite","@id":"https:\/\/www.porta-mallorquina.es\/blog\/#website","url":"https:\/\/www.porta-mallorquina.es\/blog\/","name":"Porta Mallorquina Blog","description":"m\u00e1s que inmuebles de Mallorca","publisher":{"@id":"https:\/\/www.porta-mallorquina.es\/blog\/#organization"},"potentialAction":[{"@type":"SearchAction","target":{"@type":"EntryPoint","urlTemplate":"https:\/\/www.porta-mallorquina.es\/blog\/?s={search_term_string}"},"query-input":{"@type":"PropertyValueSpecification","valueRequired":true,"valueName":"search_term_string"}}],"inLanguage":"en-US"},{"@type":"Organization","@id":"https:\/\/www.porta-mallorquina.es\/blog\/#organization","name":"Porta Mallorquina Blog","url":"https:\/\/www.porta-mallorquina.es\/blog\/","logo":{"@type":"ImageObject","inLanguage":"en-US","@id":"https:\/\/www.porta-mallorquina.es\/blog\/#\/schema\/logo\/image\/","url":"https:\/\/www.porta-mallorquina.es\/blog\/mallorca\/porta-mallorquina-real-estate-mallorca-logo.png","contentUrl":"https:\/\/www.porta-mallorquina.es\/blog\/mallorca\/porta-mallorquina-real-estate-mallorca-logo.png","width":570,"height":400,"caption":"Porta Mallorquina Blog"},"image":{"@id":"https:\/\/www.porta-mallorquina.es\/blog\/#\/schema\/logo\/image\/"}},{"@type":"Person","@id":"https:\/\/www.porta-mallorquina.es\/blog\/#\/schema\/person\/564d9fc1137f64519f4a7b5623927503","name":"Porta Mallorquina","url":"https:\/\/www.porta-mallorquina.es\/blog\/author\/admin\/"}]}},"_links":{"self":[{"href":"https:\/\/www.porta-mallorquina.es\/blog\/wp-json\/wp\/v2\/posts\/8","targetHints":{"allow":["GET"]}}],"collection":[{"href":"https:\/\/www.porta-mallorquina.es\/blog\/wp-json\/wp\/v2\/posts"}],"about":[{"href":"https:\/\/www.porta-mallorquina.es\/blog\/wp-json\/wp\/v2\/types\/post"}],"author":[{"embeddable":true,"href":"https:\/\/www.porta-mallorquina.es\/blog\/wp-json\/wp\/v2\/users\/1"}],"replies":[{"embeddable":true,"href":"https:\/\/www.porta-mallorquina.es\/blog\/wp-json\/wp\/v2\/comments?post=8"}],"version-history":[{"count":4,"href":"https:\/\/www.porta-mallorquina.es\/blog\/wp-json\/wp\/v2\/posts\/8\/revisions"}],"predecessor-version":[{"id":40,"href":"https:\/\/www.porta-mallorquina.es\/blog\/wp-json\/wp\/v2\/posts\/8\/revisions\/40"}],"wp:attachment":[{"href":"https:\/\/www.porta-mallorquina.es\/blog\/wp-json\/wp\/v2\/media?parent=8"}],"wp:term":[{"taxonomy":"category","embeddable":true,"href":"https:\/\/www.porta-mallorquina.es\/blog\/wp-json\/wp\/v2\/categories?post=8"},{"taxonomy":"post_tag","embeddable":true,"href":"https:\/\/www.porta-mallorquina.es\/blog\/wp-json\/wp\/v2\/tags?post=8"}],"curies":[{"name":"wp","href":"https:\/\/api.w.org\/{rel}","templated":true}]}}