{"id":951,"date":"2012-10-25T12:31:58","date_gmt":"2012-10-25T10:31:58","guid":{"rendered":"http:\/\/www.porta-mallorquina.es\/blog\/?p=951"},"modified":"2012-10-26T11:23:13","modified_gmt":"2012-10-26T09:23:13","slug":"feria-de-franquicias-sifco-en-valencia","status":"publish","type":"post","link":"https:\/\/www.porta-mallorquina.es\/blog\/feria-de-franquicias-sifco-en-valencia\/","title":{"rendered":"SIF&#038;CO en Valencia: Gracias por las conversaciones"},"content":{"rendered":"<div id=\"attachment_960\" class=\"wp-caption alignleft\" style=\"width: 324px\"><a href=\"https:\/\/www.porta-mallorquina.es\/blog\/feria-de-franquicias-sifco-en-valencia\/feria-de-franquicias\/\" rel=\"attachment wp-att-960\"><img loading=\"lazy\" decoding=\"async\" class=\" wp-image-960  \" title=\"Feria de Franquicias en Valencia\" src=\"https:\/\/www.porta-mallorquina.es\/blog\/mallorca\/feria-de-franquicias.jpg\" alt=\"Feria de Franquicias \" width=\"324\" height=\"220\" srcset=\"https:\/\/www.porta-mallorquina.es\/blog\/mallorca\/feria-de-franquicias.jpg 600w, https:\/\/www.porta-mallorquina.es\/blog\/mallorca\/feria-de-franquicias-300x203.jpg 300w\" sizes=\"auto, (max-width: 324px) 100vw, 324px\" \/><\/a><p class=\"wp-caption-text\">Feria de Franquicias en Valencia<\/p><\/div>\n<p>El pasado jueves y viernes <a title=\"Porta Mondial\" href=\"http:\/\/www.portamondial.es\" target=\"_blank\">Porta Mondial <\/a>visit\u00f3 la Feria de Franquicias Sif&amp;Co en Valencia y tuvo la posibilidad de hablar con los miembros de la <a href=\"http:\/\/www.portalfiaf.com\/index.asp\">FIAF (Federaci\u00f3n Iberoamericana de Franquicias).<\/a><\/p>\n<p>La <strong>FIAF<\/strong> es una federaci\u00f3n de asociaciones de franquicias espa\u00f1olas, portuguesas y de varios pa\u00edses de Am\u00e9rica Latina: Espa\u00f1a, Portugal, Argentina, Brasil, Guatemala, M\u00e9xico, Uruguay, Venezuela y, el \u00faltimo miembro, Costa Rica.<\/p>\n<p>Nos gustar\u00eda dar las gracias a todos los presidentes y representantes de todas las asociaciones con las que hemos tenido el placer de hablar. El tipo de conversaciones abiertas nos ayudaron a entender un poco mejor estos mercados.<\/p>\n<h2>Porta Mondial se inicia en Costa Rica<\/h2>\n<p>Como Alejandra Vargas de <a title=\"Inmobiliaria exclusiva en Costa Rica\" href=\"http:\/\/www.portamondial-costarica.cr\/\" target=\"_blank\">Porta Mondial Costa Rica<\/a>, que est\u00e1 a punto de empezar a desarrollar la regi\u00f3n, el encuentro con Karol Fallas, quien represent\u00f3 a la <strong>C\u00e1mara de Comercio de Costa Rica, fue especialmente interesante.<\/strong><\/p>\n<p>\u201c<strong>Costa Rica<\/strong>, con alrededor de 221 marcas de franquicias, cuenta con s\u00f3lo 30 marcas locales, m\u00e1s de la mitad originarias de EEUU y tambi\u00e9n un n\u00famero importante de marcas espa\u00f1olas han entrado en el mercado de Costa Rica\u201d, dice Karol Fallas. Estos hechos nos llevan a la conclusi\u00f3n de que una marca de franquicia espa\u00f1ola no tiene muchos obst\u00e1culos para entrar en el mercado.<\/p>\n<p>Con la adhesi\u00f3n de Costa Rica en la FIAF, muestran su gran inter\u00e9s en la globalizaci\u00f3n y la asociaci\u00f3n con marcas espa\u00f1olas.<\/p>\n<h2>Luz verde para una mayor expansi\u00f3n<\/h2>\n<p>Pa\u00edses de Am\u00e9rica Latina muestran un gran potencial para las marcas de franquicias europeas como Porta Mondial, cuyas econom\u00edas han estado creciendo en los \u00faltimos a\u00f1os y las tasas de desempleo son constantemente bajas en la mayor\u00eda de los pa\u00edses.<\/p>\n<div id=\"attachment_965\" class=\"wp-caption alignleft\" style=\"width: 288px\"><a href=\"https:\/\/www.porta-mallorquina.es\/blog\/feria-de-franquicias-sifco-en-valencia\/numero-de-marcas\/\" rel=\"attachment wp-att-965\"><img loading=\"lazy\" decoding=\"async\" class=\"wp-image-965 \" title=\"N\u00famero de marcas en cada pa\u00eds\" src=\"https:\/\/www.porta-mallorquina.es\/blog\/mallorca\/n\u00famero-de-marcas.jpg\" alt=\"N\u00famero de marcas en cada pa\u00eds\" width=\"288\" height=\"145\" srcset=\"https:\/\/www.porta-mallorquina.es\/blog\/mallorca\/n\u00famero-de-marcas.jpg 600w, https:\/\/www.porta-mallorquina.es\/blog\/mallorca\/n\u00famero-de-marcas-300x150.jpg 300w\" sizes=\"auto, (max-width: 288px) 100vw, 288px\" \/><\/a><p class=\"wp-caption-text\">N\u00famero de marcas en cada pa\u00eds<\/p><\/div>\n<div id=\"attachment_966\" class=\"wp-caption alignleft\" style=\"width: 288px\"><a href=\"https:\/\/www.porta-mallorquina.es\/blog\/feria-de-franquicias-sifco-en-valencia\/origen-de-las-marcas\/\" rel=\"attachment wp-att-966\"><img loading=\"lazy\" decoding=\"async\" class=\" wp-image-966  \" title=\"Origen de las marcas\" src=\"https:\/\/www.porta-mallorquina.es\/blog\/mallorca\/origen-de-las-marcas.jpg\" alt=\"Origen de las marcas\" width=\"288\" height=\"145\" srcset=\"https:\/\/www.porta-mallorquina.es\/blog\/mallorca\/origen-de-las-marcas.jpg 600w, https:\/\/www.porta-mallorquina.es\/blog\/mallorca\/origen-de-las-marcas-300x150.jpg 300w\" sizes=\"auto, (max-width: 288px) 100vw, 288px\" \/><\/a><p class=\"wp-caption-text\">Origen de las marcas<\/p><\/div>\n<p>El mercado maduro de <strong>M\u00e9xico<\/strong> cuenta con cerca de 1000 marcas y es el segundo mercado m\u00e1s grande despu\u00e9s de Brasil (en t\u00e9rminos de sistemas de franquicias). La mayor\u00eda de las marcas de franquicias son de origen local y las otras marcas de franquicias m\u00e1s importantes son originarias de USA y Espa\u00f1a.<\/p>\n<p>Los sistemas de franquicias mexicanas exportan a otros pa\u00edses latinos tambi\u00e9n.<\/p>\n<p><strong>Guatemala y Uruguay<\/strong> son peque\u00f1os pa\u00edses con un alto porcentaje de marcas de franquicias extranjeras, las cuales derivan de USA, M\u00e9xico y algunos pa\u00edses europeos como Espa\u00f1a. Venezuela, al parecer, ofrece un enorme potencial tambi\u00e9n, con s\u00f3lo 450 marcas de franquicias y m\u00e1s de la mitad son marcas extranjeras.<\/p>\n<p>Tambi\u00e9n aprendimos que <strong>Brasil<\/strong> es el mayor mercado con el potencial m\u00e1s alto, sin embargo es mucho m\u00e1s dif\u00edcil para las marcas extranjeras hacerse un hueco sin necesidad de abrir una tienda de franquicia propia. Las marcas de franquicias locales dominan el mercado con el 95% y 1930 marcas de franquicias.<\/p>\n<p>En conclusi\u00f3n, nos gustar\u00eda decir que estos dos d\u00edas han sido una excelente base para planificar la expansi\u00f3n de Porta Mondial en los pa\u00edses latinoamericanos. Estamos convencidos de que Porta Mondial podr\u00eda entrar en el mercado con \u00e9xito mientras se crean redes con socios locales, a quienes pudimos conocer en la feria Sif&amp;Co.<\/p>\n<p>Fuente: FIAF 2011<br \/>\n<a title=\"FIAF\" href=\"http:\/\/www.portalfiaf.com\/estadisticas.asp\" target=\"_blank\">http:\/\/www.portalfiaf.com\/estadisticas.asp<\/a><\/p>\n","protected":false},"excerpt":{"rendered":"<p>El pasado jueves y viernes Porta Mondial visit\u00f3 la Feria de Franquicias Sif&#038;Co en Valencia y tuvo la posibilidad de hablar con los miembros de la FIAF (Federaci\u00f3n Iberoamericana de Franquicias). La FIAF es una federaci\u00f3n de asociaciones de franquicias espa\u00f1olas, portuguesas y de varios pa\u00edses de Am\u00e9rica Latina.<\/p>\n","protected":false},"author":2,"featured_media":0,"comment_status":"open","ping_status":"open","sticky":false,"template":"","format":"standard","meta":{"footnotes":""},"categories":[3,8,6],"tags":[],"class_list":["post-951","post","type-post","status-publish","format-standard","hentry","category-eventos","category-franquicia","category-mallorca"],"yoast_head":"<!-- This site is optimized with the Yoast SEO plugin v27.2 - https:\/\/yoast.com\/product\/yoast-seo-wordpress\/ -->\n<title>SIF&amp;CO en Valencia: Gracias por las conversaciones - Porta Mallorquina Blog<\/title>\n<meta name=\"robots\" content=\"index, follow, max-snippet:-1, max-image-preview:large, max-video-preview:-1\" \/>\n<link rel=\"canonical\" href=\"https:\/\/www.porta-mallorquina.es\/blog\/feria-de-franquicias-sifco-en-valencia\/\" \/>\n<meta property=\"og:locale\" content=\"en_US\" \/>\n<meta property=\"og:type\" content=\"article\" \/>\n<meta property=\"og:title\" content=\"SIF&amp;CO en Valencia: Gracias por las conversaciones - Porta Mallorquina Blog\" \/>\n<meta property=\"og:description\" content=\"El pasado jueves y viernes Porta Mondial visit\u00f3 la Feria de Franquicias Sif&amp;Co en Valencia y tuvo la posibilidad de hablar con los miembros de la FIAF (Federaci\u00f3n Iberoamericana de Franquicias). La FIAF es una federaci\u00f3n de asociaciones de franquicias espa\u00f1olas, portuguesas y de varios pa\u00edses de Am\u00e9rica Latina.\" \/>\n<meta property=\"og:url\" content=\"https:\/\/www.porta-mallorquina.es\/blog\/feria-de-franquicias-sifco-en-valencia\/\" \/>\n<meta property=\"og:site_name\" content=\"Porta Mallorquina Blog\" \/>\n<meta property=\"article:published_time\" content=\"2012-10-25T10:31:58+00:00\" \/>\n<meta property=\"article:modified_time\" content=\"2012-10-26T09:23:13+00:00\" \/>\n<meta property=\"og:image\" content=\"https:\/\/www.porta-mallorquina.es\/blog\/mallorca\/feria-de-franquicias.jpg\" \/>\n<meta name=\"author\" content=\"Porta Mallorquina\" \/>\n<meta name=\"twitter:card\" content=\"summary_large_image\" \/>\n<meta name=\"twitter:label1\" content=\"Written by\" \/>\n\t<meta name=\"twitter:data1\" content=\"Porta Mallorquina\" \/>\n\t<meta name=\"twitter:label2\" content=\"Est. reading time\" \/>\n\t<meta name=\"twitter:data2\" content=\"3 minutes\" \/>\n<script type=\"application\/ld+json\" class=\"yoast-schema-graph\">{\"@context\":\"https:\/\/schema.org\",\"@graph\":[{\"@type\":\"Article\",\"@id\":\"https:\/\/www.porta-mallorquina.es\/blog\/feria-de-franquicias-sifco-en-valencia\/#article\",\"isPartOf\":{\"@id\":\"https:\/\/www.porta-mallorquina.es\/blog\/feria-de-franquicias-sifco-en-valencia\/\"},\"author\":{\"name\":\"Porta Mallorquina\",\"@id\":\"https:\/\/www.porta-mallorquina.es\/blog\/#\/schema\/person\/00d40468a84878931da4d5e16749c9f0\"},\"headline\":\"SIF&#038;CO en Valencia: Gracias por las conversaciones\",\"datePublished\":\"2012-10-25T10:31:58+00:00\",\"dateModified\":\"2012-10-26T09:23:13+00:00\",\"mainEntityOfPage\":{\"@id\":\"https:\/\/www.porta-mallorquina.es\/blog\/feria-de-franquicias-sifco-en-valencia\/\"},\"wordCount\":604,\"commentCount\":0,\"publisher\":{\"@id\":\"https:\/\/www.porta-mallorquina.es\/blog\/#organization\"},\"image\":{\"@id\":\"https:\/\/www.porta-mallorquina.es\/blog\/feria-de-franquicias-sifco-en-valencia\/#primaryimage\"},\"thumbnailUrl\":\"https:\/\/www.porta-mallorquina.es\/blog\/mallorca\/feria-de-franquicias.jpg\",\"articleSection\":[\"Eventos\",\"Franquicia\",\"Mallorca\"],\"inLanguage\":\"en-US\",\"potentialAction\":[{\"@type\":\"CommentAction\",\"name\":\"Comment\",\"target\":[\"https:\/\/www.porta-mallorquina.es\/blog\/feria-de-franquicias-sifco-en-valencia\/#respond\"]}]},{\"@type\":\"WebPage\",\"@id\":\"https:\/\/www.porta-mallorquina.es\/blog\/feria-de-franquicias-sifco-en-valencia\/\",\"url\":\"https:\/\/www.porta-mallorquina.es\/blog\/feria-de-franquicias-sifco-en-valencia\/\",\"name\":\"SIF&CO en Valencia: Gracias por las conversaciones - Porta Mallorquina Blog\",\"isPartOf\":{\"@id\":\"https:\/\/www.porta-mallorquina.es\/blog\/#website\"},\"primaryImageOfPage\":{\"@id\":\"https:\/\/www.porta-mallorquina.es\/blog\/feria-de-franquicias-sifco-en-valencia\/#primaryimage\"},\"image\":{\"@id\":\"https:\/\/www.porta-mallorquina.es\/blog\/feria-de-franquicias-sifco-en-valencia\/#primaryimage\"},\"thumbnailUrl\":\"https:\/\/www.porta-mallorquina.es\/blog\/mallorca\/feria-de-franquicias.jpg\",\"datePublished\":\"2012-10-25T10:31:58+00:00\",\"dateModified\":\"2012-10-26T09:23:13+00:00\",\"breadcrumb\":{\"@id\":\"https:\/\/www.porta-mallorquina.es\/blog\/feria-de-franquicias-sifco-en-valencia\/#breadcrumb\"},\"inLanguage\":\"en-US\",\"potentialAction\":[{\"@type\":\"ReadAction\",\"target\":[\"https:\/\/www.porta-mallorquina.es\/blog\/feria-de-franquicias-sifco-en-valencia\/\"]}]},{\"@type\":\"ImageObject\",\"inLanguage\":\"en-US\",\"@id\":\"https:\/\/www.porta-mallorquina.es\/blog\/feria-de-franquicias-sifco-en-valencia\/#primaryimage\",\"url\":\"https:\/\/www.porta-mallorquina.es\/blog\/mallorca\/feria-de-franquicias.jpg\",\"contentUrl\":\"https:\/\/www.porta-mallorquina.es\/blog\/mallorca\/feria-de-franquicias.jpg\",\"width\":\"600\",\"height\":\"406\",\"caption\":\"Feria de Franquicias en Valencia\"},{\"@type\":\"BreadcrumbList\",\"@id\":\"https:\/\/www.porta-mallorquina.es\/blog\/feria-de-franquicias-sifco-en-valencia\/#breadcrumb\",\"itemListElement\":[{\"@type\":\"ListItem\",\"position\":1,\"name\":\"Portada\",\"item\":\"https:\/\/www.porta-mallorquina.es\/blog\/\"},{\"@type\":\"ListItem\",\"position\":2,\"name\":\"SIF&#038;CO en Valencia: Gracias por las conversaciones\"}]},{\"@type\":\"WebSite\",\"@id\":\"https:\/\/www.porta-mallorquina.es\/blog\/#website\",\"url\":\"https:\/\/www.porta-mallorquina.es\/blog\/\",\"name\":\"Porta Mallorquina Blog\",\"description\":\"m\u00e1s que inmuebles de Mallorca\",\"publisher\":{\"@id\":\"https:\/\/www.porta-mallorquina.es\/blog\/#organization\"},\"potentialAction\":[{\"@type\":\"SearchAction\",\"target\":{\"@type\":\"EntryPoint\",\"urlTemplate\":\"https:\/\/www.porta-mallorquina.es\/blog\/?s={search_term_string}\"},\"query-input\":{\"@type\":\"PropertyValueSpecification\",\"valueRequired\":true,\"valueName\":\"search_term_string\"}}],\"inLanguage\":\"en-US\"},{\"@type\":\"Organization\",\"@id\":\"https:\/\/www.porta-mallorquina.es\/blog\/#organization\",\"name\":\"Porta Mallorquina Blog\",\"url\":\"https:\/\/www.porta-mallorquina.es\/blog\/\",\"logo\":{\"@type\":\"ImageObject\",\"inLanguage\":\"en-US\",\"@id\":\"https:\/\/www.porta-mallorquina.es\/blog\/#\/schema\/logo\/image\/\",\"url\":\"https:\/\/www.porta-mallorquina.es\/blog\/mallorca\/porta-mallorquina-real-estate-mallorca-logo.png\",\"contentUrl\":\"https:\/\/www.porta-mallorquina.es\/blog\/mallorca\/porta-mallorquina-real-estate-mallorca-logo.png\",\"width\":570,\"height\":400,\"caption\":\"Porta Mallorquina Blog\"},\"image\":{\"@id\":\"https:\/\/www.porta-mallorquina.es\/blog\/#\/schema\/logo\/image\/\"}},{\"@type\":\"Person\",\"@id\":\"https:\/\/www.porta-mallorquina.es\/blog\/#\/schema\/person\/00d40468a84878931da4d5e16749c9f0\",\"name\":\"Porta Mallorquina\",\"sameAs\":[\"https:\/\/www.porta-mallorquina.es\"],\"url\":\"https:\/\/www.porta-mallorquina.es\/blog\/author\/petraz\/\"}]}<\/script>\n<!-- \/ Yoast SEO plugin. -->","yoast_head_json":{"title":"SIF&CO en Valencia: Gracias por las conversaciones - Porta Mallorquina Blog","robots":{"index":"index","follow":"follow","max-snippet":"max-snippet:-1","max-image-preview":"max-image-preview:large","max-video-preview":"max-video-preview:-1"},"canonical":"https:\/\/www.porta-mallorquina.es\/blog\/feria-de-franquicias-sifco-en-valencia\/","og_locale":"en_US","og_type":"article","og_title":"SIF&CO en Valencia: Gracias por las conversaciones - Porta Mallorquina Blog","og_description":"El pasado jueves y viernes Porta Mondial visit\u00f3 la Feria de Franquicias Sif&Co en Valencia y tuvo la posibilidad de hablar con los miembros de la FIAF (Federaci\u00f3n Iberoamericana de Franquicias). La FIAF es una federaci\u00f3n de asociaciones de franquicias espa\u00f1olas, portuguesas y de varios pa\u00edses de Am\u00e9rica Latina.","og_url":"https:\/\/www.porta-mallorquina.es\/blog\/feria-de-franquicias-sifco-en-valencia\/","og_site_name":"Porta Mallorquina Blog","article_published_time":"2012-10-25T10:31:58+00:00","article_modified_time":"2012-10-26T09:23:13+00:00","og_image":[{"url":"https:\/\/www.porta-mallorquina.es\/blog\/mallorca\/feria-de-franquicias.jpg","type":"","width":"","height":""}],"author":"Porta Mallorquina","twitter_card":"summary_large_image","twitter_misc":{"Written by":"Porta Mallorquina","Est. reading time":"3 minutes"},"schema":{"@context":"https:\/\/schema.org","@graph":[{"@type":"Article","@id":"https:\/\/www.porta-mallorquina.es\/blog\/feria-de-franquicias-sifco-en-valencia\/#article","isPartOf":{"@id":"https:\/\/www.porta-mallorquina.es\/blog\/feria-de-franquicias-sifco-en-valencia\/"},"author":{"name":"Porta Mallorquina","@id":"https:\/\/www.porta-mallorquina.es\/blog\/#\/schema\/person\/00d40468a84878931da4d5e16749c9f0"},"headline":"SIF&#038;CO en Valencia: Gracias por las conversaciones","datePublished":"2012-10-25T10:31:58+00:00","dateModified":"2012-10-26T09:23:13+00:00","mainEntityOfPage":{"@id":"https:\/\/www.porta-mallorquina.es\/blog\/feria-de-franquicias-sifco-en-valencia\/"},"wordCount":604,"commentCount":0,"publisher":{"@id":"https:\/\/www.porta-mallorquina.es\/blog\/#organization"},"image":{"@id":"https:\/\/www.porta-mallorquina.es\/blog\/feria-de-franquicias-sifco-en-valencia\/#primaryimage"},"thumbnailUrl":"https:\/\/www.porta-mallorquina.es\/blog\/mallorca\/feria-de-franquicias.jpg","articleSection":["Eventos","Franquicia","Mallorca"],"inLanguage":"en-US","potentialAction":[{"@type":"CommentAction","name":"Comment","target":["https:\/\/www.porta-mallorquina.es\/blog\/feria-de-franquicias-sifco-en-valencia\/#respond"]}]},{"@type":"WebPage","@id":"https:\/\/www.porta-mallorquina.es\/blog\/feria-de-franquicias-sifco-en-valencia\/","url":"https:\/\/www.porta-mallorquina.es\/blog\/feria-de-franquicias-sifco-en-valencia\/","name":"SIF&CO en Valencia: Gracias por las conversaciones - Porta Mallorquina Blog","isPartOf":{"@id":"https:\/\/www.porta-mallorquina.es\/blog\/#website"},"primaryImageOfPage":{"@id":"https:\/\/www.porta-mallorquina.es\/blog\/feria-de-franquicias-sifco-en-valencia\/#primaryimage"},"image":{"@id":"https:\/\/www.porta-mallorquina.es\/blog\/feria-de-franquicias-sifco-en-valencia\/#primaryimage"},"thumbnailUrl":"https:\/\/www.porta-mallorquina.es\/blog\/mallorca\/feria-de-franquicias.jpg","datePublished":"2012-10-25T10:31:58+00:00","dateModified":"2012-10-26T09:23:13+00:00","breadcrumb":{"@id":"https:\/\/www.porta-mallorquina.es\/blog\/feria-de-franquicias-sifco-en-valencia\/#breadcrumb"},"inLanguage":"en-US","potentialAction":[{"@type":"ReadAction","target":["https:\/\/www.porta-mallorquina.es\/blog\/feria-de-franquicias-sifco-en-valencia\/"]}]},{"@type":"ImageObject","inLanguage":"en-US","@id":"https:\/\/www.porta-mallorquina.es\/blog\/feria-de-franquicias-sifco-en-valencia\/#primaryimage","url":"https:\/\/www.porta-mallorquina.es\/blog\/mallorca\/feria-de-franquicias.jpg","contentUrl":"https:\/\/www.porta-mallorquina.es\/blog\/mallorca\/feria-de-franquicias.jpg","width":"600","height":"406","caption":"Feria de Franquicias en Valencia"},{"@type":"BreadcrumbList","@id":"https:\/\/www.porta-mallorquina.es\/blog\/feria-de-franquicias-sifco-en-valencia\/#breadcrumb","itemListElement":[{"@type":"ListItem","position":1,"name":"Portada","item":"https:\/\/www.porta-mallorquina.es\/blog\/"},{"@type":"ListItem","position":2,"name":"SIF&#038;CO en Valencia: Gracias por las conversaciones"}]},{"@type":"WebSite","@id":"https:\/\/www.porta-mallorquina.es\/blog\/#website","url":"https:\/\/www.porta-mallorquina.es\/blog\/","name":"Porta Mallorquina Blog","description":"m\u00e1s que inmuebles de Mallorca","publisher":{"@id":"https:\/\/www.porta-mallorquina.es\/blog\/#organization"},"potentialAction":[{"@type":"SearchAction","target":{"@type":"EntryPoint","urlTemplate":"https:\/\/www.porta-mallorquina.es\/blog\/?s={search_term_string}"},"query-input":{"@type":"PropertyValueSpecification","valueRequired":true,"valueName":"search_term_string"}}],"inLanguage":"en-US"},{"@type":"Organization","@id":"https:\/\/www.porta-mallorquina.es\/blog\/#organization","name":"Porta Mallorquina Blog","url":"https:\/\/www.porta-mallorquina.es\/blog\/","logo":{"@type":"ImageObject","inLanguage":"en-US","@id":"https:\/\/www.porta-mallorquina.es\/blog\/#\/schema\/logo\/image\/","url":"https:\/\/www.porta-mallorquina.es\/blog\/mallorca\/porta-mallorquina-real-estate-mallorca-logo.png","contentUrl":"https:\/\/www.porta-mallorquina.es\/blog\/mallorca\/porta-mallorquina-real-estate-mallorca-logo.png","width":570,"height":400,"caption":"Porta Mallorquina Blog"},"image":{"@id":"https:\/\/www.porta-mallorquina.es\/blog\/#\/schema\/logo\/image\/"}},{"@type":"Person","@id":"https:\/\/www.porta-mallorquina.es\/blog\/#\/schema\/person\/00d40468a84878931da4d5e16749c9f0","name":"Porta Mallorquina","sameAs":["https:\/\/www.porta-mallorquina.es"],"url":"https:\/\/www.porta-mallorquina.es\/blog\/author\/petraz\/"}]}},"_links":{"self":[{"href":"https:\/\/www.porta-mallorquina.es\/blog\/wp-json\/wp\/v2\/posts\/951","targetHints":{"allow":["GET"]}}],"collection":[{"href":"https:\/\/www.porta-mallorquina.es\/blog\/wp-json\/wp\/v2\/posts"}],"about":[{"href":"https:\/\/www.porta-mallorquina.es\/blog\/wp-json\/wp\/v2\/types\/post"}],"author":[{"embeddable":true,"href":"https:\/\/www.porta-mallorquina.es\/blog\/wp-json\/wp\/v2\/users\/2"}],"replies":[{"embeddable":true,"href":"https:\/\/www.porta-mallorquina.es\/blog\/wp-json\/wp\/v2\/comments?post=951"}],"version-history":[{"count":53,"href":"https:\/\/www.porta-mallorquina.es\/blog\/wp-json\/wp\/v2\/posts\/951\/revisions"}],"predecessor-version":[{"id":999,"href":"https:\/\/www.porta-mallorquina.es\/blog\/wp-json\/wp\/v2\/posts\/951\/revisions\/999"}],"wp:attachment":[{"href":"https:\/\/www.porta-mallorquina.es\/blog\/wp-json\/wp\/v2\/media?parent=951"}],"wp:term":[{"taxonomy":"category","embeddable":true,"href":"https:\/\/www.porta-mallorquina.es\/blog\/wp-json\/wp\/v2\/categories?post=951"},{"taxonomy":"post_tag","embeddable":true,"href":"https:\/\/www.porta-mallorquina.es\/blog\/wp-json\/wp\/v2\/tags?post=951"}],"curies":[{"name":"wp","href":"https:\/\/api.w.org\/{rel}","templated":true}]}}